{"id":628,"date":"2020-03-20T12:53:14","date_gmt":"2020-03-20T10:53:14","guid":{"rendered":"http:\/\/ramina.fr\/?p=628"},"modified":"2020-04-11T11:47:01","modified_gmt":"2020-04-11T09:47:01","slug":"bonjour-tout-le-monde-je-mappelle-soumaoro-kante-et-javais-fait-le-tout-premier-parole-de-minot-le-30-mai-de-lannee-passee-il-ya-presque-un-an","status":"publish","type":"post","link":"https:\/\/ramina.fr\/index.php\/2020\/03\/20\/bonjour-tout-le-monde-je-mappelle-soumaoro-kante-et-javais-fait-le-tout-premier-parole-de-minot-le-30-mai-de-lannee-passee-il-ya-presque-un-an\/","title":{"rendered":"Bonjour tout le monde, je m\u2019appelle Soumaoro Kante et j\u2019avais fait le tout premier parole de minot le 30 mai de l\u2019ann\u00e9e pass\u00e9e, il y\u2019a presque un an \ud83d\ude37"},"content":{"rendered":"\n<p>Bonjour tout le monde, je m\u2019appelle Soumaoro Kante et j\u2019avais fait le tout premier parole de minot le 30 mai de l\u2019ann\u00e9e pass\u00e9e, il y\u2019a presque un an. Je viens de la Guin\u00e9e Bok\u00e9 et je suis \u00e0 Marseille \u00e7a fait deux ans bient\u00f4t. J\u2019ai \u00e9t\u00e9 scolaris\u00e9 au coll\u00e8ge en 3eme \u00e0 Marseille. Quand je suis venu \u00e0 Marseille, j\u2019\u00e9tais seul et c\u2019est gr\u00e2ce \u00e0 Al-Manba que j\u2019ai eu trop de connaissances et rencontr\u00e9 des personnes sympas. Aujourd\u2019hui, je suis une formation professionnelle au lyc\u00e9e et je suis au foyer, j\u2019ai m\u00eame deux \u00e9ducatrices. Je suis content car bient\u00f4t je vais atteindre mon r\u00eave. Maintenant avec le confinement \u00e0 cause du covid-19 je me sens quand m\u00eame bien dans ma peau, par contre je m\u2019ennuie dans mon appartement et j\u2019en ai marre d\u2019y rester mais c\u2019est comme \u00e7a et j&rsquo;esp\u00e8re que les gens vont bient\u00f4t gu\u00e9rir. Pour finir, je voudrais vous faire \u00e9couter une chanson de ma ville qu\u2019on appelle \u201cSpecial Kol\u201d<\/p>\n\n\n\n<p>\u270c\ufe0fRdv lundi pour une nouvelle parole de minot. Partagez, likez et comme eux respectez les mesures de pr\u00e9vention contre la propagation du covid19 \u270c\ufe0f<\/p>\n\n\n\n<p><\/p>\n\n\n\n<figure class=\"wp-block-embed-youtube wp-block-embed is-type-video is-provider-youtube wp-embed-aspect-4-3 wp-has-aspect-ratio\"><div class=\"wp-block-embed__wrapper\">\n<iframe title=\"Natural Mob&#039;D Kol-City (Kolaboui)\" width=\"525\" height=\"394\" src=\"https:\/\/www.youtube.com\/embed\/sW0yXG0MgFY?feature=oembed\" frameborder=\"0\" allow=\"accelerometer; autoplay; clipboard-write; encrypted-media; gyroscope; picture-in-picture; web-share\" referrerpolicy=\"strict-origin-when-cross-origin\" allowfullscreen><\/iframe>\n<\/div><\/figure>\n","protected":false},"excerpt":{"rendered":"<p>Bonjour tout le monde, je m\u2019appelle Soumaoro Kante et j\u2019avais fait le tout premier parole de minot le 30 mai de l\u2019ann\u00e9e pass\u00e9e, il y\u2019a presque un an. Je viens de la Guin\u00e9e Bok\u00e9 et je suis \u00e0 Marseille \u00e7a fait deux ans bient\u00f4t. J\u2019ai \u00e9t\u00e9 scolaris\u00e9 au coll\u00e8ge en 3eme \u00e0 Marseille. Quand je &hellip; <\/p>\n<p class=\"link-more\"><a href=\"https:\/\/ramina.fr\/index.php\/2020\/03\/20\/bonjour-tout-le-monde-je-mappelle-soumaoro-kante-et-javais-fait-le-tout-premier-parole-de-minot-le-30-mai-de-lannee-passee-il-ya-presque-un-an\/\" class=\"more-link\">Continuer la lecture<span class=\"screen-reader-text\"> de &laquo;&nbsp;Bonjour tout le monde, je m\u2019appelle Soumaoro Kante et j\u2019avais fait le tout premier parole de minot le 30 mai de l\u2019ann\u00e9e pass\u00e9e, il y\u2019a presque un an \ud83d\ude37&nbsp;&raquo;<\/span><\/a><\/p>\n","protected":false},"author":3,"featured_media":0,"comment_status":"open","ping_status":"open","sticky":false,"template":"","format":"standard","meta":{"_jetpack_memberships_contains_paid_content":false,"footnotes":""},"categories":[4],"tags":[],"class_list":["post-628","post","type-post","status-publish","format-standard","hentry","category-paroleminotsaison1"],"yoast_head":"<!-- This site is optimized with the Yoast SEO plugin v25.1 - https:\/\/yoast.com\/wordpress\/plugins\/seo\/ -->\n<title>Bonjour tout le monde, je m\u2019appelle Soumaoro Kante et j\u2019avais fait le tout premier parole de minot le 30 mai de l\u2019ann\u00e9e pass\u00e9e, il y\u2019a presque un an \ud83d\ude37 | RAMINA<\/title>\n<meta name=\"robots\" content=\"noindex, follow\" \/>\n<meta property=\"og:locale\" content=\"fr_FR\" \/>\n<meta property=\"og:type\" content=\"article\" \/>\n<meta property=\"og:title\" content=\"Bonjour tout le monde, je m\u2019appelle Soumaoro Kante et j\u2019avais fait le tout premier parole de minot le 30 mai de l\u2019ann\u00e9e pass\u00e9e, il y\u2019a presque un an \ud83d\ude37 | RAMINA\" \/>\n<meta property=\"og:description\" content=\"Bonjour tout le monde, je m\u2019appelle Soumaoro Kante et j\u2019avais fait le tout premier parole de minot le 30 mai de l\u2019ann\u00e9e pass\u00e9e, il y\u2019a presque un an. Je viens de la Guin\u00e9e Bok\u00e9 et je suis \u00e0 Marseille \u00e7a fait deux ans bient\u00f4t. J\u2019ai \u00e9t\u00e9 scolaris\u00e9 au coll\u00e8ge en 3eme \u00e0 Marseille. Quand je &hellip; Continuer la lecture de &laquo;&nbsp;Bonjour tout le monde, je m\u2019appelle Soumaoro Kante et j\u2019avais fait le tout premier parole de minot le 30 mai de l\u2019ann\u00e9e pass\u00e9e, il y\u2019a presque un an \ud83d\ude37&nbsp;&raquo;\" \/>\n<meta property=\"og:url\" content=\"https:\/\/ramina.fr\/index.php\/2020\/03\/20\/bonjour-tout-le-monde-je-mappelle-soumaoro-kante-et-javais-fait-le-tout-premier-parole-de-minot-le-30-mai-de-lannee-passee-il-ya-presque-un-an\/\" \/>\n<meta property=\"og:site_name\" content=\"RAMINA\" \/>\n<meta property=\"article:publisher\" content=\"https:\/\/www.facebook.com\/contact.ramina\/\" \/>\n<meta property=\"article:published_time\" content=\"2020-03-20T10:53:14+00:00\" \/>\n<meta property=\"article:modified_time\" content=\"2020-04-11T09:47:01+00:00\" \/>\n<meta property=\"og:image\" content=\"https:\/\/ramina.fr\/wp-content\/uploads\/2025\/02\/ramina-image-mise-avant-wordpress.jpg\" \/>\n\t<meta property=\"og:image:width\" content=\"1200\" \/>\n\t<meta property=\"og:image:height\" content=\"675\" \/>\n\t<meta property=\"og:image:type\" content=\"image\/jpeg\" \/>\n<meta name=\"author\" content=\"Ramina R\u00e9seau\" \/>\n<meta name=\"twitter:card\" content=\"summary_large_image\" \/>\n<meta name=\"twitter:label1\" content=\"\u00c9crit par\" \/>\n\t<meta name=\"twitter:data1\" content=\"Ramina R\u00e9seau\" \/>\n\t<meta name=\"twitter:label2\" content=\"Dur\u00e9e de lecture estim\u00e9e\" \/>\n\t<meta name=\"twitter:data2\" content=\"1 minute\" \/>\n<script type=\"application\/ld+json\" class=\"yoast-schema-graph\">{\"@context\":\"https:\/\/schema.org\",\"@graph\":[{\"@type\":\"Article\",\"@id\":\"https:\/\/ramina.fr\/index.php\/2020\/03\/20\/bonjour-tout-le-monde-je-mappelle-soumaoro-kante-et-javais-fait-le-tout-premier-parole-de-minot-le-30-mai-de-lannee-passee-il-ya-presque-un-an\/#article\",\"isPartOf\":{\"@id\":\"https:\/\/ramina.fr\/index.php\/2020\/03\/20\/bonjour-tout-le-monde-je-mappelle-soumaoro-kante-et-javais-fait-le-tout-premier-parole-de-minot-le-30-mai-de-lannee-passee-il-ya-presque-un-an\/\"},\"author\":{\"name\":\"Ramina R\u00e9seau\",\"@id\":\"https:\/\/ramina.fr\/#\/schema\/person\/60afb851da2c0c7b9e173324b84144d5\"},\"headline\":\"Bonjour tout le monde, je m\u2019appelle Soumaoro Kante et j\u2019avais fait le tout premier parole de minot le 30 mai de l\u2019ann\u00e9e pass\u00e9e, il y\u2019a presque un an \ud83d\ude37\",\"datePublished\":\"2020-03-20T10:53:14+00:00\",\"dateModified\":\"2020-04-11T09:47:01+00:00\",\"mainEntityOfPage\":{\"@id\":\"https:\/\/ramina.fr\/index.php\/2020\/03\/20\/bonjour-tout-le-monde-je-mappelle-soumaoro-kante-et-javais-fait-le-tout-premier-parole-de-minot-le-30-mai-de-lannee-passee-il-ya-presque-un-an\/\"},\"wordCount\":248,\"commentCount\":0,\"publisher\":{\"@id\":\"https:\/\/ramina.fr\/#organization\"},\"articleSection\":[\"Parole de Minots S1\"],\"inLanguage\":\"fr-FR\",\"potentialAction\":[{\"@type\":\"CommentAction\",\"name\":\"Comment\",\"target\":[\"https:\/\/ramina.fr\/index.php\/2020\/03\/20\/bonjour-tout-le-monde-je-mappelle-soumaoro-kante-et-javais-fait-le-tout-premier-parole-de-minot-le-30-mai-de-lannee-passee-il-ya-presque-un-an\/#respond\"]}]},{\"@type\":\"WebPage\",\"@id\":\"https:\/\/ramina.fr\/index.php\/2020\/03\/20\/bonjour-tout-le-monde-je-mappelle-soumaoro-kante-et-javais-fait-le-tout-premier-parole-de-minot-le-30-mai-de-lannee-passee-il-ya-presque-un-an\/\",\"url\":\"https:\/\/ramina.fr\/index.php\/2020\/03\/20\/bonjour-tout-le-monde-je-mappelle-soumaoro-kante-et-javais-fait-le-tout-premier-parole-de-minot-le-30-mai-de-lannee-passee-il-ya-presque-un-an\/\",\"name\":\"Bonjour tout le monde, je m\u2019appelle Soumaoro Kante et j\u2019avais fait le tout premier parole de minot le 30 mai de l\u2019ann\u00e9e pass\u00e9e, il y\u2019a presque un an \ud83d\ude37 | RAMINA\",\"isPartOf\":{\"@id\":\"https:\/\/ramina.fr\/#website\"},\"datePublished\":\"2020-03-20T10:53:14+00:00\",\"dateModified\":\"2020-04-11T09:47:01+00:00\",\"breadcrumb\":{\"@id\":\"https:\/\/ramina.fr\/index.php\/2020\/03\/20\/bonjour-tout-le-monde-je-mappelle-soumaoro-kante-et-javais-fait-le-tout-premier-parole-de-minot-le-30-mai-de-lannee-passee-il-ya-presque-un-an\/#breadcrumb\"},\"inLanguage\":\"fr-FR\",\"potentialAction\":[{\"@type\":\"ReadAction\",\"target\":[\"https:\/\/ramina.fr\/index.php\/2020\/03\/20\/bonjour-tout-le-monde-je-mappelle-soumaoro-kante-et-javais-fait-le-tout-premier-parole-de-minot-le-30-mai-de-lannee-passee-il-ya-presque-un-an\/\"]}]},{\"@type\":\"BreadcrumbList\",\"@id\":\"https:\/\/ramina.fr\/index.php\/2020\/03\/20\/bonjour-tout-le-monde-je-mappelle-soumaoro-kante-et-javais-fait-le-tout-premier-parole-de-minot-le-30-mai-de-lannee-passee-il-ya-presque-un-an\/#breadcrumb\",\"itemListElement\":[{\"@type\":\"ListItem\",\"position\":1,\"name\":\"Accueil\",\"item\":\"https:\/\/ramina.fr\/\"},{\"@type\":\"ListItem\",\"position\":2,\"name\":\"Bonjour tout le monde, je m\u2019appelle Soumaoro Kante et j\u2019avais fait le tout premier parole de minot le 30 mai de l\u2019ann\u00e9e pass\u00e9e, il y\u2019a presque un an \ud83d\ude37\"}]},{\"@type\":\"WebSite\",\"@id\":\"https:\/\/ramina.fr\/#website\",\"url\":\"https:\/\/ramina.fr\/\",\"name\":\"RAMINA\",\"description\":\"R\u00e9seau d\u2019Accueil des Minot.es Non Accompagn\u00e9s\",\"publisher\":{\"@id\":\"https:\/\/ramina.fr\/#organization\"},\"alternateName\":\"R\u00e9seau d'accueil Solidaire des Minots Non Accompagn\u00e9s\",\"potentialAction\":[{\"@type\":\"SearchAction\",\"target\":{\"@type\":\"EntryPoint\",\"urlTemplate\":\"https:\/\/ramina.fr\/?s={search_term_string}\"},\"query-input\":{\"@type\":\"PropertyValueSpecification\",\"valueRequired\":true,\"valueName\":\"search_term_string\"}}],\"inLanguage\":\"fr-FR\"},{\"@type\":\"Organization\",\"@id\":\"https:\/\/ramina.fr\/#organization\",\"name\":\"RAMINA\",\"alternateName\":\"R\u00e9seau d' Accueil des Minots Non Accompagn\u00e9s\",\"url\":\"https:\/\/ramina.fr\/\",\"logo\":{\"@type\":\"ImageObject\",\"inLanguage\":\"fr-FR\",\"@id\":\"https:\/\/ramina.fr\/#\/schema\/logo\/image\/\",\"url\":\"https:\/\/ramina.fr\/wp-content\/uploads\/2025\/02\/LOGO_RAMINA_NOIR_VERTICAL.png\",\"contentUrl\":\"https:\/\/ramina.fr\/wp-content\/uploads\/2025\/02\/LOGO_RAMINA_NOIR_VERTICAL.png\",\"width\":1654,\"height\":1418,\"caption\":\"RAMINA\"},\"image\":{\"@id\":\"https:\/\/ramina.fr\/#\/schema\/logo\/image\/\"},\"sameAs\":[\"https:\/\/www.facebook.com\/contact.ramina\/\",\"https:\/\/www.instagram.com\/ramina_marseille\/\"]},{\"@type\":\"Person\",\"@id\":\"https:\/\/ramina.fr\/#\/schema\/person\/60afb851da2c0c7b9e173324b84144d5\",\"name\":\"Ramina R\u00e9seau\",\"image\":{\"@type\":\"ImageObject\",\"inLanguage\":\"fr-FR\",\"@id\":\"https:\/\/ramina.fr\/#\/schema\/person\/image\/\",\"url\":\"https:\/\/secure.gravatar.com\/avatar\/5985aef3267ffd44adcd4562d2752e99?s=96&d=mm&r=g\",\"contentUrl\":\"https:\/\/secure.gravatar.com\/avatar\/5985aef3267ffd44adcd4562d2752e99?s=96&d=mm&r=g\",\"caption\":\"Ramina R\u00e9seau\"}}]}<\/script>\n<!-- \/ Yoast SEO plugin. -->","yoast_head_json":{"title":"Bonjour tout le monde, je m\u2019appelle Soumaoro Kante et j\u2019avais fait le tout premier parole de minot le 30 mai de l\u2019ann\u00e9e pass\u00e9e, il y\u2019a presque un an \ud83d\ude37 | RAMINA","robots":{"index":"noindex","follow":"follow"},"og_locale":"fr_FR","og_type":"article","og_title":"Bonjour tout le monde, je m\u2019appelle Soumaoro Kante et j\u2019avais fait le tout premier parole de minot le 30 mai de l\u2019ann\u00e9e pass\u00e9e, il y\u2019a presque un an \ud83d\ude37 | RAMINA","og_description":"Bonjour tout le monde, je m\u2019appelle Soumaoro Kante et j\u2019avais fait le tout premier parole de minot le 30 mai de l\u2019ann\u00e9e pass\u00e9e, il y\u2019a presque un an. Je viens de la Guin\u00e9e Bok\u00e9 et je suis \u00e0 Marseille \u00e7a fait deux ans bient\u00f4t. J\u2019ai \u00e9t\u00e9 scolaris\u00e9 au coll\u00e8ge en 3eme \u00e0 Marseille. Quand je &hellip; Continuer la lecture de &laquo;&nbsp;Bonjour tout le monde, je m\u2019appelle Soumaoro Kante et j\u2019avais fait le tout premier parole de minot le 30 mai de l\u2019ann\u00e9e pass\u00e9e, il y\u2019a presque un an \ud83d\ude37&nbsp;&raquo;","og_url":"https:\/\/ramina.fr\/index.php\/2020\/03\/20\/bonjour-tout-le-monde-je-mappelle-soumaoro-kante-et-javais-fait-le-tout-premier-parole-de-minot-le-30-mai-de-lannee-passee-il-ya-presque-un-an\/","og_site_name":"RAMINA","article_publisher":"https:\/\/www.facebook.com\/contact.ramina\/","article_published_time":"2020-03-20T10:53:14+00:00","article_modified_time":"2020-04-11T09:47:01+00:00","og_image":[{"width":1200,"height":675,"url":"https:\/\/ramina.fr\/wp-content\/uploads\/2025\/02\/ramina-image-mise-avant-wordpress.jpg","type":"image\/jpeg"}],"author":"Ramina R\u00e9seau","twitter_card":"summary_large_image","twitter_misc":{"\u00c9crit par":"Ramina R\u00e9seau","Dur\u00e9e de lecture estim\u00e9e":"1 minute"},"schema":{"@context":"https:\/\/schema.org","@graph":[{"@type":"Article","@id":"https:\/\/ramina.fr\/index.php\/2020\/03\/20\/bonjour-tout-le-monde-je-mappelle-soumaoro-kante-et-javais-fait-le-tout-premier-parole-de-minot-le-30-mai-de-lannee-passee-il-ya-presque-un-an\/#article","isPartOf":{"@id":"https:\/\/ramina.fr\/index.php\/2020\/03\/20\/bonjour-tout-le-monde-je-mappelle-soumaoro-kante-et-javais-fait-le-tout-premier-parole-de-minot-le-30-mai-de-lannee-passee-il-ya-presque-un-an\/"},"author":{"name":"Ramina R\u00e9seau","@id":"https:\/\/ramina.fr\/#\/schema\/person\/60afb851da2c0c7b9e173324b84144d5"},"headline":"Bonjour tout le monde, je m\u2019appelle Soumaoro Kante et j\u2019avais fait le tout premier parole de minot le 30 mai de l\u2019ann\u00e9e pass\u00e9e, il y\u2019a presque un an \ud83d\ude37","datePublished":"2020-03-20T10:53:14+00:00","dateModified":"2020-04-11T09:47:01+00:00","mainEntityOfPage":{"@id":"https:\/\/ramina.fr\/index.php\/2020\/03\/20\/bonjour-tout-le-monde-je-mappelle-soumaoro-kante-et-javais-fait-le-tout-premier-parole-de-minot-le-30-mai-de-lannee-passee-il-ya-presque-un-an\/"},"wordCount":248,"commentCount":0,"publisher":{"@id":"https:\/\/ramina.fr\/#organization"},"articleSection":["Parole de Minots S1"],"inLanguage":"fr-FR","potentialAction":[{"@type":"CommentAction","name":"Comment","target":["https:\/\/ramina.fr\/index.php\/2020\/03\/20\/bonjour-tout-le-monde-je-mappelle-soumaoro-kante-et-javais-fait-le-tout-premier-parole-de-minot-le-30-mai-de-lannee-passee-il-ya-presque-un-an\/#respond"]}]},{"@type":"WebPage","@id":"https:\/\/ramina.fr\/index.php\/2020\/03\/20\/bonjour-tout-le-monde-je-mappelle-soumaoro-kante-et-javais-fait-le-tout-premier-parole-de-minot-le-30-mai-de-lannee-passee-il-ya-presque-un-an\/","url":"https:\/\/ramina.fr\/index.php\/2020\/03\/20\/bonjour-tout-le-monde-je-mappelle-soumaoro-kante-et-javais-fait-le-tout-premier-parole-de-minot-le-30-mai-de-lannee-passee-il-ya-presque-un-an\/","name":"Bonjour tout le monde, je m\u2019appelle Soumaoro Kante et j\u2019avais fait le tout premier parole de minot le 30 mai de l\u2019ann\u00e9e pass\u00e9e, il y\u2019a presque un an \ud83d\ude37 | RAMINA","isPartOf":{"@id":"https:\/\/ramina.fr\/#website"},"datePublished":"2020-03-20T10:53:14+00:00","dateModified":"2020-04-11T09:47:01+00:00","breadcrumb":{"@id":"https:\/\/ramina.fr\/index.php\/2020\/03\/20\/bonjour-tout-le-monde-je-mappelle-soumaoro-kante-et-javais-fait-le-tout-premier-parole-de-minot-le-30-mai-de-lannee-passee-il-ya-presque-un-an\/#breadcrumb"},"inLanguage":"fr-FR","potentialAction":[{"@type":"ReadAction","target":["https:\/\/ramina.fr\/index.php\/2020\/03\/20\/bonjour-tout-le-monde-je-mappelle-soumaoro-kante-et-javais-fait-le-tout-premier-parole-de-minot-le-30-mai-de-lannee-passee-il-ya-presque-un-an\/"]}]},{"@type":"BreadcrumbList","@id":"https:\/\/ramina.fr\/index.php\/2020\/03\/20\/bonjour-tout-le-monde-je-mappelle-soumaoro-kante-et-javais-fait-le-tout-premier-parole-de-minot-le-30-mai-de-lannee-passee-il-ya-presque-un-an\/#breadcrumb","itemListElement":[{"@type":"ListItem","position":1,"name":"Accueil","item":"https:\/\/ramina.fr\/"},{"@type":"ListItem","position":2,"name":"Bonjour tout le monde, je m\u2019appelle Soumaoro Kante et j\u2019avais fait le tout premier parole de minot le 30 mai de l\u2019ann\u00e9e pass\u00e9e, il y\u2019a presque un an \ud83d\ude37"}]},{"@type":"WebSite","@id":"https:\/\/ramina.fr\/#website","url":"https:\/\/ramina.fr\/","name":"RAMINA","description":"R\u00e9seau d\u2019Accueil des Minot.es Non Accompagn\u00e9s","publisher":{"@id":"https:\/\/ramina.fr\/#organization"},"alternateName":"R\u00e9seau d'accueil Solidaire des Minots Non Accompagn\u00e9s","potentialAction":[{"@type":"SearchAction","target":{"@type":"EntryPoint","urlTemplate":"https:\/\/ramina.fr\/?s={search_term_string}"},"query-input":{"@type":"PropertyValueSpecification","valueRequired":true,"valueName":"search_term_string"}}],"inLanguage":"fr-FR"},{"@type":"Organization","@id":"https:\/\/ramina.fr\/#organization","name":"RAMINA","alternateName":"R\u00e9seau d' Accueil des Minots Non Accompagn\u00e9s","url":"https:\/\/ramina.fr\/","logo":{"@type":"ImageObject","inLanguage":"fr-FR","@id":"https:\/\/ramina.fr\/#\/schema\/logo\/image\/","url":"https:\/\/ramina.fr\/wp-content\/uploads\/2025\/02\/LOGO_RAMINA_NOIR_VERTICAL.png","contentUrl":"https:\/\/ramina.fr\/wp-content\/uploads\/2025\/02\/LOGO_RAMINA_NOIR_VERTICAL.png","width":1654,"height":1418,"caption":"RAMINA"},"image":{"@id":"https:\/\/ramina.fr\/#\/schema\/logo\/image\/"},"sameAs":["https:\/\/www.facebook.com\/contact.ramina\/","https:\/\/www.instagram.com\/ramina_marseille\/"]},{"@type":"Person","@id":"https:\/\/ramina.fr\/#\/schema\/person\/60afb851da2c0c7b9e173324b84144d5","name":"Ramina R\u00e9seau","image":{"@type":"ImageObject","inLanguage":"fr-FR","@id":"https:\/\/ramina.fr\/#\/schema\/person\/image\/","url":"https:\/\/secure.gravatar.com\/avatar\/5985aef3267ffd44adcd4562d2752e99?s=96&d=mm&r=g","contentUrl":"https:\/\/secure.gravatar.com\/avatar\/5985aef3267ffd44adcd4562d2752e99?s=96&d=mm&r=g","caption":"Ramina R\u00e9seau"}}]}},"jetpack_featured_media_url":"","jetpack_sharing_enabled":true,"_links":{"self":[{"href":"https:\/\/ramina.fr\/index.php\/wp-json\/wp\/v2\/posts\/628","targetHints":{"allow":["GET"]}}],"collection":[{"href":"https:\/\/ramina.fr\/index.php\/wp-json\/wp\/v2\/posts"}],"about":[{"href":"https:\/\/ramina.fr\/index.php\/wp-json\/wp\/v2\/types\/post"}],"author":[{"embeddable":true,"href":"https:\/\/ramina.fr\/index.php\/wp-json\/wp\/v2\/users\/3"}],"replies":[{"embeddable":true,"href":"https:\/\/ramina.fr\/index.php\/wp-json\/wp\/v2\/comments?post=628"}],"version-history":[{"count":6,"href":"https:\/\/ramina.fr\/index.php\/wp-json\/wp\/v2\/posts\/628\/revisions"}],"predecessor-version":[{"id":1019,"href":"https:\/\/ramina.fr\/index.php\/wp-json\/wp\/v2\/posts\/628\/revisions\/1019"}],"wp:attachment":[{"href":"https:\/\/ramina.fr\/index.php\/wp-json\/wp\/v2\/media?parent=628"}],"wp:term":[{"taxonomy":"category","embeddable":true,"href":"https:\/\/ramina.fr\/index.php\/wp-json\/wp\/v2\/categories?post=628"},{"taxonomy":"post_tag","embeddable":true,"href":"https:\/\/ramina.fr\/index.php\/wp-json\/wp\/v2\/tags?post=628"}],"curies":[{"name":"wp","href":"https:\/\/api.w.org\/{rel}","templated":true}]}}