{"id":622,"date":"2020-03-17T11:14:19","date_gmt":"2020-03-17T10:14:19","guid":{"rendered":"http:\/\/ramina.fr\/index.php\/2020\/03\/17\/a-labri-sur-les-toits-de-marseille\/"},"modified":"2020-04-03T14:13:35","modified_gmt":"2020-04-03T12:13:35","slug":"a-labri-sur-les-toits-de-marseille","status":"publish","type":"post","link":"https:\/\/ramina.fr\/index.php\/2020\/03\/17\/a-labri-sur-les-toits-de-marseille\/","title":{"rendered":"\u00c0 l&rsquo;abri sur les toits de Marseille \ud83d\ude37"},"content":{"rendered":"\n<p>Ce mardi 17 mars le chat ramina grobis est parti se mettre \u00e0 l&rsquo;abri sur les toits de Marseille pour quelques temps. Rdv apr\u00e8s la p\u00e9riode de confinement pour savoir dans quel lieu marseillais le matou Ramina (R\u00e9seau d\u2019Accueil des MInots Non Accompagn\u00e9s) reviendra s\u2019afficher. \u270c\ufe0fPartagez, likez et respectez les mesures de pr\u00e9vention contre la propagation du covid19 \u270c\ufe0f<\/p>\n\n\n\n<figure class=\"wp-block-image size-large\"><img fetchpriority=\"high\" decoding=\"async\" width=\"505\" height=\"1024\" src=\"https:\/\/ramina.fr\/wp-content\/uploads\/2020\/03\/IMG-20200317-WA0002-505x1024.jpeg\" alt=\"\" class=\"wp-image-621\" srcset=\"https:\/\/ramina.fr\/wp-content\/uploads\/2020\/03\/IMG-20200317-WA0002-505x1024.jpeg 505w, https:\/\/ramina.fr\/wp-content\/uploads\/2020\/03\/IMG-20200317-WA0002-148x300.jpeg 148w, https:\/\/ramina.fr\/wp-content\/uploads\/2020\/03\/IMG-20200317-WA0002-768x1558.jpeg 768w, https:\/\/ramina.fr\/wp-content\/uploads\/2020\/03\/IMG-20200317-WA0002-757x1536.jpeg 757w, https:\/\/ramina.fr\/wp-content\/uploads\/2020\/03\/IMG-20200317-WA0002-1010x2048.jpeg 1010w, https:\/\/ramina.fr\/wp-content\/uploads\/2020\/03\/IMG-20200317-WA0002-scaled.jpeg 1262w\" sizes=\"(max-width: 505px) 100vw, 505px\" \/><\/figure>\n","protected":false},"excerpt":{"rendered":"<p>Ce mardi 17 mars le chat ramina grobis est parti se mettre \u00e0 l&rsquo;abri sur les toits de Marseille pour quelques temps. Rdv apr\u00e8s la p\u00e9riode de confinement pour savoir dans quel lieu marseillais le matou Ramina (R\u00e9seau d\u2019Accueil des MInots Non Accompagn\u00e9s) reviendra s\u2019afficher. \u270c\ufe0fPartagez, likez et respectez les mesures de pr\u00e9vention contre la &hellip; <\/p>\n<p class=\"link-more\"><a href=\"https:\/\/ramina.fr\/index.php\/2020\/03\/17\/a-labri-sur-les-toits-de-marseille\/\" class=\"more-link\">Continuer la lecture<span class=\"screen-reader-text\"> de &laquo;&nbsp;\u00c0 l&rsquo;abri sur les toits de Marseille \ud83d\ude37&nbsp;&raquo;<\/span><\/a><\/p>\n","protected":false},"author":3,"featured_media":0,"comment_status":"open","ping_status":"open","sticky":false,"template":"","format":"standard","meta":{"_jetpack_memberships_contains_paid_content":false,"footnotes":""},"categories":[5],"tags":[],"class_list":["post-622","post","type-post","status-publish","format-standard","hentry","category-raminabalade"],"yoast_head":"<!-- This site is optimized with the Yoast SEO plugin v25.1 - https:\/\/yoast.com\/wordpress\/plugins\/seo\/ -->\n<title>\u00c0 l&#039;abri sur les toits de Marseille \ud83d\ude37 | RAMINA<\/title>\n<meta name=\"robots\" content=\"noindex, follow\" \/>\n<meta property=\"og:locale\" content=\"fr_FR\" \/>\n<meta property=\"og:type\" content=\"article\" \/>\n<meta property=\"og:title\" content=\"\u00c0 l&#039;abri sur les toits de Marseille \ud83d\ude37 | RAMINA\" \/>\n<meta property=\"og:description\" content=\"Ce mardi 17 mars le chat ramina grobis est parti se mettre \u00e0 l&rsquo;abri sur les toits de Marseille pour quelques temps. Rdv apr\u00e8s la p\u00e9riode de confinement pour savoir dans quel lieu marseillais le matou Ramina (R\u00e9seau d\u2019Accueil des MInots Non Accompagn\u00e9s) reviendra s\u2019afficher. \u270c\ufe0fPartagez, likez et respectez les mesures de pr\u00e9vention contre la &hellip; Continuer la lecture de &laquo;&nbsp;\u00c0 l&rsquo;abri sur les toits de Marseille \ud83d\ude37&nbsp;&raquo;\" \/>\n<meta property=\"og:url\" content=\"https:\/\/ramina.fr\/index.php\/2020\/03\/17\/a-labri-sur-les-toits-de-marseille\/\" \/>\n<meta property=\"og:site_name\" content=\"RAMINA\" \/>\n<meta property=\"article:publisher\" content=\"https:\/\/www.facebook.com\/contact.ramina\/\" \/>\n<meta property=\"article:published_time\" content=\"2020-03-17T10:14:19+00:00\" \/>\n<meta property=\"article:modified_time\" content=\"2020-04-03T12:13:35+00:00\" \/>\n<meta property=\"og:image\" content=\"http:\/\/ramina.fr\/wp-content\/uploads\/2020\/03\/IMG-20200317-WA0002-505x1024.jpeg\" \/>\n<meta name=\"author\" content=\"Ramina R\u00e9seau\" \/>\n<meta name=\"twitter:card\" content=\"summary_large_image\" \/>\n<meta name=\"twitter:label1\" content=\"\u00c9crit par\" \/>\n\t<meta name=\"twitter:data1\" content=\"Ramina R\u00e9seau\" \/>\n<script type=\"application\/ld+json\" class=\"yoast-schema-graph\">{\"@context\":\"https:\/\/schema.org\",\"@graph\":[{\"@type\":\"Article\",\"@id\":\"https:\/\/ramina.fr\/index.php\/2020\/03\/17\/a-labri-sur-les-toits-de-marseille\/#article\",\"isPartOf\":{\"@id\":\"https:\/\/ramina.fr\/index.php\/2020\/03\/17\/a-labri-sur-les-toits-de-marseille\/\"},\"author\":{\"name\":\"Ramina R\u00e9seau\",\"@id\":\"https:\/\/ramina.fr\/#\/schema\/person\/60afb851da2c0c7b9e173324b84144d5\"},\"headline\":\"\u00c0 l&rsquo;abri sur les toits de Marseille \ud83d\ude37\",\"datePublished\":\"2020-03-17T10:14:19+00:00\",\"dateModified\":\"2020-04-03T12:13:35+00:00\",\"mainEntityOfPage\":{\"@id\":\"https:\/\/ramina.fr\/index.php\/2020\/03\/17\/a-labri-sur-les-toits-de-marseille\/\"},\"wordCount\":69,\"commentCount\":0,\"publisher\":{\"@id\":\"https:\/\/ramina.fr\/#organization\"},\"image\":{\"@id\":\"https:\/\/ramina.fr\/index.php\/2020\/03\/17\/a-labri-sur-les-toits-de-marseille\/#primaryimage\"},\"thumbnailUrl\":\"http:\/\/ramina.fr\/wp-content\/uploads\/2020\/03\/IMG-20200317-WA0002-505x1024.jpeg\",\"articleSection\":[\"Ramina se Balade\"],\"inLanguage\":\"fr-FR\",\"potentialAction\":[{\"@type\":\"CommentAction\",\"name\":\"Comment\",\"target\":[\"https:\/\/ramina.fr\/index.php\/2020\/03\/17\/a-labri-sur-les-toits-de-marseille\/#respond\"]}]},{\"@type\":\"WebPage\",\"@id\":\"https:\/\/ramina.fr\/index.php\/2020\/03\/17\/a-labri-sur-les-toits-de-marseille\/\",\"url\":\"https:\/\/ramina.fr\/index.php\/2020\/03\/17\/a-labri-sur-les-toits-de-marseille\/\",\"name\":\"\u00c0 l'abri sur les toits de Marseille \ud83d\ude37 | RAMINA\",\"isPartOf\":{\"@id\":\"https:\/\/ramina.fr\/#website\"},\"primaryImageOfPage\":{\"@id\":\"https:\/\/ramina.fr\/index.php\/2020\/03\/17\/a-labri-sur-les-toits-de-marseille\/#primaryimage\"},\"image\":{\"@id\":\"https:\/\/ramina.fr\/index.php\/2020\/03\/17\/a-labri-sur-les-toits-de-marseille\/#primaryimage\"},\"thumbnailUrl\":\"http:\/\/ramina.fr\/wp-content\/uploads\/2020\/03\/IMG-20200317-WA0002-505x1024.jpeg\",\"datePublished\":\"2020-03-17T10:14:19+00:00\",\"dateModified\":\"2020-04-03T12:13:35+00:00\",\"breadcrumb\":{\"@id\":\"https:\/\/ramina.fr\/index.php\/2020\/03\/17\/a-labri-sur-les-toits-de-marseille\/#breadcrumb\"},\"inLanguage\":\"fr-FR\",\"potentialAction\":[{\"@type\":\"ReadAction\",\"target\":[\"https:\/\/ramina.fr\/index.php\/2020\/03\/17\/a-labri-sur-les-toits-de-marseille\/\"]}]},{\"@type\":\"ImageObject\",\"inLanguage\":\"fr-FR\",\"@id\":\"https:\/\/ramina.fr\/index.php\/2020\/03\/17\/a-labri-sur-les-toits-de-marseille\/#primaryimage\",\"url\":\"http:\/\/ramina.fr\/wp-content\/uploads\/2020\/03\/IMG-20200317-WA0002-505x1024.jpeg\",\"contentUrl\":\"http:\/\/ramina.fr\/wp-content\/uploads\/2020\/03\/IMG-20200317-WA0002-505x1024.jpeg\"},{\"@type\":\"BreadcrumbList\",\"@id\":\"https:\/\/ramina.fr\/index.php\/2020\/03\/17\/a-labri-sur-les-toits-de-marseille\/#breadcrumb\",\"itemListElement\":[{\"@type\":\"ListItem\",\"position\":1,\"name\":\"Accueil\",\"item\":\"https:\/\/ramina.fr\/\"},{\"@type\":\"ListItem\",\"position\":2,\"name\":\"\u00c0 l&rsquo;abri sur les toits de Marseille \ud83d\ude37\"}]},{\"@type\":\"WebSite\",\"@id\":\"https:\/\/ramina.fr\/#website\",\"url\":\"https:\/\/ramina.fr\/\",\"name\":\"RAMINA\",\"description\":\"R\u00e9seau d\u2019Accueil des Minot.es Non Accompagn\u00e9s\",\"publisher\":{\"@id\":\"https:\/\/ramina.fr\/#organization\"},\"alternateName\":\"R\u00e9seau d'accueil Solidaire des Minots Non Accompagn\u00e9s\",\"potentialAction\":[{\"@type\":\"SearchAction\",\"target\":{\"@type\":\"EntryPoint\",\"urlTemplate\":\"https:\/\/ramina.fr\/?s={search_term_string}\"},\"query-input\":{\"@type\":\"PropertyValueSpecification\",\"valueRequired\":true,\"valueName\":\"search_term_string\"}}],\"inLanguage\":\"fr-FR\"},{\"@type\":\"Organization\",\"@id\":\"https:\/\/ramina.fr\/#organization\",\"name\":\"RAMINA\",\"alternateName\":\"R\u00e9seau d' Accueil des Minots Non Accompagn\u00e9s\",\"url\":\"https:\/\/ramina.fr\/\",\"logo\":{\"@type\":\"ImageObject\",\"inLanguage\":\"fr-FR\",\"@id\":\"https:\/\/ramina.fr\/#\/schema\/logo\/image\/\",\"url\":\"https:\/\/ramina.fr\/wp-content\/uploads\/2025\/02\/LOGO_RAMINA_NOIR_VERTICAL.png\",\"contentUrl\":\"https:\/\/ramina.fr\/wp-content\/uploads\/2025\/02\/LOGO_RAMINA_NOIR_VERTICAL.png\",\"width\":1654,\"height\":1418,\"caption\":\"RAMINA\"},\"image\":{\"@id\":\"https:\/\/ramina.fr\/#\/schema\/logo\/image\/\"},\"sameAs\":[\"https:\/\/www.facebook.com\/contact.ramina\/\",\"https:\/\/www.instagram.com\/ramina_marseille\/\"]},{\"@type\":\"Person\",\"@id\":\"https:\/\/ramina.fr\/#\/schema\/person\/60afb851da2c0c7b9e173324b84144d5\",\"name\":\"Ramina R\u00e9seau\",\"image\":{\"@type\":\"ImageObject\",\"inLanguage\":\"fr-FR\",\"@id\":\"https:\/\/ramina.fr\/#\/schema\/person\/image\/\",\"url\":\"https:\/\/secure.gravatar.com\/avatar\/5985aef3267ffd44adcd4562d2752e99?s=96&d=mm&r=g\",\"contentUrl\":\"https:\/\/secure.gravatar.com\/avatar\/5985aef3267ffd44adcd4562d2752e99?s=96&d=mm&r=g\",\"caption\":\"Ramina R\u00e9seau\"}}]}<\/script>\n<!-- \/ Yoast SEO plugin. -->","yoast_head_json":{"title":"\u00c0 l'abri sur les toits de Marseille \ud83d\ude37 | RAMINA","robots":{"index":"noindex","follow":"follow"},"og_locale":"fr_FR","og_type":"article","og_title":"\u00c0 l'abri sur les toits de Marseille \ud83d\ude37 | RAMINA","og_description":"Ce mardi 17 mars le chat ramina grobis est parti se mettre \u00e0 l&rsquo;abri sur les toits de Marseille pour quelques temps. Rdv apr\u00e8s la p\u00e9riode de confinement pour savoir dans quel lieu marseillais le matou Ramina (R\u00e9seau d\u2019Accueil des MInots Non Accompagn\u00e9s) reviendra s\u2019afficher. \u270c\ufe0fPartagez, likez et respectez les mesures de pr\u00e9vention contre la &hellip; Continuer la lecture de &laquo;&nbsp;\u00c0 l&rsquo;abri sur les toits de Marseille \ud83d\ude37&nbsp;&raquo;","og_url":"https:\/\/ramina.fr\/index.php\/2020\/03\/17\/a-labri-sur-les-toits-de-marseille\/","og_site_name":"RAMINA","article_publisher":"https:\/\/www.facebook.com\/contact.ramina\/","article_published_time":"2020-03-17T10:14:19+00:00","article_modified_time":"2020-04-03T12:13:35+00:00","og_image":[{"url":"http:\/\/ramina.fr\/wp-content\/uploads\/2020\/03\/IMG-20200317-WA0002-505x1024.jpeg","type":"","width":"","height":""}],"author":"Ramina R\u00e9seau","twitter_card":"summary_large_image","twitter_misc":{"\u00c9crit par":"Ramina R\u00e9seau"},"schema":{"@context":"https:\/\/schema.org","@graph":[{"@type":"Article","@id":"https:\/\/ramina.fr\/index.php\/2020\/03\/17\/a-labri-sur-les-toits-de-marseille\/#article","isPartOf":{"@id":"https:\/\/ramina.fr\/index.php\/2020\/03\/17\/a-labri-sur-les-toits-de-marseille\/"},"author":{"name":"Ramina R\u00e9seau","@id":"https:\/\/ramina.fr\/#\/schema\/person\/60afb851da2c0c7b9e173324b84144d5"},"headline":"\u00c0 l&rsquo;abri sur les toits de Marseille \ud83d\ude37","datePublished":"2020-03-17T10:14:19+00:00","dateModified":"2020-04-03T12:13:35+00:00","mainEntityOfPage":{"@id":"https:\/\/ramina.fr\/index.php\/2020\/03\/17\/a-labri-sur-les-toits-de-marseille\/"},"wordCount":69,"commentCount":0,"publisher":{"@id":"https:\/\/ramina.fr\/#organization"},"image":{"@id":"https:\/\/ramina.fr\/index.php\/2020\/03\/17\/a-labri-sur-les-toits-de-marseille\/#primaryimage"},"thumbnailUrl":"http:\/\/ramina.fr\/wp-content\/uploads\/2020\/03\/IMG-20200317-WA0002-505x1024.jpeg","articleSection":["Ramina se Balade"],"inLanguage":"fr-FR","potentialAction":[{"@type":"CommentAction","name":"Comment","target":["https:\/\/ramina.fr\/index.php\/2020\/03\/17\/a-labri-sur-les-toits-de-marseille\/#respond"]}]},{"@type":"WebPage","@id":"https:\/\/ramina.fr\/index.php\/2020\/03\/17\/a-labri-sur-les-toits-de-marseille\/","url":"https:\/\/ramina.fr\/index.php\/2020\/03\/17\/a-labri-sur-les-toits-de-marseille\/","name":"\u00c0 l'abri sur les toits de Marseille \ud83d\ude37 | RAMINA","isPartOf":{"@id":"https:\/\/ramina.fr\/#website"},"primaryImageOfPage":{"@id":"https:\/\/ramina.fr\/index.php\/2020\/03\/17\/a-labri-sur-les-toits-de-marseille\/#primaryimage"},"image":{"@id":"https:\/\/ramina.fr\/index.php\/2020\/03\/17\/a-labri-sur-les-toits-de-marseille\/#primaryimage"},"thumbnailUrl":"http:\/\/ramina.fr\/wp-content\/uploads\/2020\/03\/IMG-20200317-WA0002-505x1024.jpeg","datePublished":"2020-03-17T10:14:19+00:00","dateModified":"2020-04-03T12:13:35+00:00","breadcrumb":{"@id":"https:\/\/ramina.fr\/index.php\/2020\/03\/17\/a-labri-sur-les-toits-de-marseille\/#breadcrumb"},"inLanguage":"fr-FR","potentialAction":[{"@type":"ReadAction","target":["https:\/\/ramina.fr\/index.php\/2020\/03\/17\/a-labri-sur-les-toits-de-marseille\/"]}]},{"@type":"ImageObject","inLanguage":"fr-FR","@id":"https:\/\/ramina.fr\/index.php\/2020\/03\/17\/a-labri-sur-les-toits-de-marseille\/#primaryimage","url":"http:\/\/ramina.fr\/wp-content\/uploads\/2020\/03\/IMG-20200317-WA0002-505x1024.jpeg","contentUrl":"http:\/\/ramina.fr\/wp-content\/uploads\/2020\/03\/IMG-20200317-WA0002-505x1024.jpeg"},{"@type":"BreadcrumbList","@id":"https:\/\/ramina.fr\/index.php\/2020\/03\/17\/a-labri-sur-les-toits-de-marseille\/#breadcrumb","itemListElement":[{"@type":"ListItem","position":1,"name":"Accueil","item":"https:\/\/ramina.fr\/"},{"@type":"ListItem","position":2,"name":"\u00c0 l&rsquo;abri sur les toits de Marseille \ud83d\ude37"}]},{"@type":"WebSite","@id":"https:\/\/ramina.fr\/#website","url":"https:\/\/ramina.fr\/","name":"RAMINA","description":"R\u00e9seau d\u2019Accueil des Minot.es Non Accompagn\u00e9s","publisher":{"@id":"https:\/\/ramina.fr\/#organization"},"alternateName":"R\u00e9seau d'accueil Solidaire des Minots Non Accompagn\u00e9s","potentialAction":[{"@type":"SearchAction","target":{"@type":"EntryPoint","urlTemplate":"https:\/\/ramina.fr\/?s={search_term_string}"},"query-input":{"@type":"PropertyValueSpecification","valueRequired":true,"valueName":"search_term_string"}}],"inLanguage":"fr-FR"},{"@type":"Organization","@id":"https:\/\/ramina.fr\/#organization","name":"RAMINA","alternateName":"R\u00e9seau d' Accueil des Minots Non Accompagn\u00e9s","url":"https:\/\/ramina.fr\/","logo":{"@type":"ImageObject","inLanguage":"fr-FR","@id":"https:\/\/ramina.fr\/#\/schema\/logo\/image\/","url":"https:\/\/ramina.fr\/wp-content\/uploads\/2025\/02\/LOGO_RAMINA_NOIR_VERTICAL.png","contentUrl":"https:\/\/ramina.fr\/wp-content\/uploads\/2025\/02\/LOGO_RAMINA_NOIR_VERTICAL.png","width":1654,"height":1418,"caption":"RAMINA"},"image":{"@id":"https:\/\/ramina.fr\/#\/schema\/logo\/image\/"},"sameAs":["https:\/\/www.facebook.com\/contact.ramina\/","https:\/\/www.instagram.com\/ramina_marseille\/"]},{"@type":"Person","@id":"https:\/\/ramina.fr\/#\/schema\/person\/60afb851da2c0c7b9e173324b84144d5","name":"Ramina R\u00e9seau","image":{"@type":"ImageObject","inLanguage":"fr-FR","@id":"https:\/\/ramina.fr\/#\/schema\/person\/image\/","url":"https:\/\/secure.gravatar.com\/avatar\/5985aef3267ffd44adcd4562d2752e99?s=96&d=mm&r=g","contentUrl":"https:\/\/secure.gravatar.com\/avatar\/5985aef3267ffd44adcd4562d2752e99?s=96&d=mm&r=g","caption":"Ramina R\u00e9seau"}}]}},"jetpack_featured_media_url":"","jetpack_sharing_enabled":true,"_links":{"self":[{"href":"https:\/\/ramina.fr\/index.php\/wp-json\/wp\/v2\/posts\/622","targetHints":{"allow":["GET"]}}],"collection":[{"href":"https:\/\/ramina.fr\/index.php\/wp-json\/wp\/v2\/posts"}],"about":[{"href":"https:\/\/ramina.fr\/index.php\/wp-json\/wp\/v2\/types\/post"}],"author":[{"embeddable":true,"href":"https:\/\/ramina.fr\/index.php\/wp-json\/wp\/v2\/users\/3"}],"replies":[{"embeddable":true,"href":"https:\/\/ramina.fr\/index.php\/wp-json\/wp\/v2\/comments?post=622"}],"version-history":[{"count":5,"href":"https:\/\/ramina.fr\/index.php\/wp-json\/wp\/v2\/posts\/622\/revisions"}],"predecessor-version":[{"id":834,"href":"https:\/\/ramina.fr\/index.php\/wp-json\/wp\/v2\/posts\/622\/revisions\/834"}],"wp:attachment":[{"href":"https:\/\/ramina.fr\/index.php\/wp-json\/wp\/v2\/media?parent=622"}],"wp:term":[{"taxonomy":"category","embeddable":true,"href":"https:\/\/ramina.fr\/index.php\/wp-json\/wp\/v2\/categories?post=622"},{"taxonomy":"post_tag","embeddable":true,"href":"https:\/\/ramina.fr\/index.php\/wp-json\/wp\/v2\/tags?post=622"}],"curies":[{"name":"wp","href":"https:\/\/api.w.org\/{rel}","templated":true}]}}