{"id":617,"date":"2020-03-16T13:48:27","date_gmt":"2020-03-16T12:48:27","guid":{"rendered":"http:\/\/ramina.fr\/?p=617"},"modified":"2021-08-10T19:58:59","modified_gmt":"2021-08-10T17:58:59","slug":"inesona-a-tous-je-mappelle-aboubacar-je-suis-nee-en-guinee-et-jai-16-ans","status":"publish","type":"post","link":"https:\/\/ramina.fr\/index.php\/2020\/03\/16\/inesona-a-tous-je-mappelle-aboubacar-je-suis-nee-en-guinee-et-jai-16-ans\/","title":{"rendered":"Inesona \u00e0 tous, je m&rsquo;appelle Aboubacar, je suis n\u00e9e en Guin\u00e9e et j&rsquo;ai 16 ans \ud83d\ude37"},"content":{"rendered":"\n<p>Je viens d&rsquo;arriver en France. Je suis venu ici pour apprendre un m\u00e9tier. J&rsquo;aimerais \u00eatre soudeur. Dans mon pays, j&rsquo;ai eu l&rsquo;occasion d&rsquo;observer les soudeurs  et de voir le r\u00e9sultat de leur travail. Je trouve que c&rsquo;est tr\u00e8s int\u00e9ressant. Je suis passionn\u00e9 de foot  et mon idole est\u2026..devinez qui ? Christiano Ronaldo ! En guin\u00e9e, je passais des journ\u00e9es \u00e0 jouer avec mes copains. J&rsquo;esp\u00e8re pouvoir continuer ici et m\u00eame rentrer dans un club d\u00e8s que l&rsquo;\u00e9pid\u00e9mie de coronavirus sera finie. <br> \u270c\ufe0fRdv vendredi pour une nouvelle parole de minot. Partagez, Likez et Respectez les mesures de pr\u00e9ventions contre la propagation du covid19 \u270c\ufe0f<\/p>\n\n\n\n<figure class=\"wp-block-embed is-type-video is-provider-youtube wp-block-embed-youtube wp-embed-aspect-16-9 wp-has-aspect-ratio\"><div class=\"wp-block-embed__wrapper\">\n<iframe title=\"Cristiano parle de son tripl\u00e9 | Drogba veut investir en Guin\u00e9e | Les femmes de R.Kelly le d\u00e9fendent\" width=\"525\" height=\"295\" src=\"https:\/\/www.youtube.com\/embed\/V7WL6-I65cE?feature=oembed\" frameborder=\"0\" allow=\"accelerometer; autoplay; clipboard-write; encrypted-media; gyroscope; picture-in-picture; web-share\" referrerpolicy=\"strict-origin-when-cross-origin\" allowfullscreen><\/iframe>\n<\/div><\/figure>\n","protected":false},"excerpt":{"rendered":"<p>Je viens d&rsquo;arriver en France. Je suis venu ici pour apprendre un m\u00e9tier. J&rsquo;aimerais \u00eatre soudeur. Dans mon pays, j&rsquo;ai eu l&rsquo;occasion d&rsquo;observer les soudeurs et de voir le r\u00e9sultat de leur travail. Je trouve que c&rsquo;est tr\u00e8s int\u00e9ressant. Je suis passionn\u00e9 de foot et mon idole est\u2026..devinez qui ? Christiano Ronaldo ! En guin\u00e9e, &hellip; <\/p>\n<p class=\"link-more\"><a href=\"https:\/\/ramina.fr\/index.php\/2020\/03\/16\/inesona-a-tous-je-mappelle-aboubacar-je-suis-nee-en-guinee-et-jai-16-ans\/\" class=\"more-link\">Continuer la lecture<span class=\"screen-reader-text\"> de &laquo;&nbsp;Inesona \u00e0 tous, je m&rsquo;appelle Aboubacar, je suis n\u00e9e en Guin\u00e9e et j&rsquo;ai 16 ans \ud83d\ude37&nbsp;&raquo;<\/span><\/a><\/p>\n","protected":false},"author":3,"featured_media":0,"comment_status":"open","ping_status":"open","sticky":false,"template":"","format":"standard","meta":{"_jetpack_memberships_contains_paid_content":false,"footnotes":""},"categories":[4],"tags":[],"class_list":["post-617","post","type-post","status-publish","format-standard","hentry","category-paroleminotsaison1"],"yoast_head":"<!-- This site is optimized with the Yoast SEO plugin v25.1 - https:\/\/yoast.com\/wordpress\/plugins\/seo\/ -->\n<title>Inesona \u00e0 tous, je m&#039;appelle Aboubacar, je suis n\u00e9e en Guin\u00e9e et j&#039;ai 16 ans \ud83d\ude37 | RAMINA<\/title>\n<meta name=\"robots\" content=\"noindex, follow\" \/>\n<meta property=\"og:locale\" content=\"fr_FR\" \/>\n<meta property=\"og:type\" content=\"article\" \/>\n<meta property=\"og:title\" content=\"Inesona \u00e0 tous, je m&#039;appelle Aboubacar, je suis n\u00e9e en Guin\u00e9e et j&#039;ai 16 ans \ud83d\ude37 | RAMINA\" \/>\n<meta property=\"og:description\" content=\"Je viens d&rsquo;arriver en France. Je suis venu ici pour apprendre un m\u00e9tier. J&rsquo;aimerais \u00eatre soudeur. Dans mon pays, j&rsquo;ai eu l&rsquo;occasion d&rsquo;observer les soudeurs et de voir le r\u00e9sultat de leur travail. Je trouve que c&rsquo;est tr\u00e8s int\u00e9ressant. Je suis passionn\u00e9 de foot et mon idole est\u2026..devinez qui ? Christiano Ronaldo ! En guin\u00e9e, &hellip; Continuer la lecture de &laquo;&nbsp;Inesona \u00e0 tous, je m&rsquo;appelle Aboubacar, je suis n\u00e9e en Guin\u00e9e et j&rsquo;ai 16 ans \ud83d\ude37&nbsp;&raquo;\" \/>\n<meta property=\"og:url\" content=\"https:\/\/ramina.fr\/index.php\/2020\/03\/16\/inesona-a-tous-je-mappelle-aboubacar-je-suis-nee-en-guinee-et-jai-16-ans\/\" \/>\n<meta property=\"og:site_name\" content=\"RAMINA\" \/>\n<meta property=\"article:publisher\" content=\"https:\/\/www.facebook.com\/contact.ramina\/\" \/>\n<meta property=\"article:published_time\" content=\"2020-03-16T12:48:27+00:00\" \/>\n<meta property=\"article:modified_time\" content=\"2021-08-10T17:58:59+00:00\" \/>\n<meta property=\"og:image\" content=\"https:\/\/ramina.fr\/wp-content\/uploads\/2025\/02\/ramina-image-mise-avant-wordpress.jpg\" \/>\n\t<meta property=\"og:image:width\" content=\"1200\" \/>\n\t<meta property=\"og:image:height\" content=\"675\" \/>\n\t<meta property=\"og:image:type\" content=\"image\/jpeg\" \/>\n<meta name=\"author\" content=\"Ramina R\u00e9seau\" \/>\n<meta name=\"twitter:card\" content=\"summary_large_image\" \/>\n<meta name=\"twitter:label1\" content=\"\u00c9crit par\" \/>\n\t<meta name=\"twitter:data1\" content=\"Ramina R\u00e9seau\" \/>\n\t<meta name=\"twitter:label2\" content=\"Dur\u00e9e de lecture estim\u00e9e\" \/>\n\t<meta name=\"twitter:data2\" content=\"1 minute\" \/>\n<script type=\"application\/ld+json\" class=\"yoast-schema-graph\">{\"@context\":\"https:\/\/schema.org\",\"@graph\":[{\"@type\":\"Article\",\"@id\":\"https:\/\/ramina.fr\/index.php\/2020\/03\/16\/inesona-a-tous-je-mappelle-aboubacar-je-suis-nee-en-guinee-et-jai-16-ans\/#article\",\"isPartOf\":{\"@id\":\"https:\/\/ramina.fr\/index.php\/2020\/03\/16\/inesona-a-tous-je-mappelle-aboubacar-je-suis-nee-en-guinee-et-jai-16-ans\/\"},\"author\":{\"name\":\"Ramina R\u00e9seau\",\"@id\":\"https:\/\/ramina.fr\/#\/schema\/person\/60afb851da2c0c7b9e173324b84144d5\"},\"headline\":\"Inesona \u00e0 tous, je m&rsquo;appelle Aboubacar, je suis n\u00e9e en Guin\u00e9e et j&rsquo;ai 16 ans \ud83d\ude37\",\"datePublished\":\"2020-03-16T12:48:27+00:00\",\"dateModified\":\"2021-08-10T17:58:59+00:00\",\"mainEntityOfPage\":{\"@id\":\"https:\/\/ramina.fr\/index.php\/2020\/03\/16\/inesona-a-tous-je-mappelle-aboubacar-je-suis-nee-en-guinee-et-jai-16-ans\/\"},\"wordCount\":137,\"commentCount\":0,\"publisher\":{\"@id\":\"https:\/\/ramina.fr\/#organization\"},\"articleSection\":[\"Parole de Minots S1\"],\"inLanguage\":\"fr-FR\",\"potentialAction\":[{\"@type\":\"CommentAction\",\"name\":\"Comment\",\"target\":[\"https:\/\/ramina.fr\/index.php\/2020\/03\/16\/inesona-a-tous-je-mappelle-aboubacar-je-suis-nee-en-guinee-et-jai-16-ans\/#respond\"]}]},{\"@type\":\"WebPage\",\"@id\":\"https:\/\/ramina.fr\/index.php\/2020\/03\/16\/inesona-a-tous-je-mappelle-aboubacar-je-suis-nee-en-guinee-et-jai-16-ans\/\",\"url\":\"https:\/\/ramina.fr\/index.php\/2020\/03\/16\/inesona-a-tous-je-mappelle-aboubacar-je-suis-nee-en-guinee-et-jai-16-ans\/\",\"name\":\"Inesona \u00e0 tous, je m'appelle Aboubacar, je suis n\u00e9e en Guin\u00e9e et j'ai 16 ans \ud83d\ude37 | RAMINA\",\"isPartOf\":{\"@id\":\"https:\/\/ramina.fr\/#website\"},\"datePublished\":\"2020-03-16T12:48:27+00:00\",\"dateModified\":\"2021-08-10T17:58:59+00:00\",\"breadcrumb\":{\"@id\":\"https:\/\/ramina.fr\/index.php\/2020\/03\/16\/inesona-a-tous-je-mappelle-aboubacar-je-suis-nee-en-guinee-et-jai-16-ans\/#breadcrumb\"},\"inLanguage\":\"fr-FR\",\"potentialAction\":[{\"@type\":\"ReadAction\",\"target\":[\"https:\/\/ramina.fr\/index.php\/2020\/03\/16\/inesona-a-tous-je-mappelle-aboubacar-je-suis-nee-en-guinee-et-jai-16-ans\/\"]}]},{\"@type\":\"BreadcrumbList\",\"@id\":\"https:\/\/ramina.fr\/index.php\/2020\/03\/16\/inesona-a-tous-je-mappelle-aboubacar-je-suis-nee-en-guinee-et-jai-16-ans\/#breadcrumb\",\"itemListElement\":[{\"@type\":\"ListItem\",\"position\":1,\"name\":\"Accueil\",\"item\":\"https:\/\/ramina.fr\/\"},{\"@type\":\"ListItem\",\"position\":2,\"name\":\"Inesona \u00e0 tous, je m&rsquo;appelle Aboubacar, je suis n\u00e9e en Guin\u00e9e et j&rsquo;ai 16 ans \ud83d\ude37\"}]},{\"@type\":\"WebSite\",\"@id\":\"https:\/\/ramina.fr\/#website\",\"url\":\"https:\/\/ramina.fr\/\",\"name\":\"RAMINA\",\"description\":\"R\u00e9seau d\u2019Accueil des Minot.es Non Accompagn\u00e9s\",\"publisher\":{\"@id\":\"https:\/\/ramina.fr\/#organization\"},\"alternateName\":\"R\u00e9seau d'accueil Solidaire des Minots Non Accompagn\u00e9s\",\"potentialAction\":[{\"@type\":\"SearchAction\",\"target\":{\"@type\":\"EntryPoint\",\"urlTemplate\":\"https:\/\/ramina.fr\/?s={search_term_string}\"},\"query-input\":{\"@type\":\"PropertyValueSpecification\",\"valueRequired\":true,\"valueName\":\"search_term_string\"}}],\"inLanguage\":\"fr-FR\"},{\"@type\":\"Organization\",\"@id\":\"https:\/\/ramina.fr\/#organization\",\"name\":\"RAMINA\",\"alternateName\":\"R\u00e9seau d' Accueil des Minots Non Accompagn\u00e9s\",\"url\":\"https:\/\/ramina.fr\/\",\"logo\":{\"@type\":\"ImageObject\",\"inLanguage\":\"fr-FR\",\"@id\":\"https:\/\/ramina.fr\/#\/schema\/logo\/image\/\",\"url\":\"https:\/\/ramina.fr\/wp-content\/uploads\/2025\/02\/LOGO_RAMINA_NOIR_VERTICAL.png\",\"contentUrl\":\"https:\/\/ramina.fr\/wp-content\/uploads\/2025\/02\/LOGO_RAMINA_NOIR_VERTICAL.png\",\"width\":1654,\"height\":1418,\"caption\":\"RAMINA\"},\"image\":{\"@id\":\"https:\/\/ramina.fr\/#\/schema\/logo\/image\/\"},\"sameAs\":[\"https:\/\/www.facebook.com\/contact.ramina\/\",\"https:\/\/www.instagram.com\/ramina_marseille\/\"]},{\"@type\":\"Person\",\"@id\":\"https:\/\/ramina.fr\/#\/schema\/person\/60afb851da2c0c7b9e173324b84144d5\",\"name\":\"Ramina R\u00e9seau\",\"image\":{\"@type\":\"ImageObject\",\"inLanguage\":\"fr-FR\",\"@id\":\"https:\/\/ramina.fr\/#\/schema\/person\/image\/\",\"url\":\"https:\/\/secure.gravatar.com\/avatar\/5985aef3267ffd44adcd4562d2752e99?s=96&d=mm&r=g\",\"contentUrl\":\"https:\/\/secure.gravatar.com\/avatar\/5985aef3267ffd44adcd4562d2752e99?s=96&d=mm&r=g\",\"caption\":\"Ramina R\u00e9seau\"}}]}<\/script>\n<!-- \/ Yoast SEO plugin. -->","yoast_head_json":{"title":"Inesona \u00e0 tous, je m'appelle Aboubacar, je suis n\u00e9e en Guin\u00e9e et j'ai 16 ans \ud83d\ude37 | RAMINA","robots":{"index":"noindex","follow":"follow"},"og_locale":"fr_FR","og_type":"article","og_title":"Inesona \u00e0 tous, je m'appelle Aboubacar, je suis n\u00e9e en Guin\u00e9e et j'ai 16 ans \ud83d\ude37 | RAMINA","og_description":"Je viens d&rsquo;arriver en France. Je suis venu ici pour apprendre un m\u00e9tier. J&rsquo;aimerais \u00eatre soudeur. Dans mon pays, j&rsquo;ai eu l&rsquo;occasion d&rsquo;observer les soudeurs et de voir le r\u00e9sultat de leur travail. Je trouve que c&rsquo;est tr\u00e8s int\u00e9ressant. Je suis passionn\u00e9 de foot et mon idole est\u2026..devinez qui ? Christiano Ronaldo ! En guin\u00e9e, &hellip; Continuer la lecture de &laquo;&nbsp;Inesona \u00e0 tous, je m&rsquo;appelle Aboubacar, je suis n\u00e9e en Guin\u00e9e et j&rsquo;ai 16 ans \ud83d\ude37&nbsp;&raquo;","og_url":"https:\/\/ramina.fr\/index.php\/2020\/03\/16\/inesona-a-tous-je-mappelle-aboubacar-je-suis-nee-en-guinee-et-jai-16-ans\/","og_site_name":"RAMINA","article_publisher":"https:\/\/www.facebook.com\/contact.ramina\/","article_published_time":"2020-03-16T12:48:27+00:00","article_modified_time":"2021-08-10T17:58:59+00:00","og_image":[{"width":1200,"height":675,"url":"https:\/\/ramina.fr\/wp-content\/uploads\/2025\/02\/ramina-image-mise-avant-wordpress.jpg","type":"image\/jpeg"}],"author":"Ramina R\u00e9seau","twitter_card":"summary_large_image","twitter_misc":{"\u00c9crit par":"Ramina R\u00e9seau","Dur\u00e9e de lecture estim\u00e9e":"1 minute"},"schema":{"@context":"https:\/\/schema.org","@graph":[{"@type":"Article","@id":"https:\/\/ramina.fr\/index.php\/2020\/03\/16\/inesona-a-tous-je-mappelle-aboubacar-je-suis-nee-en-guinee-et-jai-16-ans\/#article","isPartOf":{"@id":"https:\/\/ramina.fr\/index.php\/2020\/03\/16\/inesona-a-tous-je-mappelle-aboubacar-je-suis-nee-en-guinee-et-jai-16-ans\/"},"author":{"name":"Ramina R\u00e9seau","@id":"https:\/\/ramina.fr\/#\/schema\/person\/60afb851da2c0c7b9e173324b84144d5"},"headline":"Inesona \u00e0 tous, je m&rsquo;appelle Aboubacar, je suis n\u00e9e en Guin\u00e9e et j&rsquo;ai 16 ans \ud83d\ude37","datePublished":"2020-03-16T12:48:27+00:00","dateModified":"2021-08-10T17:58:59+00:00","mainEntityOfPage":{"@id":"https:\/\/ramina.fr\/index.php\/2020\/03\/16\/inesona-a-tous-je-mappelle-aboubacar-je-suis-nee-en-guinee-et-jai-16-ans\/"},"wordCount":137,"commentCount":0,"publisher":{"@id":"https:\/\/ramina.fr\/#organization"},"articleSection":["Parole de Minots S1"],"inLanguage":"fr-FR","potentialAction":[{"@type":"CommentAction","name":"Comment","target":["https:\/\/ramina.fr\/index.php\/2020\/03\/16\/inesona-a-tous-je-mappelle-aboubacar-je-suis-nee-en-guinee-et-jai-16-ans\/#respond"]}]},{"@type":"WebPage","@id":"https:\/\/ramina.fr\/index.php\/2020\/03\/16\/inesona-a-tous-je-mappelle-aboubacar-je-suis-nee-en-guinee-et-jai-16-ans\/","url":"https:\/\/ramina.fr\/index.php\/2020\/03\/16\/inesona-a-tous-je-mappelle-aboubacar-je-suis-nee-en-guinee-et-jai-16-ans\/","name":"Inesona \u00e0 tous, je m'appelle Aboubacar, je suis n\u00e9e en Guin\u00e9e et j'ai 16 ans \ud83d\ude37 | RAMINA","isPartOf":{"@id":"https:\/\/ramina.fr\/#website"},"datePublished":"2020-03-16T12:48:27+00:00","dateModified":"2021-08-10T17:58:59+00:00","breadcrumb":{"@id":"https:\/\/ramina.fr\/index.php\/2020\/03\/16\/inesona-a-tous-je-mappelle-aboubacar-je-suis-nee-en-guinee-et-jai-16-ans\/#breadcrumb"},"inLanguage":"fr-FR","potentialAction":[{"@type":"ReadAction","target":["https:\/\/ramina.fr\/index.php\/2020\/03\/16\/inesona-a-tous-je-mappelle-aboubacar-je-suis-nee-en-guinee-et-jai-16-ans\/"]}]},{"@type":"BreadcrumbList","@id":"https:\/\/ramina.fr\/index.php\/2020\/03\/16\/inesona-a-tous-je-mappelle-aboubacar-je-suis-nee-en-guinee-et-jai-16-ans\/#breadcrumb","itemListElement":[{"@type":"ListItem","position":1,"name":"Accueil","item":"https:\/\/ramina.fr\/"},{"@type":"ListItem","position":2,"name":"Inesona \u00e0 tous, je m&rsquo;appelle Aboubacar, je suis n\u00e9e en Guin\u00e9e et j&rsquo;ai 16 ans \ud83d\ude37"}]},{"@type":"WebSite","@id":"https:\/\/ramina.fr\/#website","url":"https:\/\/ramina.fr\/","name":"RAMINA","description":"R\u00e9seau d\u2019Accueil des Minot.es Non Accompagn\u00e9s","publisher":{"@id":"https:\/\/ramina.fr\/#organization"},"alternateName":"R\u00e9seau d'accueil Solidaire des Minots Non Accompagn\u00e9s","potentialAction":[{"@type":"SearchAction","target":{"@type":"EntryPoint","urlTemplate":"https:\/\/ramina.fr\/?s={search_term_string}"},"query-input":{"@type":"PropertyValueSpecification","valueRequired":true,"valueName":"search_term_string"}}],"inLanguage":"fr-FR"},{"@type":"Organization","@id":"https:\/\/ramina.fr\/#organization","name":"RAMINA","alternateName":"R\u00e9seau d' Accueil des Minots Non Accompagn\u00e9s","url":"https:\/\/ramina.fr\/","logo":{"@type":"ImageObject","inLanguage":"fr-FR","@id":"https:\/\/ramina.fr\/#\/schema\/logo\/image\/","url":"https:\/\/ramina.fr\/wp-content\/uploads\/2025\/02\/LOGO_RAMINA_NOIR_VERTICAL.png","contentUrl":"https:\/\/ramina.fr\/wp-content\/uploads\/2025\/02\/LOGO_RAMINA_NOIR_VERTICAL.png","width":1654,"height":1418,"caption":"RAMINA"},"image":{"@id":"https:\/\/ramina.fr\/#\/schema\/logo\/image\/"},"sameAs":["https:\/\/www.facebook.com\/contact.ramina\/","https:\/\/www.instagram.com\/ramina_marseille\/"]},{"@type":"Person","@id":"https:\/\/ramina.fr\/#\/schema\/person\/60afb851da2c0c7b9e173324b84144d5","name":"Ramina R\u00e9seau","image":{"@type":"ImageObject","inLanguage":"fr-FR","@id":"https:\/\/ramina.fr\/#\/schema\/person\/image\/","url":"https:\/\/secure.gravatar.com\/avatar\/5985aef3267ffd44adcd4562d2752e99?s=96&d=mm&r=g","contentUrl":"https:\/\/secure.gravatar.com\/avatar\/5985aef3267ffd44adcd4562d2752e99?s=96&d=mm&r=g","caption":"Ramina R\u00e9seau"}}]}},"jetpack_featured_media_url":"","jetpack_sharing_enabled":true,"_links":{"self":[{"href":"https:\/\/ramina.fr\/index.php\/wp-json\/wp\/v2\/posts\/617","targetHints":{"allow":["GET"]}}],"collection":[{"href":"https:\/\/ramina.fr\/index.php\/wp-json\/wp\/v2\/posts"}],"about":[{"href":"https:\/\/ramina.fr\/index.php\/wp-json\/wp\/v2\/types\/post"}],"author":[{"embeddable":true,"href":"https:\/\/ramina.fr\/index.php\/wp-json\/wp\/v2\/users\/3"}],"replies":[{"embeddable":true,"href":"https:\/\/ramina.fr\/index.php\/wp-json\/wp\/v2\/comments?post=617"}],"version-history":[{"count":5,"href":"https:\/\/ramina.fr\/index.php\/wp-json\/wp\/v2\/posts\/617\/revisions"}],"predecessor-version":[{"id":1657,"href":"https:\/\/ramina.fr\/index.php\/wp-json\/wp\/v2\/posts\/617\/revisions\/1657"}],"wp:attachment":[{"href":"https:\/\/ramina.fr\/index.php\/wp-json\/wp\/v2\/media?parent=617"}],"wp:term":[{"taxonomy":"category","embeddable":true,"href":"https:\/\/ramina.fr\/index.php\/wp-json\/wp\/v2\/categories?post=617"},{"taxonomy":"post_tag","embeddable":true,"href":"https:\/\/ramina.fr\/index.php\/wp-json\/wp\/v2\/tags?post=617"}],"curies":[{"name":"wp","href":"https:\/\/api.w.org\/{rel}","templated":true}]}}