{"id":612,"date":"2020-03-13T12:04:19","date_gmt":"2020-03-13T11:04:19","guid":{"rendered":"http:\/\/ramina.fr\/?p=612"},"modified":"2020-03-28T12:28:55","modified_gmt":"2020-03-28T11:28:55","slug":"bonjour-tout-le-monde-cest-a-nouveau-madi-jai-16-ans-et-je-suis-malien","status":"publish","type":"post","link":"https:\/\/ramina.fr\/index.php\/2020\/03\/13\/bonjour-tout-le-monde-cest-a-nouveau-madi-jai-16-ans-et-je-suis-malien\/","title":{"rendered":"Dessin de Minot \ud83d\ude00 : Bonjour tout le monde, c\u2019est \u00e0 nouveau Madi, j\u2019ai 16 ans et je suis malien"},"content":{"rendered":"\n<p>J\u2019ai d\u00e9j\u00e0 fais mon parole de minot le 25 septembre dernier et depuis j\u2019aime bien vous montrer mes dessins, le dernier c\u2019\u00e9tait pour no\u00ebl pass\u00e9. Aujourd\u2019hui ma situation avance, je viens de trouver un contrat d\u2019apprentissage pour nettoyer les vitres. Je viens de commencer et je suis fatigu\u00e9 un peu. Aussi, il y\u2019a un peu plus de un mois je suis parti de l\u2019h\u00f4tel pour aller dans un autre h\u00f4tel avec de nouveaux \u00e9ducateurs. Aujourd\u2019hui, je vais vous montrer des dessins que j\u2019ai fais avec de la peinture. J\u2019ai commenc\u00e9 \u00e0 apprendre cette m\u00e9thode depuis que je suis arriv\u00e9 en France, c\u2019est un b\u00e9n\u00e9vole du squat St Just qui m\u2019a achet\u00e9 les couleurs de peinture et les papiers. Le soir, j\u2019ai fais ces deux dessins dans ma chambre d\u2019h\u00f4tel. Et je cherche toujours quelqu\u2019un qui voudrait m\u2019aider \u00e0 bien apprendre les techniques du dessins (faire des plans, la peinture,&#8230;).\u00a0  \u270c\ufe0f Rdv lundi pour une nouvelle parole de minot. Likez, partagez, boul\u00e9guez.  \u270c\ufe0f  <\/p>\n\n\n\n<figure class=\"wp-block-image size-large\"><img fetchpriority=\"high\" decoding=\"async\" width=\"768\" height=\"1024\" src=\"https:\/\/ramina.fr\/wp-content\/uploads\/2020\/03\/Parole-de-MINOT-DESSIN-RAMINA-MARSEILLE-768x1024.jpg\" alt=\"\" class=\"wp-image-613\" srcset=\"https:\/\/ramina.fr\/wp-content\/uploads\/2020\/03\/Parole-de-MINOT-DESSIN-RAMINA-MARSEILLE-768x1024.jpg 768w, https:\/\/ramina.fr\/wp-content\/uploads\/2020\/03\/Parole-de-MINOT-DESSIN-RAMINA-MARSEILLE-225x300.jpg 225w, https:\/\/ramina.fr\/wp-content\/uploads\/2020\/03\/Parole-de-MINOT-DESSIN-RAMINA-MARSEILLE-1152x1536.jpg 1152w, https:\/\/ramina.fr\/wp-content\/uploads\/2020\/03\/Parole-de-MINOT-DESSIN-RAMINA-MARSEILLE.jpg 1200w\" sizes=\"(max-width: 706px) 89vw, (max-width: 767px) 82vw, 740px\" \/><\/figure>\n\n\n\n<figure class=\"wp-block-image size-large\"><img decoding=\"async\" width=\"768\" height=\"1024\" src=\"https:\/\/ramina.fr\/wp-content\/uploads\/2020\/03\/Parole-de-MINOT-DESSIN-RAMINA-MARSEILLE-2-768x1024.jpg\" alt=\"\" class=\"wp-image-614\" srcset=\"https:\/\/ramina.fr\/wp-content\/uploads\/2020\/03\/Parole-de-MINOT-DESSIN-RAMINA-MARSEILLE-2-768x1024.jpg 768w, https:\/\/ramina.fr\/wp-content\/uploads\/2020\/03\/Parole-de-MINOT-DESSIN-RAMINA-MARSEILLE-2-225x300.jpg 225w, https:\/\/ramina.fr\/wp-content\/uploads\/2020\/03\/Parole-de-MINOT-DESSIN-RAMINA-MARSEILLE-2-1152x1536.jpg 1152w, https:\/\/ramina.fr\/wp-content\/uploads\/2020\/03\/Parole-de-MINOT-DESSIN-RAMINA-MARSEILLE-2.jpg 1200w\" sizes=\"(max-width: 706px) 89vw, (max-width: 767px) 82vw, 740px\" \/><\/figure>\n","protected":false},"excerpt":{"rendered":"<p>J\u2019ai d\u00e9j\u00e0 fais mon parole de minot le 25 septembre dernier et depuis j\u2019aime bien vous montrer mes dessins, le dernier c\u2019\u00e9tait pour no\u00ebl pass\u00e9. Aujourd\u2019hui ma situation avance, je viens de trouver un contrat d\u2019apprentissage pour nettoyer les vitres. Je viens de commencer et je suis fatigu\u00e9 un peu. Aussi, il y\u2019a un peu &hellip; <\/p>\n<p class=\"link-more\"><a href=\"https:\/\/ramina.fr\/index.php\/2020\/03\/13\/bonjour-tout-le-monde-cest-a-nouveau-madi-jai-16-ans-et-je-suis-malien\/\" class=\"more-link\">Continuer la lecture<span class=\"screen-reader-text\"> de &laquo;&nbsp;Dessin de Minot \ud83d\ude00 : Bonjour tout le monde, c\u2019est \u00e0 nouveau Madi, j\u2019ai 16 ans et je suis malien&nbsp;&raquo;<\/span><\/a><\/p>\n","protected":false},"author":3,"featured_media":0,"comment_status":"open","ping_status":"open","sticky":false,"template":"","format":"standard","meta":{"_jetpack_memberships_contains_paid_content":false,"footnotes":""},"categories":[4],"tags":[],"class_list":["post-612","post","type-post","status-publish","format-standard","hentry","category-paroleminotsaison1"],"yoast_head":"<!-- This site is optimized with the Yoast SEO plugin v25.1 - https:\/\/yoast.com\/wordpress\/plugins\/seo\/ -->\n<title>Dessin de Minot \ud83d\ude00 : Bonjour tout le monde, c\u2019est \u00e0 nouveau Madi, j\u2019ai 16 ans et je suis malien | RAMINA<\/title>\n<meta name=\"robots\" content=\"noindex, follow\" \/>\n<meta property=\"og:locale\" content=\"fr_FR\" \/>\n<meta property=\"og:type\" content=\"article\" \/>\n<meta property=\"og:title\" content=\"Dessin de Minot \ud83d\ude00 : Bonjour tout le monde, c\u2019est \u00e0 nouveau Madi, j\u2019ai 16 ans et je suis malien | RAMINA\" \/>\n<meta property=\"og:description\" content=\"J\u2019ai d\u00e9j\u00e0 fais mon parole de minot le 25 septembre dernier et depuis j\u2019aime bien vous montrer mes dessins, le dernier c\u2019\u00e9tait pour no\u00ebl pass\u00e9. Aujourd\u2019hui ma situation avance, je viens de trouver un contrat d\u2019apprentissage pour nettoyer les vitres. Je viens de commencer et je suis fatigu\u00e9 un peu. Aussi, il y\u2019a un peu &hellip; Continuer la lecture de &laquo;&nbsp;Dessin de Minot \ud83d\ude00 : Bonjour tout le monde, c\u2019est \u00e0 nouveau Madi, j\u2019ai 16 ans et je suis malien&nbsp;&raquo;\" \/>\n<meta property=\"og:url\" content=\"https:\/\/ramina.fr\/index.php\/2020\/03\/13\/bonjour-tout-le-monde-cest-a-nouveau-madi-jai-16-ans-et-je-suis-malien\/\" \/>\n<meta property=\"og:site_name\" content=\"RAMINA\" \/>\n<meta property=\"article:publisher\" content=\"https:\/\/www.facebook.com\/contact.ramina\/\" \/>\n<meta property=\"article:published_time\" content=\"2020-03-13T11:04:19+00:00\" \/>\n<meta property=\"article:modified_time\" content=\"2020-03-28T11:28:55+00:00\" \/>\n<meta property=\"og:image\" content=\"http:\/\/ramina.fr\/wp-content\/uploads\/2020\/03\/Parole-de-MINOT-DESSIN-RAMINA-MARSEILLE-768x1024.jpg\" \/>\n<meta name=\"author\" content=\"Ramina R\u00e9seau\" \/>\n<meta name=\"twitter:card\" content=\"summary_large_image\" \/>\n<meta name=\"twitter:label1\" content=\"\u00c9crit par\" \/>\n\t<meta name=\"twitter:data1\" content=\"Ramina R\u00e9seau\" \/>\n\t<meta name=\"twitter:label2\" content=\"Dur\u00e9e de lecture estim\u00e9e\" \/>\n\t<meta name=\"twitter:data2\" content=\"1 minute\" \/>\n<script type=\"application\/ld+json\" class=\"yoast-schema-graph\">{\"@context\":\"https:\/\/schema.org\",\"@graph\":[{\"@type\":\"Article\",\"@id\":\"https:\/\/ramina.fr\/index.php\/2020\/03\/13\/bonjour-tout-le-monde-cest-a-nouveau-madi-jai-16-ans-et-je-suis-malien\/#article\",\"isPartOf\":{\"@id\":\"https:\/\/ramina.fr\/index.php\/2020\/03\/13\/bonjour-tout-le-monde-cest-a-nouveau-madi-jai-16-ans-et-je-suis-malien\/\"},\"author\":{\"name\":\"Ramina R\u00e9seau\",\"@id\":\"https:\/\/ramina.fr\/#\/schema\/person\/60afb851da2c0c7b9e173324b84144d5\"},\"headline\":\"Dessin de Minot \ud83d\ude00 : Bonjour tout le monde, c\u2019est \u00e0 nouveau Madi, j\u2019ai 16 ans et je suis malien\",\"datePublished\":\"2020-03-13T11:04:19+00:00\",\"dateModified\":\"2020-03-28T11:28:55+00:00\",\"mainEntityOfPage\":{\"@id\":\"https:\/\/ramina.fr\/index.php\/2020\/03\/13\/bonjour-tout-le-monde-cest-a-nouveau-madi-jai-16-ans-et-je-suis-malien\/\"},\"wordCount\":200,\"commentCount\":0,\"publisher\":{\"@id\":\"https:\/\/ramina.fr\/#organization\"},\"image\":{\"@id\":\"https:\/\/ramina.fr\/index.php\/2020\/03\/13\/bonjour-tout-le-monde-cest-a-nouveau-madi-jai-16-ans-et-je-suis-malien\/#primaryimage\"},\"thumbnailUrl\":\"http:\/\/ramina.fr\/wp-content\/uploads\/2020\/03\/Parole-de-MINOT-DESSIN-RAMINA-MARSEILLE-768x1024.jpg\",\"articleSection\":[\"Parole de Minots S1\"],\"inLanguage\":\"fr-FR\",\"potentialAction\":[{\"@type\":\"CommentAction\",\"name\":\"Comment\",\"target\":[\"https:\/\/ramina.fr\/index.php\/2020\/03\/13\/bonjour-tout-le-monde-cest-a-nouveau-madi-jai-16-ans-et-je-suis-malien\/#respond\"]}]},{\"@type\":\"WebPage\",\"@id\":\"https:\/\/ramina.fr\/index.php\/2020\/03\/13\/bonjour-tout-le-monde-cest-a-nouveau-madi-jai-16-ans-et-je-suis-malien\/\",\"url\":\"https:\/\/ramina.fr\/index.php\/2020\/03\/13\/bonjour-tout-le-monde-cest-a-nouveau-madi-jai-16-ans-et-je-suis-malien\/\",\"name\":\"Dessin de Minot \ud83d\ude00 : Bonjour tout le monde, c\u2019est \u00e0 nouveau Madi, j\u2019ai 16 ans et je suis malien | RAMINA\",\"isPartOf\":{\"@id\":\"https:\/\/ramina.fr\/#website\"},\"primaryImageOfPage\":{\"@id\":\"https:\/\/ramina.fr\/index.php\/2020\/03\/13\/bonjour-tout-le-monde-cest-a-nouveau-madi-jai-16-ans-et-je-suis-malien\/#primaryimage\"},\"image\":{\"@id\":\"https:\/\/ramina.fr\/index.php\/2020\/03\/13\/bonjour-tout-le-monde-cest-a-nouveau-madi-jai-16-ans-et-je-suis-malien\/#primaryimage\"},\"thumbnailUrl\":\"http:\/\/ramina.fr\/wp-content\/uploads\/2020\/03\/Parole-de-MINOT-DESSIN-RAMINA-MARSEILLE-768x1024.jpg\",\"datePublished\":\"2020-03-13T11:04:19+00:00\",\"dateModified\":\"2020-03-28T11:28:55+00:00\",\"breadcrumb\":{\"@id\":\"https:\/\/ramina.fr\/index.php\/2020\/03\/13\/bonjour-tout-le-monde-cest-a-nouveau-madi-jai-16-ans-et-je-suis-malien\/#breadcrumb\"},\"inLanguage\":\"fr-FR\",\"potentialAction\":[{\"@type\":\"ReadAction\",\"target\":[\"https:\/\/ramina.fr\/index.php\/2020\/03\/13\/bonjour-tout-le-monde-cest-a-nouveau-madi-jai-16-ans-et-je-suis-malien\/\"]}]},{\"@type\":\"ImageObject\",\"inLanguage\":\"fr-FR\",\"@id\":\"https:\/\/ramina.fr\/index.php\/2020\/03\/13\/bonjour-tout-le-monde-cest-a-nouveau-madi-jai-16-ans-et-je-suis-malien\/#primaryimage\",\"url\":\"http:\/\/ramina.fr\/wp-content\/uploads\/2020\/03\/Parole-de-MINOT-DESSIN-RAMINA-MARSEILLE-768x1024.jpg\",\"contentUrl\":\"http:\/\/ramina.fr\/wp-content\/uploads\/2020\/03\/Parole-de-MINOT-DESSIN-RAMINA-MARSEILLE-768x1024.jpg\"},{\"@type\":\"BreadcrumbList\",\"@id\":\"https:\/\/ramina.fr\/index.php\/2020\/03\/13\/bonjour-tout-le-monde-cest-a-nouveau-madi-jai-16-ans-et-je-suis-malien\/#breadcrumb\",\"itemListElement\":[{\"@type\":\"ListItem\",\"position\":1,\"name\":\"Accueil\",\"item\":\"https:\/\/ramina.fr\/\"},{\"@type\":\"ListItem\",\"position\":2,\"name\":\"Dessin de Minot \ud83d\ude00 : Bonjour tout le monde, c\u2019est \u00e0 nouveau Madi, j\u2019ai 16 ans et je suis malien\"}]},{\"@type\":\"WebSite\",\"@id\":\"https:\/\/ramina.fr\/#website\",\"url\":\"https:\/\/ramina.fr\/\",\"name\":\"RAMINA\",\"description\":\"R\u00e9seau d\u2019Accueil des Minot.es Non Accompagn\u00e9s\",\"publisher\":{\"@id\":\"https:\/\/ramina.fr\/#organization\"},\"alternateName\":\"R\u00e9seau d'accueil Solidaire des Minots Non Accompagn\u00e9s\",\"potentialAction\":[{\"@type\":\"SearchAction\",\"target\":{\"@type\":\"EntryPoint\",\"urlTemplate\":\"https:\/\/ramina.fr\/?s={search_term_string}\"},\"query-input\":{\"@type\":\"PropertyValueSpecification\",\"valueRequired\":true,\"valueName\":\"search_term_string\"}}],\"inLanguage\":\"fr-FR\"},{\"@type\":\"Organization\",\"@id\":\"https:\/\/ramina.fr\/#organization\",\"name\":\"RAMINA\",\"alternateName\":\"R\u00e9seau d' Accueil des Minots Non Accompagn\u00e9s\",\"url\":\"https:\/\/ramina.fr\/\",\"logo\":{\"@type\":\"ImageObject\",\"inLanguage\":\"fr-FR\",\"@id\":\"https:\/\/ramina.fr\/#\/schema\/logo\/image\/\",\"url\":\"https:\/\/ramina.fr\/wp-content\/uploads\/2025\/02\/LOGO_RAMINA_NOIR_VERTICAL.png\",\"contentUrl\":\"https:\/\/ramina.fr\/wp-content\/uploads\/2025\/02\/LOGO_RAMINA_NOIR_VERTICAL.png\",\"width\":1654,\"height\":1418,\"caption\":\"RAMINA\"},\"image\":{\"@id\":\"https:\/\/ramina.fr\/#\/schema\/logo\/image\/\"},\"sameAs\":[\"https:\/\/www.facebook.com\/contact.ramina\/\",\"https:\/\/www.instagram.com\/ramina_marseille\/\"]},{\"@type\":\"Person\",\"@id\":\"https:\/\/ramina.fr\/#\/schema\/person\/60afb851da2c0c7b9e173324b84144d5\",\"name\":\"Ramina R\u00e9seau\",\"image\":{\"@type\":\"ImageObject\",\"inLanguage\":\"fr-FR\",\"@id\":\"https:\/\/ramina.fr\/#\/schema\/person\/image\/\",\"url\":\"https:\/\/secure.gravatar.com\/avatar\/5985aef3267ffd44adcd4562d2752e99?s=96&d=mm&r=g\",\"contentUrl\":\"https:\/\/secure.gravatar.com\/avatar\/5985aef3267ffd44adcd4562d2752e99?s=96&d=mm&r=g\",\"caption\":\"Ramina R\u00e9seau\"}}]}<\/script>\n<!-- \/ Yoast SEO plugin. -->","yoast_head_json":{"title":"Dessin de Minot \ud83d\ude00 : Bonjour tout le monde, c\u2019est \u00e0 nouveau Madi, j\u2019ai 16 ans et je suis malien | RAMINA","robots":{"index":"noindex","follow":"follow"},"og_locale":"fr_FR","og_type":"article","og_title":"Dessin de Minot \ud83d\ude00 : Bonjour tout le monde, c\u2019est \u00e0 nouveau Madi, j\u2019ai 16 ans et je suis malien | RAMINA","og_description":"J\u2019ai d\u00e9j\u00e0 fais mon parole de minot le 25 septembre dernier et depuis j\u2019aime bien vous montrer mes dessins, le dernier c\u2019\u00e9tait pour no\u00ebl pass\u00e9. Aujourd\u2019hui ma situation avance, je viens de trouver un contrat d\u2019apprentissage pour nettoyer les vitres. Je viens de commencer et je suis fatigu\u00e9 un peu. Aussi, il y\u2019a un peu &hellip; Continuer la lecture de &laquo;&nbsp;Dessin de Minot \ud83d\ude00 : Bonjour tout le monde, c\u2019est \u00e0 nouveau Madi, j\u2019ai 16 ans et je suis malien&nbsp;&raquo;","og_url":"https:\/\/ramina.fr\/index.php\/2020\/03\/13\/bonjour-tout-le-monde-cest-a-nouveau-madi-jai-16-ans-et-je-suis-malien\/","og_site_name":"RAMINA","article_publisher":"https:\/\/www.facebook.com\/contact.ramina\/","article_published_time":"2020-03-13T11:04:19+00:00","article_modified_time":"2020-03-28T11:28:55+00:00","og_image":[{"url":"http:\/\/ramina.fr\/wp-content\/uploads\/2020\/03\/Parole-de-MINOT-DESSIN-RAMINA-MARSEILLE-768x1024.jpg","type":"","width":"","height":""}],"author":"Ramina R\u00e9seau","twitter_card":"summary_large_image","twitter_misc":{"\u00c9crit par":"Ramina R\u00e9seau","Dur\u00e9e de lecture estim\u00e9e":"1 minute"},"schema":{"@context":"https:\/\/schema.org","@graph":[{"@type":"Article","@id":"https:\/\/ramina.fr\/index.php\/2020\/03\/13\/bonjour-tout-le-monde-cest-a-nouveau-madi-jai-16-ans-et-je-suis-malien\/#article","isPartOf":{"@id":"https:\/\/ramina.fr\/index.php\/2020\/03\/13\/bonjour-tout-le-monde-cest-a-nouveau-madi-jai-16-ans-et-je-suis-malien\/"},"author":{"name":"Ramina R\u00e9seau","@id":"https:\/\/ramina.fr\/#\/schema\/person\/60afb851da2c0c7b9e173324b84144d5"},"headline":"Dessin de Minot \ud83d\ude00 : Bonjour tout le monde, c\u2019est \u00e0 nouveau Madi, j\u2019ai 16 ans et je suis malien","datePublished":"2020-03-13T11:04:19+00:00","dateModified":"2020-03-28T11:28:55+00:00","mainEntityOfPage":{"@id":"https:\/\/ramina.fr\/index.php\/2020\/03\/13\/bonjour-tout-le-monde-cest-a-nouveau-madi-jai-16-ans-et-je-suis-malien\/"},"wordCount":200,"commentCount":0,"publisher":{"@id":"https:\/\/ramina.fr\/#organization"},"image":{"@id":"https:\/\/ramina.fr\/index.php\/2020\/03\/13\/bonjour-tout-le-monde-cest-a-nouveau-madi-jai-16-ans-et-je-suis-malien\/#primaryimage"},"thumbnailUrl":"http:\/\/ramina.fr\/wp-content\/uploads\/2020\/03\/Parole-de-MINOT-DESSIN-RAMINA-MARSEILLE-768x1024.jpg","articleSection":["Parole de Minots S1"],"inLanguage":"fr-FR","potentialAction":[{"@type":"CommentAction","name":"Comment","target":["https:\/\/ramina.fr\/index.php\/2020\/03\/13\/bonjour-tout-le-monde-cest-a-nouveau-madi-jai-16-ans-et-je-suis-malien\/#respond"]}]},{"@type":"WebPage","@id":"https:\/\/ramina.fr\/index.php\/2020\/03\/13\/bonjour-tout-le-monde-cest-a-nouveau-madi-jai-16-ans-et-je-suis-malien\/","url":"https:\/\/ramina.fr\/index.php\/2020\/03\/13\/bonjour-tout-le-monde-cest-a-nouveau-madi-jai-16-ans-et-je-suis-malien\/","name":"Dessin de Minot \ud83d\ude00 : Bonjour tout le monde, c\u2019est \u00e0 nouveau Madi, j\u2019ai 16 ans et je suis malien | RAMINA","isPartOf":{"@id":"https:\/\/ramina.fr\/#website"},"primaryImageOfPage":{"@id":"https:\/\/ramina.fr\/index.php\/2020\/03\/13\/bonjour-tout-le-monde-cest-a-nouveau-madi-jai-16-ans-et-je-suis-malien\/#primaryimage"},"image":{"@id":"https:\/\/ramina.fr\/index.php\/2020\/03\/13\/bonjour-tout-le-monde-cest-a-nouveau-madi-jai-16-ans-et-je-suis-malien\/#primaryimage"},"thumbnailUrl":"http:\/\/ramina.fr\/wp-content\/uploads\/2020\/03\/Parole-de-MINOT-DESSIN-RAMINA-MARSEILLE-768x1024.jpg","datePublished":"2020-03-13T11:04:19+00:00","dateModified":"2020-03-28T11:28:55+00:00","breadcrumb":{"@id":"https:\/\/ramina.fr\/index.php\/2020\/03\/13\/bonjour-tout-le-monde-cest-a-nouveau-madi-jai-16-ans-et-je-suis-malien\/#breadcrumb"},"inLanguage":"fr-FR","potentialAction":[{"@type":"ReadAction","target":["https:\/\/ramina.fr\/index.php\/2020\/03\/13\/bonjour-tout-le-monde-cest-a-nouveau-madi-jai-16-ans-et-je-suis-malien\/"]}]},{"@type":"ImageObject","inLanguage":"fr-FR","@id":"https:\/\/ramina.fr\/index.php\/2020\/03\/13\/bonjour-tout-le-monde-cest-a-nouveau-madi-jai-16-ans-et-je-suis-malien\/#primaryimage","url":"http:\/\/ramina.fr\/wp-content\/uploads\/2020\/03\/Parole-de-MINOT-DESSIN-RAMINA-MARSEILLE-768x1024.jpg","contentUrl":"http:\/\/ramina.fr\/wp-content\/uploads\/2020\/03\/Parole-de-MINOT-DESSIN-RAMINA-MARSEILLE-768x1024.jpg"},{"@type":"BreadcrumbList","@id":"https:\/\/ramina.fr\/index.php\/2020\/03\/13\/bonjour-tout-le-monde-cest-a-nouveau-madi-jai-16-ans-et-je-suis-malien\/#breadcrumb","itemListElement":[{"@type":"ListItem","position":1,"name":"Accueil","item":"https:\/\/ramina.fr\/"},{"@type":"ListItem","position":2,"name":"Dessin de Minot \ud83d\ude00 : Bonjour tout le monde, c\u2019est \u00e0 nouveau Madi, j\u2019ai 16 ans et je suis malien"}]},{"@type":"WebSite","@id":"https:\/\/ramina.fr\/#website","url":"https:\/\/ramina.fr\/","name":"RAMINA","description":"R\u00e9seau d\u2019Accueil des Minot.es Non Accompagn\u00e9s","publisher":{"@id":"https:\/\/ramina.fr\/#organization"},"alternateName":"R\u00e9seau d'accueil Solidaire des Minots Non Accompagn\u00e9s","potentialAction":[{"@type":"SearchAction","target":{"@type":"EntryPoint","urlTemplate":"https:\/\/ramina.fr\/?s={search_term_string}"},"query-input":{"@type":"PropertyValueSpecification","valueRequired":true,"valueName":"search_term_string"}}],"inLanguage":"fr-FR"},{"@type":"Organization","@id":"https:\/\/ramina.fr\/#organization","name":"RAMINA","alternateName":"R\u00e9seau d' Accueil des Minots Non Accompagn\u00e9s","url":"https:\/\/ramina.fr\/","logo":{"@type":"ImageObject","inLanguage":"fr-FR","@id":"https:\/\/ramina.fr\/#\/schema\/logo\/image\/","url":"https:\/\/ramina.fr\/wp-content\/uploads\/2025\/02\/LOGO_RAMINA_NOIR_VERTICAL.png","contentUrl":"https:\/\/ramina.fr\/wp-content\/uploads\/2025\/02\/LOGO_RAMINA_NOIR_VERTICAL.png","width":1654,"height":1418,"caption":"RAMINA"},"image":{"@id":"https:\/\/ramina.fr\/#\/schema\/logo\/image\/"},"sameAs":["https:\/\/www.facebook.com\/contact.ramina\/","https:\/\/www.instagram.com\/ramina_marseille\/"]},{"@type":"Person","@id":"https:\/\/ramina.fr\/#\/schema\/person\/60afb851da2c0c7b9e173324b84144d5","name":"Ramina R\u00e9seau","image":{"@type":"ImageObject","inLanguage":"fr-FR","@id":"https:\/\/ramina.fr\/#\/schema\/person\/image\/","url":"https:\/\/secure.gravatar.com\/avatar\/5985aef3267ffd44adcd4562d2752e99?s=96&d=mm&r=g","contentUrl":"https:\/\/secure.gravatar.com\/avatar\/5985aef3267ffd44adcd4562d2752e99?s=96&d=mm&r=g","caption":"Ramina R\u00e9seau"}}]}},"jetpack_featured_media_url":"","jetpack_sharing_enabled":true,"_links":{"self":[{"href":"https:\/\/ramina.fr\/index.php\/wp-json\/wp\/v2\/posts\/612","targetHints":{"allow":["GET"]}}],"collection":[{"href":"https:\/\/ramina.fr\/index.php\/wp-json\/wp\/v2\/posts"}],"about":[{"href":"https:\/\/ramina.fr\/index.php\/wp-json\/wp\/v2\/types\/post"}],"author":[{"embeddable":true,"href":"https:\/\/ramina.fr\/index.php\/wp-json\/wp\/v2\/users\/3"}],"replies":[{"embeddable":true,"href":"https:\/\/ramina.fr\/index.php\/wp-json\/wp\/v2\/comments?post=612"}],"version-history":[{"count":6,"href":"https:\/\/ramina.fr\/index.php\/wp-json\/wp\/v2\/posts\/612\/revisions"}],"predecessor-version":[{"id":1003,"href":"https:\/\/ramina.fr\/index.php\/wp-json\/wp\/v2\/posts\/612\/revisions\/1003"}],"wp:attachment":[{"href":"https:\/\/ramina.fr\/index.php\/wp-json\/wp\/v2\/media?parent=612"}],"wp:term":[{"taxonomy":"category","embeddable":true,"href":"https:\/\/ramina.fr\/index.php\/wp-json\/wp\/v2\/categories?post=612"},{"taxonomy":"post_tag","embeddable":true,"href":"https:\/\/ramina.fr\/index.php\/wp-json\/wp\/v2\/tags?post=612"}],"curies":[{"name":"wp","href":"https:\/\/api.w.org\/{rel}","templated":true}]}}