{"id":608,"date":"2020-03-10T12:39:36","date_gmt":"2020-03-10T11:39:36","guid":{"rendered":"https:\/\/ramina.fr\/index.php\/2020\/03\/10\/a-lespace-sante-jeunes-imajes-sante\/"},"modified":"2020-04-03T14:14:26","modified_gmt":"2020-04-03T12:14:26","slug":"a-lespace-sante-jeunes-imajes-sante","status":"publish","type":"post","link":"https:\/\/ramina.fr\/index.php\/2020\/03\/10\/a-lespace-sante-jeunes-imajes-sante\/","title":{"rendered":"\u00c0 l&rsquo;espace sant\u00e9 jeunes \u00ab\u00a0Imajes Sant\u00e9\u00a0\u00bb \ud83d\udc31"},"content":{"rendered":"\n<p>Ce mardi le chat ramina est all\u00e9 consulter \u00e0 l&rsquo;espace sant\u00e9 jeunes \u00ab\u00a0Imajes Sant\u00e9\u00a0\u00bb au 35 rue Estelle 13001 Marseille. Rdv jeudi pour connaitre dans quel nouveau lieu marseillais le matou Ramina (R\u00e9seau d\u2019Accueil des MInots Non Accompagn\u00e9s) est parti s\u2019afficher. \u270c\ufe0fPartagez, likez, boul\u00e9guez \u270c\ufe0f<\/p>\n\n\n\n<figure class=\"wp-block-image size-large\"><img fetchpriority=\"high\" decoding=\"async\" width=\"505\" height=\"1024\" src=\"https:\/\/ramina.fr\/wp-content\/uploads\/2020\/03\/IMG-20200304-WA0008-505x1024.jpeg\" alt=\"\" class=\"wp-image-607\" srcset=\"https:\/\/ramina.fr\/wp-content\/uploads\/2020\/03\/IMG-20200304-WA0008-505x1024.jpeg 505w, https:\/\/ramina.fr\/wp-content\/uploads\/2020\/03\/IMG-20200304-WA0008-148x300.jpeg 148w, https:\/\/ramina.fr\/wp-content\/uploads\/2020\/03\/IMG-20200304-WA0008-768x1558.jpeg 768w, https:\/\/ramina.fr\/wp-content\/uploads\/2020\/03\/IMG-20200304-WA0008-757x1536.jpeg 757w, https:\/\/ramina.fr\/wp-content\/uploads\/2020\/03\/IMG-20200304-WA0008-1010x2048.jpeg 1010w, https:\/\/ramina.fr\/wp-content\/uploads\/2020\/03\/IMG-20200304-WA0008-scaled.jpeg 1262w\" sizes=\"(max-width: 505px) 100vw, 505px\" \/><\/figure>\n","protected":false},"excerpt":{"rendered":"<p>Ce mardi le chat ramina est all\u00e9 consulter \u00e0 l&rsquo;espace sant\u00e9 jeunes \u00ab\u00a0Imajes Sant\u00e9\u00a0\u00bb au 35 rue Estelle 13001 Marseille. Rdv jeudi pour connaitre dans quel nouveau lieu marseillais le matou Ramina (R\u00e9seau d\u2019Accueil des MInots Non Accompagn\u00e9s) est parti s\u2019afficher. \u270c\ufe0fPartagez, likez, boul\u00e9guez \u270c\ufe0f<\/p>\n","protected":false},"author":3,"featured_media":0,"comment_status":"open","ping_status":"open","sticky":false,"template":"","format":"standard","meta":{"_jetpack_memberships_contains_paid_content":false,"footnotes":""},"categories":[5],"tags":[],"class_list":["post-608","post","type-post","status-publish","format-standard","hentry","category-raminabalade"],"yoast_head":"<!-- This site is optimized with the Yoast SEO plugin v25.1 - https:\/\/yoast.com\/wordpress\/plugins\/seo\/ -->\n<title>\u00c0 l&#039;espace sant\u00e9 jeunes &quot;Imajes Sant\u00e9&quot; \ud83d\udc31 | RAMINA<\/title>\n<meta name=\"robots\" content=\"noindex, follow\" \/>\n<meta property=\"og:locale\" content=\"fr_FR\" \/>\n<meta property=\"og:type\" content=\"article\" \/>\n<meta property=\"og:title\" content=\"\u00c0 l&#039;espace sant\u00e9 jeunes &quot;Imajes Sant\u00e9&quot; \ud83d\udc31 | RAMINA\" \/>\n<meta property=\"og:description\" content=\"Ce mardi le chat ramina est all\u00e9 consulter \u00e0 l&rsquo;espace sant\u00e9 jeunes \u00ab\u00a0Imajes Sant\u00e9\u00a0\u00bb au 35 rue Estelle 13001 Marseille. Rdv jeudi pour connaitre dans quel nouveau lieu marseillais le matou Ramina (R\u00e9seau d\u2019Accueil des MInots Non Accompagn\u00e9s) est parti s\u2019afficher. \u270c\ufe0fPartagez, likez, boul\u00e9guez \u270c\ufe0f\" \/>\n<meta property=\"og:url\" content=\"https:\/\/ramina.fr\/index.php\/2020\/03\/10\/a-lespace-sante-jeunes-imajes-sante\/\" \/>\n<meta property=\"og:site_name\" content=\"RAMINA\" \/>\n<meta property=\"article:publisher\" content=\"https:\/\/www.facebook.com\/contact.ramina\/\" \/>\n<meta property=\"article:published_time\" content=\"2020-03-10T11:39:36+00:00\" \/>\n<meta property=\"article:modified_time\" content=\"2020-04-03T12:14:26+00:00\" \/>\n<meta property=\"og:image\" content=\"https:\/\/ramina.fr\/wp-content\/uploads\/2020\/03\/IMG-20200304-WA0008-505x1024.jpeg\" \/>\n<meta name=\"author\" content=\"Ramina R\u00e9seau\" \/>\n<meta name=\"twitter:card\" content=\"summary_large_image\" \/>\n<meta name=\"twitter:label1\" content=\"\u00c9crit par\" \/>\n\t<meta name=\"twitter:data1\" content=\"Ramina R\u00e9seau\" \/>\n<script type=\"application\/ld+json\" class=\"yoast-schema-graph\">{\"@context\":\"https:\/\/schema.org\",\"@graph\":[{\"@type\":\"Article\",\"@id\":\"https:\/\/ramina.fr\/index.php\/2020\/03\/10\/a-lespace-sante-jeunes-imajes-sante\/#article\",\"isPartOf\":{\"@id\":\"https:\/\/ramina.fr\/index.php\/2020\/03\/10\/a-lespace-sante-jeunes-imajes-sante\/\"},\"author\":{\"name\":\"Ramina R\u00e9seau\",\"@id\":\"https:\/\/ramina.fr\/#\/schema\/person\/60afb851da2c0c7b9e173324b84144d5\"},\"headline\":\"\u00c0 l&rsquo;espace sant\u00e9 jeunes \u00ab\u00a0Imajes Sant\u00e9\u00a0\u00bb \ud83d\udc31\",\"datePublished\":\"2020-03-10T11:39:36+00:00\",\"dateModified\":\"2020-04-03T12:14:26+00:00\",\"mainEntityOfPage\":{\"@id\":\"https:\/\/ramina.fr\/index.php\/2020\/03\/10\/a-lespace-sante-jeunes-imajes-sante\/\"},\"wordCount\":51,\"commentCount\":0,\"publisher\":{\"@id\":\"https:\/\/ramina.fr\/#organization\"},\"image\":{\"@id\":\"https:\/\/ramina.fr\/index.php\/2020\/03\/10\/a-lespace-sante-jeunes-imajes-sante\/#primaryimage\"},\"thumbnailUrl\":\"https:\/\/ramina.fr\/wp-content\/uploads\/2020\/03\/IMG-20200304-WA0008-505x1024.jpeg\",\"articleSection\":[\"Ramina se Balade\"],\"inLanguage\":\"fr-FR\",\"potentialAction\":[{\"@type\":\"CommentAction\",\"name\":\"Comment\",\"target\":[\"https:\/\/ramina.fr\/index.php\/2020\/03\/10\/a-lespace-sante-jeunes-imajes-sante\/#respond\"]}]},{\"@type\":\"WebPage\",\"@id\":\"https:\/\/ramina.fr\/index.php\/2020\/03\/10\/a-lespace-sante-jeunes-imajes-sante\/\",\"url\":\"https:\/\/ramina.fr\/index.php\/2020\/03\/10\/a-lespace-sante-jeunes-imajes-sante\/\",\"name\":\"\u00c0 l'espace sant\u00e9 jeunes \\\"Imajes Sant\u00e9\\\" \ud83d\udc31 | RAMINA\",\"isPartOf\":{\"@id\":\"https:\/\/ramina.fr\/#website\"},\"primaryImageOfPage\":{\"@id\":\"https:\/\/ramina.fr\/index.php\/2020\/03\/10\/a-lespace-sante-jeunes-imajes-sante\/#primaryimage\"},\"image\":{\"@id\":\"https:\/\/ramina.fr\/index.php\/2020\/03\/10\/a-lespace-sante-jeunes-imajes-sante\/#primaryimage\"},\"thumbnailUrl\":\"https:\/\/ramina.fr\/wp-content\/uploads\/2020\/03\/IMG-20200304-WA0008-505x1024.jpeg\",\"datePublished\":\"2020-03-10T11:39:36+00:00\",\"dateModified\":\"2020-04-03T12:14:26+00:00\",\"breadcrumb\":{\"@id\":\"https:\/\/ramina.fr\/index.php\/2020\/03\/10\/a-lespace-sante-jeunes-imajes-sante\/#breadcrumb\"},\"inLanguage\":\"fr-FR\",\"potentialAction\":[{\"@type\":\"ReadAction\",\"target\":[\"https:\/\/ramina.fr\/index.php\/2020\/03\/10\/a-lespace-sante-jeunes-imajes-sante\/\"]}]},{\"@type\":\"ImageObject\",\"inLanguage\":\"fr-FR\",\"@id\":\"https:\/\/ramina.fr\/index.php\/2020\/03\/10\/a-lespace-sante-jeunes-imajes-sante\/#primaryimage\",\"url\":\"https:\/\/ramina.fr\/wp-content\/uploads\/2020\/03\/IMG-20200304-WA0008-scaled.jpeg\",\"contentUrl\":\"https:\/\/ramina.fr\/wp-content\/uploads\/2020\/03\/IMG-20200304-WA0008-scaled.jpeg\",\"width\":1262,\"height\":2560},{\"@type\":\"BreadcrumbList\",\"@id\":\"https:\/\/ramina.fr\/index.php\/2020\/03\/10\/a-lespace-sante-jeunes-imajes-sante\/#breadcrumb\",\"itemListElement\":[{\"@type\":\"ListItem\",\"position\":1,\"name\":\"Accueil\",\"item\":\"https:\/\/ramina.fr\/\"},{\"@type\":\"ListItem\",\"position\":2,\"name\":\"\u00c0 l&rsquo;espace sant\u00e9 jeunes \u00ab\u00a0Imajes Sant\u00e9\u00a0\u00bb \ud83d\udc31\"}]},{\"@type\":\"WebSite\",\"@id\":\"https:\/\/ramina.fr\/#website\",\"url\":\"https:\/\/ramina.fr\/\",\"name\":\"RAMINA\",\"description\":\"R\u00e9seau d\u2019Accueil des Minot.es Non Accompagn\u00e9s\",\"publisher\":{\"@id\":\"https:\/\/ramina.fr\/#organization\"},\"alternateName\":\"R\u00e9seau d'accueil Solidaire des Minots Non Accompagn\u00e9s\",\"potentialAction\":[{\"@type\":\"SearchAction\",\"target\":{\"@type\":\"EntryPoint\",\"urlTemplate\":\"https:\/\/ramina.fr\/?s={search_term_string}\"},\"query-input\":{\"@type\":\"PropertyValueSpecification\",\"valueRequired\":true,\"valueName\":\"search_term_string\"}}],\"inLanguage\":\"fr-FR\"},{\"@type\":\"Organization\",\"@id\":\"https:\/\/ramina.fr\/#organization\",\"name\":\"RAMINA\",\"alternateName\":\"R\u00e9seau d' Accueil des Minots Non Accompagn\u00e9s\",\"url\":\"https:\/\/ramina.fr\/\",\"logo\":{\"@type\":\"ImageObject\",\"inLanguage\":\"fr-FR\",\"@id\":\"https:\/\/ramina.fr\/#\/schema\/logo\/image\/\",\"url\":\"https:\/\/ramina.fr\/wp-content\/uploads\/2025\/02\/LOGO_RAMINA_NOIR_VERTICAL.png\",\"contentUrl\":\"https:\/\/ramina.fr\/wp-content\/uploads\/2025\/02\/LOGO_RAMINA_NOIR_VERTICAL.png\",\"width\":1654,\"height\":1418,\"caption\":\"RAMINA\"},\"image\":{\"@id\":\"https:\/\/ramina.fr\/#\/schema\/logo\/image\/\"},\"sameAs\":[\"https:\/\/www.facebook.com\/contact.ramina\/\",\"https:\/\/www.instagram.com\/ramina_marseille\/\"]},{\"@type\":\"Person\",\"@id\":\"https:\/\/ramina.fr\/#\/schema\/person\/60afb851da2c0c7b9e173324b84144d5\",\"name\":\"Ramina R\u00e9seau\",\"image\":{\"@type\":\"ImageObject\",\"inLanguage\":\"fr-FR\",\"@id\":\"https:\/\/ramina.fr\/#\/schema\/person\/image\/\",\"url\":\"https:\/\/secure.gravatar.com\/avatar\/5985aef3267ffd44adcd4562d2752e99?s=96&d=mm&r=g\",\"contentUrl\":\"https:\/\/secure.gravatar.com\/avatar\/5985aef3267ffd44adcd4562d2752e99?s=96&d=mm&r=g\",\"caption\":\"Ramina R\u00e9seau\"}}]}<\/script>\n<!-- \/ Yoast SEO plugin. -->","yoast_head_json":{"title":"\u00c0 l'espace sant\u00e9 jeunes \"Imajes Sant\u00e9\" \ud83d\udc31 | RAMINA","robots":{"index":"noindex","follow":"follow"},"og_locale":"fr_FR","og_type":"article","og_title":"\u00c0 l'espace sant\u00e9 jeunes \"Imajes Sant\u00e9\" \ud83d\udc31 | RAMINA","og_description":"Ce mardi le chat ramina est all\u00e9 consulter \u00e0 l&rsquo;espace sant\u00e9 jeunes \u00ab\u00a0Imajes Sant\u00e9\u00a0\u00bb au 35 rue Estelle 13001 Marseille. Rdv jeudi pour connaitre dans quel nouveau lieu marseillais le matou Ramina (R\u00e9seau d\u2019Accueil des MInots Non Accompagn\u00e9s) est parti s\u2019afficher. \u270c\ufe0fPartagez, likez, boul\u00e9guez \u270c\ufe0f","og_url":"https:\/\/ramina.fr\/index.php\/2020\/03\/10\/a-lespace-sante-jeunes-imajes-sante\/","og_site_name":"RAMINA","article_publisher":"https:\/\/www.facebook.com\/contact.ramina\/","article_published_time":"2020-03-10T11:39:36+00:00","article_modified_time":"2020-04-03T12:14:26+00:00","og_image":[{"url":"https:\/\/ramina.fr\/wp-content\/uploads\/2020\/03\/IMG-20200304-WA0008-505x1024.jpeg","type":"","width":"","height":""}],"author":"Ramina R\u00e9seau","twitter_card":"summary_large_image","twitter_misc":{"\u00c9crit par":"Ramina R\u00e9seau"},"schema":{"@context":"https:\/\/schema.org","@graph":[{"@type":"Article","@id":"https:\/\/ramina.fr\/index.php\/2020\/03\/10\/a-lespace-sante-jeunes-imajes-sante\/#article","isPartOf":{"@id":"https:\/\/ramina.fr\/index.php\/2020\/03\/10\/a-lespace-sante-jeunes-imajes-sante\/"},"author":{"name":"Ramina R\u00e9seau","@id":"https:\/\/ramina.fr\/#\/schema\/person\/60afb851da2c0c7b9e173324b84144d5"},"headline":"\u00c0 l&rsquo;espace sant\u00e9 jeunes \u00ab\u00a0Imajes Sant\u00e9\u00a0\u00bb \ud83d\udc31","datePublished":"2020-03-10T11:39:36+00:00","dateModified":"2020-04-03T12:14:26+00:00","mainEntityOfPage":{"@id":"https:\/\/ramina.fr\/index.php\/2020\/03\/10\/a-lespace-sante-jeunes-imajes-sante\/"},"wordCount":51,"commentCount":0,"publisher":{"@id":"https:\/\/ramina.fr\/#organization"},"image":{"@id":"https:\/\/ramina.fr\/index.php\/2020\/03\/10\/a-lespace-sante-jeunes-imajes-sante\/#primaryimage"},"thumbnailUrl":"https:\/\/ramina.fr\/wp-content\/uploads\/2020\/03\/IMG-20200304-WA0008-505x1024.jpeg","articleSection":["Ramina se Balade"],"inLanguage":"fr-FR","potentialAction":[{"@type":"CommentAction","name":"Comment","target":["https:\/\/ramina.fr\/index.php\/2020\/03\/10\/a-lespace-sante-jeunes-imajes-sante\/#respond"]}]},{"@type":"WebPage","@id":"https:\/\/ramina.fr\/index.php\/2020\/03\/10\/a-lespace-sante-jeunes-imajes-sante\/","url":"https:\/\/ramina.fr\/index.php\/2020\/03\/10\/a-lespace-sante-jeunes-imajes-sante\/","name":"\u00c0 l'espace sant\u00e9 jeunes \"Imajes Sant\u00e9\" \ud83d\udc31 | RAMINA","isPartOf":{"@id":"https:\/\/ramina.fr\/#website"},"primaryImageOfPage":{"@id":"https:\/\/ramina.fr\/index.php\/2020\/03\/10\/a-lespace-sante-jeunes-imajes-sante\/#primaryimage"},"image":{"@id":"https:\/\/ramina.fr\/index.php\/2020\/03\/10\/a-lespace-sante-jeunes-imajes-sante\/#primaryimage"},"thumbnailUrl":"https:\/\/ramina.fr\/wp-content\/uploads\/2020\/03\/IMG-20200304-WA0008-505x1024.jpeg","datePublished":"2020-03-10T11:39:36+00:00","dateModified":"2020-04-03T12:14:26+00:00","breadcrumb":{"@id":"https:\/\/ramina.fr\/index.php\/2020\/03\/10\/a-lespace-sante-jeunes-imajes-sante\/#breadcrumb"},"inLanguage":"fr-FR","potentialAction":[{"@type":"ReadAction","target":["https:\/\/ramina.fr\/index.php\/2020\/03\/10\/a-lespace-sante-jeunes-imajes-sante\/"]}]},{"@type":"ImageObject","inLanguage":"fr-FR","@id":"https:\/\/ramina.fr\/index.php\/2020\/03\/10\/a-lespace-sante-jeunes-imajes-sante\/#primaryimage","url":"https:\/\/ramina.fr\/wp-content\/uploads\/2020\/03\/IMG-20200304-WA0008-scaled.jpeg","contentUrl":"https:\/\/ramina.fr\/wp-content\/uploads\/2020\/03\/IMG-20200304-WA0008-scaled.jpeg","width":1262,"height":2560},{"@type":"BreadcrumbList","@id":"https:\/\/ramina.fr\/index.php\/2020\/03\/10\/a-lespace-sante-jeunes-imajes-sante\/#breadcrumb","itemListElement":[{"@type":"ListItem","position":1,"name":"Accueil","item":"https:\/\/ramina.fr\/"},{"@type":"ListItem","position":2,"name":"\u00c0 l&rsquo;espace sant\u00e9 jeunes \u00ab\u00a0Imajes Sant\u00e9\u00a0\u00bb \ud83d\udc31"}]},{"@type":"WebSite","@id":"https:\/\/ramina.fr\/#website","url":"https:\/\/ramina.fr\/","name":"RAMINA","description":"R\u00e9seau d\u2019Accueil des Minot.es Non Accompagn\u00e9s","publisher":{"@id":"https:\/\/ramina.fr\/#organization"},"alternateName":"R\u00e9seau d'accueil Solidaire des Minots Non Accompagn\u00e9s","potentialAction":[{"@type":"SearchAction","target":{"@type":"EntryPoint","urlTemplate":"https:\/\/ramina.fr\/?s={search_term_string}"},"query-input":{"@type":"PropertyValueSpecification","valueRequired":true,"valueName":"search_term_string"}}],"inLanguage":"fr-FR"},{"@type":"Organization","@id":"https:\/\/ramina.fr\/#organization","name":"RAMINA","alternateName":"R\u00e9seau d' Accueil des Minots Non Accompagn\u00e9s","url":"https:\/\/ramina.fr\/","logo":{"@type":"ImageObject","inLanguage":"fr-FR","@id":"https:\/\/ramina.fr\/#\/schema\/logo\/image\/","url":"https:\/\/ramina.fr\/wp-content\/uploads\/2025\/02\/LOGO_RAMINA_NOIR_VERTICAL.png","contentUrl":"https:\/\/ramina.fr\/wp-content\/uploads\/2025\/02\/LOGO_RAMINA_NOIR_VERTICAL.png","width":1654,"height":1418,"caption":"RAMINA"},"image":{"@id":"https:\/\/ramina.fr\/#\/schema\/logo\/image\/"},"sameAs":["https:\/\/www.facebook.com\/contact.ramina\/","https:\/\/www.instagram.com\/ramina_marseille\/"]},{"@type":"Person","@id":"https:\/\/ramina.fr\/#\/schema\/person\/60afb851da2c0c7b9e173324b84144d5","name":"Ramina R\u00e9seau","image":{"@type":"ImageObject","inLanguage":"fr-FR","@id":"https:\/\/ramina.fr\/#\/schema\/person\/image\/","url":"https:\/\/secure.gravatar.com\/avatar\/5985aef3267ffd44adcd4562d2752e99?s=96&d=mm&r=g","contentUrl":"https:\/\/secure.gravatar.com\/avatar\/5985aef3267ffd44adcd4562d2752e99?s=96&d=mm&r=g","caption":"Ramina R\u00e9seau"}}]}},"jetpack_featured_media_url":"","jetpack_sharing_enabled":true,"_links":{"self":[{"href":"https:\/\/ramina.fr\/index.php\/wp-json\/wp\/v2\/posts\/608","targetHints":{"allow":["GET"]}}],"collection":[{"href":"https:\/\/ramina.fr\/index.php\/wp-json\/wp\/v2\/posts"}],"about":[{"href":"https:\/\/ramina.fr\/index.php\/wp-json\/wp\/v2\/types\/post"}],"author":[{"embeddable":true,"href":"https:\/\/ramina.fr\/index.php\/wp-json\/wp\/v2\/users\/3"}],"replies":[{"embeddable":true,"href":"https:\/\/ramina.fr\/index.php\/wp-json\/wp\/v2\/comments?post=608"}],"version-history":[{"count":2,"href":"https:\/\/ramina.fr\/index.php\/wp-json\/wp\/v2\/posts\/608\/revisions"}],"predecessor-version":[{"id":863,"href":"https:\/\/ramina.fr\/index.php\/wp-json\/wp\/v2\/posts\/608\/revisions\/863"}],"wp:attachment":[{"href":"https:\/\/ramina.fr\/index.php\/wp-json\/wp\/v2\/media?parent=608"}],"wp:term":[{"taxonomy":"category","embeddable":true,"href":"https:\/\/ramina.fr\/index.php\/wp-json\/wp\/v2\/categories?post=608"},{"taxonomy":"post_tag","embeddable":true,"href":"https:\/\/ramina.fr\/index.php\/wp-json\/wp\/v2\/tags?post=608"}],"curies":[{"name":"wp","href":"https:\/\/api.w.org\/{rel}","templated":true}]}}