{"id":563,"date":"2020-02-17T11:40:31","date_gmt":"2020-02-17T10:40:31","guid":{"rendered":"http:\/\/ramina.fr\/?p=563"},"modified":"2020-03-27T19:13:54","modified_gmt":"2020-03-27T18:13:54","slug":"bonjour-je-mappelle-doudou-jai-16-ans-et-je-viens-de-gambie","status":"publish","type":"post","link":"https:\/\/ramina.fr\/index.php\/2020\/02\/17\/bonjour-je-mappelle-doudou-jai-16-ans-et-je-viens-de-gambie\/","title":{"rendered":"Bonjour, je m\u2019appelle Doudou, j\u2019ai 16 ans et je viens de Gambie \ud83d\ude00"},"content":{"rendered":"\n<p>Je suis \u00e0 Marseille depuis le mois de juillet. Je veux apprendre bien et vite le fran\u00e7ais parce que on ne l\u2019apprends pas en Gambie. Je connais mieux l\u2019anglais alors je dois travailler encore plus pour bien comprendre le fran\u00e7ais. Je suis enfin \u00e0 l \u00e9cole et j aimerai faire une formation d&rsquo;\u00e9lectricien. Au pays j&rsquo;avais d\u00e9j\u00e0 fais des cours d\u2019\u00e9lectricit\u00e9, j&rsquo;aime bien. Mes passions sont le foot et la musique. \u00c0 Marseille, je suis cool, je suis tranquille. Parfois, je pense \u00e0 la travers\u00e9e en zodiac, je pense souvent \u00e0 \u00e7a. Mon oncle m\u2019a envoy\u00e9 de l\u2019argent pour les passeurs et on est parti \u00e0 100 dessus, il y avait dix femmes enceintes et des b\u00e9b\u00e9s. C\u2019\u00e9tait un s\u00e9n\u00e9galais qui conduisait et un gambien je crois qui \u00e9tait \u00e0 la boussole devant, mais il s est tromp\u00e9 avec la boussole et on a failli retourner en Libye. Des p\u00eacheurs nous ont aid\u00e9 \u00e0 r\u00e9gler la boussole, on a eu tr\u00e8s peur car on ne fait pas confiance aux libyens. Apr\u00e8s j\u2019ai dormi un peu, mais il y avais bcp de cris, j\u2019ai beaucoup pri\u00e9 Dieu. Ensuite on est rentr\u00e9 dans la zone internationale et on a vu pleins de petit bateaux avec un drapeau italien, c&rsquo;\u00e9tait des gens de l&rsquo;Aquarius. On a beaucoup cri\u00e9 et beaucoup chant\u00e9, les femmes enceintes et les vieillards et les b\u00e9b\u00e9s sont mont\u00e9s d\u2019abord avec un gilet de sauvetage et apr\u00e8s moi. Dedans le bateau, il y avait des fran\u00e7ais et des italiens, on a tous chant\u00e9 \u00ab boza boza \u00bb \u00e7a veut dire victoire. Dans la vid\u00e9o que j\u2019ai regard\u00e9 avec mon r\u00e9f\u00e9rent et que je vais vous montrer ils disent boza boza aussi, c\u2019est comme dans la vid\u00e9o moi ce que j\u2019ai fais. \u270c\ufe0f Rdv vendredi pour une nouvelle parole de minot. Likez, partagez, boul\u00e9guez.\u270c\ufe0f<\/p>\n\n\n\n<figure class=\"wp-block-embed-youtube wp-block-embed is-type-video is-provider-youtube wp-embed-aspect-16-9 wp-has-aspect-ratio\"><div class=\"wp-block-embed__wrapper\">\n<iframe title=\"Exclusif : d\u00e9couvrez Boza, notre documentaire sur le sauvetage des migrants en M\u00e9diterran\u00e9e\" width=\"525\" height=\"295\" src=\"https:\/\/www.youtube.com\/embed\/jtpD3Gt4ALo?feature=oembed\" frameborder=\"0\" allow=\"accelerometer; autoplay; clipboard-write; encrypted-media; gyroscope; picture-in-picture; web-share\" referrerpolicy=\"strict-origin-when-cross-origin\" allowfullscreen><\/iframe>\n<\/div><\/figure>\n","protected":false},"excerpt":{"rendered":"<p>Je suis \u00e0 Marseille depuis le mois de juillet. Je veux apprendre bien et vite le fran\u00e7ais parce que on ne l\u2019apprends pas en Gambie. Je connais mieux l\u2019anglais alors je dois travailler encore plus pour bien comprendre le fran\u00e7ais. Je suis enfin \u00e0 l \u00e9cole et j aimerai faire une formation d&rsquo;\u00e9lectricien. Au pays &hellip; <\/p>\n<p class=\"link-more\"><a href=\"https:\/\/ramina.fr\/index.php\/2020\/02\/17\/bonjour-je-mappelle-doudou-jai-16-ans-et-je-viens-de-gambie\/\" class=\"more-link\">Continuer la lecture<span class=\"screen-reader-text\"> de &laquo;&nbsp;Bonjour, je m\u2019appelle Doudou, j\u2019ai 16 ans et je viens de Gambie \ud83d\ude00&nbsp;&raquo;<\/span><\/a><\/p>\n","protected":false},"author":3,"featured_media":0,"comment_status":"open","ping_status":"open","sticky":false,"template":"","format":"standard","meta":{"_jetpack_memberships_contains_paid_content":false,"footnotes":""},"categories":[4],"tags":[],"class_list":["post-563","post","type-post","status-publish","format-standard","hentry","category-paroleminotsaison1"],"yoast_head":"<!-- This site is optimized with the Yoast SEO plugin v25.1 - https:\/\/yoast.com\/wordpress\/plugins\/seo\/ -->\n<title>Bonjour, je m\u2019appelle Doudou, j\u2019ai 16 ans et je viens de Gambie \ud83d\ude00 | RAMINA<\/title>\n<meta name=\"robots\" content=\"noindex, follow\" \/>\n<meta property=\"og:locale\" content=\"fr_FR\" \/>\n<meta property=\"og:type\" content=\"article\" \/>\n<meta property=\"og:title\" content=\"Bonjour, je m\u2019appelle Doudou, j\u2019ai 16 ans et je viens de Gambie \ud83d\ude00 | RAMINA\" \/>\n<meta property=\"og:description\" content=\"Je suis \u00e0 Marseille depuis le mois de juillet. Je veux apprendre bien et vite le fran\u00e7ais parce que on ne l\u2019apprends pas en Gambie. Je connais mieux l\u2019anglais alors je dois travailler encore plus pour bien comprendre le fran\u00e7ais. Je suis enfin \u00e0 l \u00e9cole et j aimerai faire une formation d&rsquo;\u00e9lectricien. Au pays &hellip; Continuer la lecture de &laquo;&nbsp;Bonjour, je m\u2019appelle Doudou, j\u2019ai 16 ans et je viens de Gambie \ud83d\ude00&nbsp;&raquo;\" \/>\n<meta property=\"og:url\" content=\"https:\/\/ramina.fr\/index.php\/2020\/02\/17\/bonjour-je-mappelle-doudou-jai-16-ans-et-je-viens-de-gambie\/\" \/>\n<meta property=\"og:site_name\" content=\"RAMINA\" \/>\n<meta property=\"article:publisher\" content=\"https:\/\/www.facebook.com\/contact.ramina\/\" \/>\n<meta property=\"article:published_time\" content=\"2020-02-17T10:40:31+00:00\" \/>\n<meta property=\"article:modified_time\" content=\"2020-03-27T18:13:54+00:00\" \/>\n<meta property=\"og:image\" content=\"https:\/\/ramina.fr\/wp-content\/uploads\/2025\/02\/ramina-image-mise-avant-wordpress.jpg\" \/>\n\t<meta property=\"og:image:width\" content=\"1200\" \/>\n\t<meta property=\"og:image:height\" content=\"675\" \/>\n\t<meta property=\"og:image:type\" content=\"image\/jpeg\" \/>\n<meta name=\"author\" content=\"Ramina R\u00e9seau\" \/>\n<meta name=\"twitter:card\" content=\"summary_large_image\" \/>\n<meta name=\"twitter:label1\" content=\"\u00c9crit par\" \/>\n\t<meta name=\"twitter:data1\" content=\"Ramina R\u00e9seau\" \/>\n\t<meta name=\"twitter:label2\" content=\"Dur\u00e9e de lecture estim\u00e9e\" \/>\n\t<meta name=\"twitter:data2\" content=\"2 minutes\" \/>\n<script type=\"application\/ld+json\" class=\"yoast-schema-graph\">{\"@context\":\"https:\/\/schema.org\",\"@graph\":[{\"@type\":\"Article\",\"@id\":\"https:\/\/ramina.fr\/index.php\/2020\/02\/17\/bonjour-je-mappelle-doudou-jai-16-ans-et-je-viens-de-gambie\/#article\",\"isPartOf\":{\"@id\":\"https:\/\/ramina.fr\/index.php\/2020\/02\/17\/bonjour-je-mappelle-doudou-jai-16-ans-et-je-viens-de-gambie\/\"},\"author\":{\"name\":\"Ramina R\u00e9seau\",\"@id\":\"https:\/\/ramina.fr\/#\/schema\/person\/60afb851da2c0c7b9e173324b84144d5\"},\"headline\":\"Bonjour, je m\u2019appelle Doudou, j\u2019ai 16 ans et je viens de Gambie \ud83d\ude00\",\"datePublished\":\"2020-02-17T10:40:31+00:00\",\"dateModified\":\"2020-03-27T18:13:54+00:00\",\"mainEntityOfPage\":{\"@id\":\"https:\/\/ramina.fr\/index.php\/2020\/02\/17\/bonjour-je-mappelle-doudou-jai-16-ans-et-je-viens-de-gambie\/\"},\"wordCount\":346,\"commentCount\":0,\"publisher\":{\"@id\":\"https:\/\/ramina.fr\/#organization\"},\"articleSection\":[\"Parole de Minots S1\"],\"inLanguage\":\"fr-FR\",\"potentialAction\":[{\"@type\":\"CommentAction\",\"name\":\"Comment\",\"target\":[\"https:\/\/ramina.fr\/index.php\/2020\/02\/17\/bonjour-je-mappelle-doudou-jai-16-ans-et-je-viens-de-gambie\/#respond\"]}]},{\"@type\":\"WebPage\",\"@id\":\"https:\/\/ramina.fr\/index.php\/2020\/02\/17\/bonjour-je-mappelle-doudou-jai-16-ans-et-je-viens-de-gambie\/\",\"url\":\"https:\/\/ramina.fr\/index.php\/2020\/02\/17\/bonjour-je-mappelle-doudou-jai-16-ans-et-je-viens-de-gambie\/\",\"name\":\"Bonjour, je m\u2019appelle Doudou, j\u2019ai 16 ans et je viens de Gambie \ud83d\ude00 | RAMINA\",\"isPartOf\":{\"@id\":\"https:\/\/ramina.fr\/#website\"},\"datePublished\":\"2020-02-17T10:40:31+00:00\",\"dateModified\":\"2020-03-27T18:13:54+00:00\",\"breadcrumb\":{\"@id\":\"https:\/\/ramina.fr\/index.php\/2020\/02\/17\/bonjour-je-mappelle-doudou-jai-16-ans-et-je-viens-de-gambie\/#breadcrumb\"},\"inLanguage\":\"fr-FR\",\"potentialAction\":[{\"@type\":\"ReadAction\",\"target\":[\"https:\/\/ramina.fr\/index.php\/2020\/02\/17\/bonjour-je-mappelle-doudou-jai-16-ans-et-je-viens-de-gambie\/\"]}]},{\"@type\":\"BreadcrumbList\",\"@id\":\"https:\/\/ramina.fr\/index.php\/2020\/02\/17\/bonjour-je-mappelle-doudou-jai-16-ans-et-je-viens-de-gambie\/#breadcrumb\",\"itemListElement\":[{\"@type\":\"ListItem\",\"position\":1,\"name\":\"Accueil\",\"item\":\"https:\/\/ramina.fr\/\"},{\"@type\":\"ListItem\",\"position\":2,\"name\":\"Bonjour, je m\u2019appelle Doudou, j\u2019ai 16 ans et je viens de Gambie \ud83d\ude00\"}]},{\"@type\":\"WebSite\",\"@id\":\"https:\/\/ramina.fr\/#website\",\"url\":\"https:\/\/ramina.fr\/\",\"name\":\"RAMINA\",\"description\":\"R\u00e9seau d\u2019Accueil des Minot.es Non Accompagn\u00e9s\",\"publisher\":{\"@id\":\"https:\/\/ramina.fr\/#organization\"},\"alternateName\":\"R\u00e9seau d'accueil Solidaire des Minots Non Accompagn\u00e9s\",\"potentialAction\":[{\"@type\":\"SearchAction\",\"target\":{\"@type\":\"EntryPoint\",\"urlTemplate\":\"https:\/\/ramina.fr\/?s={search_term_string}\"},\"query-input\":{\"@type\":\"PropertyValueSpecification\",\"valueRequired\":true,\"valueName\":\"search_term_string\"}}],\"inLanguage\":\"fr-FR\"},{\"@type\":\"Organization\",\"@id\":\"https:\/\/ramina.fr\/#organization\",\"name\":\"RAMINA\",\"alternateName\":\"R\u00e9seau d' Accueil des Minots Non Accompagn\u00e9s\",\"url\":\"https:\/\/ramina.fr\/\",\"logo\":{\"@type\":\"ImageObject\",\"inLanguage\":\"fr-FR\",\"@id\":\"https:\/\/ramina.fr\/#\/schema\/logo\/image\/\",\"url\":\"https:\/\/ramina.fr\/wp-content\/uploads\/2025\/02\/LOGO_RAMINA_NOIR_VERTICAL.png\",\"contentUrl\":\"https:\/\/ramina.fr\/wp-content\/uploads\/2025\/02\/LOGO_RAMINA_NOIR_VERTICAL.png\",\"width\":1654,\"height\":1418,\"caption\":\"RAMINA\"},\"image\":{\"@id\":\"https:\/\/ramina.fr\/#\/schema\/logo\/image\/\"},\"sameAs\":[\"https:\/\/www.facebook.com\/contact.ramina\/\",\"https:\/\/www.instagram.com\/ramina_marseille\/\"]},{\"@type\":\"Person\",\"@id\":\"https:\/\/ramina.fr\/#\/schema\/person\/60afb851da2c0c7b9e173324b84144d5\",\"name\":\"Ramina R\u00e9seau\",\"image\":{\"@type\":\"ImageObject\",\"inLanguage\":\"fr-FR\",\"@id\":\"https:\/\/ramina.fr\/#\/schema\/person\/image\/\",\"url\":\"https:\/\/secure.gravatar.com\/avatar\/5985aef3267ffd44adcd4562d2752e99?s=96&d=mm&r=g\",\"contentUrl\":\"https:\/\/secure.gravatar.com\/avatar\/5985aef3267ffd44adcd4562d2752e99?s=96&d=mm&r=g\",\"caption\":\"Ramina R\u00e9seau\"}}]}<\/script>\n<!-- \/ Yoast SEO plugin. -->","yoast_head_json":{"title":"Bonjour, je m\u2019appelle Doudou, j\u2019ai 16 ans et je viens de Gambie \ud83d\ude00 | RAMINA","robots":{"index":"noindex","follow":"follow"},"og_locale":"fr_FR","og_type":"article","og_title":"Bonjour, je m\u2019appelle Doudou, j\u2019ai 16 ans et je viens de Gambie \ud83d\ude00 | RAMINA","og_description":"Je suis \u00e0 Marseille depuis le mois de juillet. Je veux apprendre bien et vite le fran\u00e7ais parce que on ne l\u2019apprends pas en Gambie. Je connais mieux l\u2019anglais alors je dois travailler encore plus pour bien comprendre le fran\u00e7ais. Je suis enfin \u00e0 l \u00e9cole et j aimerai faire une formation d&rsquo;\u00e9lectricien. Au pays &hellip; Continuer la lecture de &laquo;&nbsp;Bonjour, je m\u2019appelle Doudou, j\u2019ai 16 ans et je viens de Gambie \ud83d\ude00&nbsp;&raquo;","og_url":"https:\/\/ramina.fr\/index.php\/2020\/02\/17\/bonjour-je-mappelle-doudou-jai-16-ans-et-je-viens-de-gambie\/","og_site_name":"RAMINA","article_publisher":"https:\/\/www.facebook.com\/contact.ramina\/","article_published_time":"2020-02-17T10:40:31+00:00","article_modified_time":"2020-03-27T18:13:54+00:00","og_image":[{"width":1200,"height":675,"url":"https:\/\/ramina.fr\/wp-content\/uploads\/2025\/02\/ramina-image-mise-avant-wordpress.jpg","type":"image\/jpeg"}],"author":"Ramina R\u00e9seau","twitter_card":"summary_large_image","twitter_misc":{"\u00c9crit par":"Ramina R\u00e9seau","Dur\u00e9e de lecture estim\u00e9e":"2 minutes"},"schema":{"@context":"https:\/\/schema.org","@graph":[{"@type":"Article","@id":"https:\/\/ramina.fr\/index.php\/2020\/02\/17\/bonjour-je-mappelle-doudou-jai-16-ans-et-je-viens-de-gambie\/#article","isPartOf":{"@id":"https:\/\/ramina.fr\/index.php\/2020\/02\/17\/bonjour-je-mappelle-doudou-jai-16-ans-et-je-viens-de-gambie\/"},"author":{"name":"Ramina R\u00e9seau","@id":"https:\/\/ramina.fr\/#\/schema\/person\/60afb851da2c0c7b9e173324b84144d5"},"headline":"Bonjour, je m\u2019appelle Doudou, j\u2019ai 16 ans et je viens de Gambie \ud83d\ude00","datePublished":"2020-02-17T10:40:31+00:00","dateModified":"2020-03-27T18:13:54+00:00","mainEntityOfPage":{"@id":"https:\/\/ramina.fr\/index.php\/2020\/02\/17\/bonjour-je-mappelle-doudou-jai-16-ans-et-je-viens-de-gambie\/"},"wordCount":346,"commentCount":0,"publisher":{"@id":"https:\/\/ramina.fr\/#organization"},"articleSection":["Parole de Minots S1"],"inLanguage":"fr-FR","potentialAction":[{"@type":"CommentAction","name":"Comment","target":["https:\/\/ramina.fr\/index.php\/2020\/02\/17\/bonjour-je-mappelle-doudou-jai-16-ans-et-je-viens-de-gambie\/#respond"]}]},{"@type":"WebPage","@id":"https:\/\/ramina.fr\/index.php\/2020\/02\/17\/bonjour-je-mappelle-doudou-jai-16-ans-et-je-viens-de-gambie\/","url":"https:\/\/ramina.fr\/index.php\/2020\/02\/17\/bonjour-je-mappelle-doudou-jai-16-ans-et-je-viens-de-gambie\/","name":"Bonjour, je m\u2019appelle Doudou, j\u2019ai 16 ans et je viens de Gambie \ud83d\ude00 | RAMINA","isPartOf":{"@id":"https:\/\/ramina.fr\/#website"},"datePublished":"2020-02-17T10:40:31+00:00","dateModified":"2020-03-27T18:13:54+00:00","breadcrumb":{"@id":"https:\/\/ramina.fr\/index.php\/2020\/02\/17\/bonjour-je-mappelle-doudou-jai-16-ans-et-je-viens-de-gambie\/#breadcrumb"},"inLanguage":"fr-FR","potentialAction":[{"@type":"ReadAction","target":["https:\/\/ramina.fr\/index.php\/2020\/02\/17\/bonjour-je-mappelle-doudou-jai-16-ans-et-je-viens-de-gambie\/"]}]},{"@type":"BreadcrumbList","@id":"https:\/\/ramina.fr\/index.php\/2020\/02\/17\/bonjour-je-mappelle-doudou-jai-16-ans-et-je-viens-de-gambie\/#breadcrumb","itemListElement":[{"@type":"ListItem","position":1,"name":"Accueil","item":"https:\/\/ramina.fr\/"},{"@type":"ListItem","position":2,"name":"Bonjour, je m\u2019appelle Doudou, j\u2019ai 16 ans et je viens de Gambie \ud83d\ude00"}]},{"@type":"WebSite","@id":"https:\/\/ramina.fr\/#website","url":"https:\/\/ramina.fr\/","name":"RAMINA","description":"R\u00e9seau d\u2019Accueil des Minot.es Non Accompagn\u00e9s","publisher":{"@id":"https:\/\/ramina.fr\/#organization"},"alternateName":"R\u00e9seau d'accueil Solidaire des Minots Non Accompagn\u00e9s","potentialAction":[{"@type":"SearchAction","target":{"@type":"EntryPoint","urlTemplate":"https:\/\/ramina.fr\/?s={search_term_string}"},"query-input":{"@type":"PropertyValueSpecification","valueRequired":true,"valueName":"search_term_string"}}],"inLanguage":"fr-FR"},{"@type":"Organization","@id":"https:\/\/ramina.fr\/#organization","name":"RAMINA","alternateName":"R\u00e9seau d' Accueil des Minots Non Accompagn\u00e9s","url":"https:\/\/ramina.fr\/","logo":{"@type":"ImageObject","inLanguage":"fr-FR","@id":"https:\/\/ramina.fr\/#\/schema\/logo\/image\/","url":"https:\/\/ramina.fr\/wp-content\/uploads\/2025\/02\/LOGO_RAMINA_NOIR_VERTICAL.png","contentUrl":"https:\/\/ramina.fr\/wp-content\/uploads\/2025\/02\/LOGO_RAMINA_NOIR_VERTICAL.png","width":1654,"height":1418,"caption":"RAMINA"},"image":{"@id":"https:\/\/ramina.fr\/#\/schema\/logo\/image\/"},"sameAs":["https:\/\/www.facebook.com\/contact.ramina\/","https:\/\/www.instagram.com\/ramina_marseille\/"]},{"@type":"Person","@id":"https:\/\/ramina.fr\/#\/schema\/person\/60afb851da2c0c7b9e173324b84144d5","name":"Ramina R\u00e9seau","image":{"@type":"ImageObject","inLanguage":"fr-FR","@id":"https:\/\/ramina.fr\/#\/schema\/person\/image\/","url":"https:\/\/secure.gravatar.com\/avatar\/5985aef3267ffd44adcd4562d2752e99?s=96&d=mm&r=g","contentUrl":"https:\/\/secure.gravatar.com\/avatar\/5985aef3267ffd44adcd4562d2752e99?s=96&d=mm&r=g","caption":"Ramina R\u00e9seau"}}]}},"jetpack_featured_media_url":"","jetpack_sharing_enabled":true,"_links":{"self":[{"href":"https:\/\/ramina.fr\/index.php\/wp-json\/wp\/v2\/posts\/563","targetHints":{"allow":["GET"]}}],"collection":[{"href":"https:\/\/ramina.fr\/index.php\/wp-json\/wp\/v2\/posts"}],"about":[{"href":"https:\/\/ramina.fr\/index.php\/wp-json\/wp\/v2\/types\/post"}],"author":[{"embeddable":true,"href":"https:\/\/ramina.fr\/index.php\/wp-json\/wp\/v2\/users\/3"}],"replies":[{"embeddable":true,"href":"https:\/\/ramina.fr\/index.php\/wp-json\/wp\/v2\/comments?post=563"}],"version-history":[{"count":4,"href":"https:\/\/ramina.fr\/index.php\/wp-json\/wp\/v2\/posts\/563\/revisions"}],"predecessor-version":[{"id":861,"href":"https:\/\/ramina.fr\/index.php\/wp-json\/wp\/v2\/posts\/563\/revisions\/861"}],"wp:attachment":[{"href":"https:\/\/ramina.fr\/index.php\/wp-json\/wp\/v2\/media?parent=563"}],"wp:term":[{"taxonomy":"category","embeddable":true,"href":"https:\/\/ramina.fr\/index.php\/wp-json\/wp\/v2\/categories?post=563"},{"taxonomy":"post_tag","embeddable":true,"href":"https:\/\/ramina.fr\/index.php\/wp-json\/wp\/v2\/tags?post=563"}],"curies":[{"name":"wp","href":"https:\/\/api.w.org\/{rel}","templated":true}]}}