{"id":517,"date":"2020-01-28T12:17:52","date_gmt":"2020-01-28T11:17:52","guid":{"rendered":"http:\/\/ramina.fr\/index.php\/2020\/01\/28\/au-centre-de-formation-imf-institut-mediterraneen-de-formation-et-recherche-en-travail-social\/"},"modified":"2020-04-03T14:16:18","modified_gmt":"2020-04-03T12:16:18","slug":"au-centre-de-formation-imf-institut-mediterraneen-de-formation-et-recherche-en-travail-social","status":"publish","type":"post","link":"https:\/\/ramina.fr\/index.php\/2020\/01\/28\/au-centre-de-formation-imf-institut-mediterraneen-de-formation-et-recherche-en-travail-social\/","title":{"rendered":"Au centre de formation IMF, Institut M\u00e9diterran\u00e9en de Formation et recherche en travail social \ud83d\udc31"},"content":{"rendered":"\n<p>Ce mardi le chat ramina est all\u00e9 \u00e9tudier au centre IMF, Institut M\u00e9diterran\u00e9en de Formation et recherche en travail social, 13 rue chape 13004 Marseille\u270c\ufe0f Rdv ce jeudi pour connaitre dans quel nouveau lieu marseillais le matou Raminagrobis est parti s&rsquo;afficher. Partagez, likez, boul\u00e9guez \u270c\ufe0f<\/p>\n\n\n\n<figure class=\"wp-block-image size-large\"><img fetchpriority=\"high\" decoding=\"async\" width=\"740\" height=\"987\" src=\"https:\/\/ramina.fr\/wp-content\/uploads\/2020\/01\/IMG_20200128_113445.jpg\" alt=\"\" class=\"wp-image-516\" srcset=\"https:\/\/ramina.fr\/wp-content\/uploads\/2020\/01\/IMG_20200128_113445.jpg 740w, https:\/\/ramina.fr\/wp-content\/uploads\/2020\/01\/IMG_20200128_113445-225x300.jpg 225w\" sizes=\"(max-width: 706px) 89vw, (max-width: 767px) 82vw, 740px\" \/><\/figure>\n","protected":false},"excerpt":{"rendered":"<p>Ce mardi le chat ramina est all\u00e9 \u00e9tudier au centre IMF, Institut M\u00e9diterran\u00e9en de Formation et recherche en travail social, 13 rue chape 13004 Marseille\u270c\ufe0f Rdv ce jeudi pour connaitre dans quel nouveau lieu marseillais le matou Raminagrobis est parti s&rsquo;afficher. Partagez, likez, boul\u00e9guez \u270c\ufe0f<\/p>\n","protected":false},"author":3,"featured_media":0,"comment_status":"open","ping_status":"open","sticky":false,"template":"","format":"standard","meta":{"_jetpack_memberships_contains_paid_content":false,"footnotes":""},"categories":[5],"tags":[],"class_list":["post-517","post","type-post","status-publish","format-standard","hentry","category-raminabalade"],"yoast_head":"<!-- This site is optimized with the Yoast SEO plugin v25.1 - https:\/\/yoast.com\/wordpress\/plugins\/seo\/ -->\n<title>Au centre de formation IMF, Institut M\u00e9diterran\u00e9en de Formation et recherche en travail social \ud83d\udc31 | RAMINA<\/title>\n<meta name=\"robots\" content=\"noindex, follow\" \/>\n<meta property=\"og:locale\" content=\"fr_FR\" \/>\n<meta property=\"og:type\" content=\"article\" \/>\n<meta property=\"og:title\" content=\"Au centre de formation IMF, Institut M\u00e9diterran\u00e9en de Formation et recherche en travail social \ud83d\udc31 | RAMINA\" \/>\n<meta property=\"og:description\" content=\"Ce mardi le chat ramina est all\u00e9 \u00e9tudier au centre IMF, Institut M\u00e9diterran\u00e9en de Formation et recherche en travail social, 13 rue chape 13004 Marseille\u270c\ufe0f Rdv ce jeudi pour connaitre dans quel nouveau lieu marseillais le matou Raminagrobis est parti s&rsquo;afficher. Partagez, likez, boul\u00e9guez \u270c\ufe0f\" \/>\n<meta property=\"og:url\" content=\"https:\/\/ramina.fr\/index.php\/2020\/01\/28\/au-centre-de-formation-imf-institut-mediterraneen-de-formation-et-recherche-en-travail-social\/\" \/>\n<meta property=\"og:site_name\" content=\"RAMINA\" \/>\n<meta property=\"article:publisher\" content=\"https:\/\/www.facebook.com\/contact.ramina\/\" \/>\n<meta property=\"article:published_time\" content=\"2020-01-28T11:17:52+00:00\" \/>\n<meta property=\"article:modified_time\" content=\"2020-04-03T12:16:18+00:00\" \/>\n<meta property=\"og:image\" content=\"http:\/\/ramina.fr\/wp-content\/uploads\/2020\/01\/IMG_20200128_113445.jpg\" \/>\n<meta name=\"author\" content=\"Ramina R\u00e9seau\" \/>\n<meta name=\"twitter:card\" content=\"summary_large_image\" \/>\n<meta name=\"twitter:label1\" content=\"\u00c9crit par\" \/>\n\t<meta name=\"twitter:data1\" content=\"Ramina R\u00e9seau\" \/>\n<script type=\"application\/ld+json\" class=\"yoast-schema-graph\">{\"@context\":\"https:\/\/schema.org\",\"@graph\":[{\"@type\":\"Article\",\"@id\":\"https:\/\/ramina.fr\/index.php\/2020\/01\/28\/au-centre-de-formation-imf-institut-mediterraneen-de-formation-et-recherche-en-travail-social\/#article\",\"isPartOf\":{\"@id\":\"https:\/\/ramina.fr\/index.php\/2020\/01\/28\/au-centre-de-formation-imf-institut-mediterraneen-de-formation-et-recherche-en-travail-social\/\"},\"author\":{\"name\":\"Ramina R\u00e9seau\",\"@id\":\"https:\/\/ramina.fr\/#\/schema\/person\/60afb851da2c0c7b9e173324b84144d5\"},\"headline\":\"Au centre de formation IMF, Institut M\u00e9diterran\u00e9en de Formation et recherche en travail social \ud83d\udc31\",\"datePublished\":\"2020-01-28T11:17:52+00:00\",\"dateModified\":\"2020-04-03T12:16:18+00:00\",\"mainEntityOfPage\":{\"@id\":\"https:\/\/ramina.fr\/index.php\/2020\/01\/28\/au-centre-de-formation-imf-institut-mediterraneen-de-formation-et-recherche-en-travail-social\/\"},\"wordCount\":61,\"commentCount\":0,\"publisher\":{\"@id\":\"https:\/\/ramina.fr\/#organization\"},\"image\":{\"@id\":\"https:\/\/ramina.fr\/index.php\/2020\/01\/28\/au-centre-de-formation-imf-institut-mediterraneen-de-formation-et-recherche-en-travail-social\/#primaryimage\"},\"thumbnailUrl\":\"http:\/\/ramina.fr\/wp-content\/uploads\/2020\/01\/IMG_20200128_113445.jpg\",\"articleSection\":[\"Ramina se Balade\"],\"inLanguage\":\"fr-FR\",\"potentialAction\":[{\"@type\":\"CommentAction\",\"name\":\"Comment\",\"target\":[\"https:\/\/ramina.fr\/index.php\/2020\/01\/28\/au-centre-de-formation-imf-institut-mediterraneen-de-formation-et-recherche-en-travail-social\/#respond\"]}]},{\"@type\":\"WebPage\",\"@id\":\"https:\/\/ramina.fr\/index.php\/2020\/01\/28\/au-centre-de-formation-imf-institut-mediterraneen-de-formation-et-recherche-en-travail-social\/\",\"url\":\"https:\/\/ramina.fr\/index.php\/2020\/01\/28\/au-centre-de-formation-imf-institut-mediterraneen-de-formation-et-recherche-en-travail-social\/\",\"name\":\"Au centre de formation IMF, Institut M\u00e9diterran\u00e9en de Formation et recherche en travail social \ud83d\udc31 | RAMINA\",\"isPartOf\":{\"@id\":\"https:\/\/ramina.fr\/#website\"},\"primaryImageOfPage\":{\"@id\":\"https:\/\/ramina.fr\/index.php\/2020\/01\/28\/au-centre-de-formation-imf-institut-mediterraneen-de-formation-et-recherche-en-travail-social\/#primaryimage\"},\"image\":{\"@id\":\"https:\/\/ramina.fr\/index.php\/2020\/01\/28\/au-centre-de-formation-imf-institut-mediterraneen-de-formation-et-recherche-en-travail-social\/#primaryimage\"},\"thumbnailUrl\":\"http:\/\/ramina.fr\/wp-content\/uploads\/2020\/01\/IMG_20200128_113445.jpg\",\"datePublished\":\"2020-01-28T11:17:52+00:00\",\"dateModified\":\"2020-04-03T12:16:18+00:00\",\"breadcrumb\":{\"@id\":\"https:\/\/ramina.fr\/index.php\/2020\/01\/28\/au-centre-de-formation-imf-institut-mediterraneen-de-formation-et-recherche-en-travail-social\/#breadcrumb\"},\"inLanguage\":\"fr-FR\",\"potentialAction\":[{\"@type\":\"ReadAction\",\"target\":[\"https:\/\/ramina.fr\/index.php\/2020\/01\/28\/au-centre-de-formation-imf-institut-mediterraneen-de-formation-et-recherche-en-travail-social\/\"]}]},{\"@type\":\"ImageObject\",\"inLanguage\":\"fr-FR\",\"@id\":\"https:\/\/ramina.fr\/index.php\/2020\/01\/28\/au-centre-de-formation-imf-institut-mediterraneen-de-formation-et-recherche-en-travail-social\/#primaryimage\",\"url\":\"http:\/\/ramina.fr\/wp-content\/uploads\/2020\/01\/IMG_20200128_113445.jpg\",\"contentUrl\":\"http:\/\/ramina.fr\/wp-content\/uploads\/2020\/01\/IMG_20200128_113445.jpg\"},{\"@type\":\"BreadcrumbList\",\"@id\":\"https:\/\/ramina.fr\/index.php\/2020\/01\/28\/au-centre-de-formation-imf-institut-mediterraneen-de-formation-et-recherche-en-travail-social\/#breadcrumb\",\"itemListElement\":[{\"@type\":\"ListItem\",\"position\":1,\"name\":\"Accueil\",\"item\":\"https:\/\/ramina.fr\/\"},{\"@type\":\"ListItem\",\"position\":2,\"name\":\"Au centre de formation IMF, Institut M\u00e9diterran\u00e9en de Formation et recherche en travail social \ud83d\udc31\"}]},{\"@type\":\"WebSite\",\"@id\":\"https:\/\/ramina.fr\/#website\",\"url\":\"https:\/\/ramina.fr\/\",\"name\":\"RAMINA\",\"description\":\"R\u00e9seau d\u2019Accueil des Minot.es Non Accompagn\u00e9s\",\"publisher\":{\"@id\":\"https:\/\/ramina.fr\/#organization\"},\"alternateName\":\"R\u00e9seau d'accueil Solidaire des Minots Non Accompagn\u00e9s\",\"potentialAction\":[{\"@type\":\"SearchAction\",\"target\":{\"@type\":\"EntryPoint\",\"urlTemplate\":\"https:\/\/ramina.fr\/?s={search_term_string}\"},\"query-input\":{\"@type\":\"PropertyValueSpecification\",\"valueRequired\":true,\"valueName\":\"search_term_string\"}}],\"inLanguage\":\"fr-FR\"},{\"@type\":\"Organization\",\"@id\":\"https:\/\/ramina.fr\/#organization\",\"name\":\"RAMINA\",\"alternateName\":\"R\u00e9seau d' Accueil des Minots Non Accompagn\u00e9s\",\"url\":\"https:\/\/ramina.fr\/\",\"logo\":{\"@type\":\"ImageObject\",\"inLanguage\":\"fr-FR\",\"@id\":\"https:\/\/ramina.fr\/#\/schema\/logo\/image\/\",\"url\":\"https:\/\/ramina.fr\/wp-content\/uploads\/2025\/02\/LOGO_RAMINA_NOIR_VERTICAL.png\",\"contentUrl\":\"https:\/\/ramina.fr\/wp-content\/uploads\/2025\/02\/LOGO_RAMINA_NOIR_VERTICAL.png\",\"width\":1654,\"height\":1418,\"caption\":\"RAMINA\"},\"image\":{\"@id\":\"https:\/\/ramina.fr\/#\/schema\/logo\/image\/\"},\"sameAs\":[\"https:\/\/www.facebook.com\/contact.ramina\/\",\"https:\/\/www.instagram.com\/ramina_marseille\/\"]},{\"@type\":\"Person\",\"@id\":\"https:\/\/ramina.fr\/#\/schema\/person\/60afb851da2c0c7b9e173324b84144d5\",\"name\":\"Ramina R\u00e9seau\",\"image\":{\"@type\":\"ImageObject\",\"inLanguage\":\"fr-FR\",\"@id\":\"https:\/\/ramina.fr\/#\/schema\/person\/image\/\",\"url\":\"https:\/\/secure.gravatar.com\/avatar\/5985aef3267ffd44adcd4562d2752e99?s=96&d=mm&r=g\",\"contentUrl\":\"https:\/\/secure.gravatar.com\/avatar\/5985aef3267ffd44adcd4562d2752e99?s=96&d=mm&r=g\",\"caption\":\"Ramina R\u00e9seau\"}}]}<\/script>\n<!-- \/ Yoast SEO plugin. -->","yoast_head_json":{"title":"Au centre de formation IMF, Institut M\u00e9diterran\u00e9en de Formation et recherche en travail social \ud83d\udc31 | RAMINA","robots":{"index":"noindex","follow":"follow"},"og_locale":"fr_FR","og_type":"article","og_title":"Au centre de formation IMF, Institut M\u00e9diterran\u00e9en de Formation et recherche en travail social \ud83d\udc31 | RAMINA","og_description":"Ce mardi le chat ramina est all\u00e9 \u00e9tudier au centre IMF, Institut M\u00e9diterran\u00e9en de Formation et recherche en travail social, 13 rue chape 13004 Marseille\u270c\ufe0f Rdv ce jeudi pour connaitre dans quel nouveau lieu marseillais le matou Raminagrobis est parti s&rsquo;afficher. Partagez, likez, boul\u00e9guez \u270c\ufe0f","og_url":"https:\/\/ramina.fr\/index.php\/2020\/01\/28\/au-centre-de-formation-imf-institut-mediterraneen-de-formation-et-recherche-en-travail-social\/","og_site_name":"RAMINA","article_publisher":"https:\/\/www.facebook.com\/contact.ramina\/","article_published_time":"2020-01-28T11:17:52+00:00","article_modified_time":"2020-04-03T12:16:18+00:00","og_image":[{"url":"http:\/\/ramina.fr\/wp-content\/uploads\/2020\/01\/IMG_20200128_113445.jpg","type":"","width":"","height":""}],"author":"Ramina R\u00e9seau","twitter_card":"summary_large_image","twitter_misc":{"\u00c9crit par":"Ramina R\u00e9seau"},"schema":{"@context":"https:\/\/schema.org","@graph":[{"@type":"Article","@id":"https:\/\/ramina.fr\/index.php\/2020\/01\/28\/au-centre-de-formation-imf-institut-mediterraneen-de-formation-et-recherche-en-travail-social\/#article","isPartOf":{"@id":"https:\/\/ramina.fr\/index.php\/2020\/01\/28\/au-centre-de-formation-imf-institut-mediterraneen-de-formation-et-recherche-en-travail-social\/"},"author":{"name":"Ramina R\u00e9seau","@id":"https:\/\/ramina.fr\/#\/schema\/person\/60afb851da2c0c7b9e173324b84144d5"},"headline":"Au centre de formation IMF, Institut M\u00e9diterran\u00e9en de Formation et recherche en travail social \ud83d\udc31","datePublished":"2020-01-28T11:17:52+00:00","dateModified":"2020-04-03T12:16:18+00:00","mainEntityOfPage":{"@id":"https:\/\/ramina.fr\/index.php\/2020\/01\/28\/au-centre-de-formation-imf-institut-mediterraneen-de-formation-et-recherche-en-travail-social\/"},"wordCount":61,"commentCount":0,"publisher":{"@id":"https:\/\/ramina.fr\/#organization"},"image":{"@id":"https:\/\/ramina.fr\/index.php\/2020\/01\/28\/au-centre-de-formation-imf-institut-mediterraneen-de-formation-et-recherche-en-travail-social\/#primaryimage"},"thumbnailUrl":"http:\/\/ramina.fr\/wp-content\/uploads\/2020\/01\/IMG_20200128_113445.jpg","articleSection":["Ramina se Balade"],"inLanguage":"fr-FR","potentialAction":[{"@type":"CommentAction","name":"Comment","target":["https:\/\/ramina.fr\/index.php\/2020\/01\/28\/au-centre-de-formation-imf-institut-mediterraneen-de-formation-et-recherche-en-travail-social\/#respond"]}]},{"@type":"WebPage","@id":"https:\/\/ramina.fr\/index.php\/2020\/01\/28\/au-centre-de-formation-imf-institut-mediterraneen-de-formation-et-recherche-en-travail-social\/","url":"https:\/\/ramina.fr\/index.php\/2020\/01\/28\/au-centre-de-formation-imf-institut-mediterraneen-de-formation-et-recherche-en-travail-social\/","name":"Au centre de formation IMF, Institut M\u00e9diterran\u00e9en de Formation et recherche en travail social \ud83d\udc31 | RAMINA","isPartOf":{"@id":"https:\/\/ramina.fr\/#website"},"primaryImageOfPage":{"@id":"https:\/\/ramina.fr\/index.php\/2020\/01\/28\/au-centre-de-formation-imf-institut-mediterraneen-de-formation-et-recherche-en-travail-social\/#primaryimage"},"image":{"@id":"https:\/\/ramina.fr\/index.php\/2020\/01\/28\/au-centre-de-formation-imf-institut-mediterraneen-de-formation-et-recherche-en-travail-social\/#primaryimage"},"thumbnailUrl":"http:\/\/ramina.fr\/wp-content\/uploads\/2020\/01\/IMG_20200128_113445.jpg","datePublished":"2020-01-28T11:17:52+00:00","dateModified":"2020-04-03T12:16:18+00:00","breadcrumb":{"@id":"https:\/\/ramina.fr\/index.php\/2020\/01\/28\/au-centre-de-formation-imf-institut-mediterraneen-de-formation-et-recherche-en-travail-social\/#breadcrumb"},"inLanguage":"fr-FR","potentialAction":[{"@type":"ReadAction","target":["https:\/\/ramina.fr\/index.php\/2020\/01\/28\/au-centre-de-formation-imf-institut-mediterraneen-de-formation-et-recherche-en-travail-social\/"]}]},{"@type":"ImageObject","inLanguage":"fr-FR","@id":"https:\/\/ramina.fr\/index.php\/2020\/01\/28\/au-centre-de-formation-imf-institut-mediterraneen-de-formation-et-recherche-en-travail-social\/#primaryimage","url":"http:\/\/ramina.fr\/wp-content\/uploads\/2020\/01\/IMG_20200128_113445.jpg","contentUrl":"http:\/\/ramina.fr\/wp-content\/uploads\/2020\/01\/IMG_20200128_113445.jpg"},{"@type":"BreadcrumbList","@id":"https:\/\/ramina.fr\/index.php\/2020\/01\/28\/au-centre-de-formation-imf-institut-mediterraneen-de-formation-et-recherche-en-travail-social\/#breadcrumb","itemListElement":[{"@type":"ListItem","position":1,"name":"Accueil","item":"https:\/\/ramina.fr\/"},{"@type":"ListItem","position":2,"name":"Au centre de formation IMF, Institut M\u00e9diterran\u00e9en de Formation et recherche en travail social \ud83d\udc31"}]},{"@type":"WebSite","@id":"https:\/\/ramina.fr\/#website","url":"https:\/\/ramina.fr\/","name":"RAMINA","description":"R\u00e9seau d\u2019Accueil des Minot.es Non Accompagn\u00e9s","publisher":{"@id":"https:\/\/ramina.fr\/#organization"},"alternateName":"R\u00e9seau d'accueil Solidaire des Minots Non Accompagn\u00e9s","potentialAction":[{"@type":"SearchAction","target":{"@type":"EntryPoint","urlTemplate":"https:\/\/ramina.fr\/?s={search_term_string}"},"query-input":{"@type":"PropertyValueSpecification","valueRequired":true,"valueName":"search_term_string"}}],"inLanguage":"fr-FR"},{"@type":"Organization","@id":"https:\/\/ramina.fr\/#organization","name":"RAMINA","alternateName":"R\u00e9seau d' Accueil des Minots Non Accompagn\u00e9s","url":"https:\/\/ramina.fr\/","logo":{"@type":"ImageObject","inLanguage":"fr-FR","@id":"https:\/\/ramina.fr\/#\/schema\/logo\/image\/","url":"https:\/\/ramina.fr\/wp-content\/uploads\/2025\/02\/LOGO_RAMINA_NOIR_VERTICAL.png","contentUrl":"https:\/\/ramina.fr\/wp-content\/uploads\/2025\/02\/LOGO_RAMINA_NOIR_VERTICAL.png","width":1654,"height":1418,"caption":"RAMINA"},"image":{"@id":"https:\/\/ramina.fr\/#\/schema\/logo\/image\/"},"sameAs":["https:\/\/www.facebook.com\/contact.ramina\/","https:\/\/www.instagram.com\/ramina_marseille\/"]},{"@type":"Person","@id":"https:\/\/ramina.fr\/#\/schema\/person\/60afb851da2c0c7b9e173324b84144d5","name":"Ramina R\u00e9seau","image":{"@type":"ImageObject","inLanguage":"fr-FR","@id":"https:\/\/ramina.fr\/#\/schema\/person\/image\/","url":"https:\/\/secure.gravatar.com\/avatar\/5985aef3267ffd44adcd4562d2752e99?s=96&d=mm&r=g","contentUrl":"https:\/\/secure.gravatar.com\/avatar\/5985aef3267ffd44adcd4562d2752e99?s=96&d=mm&r=g","caption":"Ramina R\u00e9seau"}}]}},"jetpack_featured_media_url":"","jetpack_sharing_enabled":true,"_links":{"self":[{"href":"https:\/\/ramina.fr\/index.php\/wp-json\/wp\/v2\/posts\/517","targetHints":{"allow":["GET"]}}],"collection":[{"href":"https:\/\/ramina.fr\/index.php\/wp-json\/wp\/v2\/posts"}],"about":[{"href":"https:\/\/ramina.fr\/index.php\/wp-json\/wp\/v2\/types\/post"}],"author":[{"embeddable":true,"href":"https:\/\/ramina.fr\/index.php\/wp-json\/wp\/v2\/users\/3"}],"replies":[{"embeddable":true,"href":"https:\/\/ramina.fr\/index.php\/wp-json\/wp\/v2\/comments?post=517"}],"version-history":[{"count":3,"href":"https:\/\/ramina.fr\/index.php\/wp-json\/wp\/v2\/posts\/517\/revisions"}],"predecessor-version":[{"id":875,"href":"https:\/\/ramina.fr\/index.php\/wp-json\/wp\/v2\/posts\/517\/revisions\/875"}],"wp:attachment":[{"href":"https:\/\/ramina.fr\/index.php\/wp-json\/wp\/v2\/media?parent=517"}],"wp:term":[{"taxonomy":"category","embeddable":true,"href":"https:\/\/ramina.fr\/index.php\/wp-json\/wp\/v2\/categories?post=517"},{"taxonomy":"post_tag","embeddable":true,"href":"https:\/\/ramina.fr\/index.php\/wp-json\/wp\/v2\/tags?post=517"}],"curies":[{"name":"wp","href":"https:\/\/api.w.org\/{rel}","templated":true}]}}