{"id":433,"date":"2019-12-20T13:19:00","date_gmt":"2019-12-20T12:19:00","guid":{"rendered":"http:\/\/ramina.fr\/?p=433"},"modified":"2020-03-28T12:17:13","modified_gmt":"2020-03-28T11:17:13","slug":"bonjour-je-mappelle-kankou-moussa-en-tous-cas-je-voudrais-devenir-comme-lui","status":"publish","type":"post","link":"https:\/\/ramina.fr\/index.php\/2019\/12\/20\/bonjour-je-mappelle-kankou-moussa-en-tous-cas-je-voudrais-devenir-comme-lui\/","title":{"rendered":"Bonjour, je m\u2019appelle Kankou MOUSSA, en tous cas, je voudrais devenir comme lui \ud83d\ude00"},"content":{"rendered":"\n<p>J\u2019ai 16 ans et je suis malien. \u00c7a fait 2 mois que je suis \u00e0  Marseille et actuellement je suis \u00e0 l\u2019h\u00f4tel. Je vais aussi \u00e0 l\u2019\u00e9cole \u00e0  Katilla, je fais des cours du soir l\u00e0 bas. Plus tard, si je finis mes  \u00e9tudes, j\u2019aimerais travailler \u00e0 Marseille. D\u2019abord, je voudrais aller \u00e0  l\u2019\u00e9cole, ensuite faire une formation de m\u00e9canique voiture. Pour venir,  je suis all\u00e9 en Alg\u00e9rie, en Libye, puis  j\u2019ai travers\u00e9 la mer. Je suis rest\u00e9 en Italie un mois et je suis venu de  suite \u00e0 Marseille. Depuis tout petit, j\u2019entends parler de la France.  J\u2019ai fais 6 ans d\u2019\u00e9cole et chez nous, les livres, l\u2019\u00e9criture, tout est  en fran\u00e7ais alors que ce n\u2019est pas notre langue. Depuis que je suis  arriv\u00e9, je trouve que j\u2019aime la France. Je ne pourrai pas vous dire plus  car quand tu aimes un pays, tu aimes et j\u2019aime la France. Pour finir,  je voudrais vous partager une vid\u00e9o en bambara, qui parle de la vie et  de l\u2019histoire de Kanko MOUSSA. Depuis que je suis tout petit, on m\u2019a  racont\u00e9 souvent sa l\u00e9gende. \u270c\ufe0f Rdv lundi  pour une nouvelle parole de minot. Partagez, lisez, boul\u00e9guez. \u270c\ufe0f <\/p>\n\n\n\n<figure class=\"wp-block-embed-youtube wp-block-embed is-type-video is-provider-youtube wp-embed-aspect-16-9 wp-has-aspect-ratio\"><div class=\"wp-block-embed__wrapper\">\n<iframe title=\"Kankou Moussa Histoire et faits\" width=\"525\" height=\"295\" src=\"https:\/\/www.youtube.com\/embed\/ccAtXD7xHNA?feature=oembed\" frameborder=\"0\" allow=\"accelerometer; autoplay; clipboard-write; encrypted-media; gyroscope; picture-in-picture; web-share\" referrerpolicy=\"strict-origin-when-cross-origin\" allowfullscreen><\/iframe>\n<\/div><\/figure>\n","protected":false},"excerpt":{"rendered":"<p>J\u2019ai 16 ans et je suis malien. \u00c7a fait 2 mois que je suis \u00e0 Marseille et actuellement je suis \u00e0 l\u2019h\u00f4tel. Je vais aussi \u00e0 l\u2019\u00e9cole \u00e0 Katilla, je fais des cours du soir l\u00e0 bas. Plus tard, si je finis mes \u00e9tudes, j\u2019aimerais travailler \u00e0 Marseille. D\u2019abord, je voudrais aller \u00e0 l\u2019\u00e9cole, ensuite &hellip; <\/p>\n<p class=\"link-more\"><a href=\"https:\/\/ramina.fr\/index.php\/2019\/12\/20\/bonjour-je-mappelle-kankou-moussa-en-tous-cas-je-voudrais-devenir-comme-lui\/\" class=\"more-link\">Continuer la lecture<span class=\"screen-reader-text\"> de &laquo;&nbsp;Bonjour, je m\u2019appelle Kankou MOUSSA, en tous cas, je voudrais devenir comme lui \ud83d\ude00&nbsp;&raquo;<\/span><\/a><\/p>\n","protected":false},"author":3,"featured_media":0,"comment_status":"open","ping_status":"open","sticky":false,"template":"","format":"standard","meta":{"_jetpack_memberships_contains_paid_content":false,"footnotes":""},"categories":[4],"tags":[],"class_list":["post-433","post","type-post","status-publish","format-standard","hentry","category-paroleminotsaison1"],"yoast_head":"<!-- This site is optimized with the Yoast SEO plugin v25.1 - https:\/\/yoast.com\/wordpress\/plugins\/seo\/ -->\n<title>Bonjour, je m\u2019appelle Kankou MOUSSA, en tous cas, je voudrais devenir comme lui \ud83d\ude00 | RAMINA<\/title>\n<meta name=\"robots\" content=\"noindex, follow\" \/>\n<meta property=\"og:locale\" content=\"fr_FR\" \/>\n<meta property=\"og:type\" content=\"article\" \/>\n<meta property=\"og:title\" content=\"Bonjour, je m\u2019appelle Kankou MOUSSA, en tous cas, je voudrais devenir comme lui \ud83d\ude00 | RAMINA\" \/>\n<meta property=\"og:description\" content=\"J\u2019ai 16 ans et je suis malien. \u00c7a fait 2 mois que je suis \u00e0 Marseille et actuellement je suis \u00e0 l\u2019h\u00f4tel. Je vais aussi \u00e0 l\u2019\u00e9cole \u00e0 Katilla, je fais des cours du soir l\u00e0 bas. Plus tard, si je finis mes \u00e9tudes, j\u2019aimerais travailler \u00e0 Marseille. D\u2019abord, je voudrais aller \u00e0 l\u2019\u00e9cole, ensuite &hellip; Continuer la lecture de &laquo;&nbsp;Bonjour, je m\u2019appelle Kankou MOUSSA, en tous cas, je voudrais devenir comme lui \ud83d\ude00&nbsp;&raquo;\" \/>\n<meta property=\"og:url\" content=\"https:\/\/ramina.fr\/index.php\/2019\/12\/20\/bonjour-je-mappelle-kankou-moussa-en-tous-cas-je-voudrais-devenir-comme-lui\/\" \/>\n<meta property=\"og:site_name\" content=\"RAMINA\" \/>\n<meta property=\"article:publisher\" content=\"https:\/\/www.facebook.com\/contact.ramina\/\" \/>\n<meta property=\"article:published_time\" content=\"2019-12-20T12:19:00+00:00\" \/>\n<meta property=\"article:modified_time\" content=\"2020-03-28T11:17:13+00:00\" \/>\n<meta property=\"og:image\" content=\"https:\/\/ramina.fr\/wp-content\/uploads\/2025\/02\/ramina-image-mise-avant-wordpress.jpg\" \/>\n\t<meta property=\"og:image:width\" content=\"1200\" \/>\n\t<meta property=\"og:image:height\" content=\"675\" \/>\n\t<meta property=\"og:image:type\" content=\"image\/jpeg\" \/>\n<meta name=\"author\" content=\"Ramina R\u00e9seau\" \/>\n<meta name=\"twitter:card\" content=\"summary_large_image\" \/>\n<meta name=\"twitter:label1\" content=\"\u00c9crit par\" \/>\n\t<meta name=\"twitter:data1\" content=\"Ramina R\u00e9seau\" \/>\n\t<meta name=\"twitter:label2\" content=\"Dur\u00e9e de lecture estim\u00e9e\" \/>\n\t<meta name=\"twitter:data2\" content=\"1 minute\" \/>\n<script type=\"application\/ld+json\" class=\"yoast-schema-graph\">{\"@context\":\"https:\/\/schema.org\",\"@graph\":[{\"@type\":\"Article\",\"@id\":\"https:\/\/ramina.fr\/index.php\/2019\/12\/20\/bonjour-je-mappelle-kankou-moussa-en-tous-cas-je-voudrais-devenir-comme-lui\/#article\",\"isPartOf\":{\"@id\":\"https:\/\/ramina.fr\/index.php\/2019\/12\/20\/bonjour-je-mappelle-kankou-moussa-en-tous-cas-je-voudrais-devenir-comme-lui\/\"},\"author\":{\"name\":\"Ramina R\u00e9seau\",\"@id\":\"https:\/\/ramina.fr\/#\/schema\/person\/60afb851da2c0c7b9e173324b84144d5\"},\"headline\":\"Bonjour, je m\u2019appelle Kankou MOUSSA, en tous cas, je voudrais devenir comme lui \ud83d\ude00\",\"datePublished\":\"2019-12-20T12:19:00+00:00\",\"dateModified\":\"2020-03-28T11:17:13+00:00\",\"mainEntityOfPage\":{\"@id\":\"https:\/\/ramina.fr\/index.php\/2019\/12\/20\/bonjour-je-mappelle-kankou-moussa-en-tous-cas-je-voudrais-devenir-comme-lui\/\"},\"wordCount\":229,\"commentCount\":0,\"publisher\":{\"@id\":\"https:\/\/ramina.fr\/#organization\"},\"articleSection\":[\"Parole de Minots S1\"],\"inLanguage\":\"fr-FR\",\"potentialAction\":[{\"@type\":\"CommentAction\",\"name\":\"Comment\",\"target\":[\"https:\/\/ramina.fr\/index.php\/2019\/12\/20\/bonjour-je-mappelle-kankou-moussa-en-tous-cas-je-voudrais-devenir-comme-lui\/#respond\"]}]},{\"@type\":\"WebPage\",\"@id\":\"https:\/\/ramina.fr\/index.php\/2019\/12\/20\/bonjour-je-mappelle-kankou-moussa-en-tous-cas-je-voudrais-devenir-comme-lui\/\",\"url\":\"https:\/\/ramina.fr\/index.php\/2019\/12\/20\/bonjour-je-mappelle-kankou-moussa-en-tous-cas-je-voudrais-devenir-comme-lui\/\",\"name\":\"Bonjour, je m\u2019appelle Kankou MOUSSA, en tous cas, je voudrais devenir comme lui \ud83d\ude00 | RAMINA\",\"isPartOf\":{\"@id\":\"https:\/\/ramina.fr\/#website\"},\"datePublished\":\"2019-12-20T12:19:00+00:00\",\"dateModified\":\"2020-03-28T11:17:13+00:00\",\"breadcrumb\":{\"@id\":\"https:\/\/ramina.fr\/index.php\/2019\/12\/20\/bonjour-je-mappelle-kankou-moussa-en-tous-cas-je-voudrais-devenir-comme-lui\/#breadcrumb\"},\"inLanguage\":\"fr-FR\",\"potentialAction\":[{\"@type\":\"ReadAction\",\"target\":[\"https:\/\/ramina.fr\/index.php\/2019\/12\/20\/bonjour-je-mappelle-kankou-moussa-en-tous-cas-je-voudrais-devenir-comme-lui\/\"]}]},{\"@type\":\"BreadcrumbList\",\"@id\":\"https:\/\/ramina.fr\/index.php\/2019\/12\/20\/bonjour-je-mappelle-kankou-moussa-en-tous-cas-je-voudrais-devenir-comme-lui\/#breadcrumb\",\"itemListElement\":[{\"@type\":\"ListItem\",\"position\":1,\"name\":\"Accueil\",\"item\":\"https:\/\/ramina.fr\/\"},{\"@type\":\"ListItem\",\"position\":2,\"name\":\"Bonjour, je m\u2019appelle Kankou MOUSSA, en tous cas, je voudrais devenir comme lui \ud83d\ude00\"}]},{\"@type\":\"WebSite\",\"@id\":\"https:\/\/ramina.fr\/#website\",\"url\":\"https:\/\/ramina.fr\/\",\"name\":\"RAMINA\",\"description\":\"R\u00e9seau d\u2019Accueil des Minot.es Non Accompagn\u00e9s\",\"publisher\":{\"@id\":\"https:\/\/ramina.fr\/#organization\"},\"alternateName\":\"R\u00e9seau d'accueil Solidaire des Minots Non Accompagn\u00e9s\",\"potentialAction\":[{\"@type\":\"SearchAction\",\"target\":{\"@type\":\"EntryPoint\",\"urlTemplate\":\"https:\/\/ramina.fr\/?s={search_term_string}\"},\"query-input\":{\"@type\":\"PropertyValueSpecification\",\"valueRequired\":true,\"valueName\":\"search_term_string\"}}],\"inLanguage\":\"fr-FR\"},{\"@type\":\"Organization\",\"@id\":\"https:\/\/ramina.fr\/#organization\",\"name\":\"RAMINA\",\"alternateName\":\"R\u00e9seau d' Accueil des Minots Non Accompagn\u00e9s\",\"url\":\"https:\/\/ramina.fr\/\",\"logo\":{\"@type\":\"ImageObject\",\"inLanguage\":\"fr-FR\",\"@id\":\"https:\/\/ramina.fr\/#\/schema\/logo\/image\/\",\"url\":\"https:\/\/ramina.fr\/wp-content\/uploads\/2025\/02\/LOGO_RAMINA_NOIR_VERTICAL.png\",\"contentUrl\":\"https:\/\/ramina.fr\/wp-content\/uploads\/2025\/02\/LOGO_RAMINA_NOIR_VERTICAL.png\",\"width\":1654,\"height\":1418,\"caption\":\"RAMINA\"},\"image\":{\"@id\":\"https:\/\/ramina.fr\/#\/schema\/logo\/image\/\"},\"sameAs\":[\"https:\/\/www.facebook.com\/contact.ramina\/\",\"https:\/\/www.instagram.com\/ramina_marseille\/\"]},{\"@type\":\"Person\",\"@id\":\"https:\/\/ramina.fr\/#\/schema\/person\/60afb851da2c0c7b9e173324b84144d5\",\"name\":\"Ramina R\u00e9seau\",\"image\":{\"@type\":\"ImageObject\",\"inLanguage\":\"fr-FR\",\"@id\":\"https:\/\/ramina.fr\/#\/schema\/person\/image\/\",\"url\":\"https:\/\/secure.gravatar.com\/avatar\/5985aef3267ffd44adcd4562d2752e99?s=96&d=mm&r=g\",\"contentUrl\":\"https:\/\/secure.gravatar.com\/avatar\/5985aef3267ffd44adcd4562d2752e99?s=96&d=mm&r=g\",\"caption\":\"Ramina R\u00e9seau\"}}]}<\/script>\n<!-- \/ Yoast SEO plugin. -->","yoast_head_json":{"title":"Bonjour, je m\u2019appelle Kankou MOUSSA, en tous cas, je voudrais devenir comme lui \ud83d\ude00 | RAMINA","robots":{"index":"noindex","follow":"follow"},"og_locale":"fr_FR","og_type":"article","og_title":"Bonjour, je m\u2019appelle Kankou MOUSSA, en tous cas, je voudrais devenir comme lui \ud83d\ude00 | RAMINA","og_description":"J\u2019ai 16 ans et je suis malien. \u00c7a fait 2 mois que je suis \u00e0 Marseille et actuellement je suis \u00e0 l\u2019h\u00f4tel. Je vais aussi \u00e0 l\u2019\u00e9cole \u00e0 Katilla, je fais des cours du soir l\u00e0 bas. Plus tard, si je finis mes \u00e9tudes, j\u2019aimerais travailler \u00e0 Marseille. D\u2019abord, je voudrais aller \u00e0 l\u2019\u00e9cole, ensuite &hellip; Continuer la lecture de &laquo;&nbsp;Bonjour, je m\u2019appelle Kankou MOUSSA, en tous cas, je voudrais devenir comme lui \ud83d\ude00&nbsp;&raquo;","og_url":"https:\/\/ramina.fr\/index.php\/2019\/12\/20\/bonjour-je-mappelle-kankou-moussa-en-tous-cas-je-voudrais-devenir-comme-lui\/","og_site_name":"RAMINA","article_publisher":"https:\/\/www.facebook.com\/contact.ramina\/","article_published_time":"2019-12-20T12:19:00+00:00","article_modified_time":"2020-03-28T11:17:13+00:00","og_image":[{"width":1200,"height":675,"url":"https:\/\/ramina.fr\/wp-content\/uploads\/2025\/02\/ramina-image-mise-avant-wordpress.jpg","type":"image\/jpeg"}],"author":"Ramina R\u00e9seau","twitter_card":"summary_large_image","twitter_misc":{"\u00c9crit par":"Ramina R\u00e9seau","Dur\u00e9e de lecture estim\u00e9e":"1 minute"},"schema":{"@context":"https:\/\/schema.org","@graph":[{"@type":"Article","@id":"https:\/\/ramina.fr\/index.php\/2019\/12\/20\/bonjour-je-mappelle-kankou-moussa-en-tous-cas-je-voudrais-devenir-comme-lui\/#article","isPartOf":{"@id":"https:\/\/ramina.fr\/index.php\/2019\/12\/20\/bonjour-je-mappelle-kankou-moussa-en-tous-cas-je-voudrais-devenir-comme-lui\/"},"author":{"name":"Ramina R\u00e9seau","@id":"https:\/\/ramina.fr\/#\/schema\/person\/60afb851da2c0c7b9e173324b84144d5"},"headline":"Bonjour, je m\u2019appelle Kankou MOUSSA, en tous cas, je voudrais devenir comme lui \ud83d\ude00","datePublished":"2019-12-20T12:19:00+00:00","dateModified":"2020-03-28T11:17:13+00:00","mainEntityOfPage":{"@id":"https:\/\/ramina.fr\/index.php\/2019\/12\/20\/bonjour-je-mappelle-kankou-moussa-en-tous-cas-je-voudrais-devenir-comme-lui\/"},"wordCount":229,"commentCount":0,"publisher":{"@id":"https:\/\/ramina.fr\/#organization"},"articleSection":["Parole de Minots S1"],"inLanguage":"fr-FR","potentialAction":[{"@type":"CommentAction","name":"Comment","target":["https:\/\/ramina.fr\/index.php\/2019\/12\/20\/bonjour-je-mappelle-kankou-moussa-en-tous-cas-je-voudrais-devenir-comme-lui\/#respond"]}]},{"@type":"WebPage","@id":"https:\/\/ramina.fr\/index.php\/2019\/12\/20\/bonjour-je-mappelle-kankou-moussa-en-tous-cas-je-voudrais-devenir-comme-lui\/","url":"https:\/\/ramina.fr\/index.php\/2019\/12\/20\/bonjour-je-mappelle-kankou-moussa-en-tous-cas-je-voudrais-devenir-comme-lui\/","name":"Bonjour, je m\u2019appelle Kankou MOUSSA, en tous cas, je voudrais devenir comme lui \ud83d\ude00 | RAMINA","isPartOf":{"@id":"https:\/\/ramina.fr\/#website"},"datePublished":"2019-12-20T12:19:00+00:00","dateModified":"2020-03-28T11:17:13+00:00","breadcrumb":{"@id":"https:\/\/ramina.fr\/index.php\/2019\/12\/20\/bonjour-je-mappelle-kankou-moussa-en-tous-cas-je-voudrais-devenir-comme-lui\/#breadcrumb"},"inLanguage":"fr-FR","potentialAction":[{"@type":"ReadAction","target":["https:\/\/ramina.fr\/index.php\/2019\/12\/20\/bonjour-je-mappelle-kankou-moussa-en-tous-cas-je-voudrais-devenir-comme-lui\/"]}]},{"@type":"BreadcrumbList","@id":"https:\/\/ramina.fr\/index.php\/2019\/12\/20\/bonjour-je-mappelle-kankou-moussa-en-tous-cas-je-voudrais-devenir-comme-lui\/#breadcrumb","itemListElement":[{"@type":"ListItem","position":1,"name":"Accueil","item":"https:\/\/ramina.fr\/"},{"@type":"ListItem","position":2,"name":"Bonjour, je m\u2019appelle Kankou MOUSSA, en tous cas, je voudrais devenir comme lui \ud83d\ude00"}]},{"@type":"WebSite","@id":"https:\/\/ramina.fr\/#website","url":"https:\/\/ramina.fr\/","name":"RAMINA","description":"R\u00e9seau d\u2019Accueil des Minot.es Non Accompagn\u00e9s","publisher":{"@id":"https:\/\/ramina.fr\/#organization"},"alternateName":"R\u00e9seau d'accueil Solidaire des Minots Non Accompagn\u00e9s","potentialAction":[{"@type":"SearchAction","target":{"@type":"EntryPoint","urlTemplate":"https:\/\/ramina.fr\/?s={search_term_string}"},"query-input":{"@type":"PropertyValueSpecification","valueRequired":true,"valueName":"search_term_string"}}],"inLanguage":"fr-FR"},{"@type":"Organization","@id":"https:\/\/ramina.fr\/#organization","name":"RAMINA","alternateName":"R\u00e9seau d' Accueil des Minots Non Accompagn\u00e9s","url":"https:\/\/ramina.fr\/","logo":{"@type":"ImageObject","inLanguage":"fr-FR","@id":"https:\/\/ramina.fr\/#\/schema\/logo\/image\/","url":"https:\/\/ramina.fr\/wp-content\/uploads\/2025\/02\/LOGO_RAMINA_NOIR_VERTICAL.png","contentUrl":"https:\/\/ramina.fr\/wp-content\/uploads\/2025\/02\/LOGO_RAMINA_NOIR_VERTICAL.png","width":1654,"height":1418,"caption":"RAMINA"},"image":{"@id":"https:\/\/ramina.fr\/#\/schema\/logo\/image\/"},"sameAs":["https:\/\/www.facebook.com\/contact.ramina\/","https:\/\/www.instagram.com\/ramina_marseille\/"]},{"@type":"Person","@id":"https:\/\/ramina.fr\/#\/schema\/person\/60afb851da2c0c7b9e173324b84144d5","name":"Ramina R\u00e9seau","image":{"@type":"ImageObject","inLanguage":"fr-FR","@id":"https:\/\/ramina.fr\/#\/schema\/person\/image\/","url":"https:\/\/secure.gravatar.com\/avatar\/5985aef3267ffd44adcd4562d2752e99?s=96&d=mm&r=g","contentUrl":"https:\/\/secure.gravatar.com\/avatar\/5985aef3267ffd44adcd4562d2752e99?s=96&d=mm&r=g","caption":"Ramina R\u00e9seau"}}]}},"jetpack_featured_media_url":"","jetpack_sharing_enabled":true,"_links":{"self":[{"href":"https:\/\/ramina.fr\/index.php\/wp-json\/wp\/v2\/posts\/433","targetHints":{"allow":["GET"]}}],"collection":[{"href":"https:\/\/ramina.fr\/index.php\/wp-json\/wp\/v2\/posts"}],"about":[{"href":"https:\/\/ramina.fr\/index.php\/wp-json\/wp\/v2\/types\/post"}],"author":[{"embeddable":true,"href":"https:\/\/ramina.fr\/index.php\/wp-json\/wp\/v2\/users\/3"}],"replies":[{"embeddable":true,"href":"https:\/\/ramina.fr\/index.php\/wp-json\/wp\/v2\/comments?post=433"}],"version-history":[{"count":4,"href":"https:\/\/ramina.fr\/index.php\/wp-json\/wp\/v2\/posts\/433\/revisions"}],"predecessor-version":[{"id":991,"href":"https:\/\/ramina.fr\/index.php\/wp-json\/wp\/v2\/posts\/433\/revisions\/991"}],"wp:attachment":[{"href":"https:\/\/ramina.fr\/index.php\/wp-json\/wp\/v2\/media?parent=433"}],"wp:term":[{"taxonomy":"category","embeddable":true,"href":"https:\/\/ramina.fr\/index.php\/wp-json\/wp\/v2\/categories?post=433"},{"taxonomy":"post_tag","embeddable":true,"href":"https:\/\/ramina.fr\/index.php\/wp-json\/wp\/v2\/tags?post=433"}],"curies":[{"name":"wp","href":"https:\/\/api.w.org\/{rel}","templated":true}]}}