{"id":425,"date":"2019-12-16T10:20:56","date_gmt":"2019-12-16T09:20:56","guid":{"rendered":"http:\/\/ramina.fr\/?p=425"},"modified":"2020-03-28T12:16:50","modified_gmt":"2020-03-28T11:16:50","slug":"bonjour-je-mappelle-karim-jai-17-ans-je-viens-du-burkina","status":"publish","type":"post","link":"https:\/\/ramina.fr\/index.php\/2019\/12\/16\/bonjour-je-mappelle-karim-jai-17-ans-je-viens-du-burkina\/","title":{"rendered":"Bonjour, je m\u2019appelle Karim, j\u2019ai 17 ans, je viens du Burkina \ud83d\ude00"},"content":{"rendered":"\n<p>J\u2019ai quitt\u00e9 ma famille \u00e0 l\u2019\u00e2ge de 8 ans ou 9 ans. J\u2019ai grandi \u00e0 Ouagadougou, l\u00e0 bas je faisais des petits commerces, je vendais des sacs dans la rue avec mes amis. On essayait de chasser aussi plein de petits animaux, comme des rats, pour pouvoir vivre et on faisait tout types de petits boulots. Avec mes amis, on a entendu par ci par l\u00e0 qu\u2019il y\u2019avait des gens qui partaient pour traverser le Sahara. Un jour, il y\u2019a eu 4 de mes amis qui sont partis et moi je suis partis avec un ami quelques jours apr\u00e8s. Je suis parti car je ne voulais plus vivre comme \u00e7a dans la rue o\u00f9 je n\u2019avais pas d\u2019avenir sans famille, sans \u00e9cole, ni m\u00e9tier. On est arriv\u00e9 au Niger, puis la Libye, jusqu\u2019\u00e0 l\u2019Italie et aujourd\u2019hui en France. Tout \u00e7a c\u2019\u00e9tait en quelques mois seulement et il y\u2019a eu des moments tr\u00e8s tr\u00e8s compliqu\u00e9s. Je suis \u00e0 Marseille depuis 3, 4 mois. J\u2019ai envie de rencontrer beaucoup de gens ici et apprendre \u00e0 bien parler le fran\u00e7ais et \u00e0 l\u2019\u00e9crire aussi, pour le moment c\u2019est mon objectif. Comme je ne suis pas encore dans la normalit\u00e9, car je ne fais que des cours du soir, je ne sais pas encore quel m\u00e9tier je veux faire, car je veux aller \u00e0 l\u2019\u00e9cole d\u2019abord. Ce que je voudrais vous faire partager qui me plait, ce sont les concours d\u2019\u00e9loquence car \u00e0 travers leur parole, il y\u2019a beaucoup de choses vraies qui sont dites sur ce qui se passe en ce moment. \u270c\ufe0fRdv vendredi pour une nouvelle parole de minot. Partagez, likez, boul\u00e9guez.\u270c\ufe0f<\/p>\n\n\n\n<figure class=\"wp-block-embed-youtube wp-block-embed is-type-video is-provider-youtube wp-embed-aspect-16-9 wp-has-aspect-ratio\"><div class=\"wp-block-embed__wrapper\">\n<iframe title=\"Hyris Lollia, laur\u00e9ate du Concours d&#039;\u00e9loquence 2014\" width=\"525\" height=\"295\" src=\"https:\/\/www.youtube.com\/embed\/1e2NjjTOy6A?feature=oembed\" frameborder=\"0\" allow=\"accelerometer; autoplay; clipboard-write; encrypted-media; gyroscope; picture-in-picture; web-share\" referrerpolicy=\"strict-origin-when-cross-origin\" allowfullscreen><\/iframe>\n<\/div><\/figure>\n","protected":false},"excerpt":{"rendered":"<p>J\u2019ai quitt\u00e9 ma famille \u00e0 l\u2019\u00e2ge de 8 ans ou 9 ans. J\u2019ai grandi \u00e0 Ouagadougou, l\u00e0 bas je faisais des petits commerces, je vendais des sacs dans la rue avec mes amis. On essayait de chasser aussi plein de petits animaux, comme des rats, pour pouvoir vivre et on faisait tout types de petits &hellip; <\/p>\n<p class=\"link-more\"><a href=\"https:\/\/ramina.fr\/index.php\/2019\/12\/16\/bonjour-je-mappelle-karim-jai-17-ans-je-viens-du-burkina\/\" class=\"more-link\">Continuer la lecture<span class=\"screen-reader-text\"> de &laquo;&nbsp;Bonjour, je m\u2019appelle Karim, j\u2019ai 17 ans, je viens du Burkina \ud83d\ude00&nbsp;&raquo;<\/span><\/a><\/p>\n","protected":false},"author":3,"featured_media":0,"comment_status":"open","ping_status":"open","sticky":false,"template":"","format":"standard","meta":{"_jetpack_memberships_contains_paid_content":false,"footnotes":""},"categories":[4],"tags":[],"class_list":["post-425","post","type-post","status-publish","format-standard","hentry","category-paroleminotsaison1"],"yoast_head":"<!-- This site is optimized with the Yoast SEO plugin v25.1 - https:\/\/yoast.com\/wordpress\/plugins\/seo\/ -->\n<title>Bonjour, je m\u2019appelle Karim, j\u2019ai 17 ans, je viens du Burkina \ud83d\ude00 | RAMINA<\/title>\n<meta name=\"robots\" content=\"noindex, follow\" \/>\n<meta property=\"og:locale\" content=\"fr_FR\" \/>\n<meta property=\"og:type\" content=\"article\" \/>\n<meta property=\"og:title\" content=\"Bonjour, je m\u2019appelle Karim, j\u2019ai 17 ans, je viens du Burkina \ud83d\ude00 | RAMINA\" \/>\n<meta property=\"og:description\" content=\"J\u2019ai quitt\u00e9 ma famille \u00e0 l\u2019\u00e2ge de 8 ans ou 9 ans. J\u2019ai grandi \u00e0 Ouagadougou, l\u00e0 bas je faisais des petits commerces, je vendais des sacs dans la rue avec mes amis. On essayait de chasser aussi plein de petits animaux, comme des rats, pour pouvoir vivre et on faisait tout types de petits &hellip; Continuer la lecture de &laquo;&nbsp;Bonjour, je m\u2019appelle Karim, j\u2019ai 17 ans, je viens du Burkina \ud83d\ude00&nbsp;&raquo;\" \/>\n<meta property=\"og:url\" content=\"https:\/\/ramina.fr\/index.php\/2019\/12\/16\/bonjour-je-mappelle-karim-jai-17-ans-je-viens-du-burkina\/\" \/>\n<meta property=\"og:site_name\" content=\"RAMINA\" \/>\n<meta property=\"article:publisher\" content=\"https:\/\/www.facebook.com\/contact.ramina\/\" \/>\n<meta property=\"article:published_time\" content=\"2019-12-16T09:20:56+00:00\" \/>\n<meta property=\"article:modified_time\" content=\"2020-03-28T11:16:50+00:00\" \/>\n<meta property=\"og:image\" content=\"https:\/\/ramina.fr\/wp-content\/uploads\/2025\/02\/ramina-image-mise-avant-wordpress.jpg\" \/>\n\t<meta property=\"og:image:width\" content=\"1200\" \/>\n\t<meta property=\"og:image:height\" content=\"675\" \/>\n\t<meta property=\"og:image:type\" content=\"image\/jpeg\" \/>\n<meta name=\"author\" content=\"Ramina R\u00e9seau\" \/>\n<meta name=\"twitter:card\" content=\"summary_large_image\" \/>\n<meta name=\"twitter:label1\" content=\"\u00c9crit par\" \/>\n\t<meta name=\"twitter:data1\" content=\"Ramina R\u00e9seau\" \/>\n\t<meta name=\"twitter:label2\" content=\"Dur\u00e9e de lecture estim\u00e9e\" \/>\n\t<meta name=\"twitter:data2\" content=\"1 minute\" \/>\n<script type=\"application\/ld+json\" class=\"yoast-schema-graph\">{\"@context\":\"https:\/\/schema.org\",\"@graph\":[{\"@type\":\"Article\",\"@id\":\"https:\/\/ramina.fr\/index.php\/2019\/12\/16\/bonjour-je-mappelle-karim-jai-17-ans-je-viens-du-burkina\/#article\",\"isPartOf\":{\"@id\":\"https:\/\/ramina.fr\/index.php\/2019\/12\/16\/bonjour-je-mappelle-karim-jai-17-ans-je-viens-du-burkina\/\"},\"author\":{\"name\":\"Ramina R\u00e9seau\",\"@id\":\"https:\/\/ramina.fr\/#\/schema\/person\/60afb851da2c0c7b9e173324b84144d5\"},\"headline\":\"Bonjour, je m\u2019appelle Karim, j\u2019ai 17 ans, je viens du Burkina \ud83d\ude00\",\"datePublished\":\"2019-12-16T09:20:56+00:00\",\"dateModified\":\"2020-03-28T11:16:50+00:00\",\"mainEntityOfPage\":{\"@id\":\"https:\/\/ramina.fr\/index.php\/2019\/12\/16\/bonjour-je-mappelle-karim-jai-17-ans-je-viens-du-burkina\/\"},\"wordCount\":306,\"commentCount\":0,\"publisher\":{\"@id\":\"https:\/\/ramina.fr\/#organization\"},\"articleSection\":[\"Parole de Minots S1\"],\"inLanguage\":\"fr-FR\",\"potentialAction\":[{\"@type\":\"CommentAction\",\"name\":\"Comment\",\"target\":[\"https:\/\/ramina.fr\/index.php\/2019\/12\/16\/bonjour-je-mappelle-karim-jai-17-ans-je-viens-du-burkina\/#respond\"]}]},{\"@type\":\"WebPage\",\"@id\":\"https:\/\/ramina.fr\/index.php\/2019\/12\/16\/bonjour-je-mappelle-karim-jai-17-ans-je-viens-du-burkina\/\",\"url\":\"https:\/\/ramina.fr\/index.php\/2019\/12\/16\/bonjour-je-mappelle-karim-jai-17-ans-je-viens-du-burkina\/\",\"name\":\"Bonjour, je m\u2019appelle Karim, j\u2019ai 17 ans, je viens du Burkina \ud83d\ude00 | RAMINA\",\"isPartOf\":{\"@id\":\"https:\/\/ramina.fr\/#website\"},\"datePublished\":\"2019-12-16T09:20:56+00:00\",\"dateModified\":\"2020-03-28T11:16:50+00:00\",\"breadcrumb\":{\"@id\":\"https:\/\/ramina.fr\/index.php\/2019\/12\/16\/bonjour-je-mappelle-karim-jai-17-ans-je-viens-du-burkina\/#breadcrumb\"},\"inLanguage\":\"fr-FR\",\"potentialAction\":[{\"@type\":\"ReadAction\",\"target\":[\"https:\/\/ramina.fr\/index.php\/2019\/12\/16\/bonjour-je-mappelle-karim-jai-17-ans-je-viens-du-burkina\/\"]}]},{\"@type\":\"BreadcrumbList\",\"@id\":\"https:\/\/ramina.fr\/index.php\/2019\/12\/16\/bonjour-je-mappelle-karim-jai-17-ans-je-viens-du-burkina\/#breadcrumb\",\"itemListElement\":[{\"@type\":\"ListItem\",\"position\":1,\"name\":\"Accueil\",\"item\":\"https:\/\/ramina.fr\/\"},{\"@type\":\"ListItem\",\"position\":2,\"name\":\"Bonjour, je m\u2019appelle Karim, j\u2019ai 17 ans, je viens du Burkina \ud83d\ude00\"}]},{\"@type\":\"WebSite\",\"@id\":\"https:\/\/ramina.fr\/#website\",\"url\":\"https:\/\/ramina.fr\/\",\"name\":\"RAMINA\",\"description\":\"R\u00e9seau d\u2019Accueil des Minot.es Non Accompagn\u00e9s\",\"publisher\":{\"@id\":\"https:\/\/ramina.fr\/#organization\"},\"alternateName\":\"R\u00e9seau d'accueil Solidaire des Minots Non Accompagn\u00e9s\",\"potentialAction\":[{\"@type\":\"SearchAction\",\"target\":{\"@type\":\"EntryPoint\",\"urlTemplate\":\"https:\/\/ramina.fr\/?s={search_term_string}\"},\"query-input\":{\"@type\":\"PropertyValueSpecification\",\"valueRequired\":true,\"valueName\":\"search_term_string\"}}],\"inLanguage\":\"fr-FR\"},{\"@type\":\"Organization\",\"@id\":\"https:\/\/ramina.fr\/#organization\",\"name\":\"RAMINA\",\"alternateName\":\"R\u00e9seau d' Accueil des Minots Non Accompagn\u00e9s\",\"url\":\"https:\/\/ramina.fr\/\",\"logo\":{\"@type\":\"ImageObject\",\"inLanguage\":\"fr-FR\",\"@id\":\"https:\/\/ramina.fr\/#\/schema\/logo\/image\/\",\"url\":\"https:\/\/ramina.fr\/wp-content\/uploads\/2025\/02\/LOGO_RAMINA_NOIR_VERTICAL.png\",\"contentUrl\":\"https:\/\/ramina.fr\/wp-content\/uploads\/2025\/02\/LOGO_RAMINA_NOIR_VERTICAL.png\",\"width\":1654,\"height\":1418,\"caption\":\"RAMINA\"},\"image\":{\"@id\":\"https:\/\/ramina.fr\/#\/schema\/logo\/image\/\"},\"sameAs\":[\"https:\/\/www.facebook.com\/contact.ramina\/\",\"https:\/\/www.instagram.com\/ramina_marseille\/\"]},{\"@type\":\"Person\",\"@id\":\"https:\/\/ramina.fr\/#\/schema\/person\/60afb851da2c0c7b9e173324b84144d5\",\"name\":\"Ramina R\u00e9seau\",\"image\":{\"@type\":\"ImageObject\",\"inLanguage\":\"fr-FR\",\"@id\":\"https:\/\/ramina.fr\/#\/schema\/person\/image\/\",\"url\":\"https:\/\/secure.gravatar.com\/avatar\/5985aef3267ffd44adcd4562d2752e99?s=96&d=mm&r=g\",\"contentUrl\":\"https:\/\/secure.gravatar.com\/avatar\/5985aef3267ffd44adcd4562d2752e99?s=96&d=mm&r=g\",\"caption\":\"Ramina R\u00e9seau\"}}]}<\/script>\n<!-- \/ Yoast SEO plugin. -->","yoast_head_json":{"title":"Bonjour, je m\u2019appelle Karim, j\u2019ai 17 ans, je viens du Burkina \ud83d\ude00 | RAMINA","robots":{"index":"noindex","follow":"follow"},"og_locale":"fr_FR","og_type":"article","og_title":"Bonjour, je m\u2019appelle Karim, j\u2019ai 17 ans, je viens du Burkina \ud83d\ude00 | RAMINA","og_description":"J\u2019ai quitt\u00e9 ma famille \u00e0 l\u2019\u00e2ge de 8 ans ou 9 ans. J\u2019ai grandi \u00e0 Ouagadougou, l\u00e0 bas je faisais des petits commerces, je vendais des sacs dans la rue avec mes amis. On essayait de chasser aussi plein de petits animaux, comme des rats, pour pouvoir vivre et on faisait tout types de petits &hellip; Continuer la lecture de &laquo;&nbsp;Bonjour, je m\u2019appelle Karim, j\u2019ai 17 ans, je viens du Burkina \ud83d\ude00&nbsp;&raquo;","og_url":"https:\/\/ramina.fr\/index.php\/2019\/12\/16\/bonjour-je-mappelle-karim-jai-17-ans-je-viens-du-burkina\/","og_site_name":"RAMINA","article_publisher":"https:\/\/www.facebook.com\/contact.ramina\/","article_published_time":"2019-12-16T09:20:56+00:00","article_modified_time":"2020-03-28T11:16:50+00:00","og_image":[{"width":1200,"height":675,"url":"https:\/\/ramina.fr\/wp-content\/uploads\/2025\/02\/ramina-image-mise-avant-wordpress.jpg","type":"image\/jpeg"}],"author":"Ramina R\u00e9seau","twitter_card":"summary_large_image","twitter_misc":{"\u00c9crit par":"Ramina R\u00e9seau","Dur\u00e9e de lecture estim\u00e9e":"1 minute"},"schema":{"@context":"https:\/\/schema.org","@graph":[{"@type":"Article","@id":"https:\/\/ramina.fr\/index.php\/2019\/12\/16\/bonjour-je-mappelle-karim-jai-17-ans-je-viens-du-burkina\/#article","isPartOf":{"@id":"https:\/\/ramina.fr\/index.php\/2019\/12\/16\/bonjour-je-mappelle-karim-jai-17-ans-je-viens-du-burkina\/"},"author":{"name":"Ramina R\u00e9seau","@id":"https:\/\/ramina.fr\/#\/schema\/person\/60afb851da2c0c7b9e173324b84144d5"},"headline":"Bonjour, je m\u2019appelle Karim, j\u2019ai 17 ans, je viens du Burkina \ud83d\ude00","datePublished":"2019-12-16T09:20:56+00:00","dateModified":"2020-03-28T11:16:50+00:00","mainEntityOfPage":{"@id":"https:\/\/ramina.fr\/index.php\/2019\/12\/16\/bonjour-je-mappelle-karim-jai-17-ans-je-viens-du-burkina\/"},"wordCount":306,"commentCount":0,"publisher":{"@id":"https:\/\/ramina.fr\/#organization"},"articleSection":["Parole de Minots S1"],"inLanguage":"fr-FR","potentialAction":[{"@type":"CommentAction","name":"Comment","target":["https:\/\/ramina.fr\/index.php\/2019\/12\/16\/bonjour-je-mappelle-karim-jai-17-ans-je-viens-du-burkina\/#respond"]}]},{"@type":"WebPage","@id":"https:\/\/ramina.fr\/index.php\/2019\/12\/16\/bonjour-je-mappelle-karim-jai-17-ans-je-viens-du-burkina\/","url":"https:\/\/ramina.fr\/index.php\/2019\/12\/16\/bonjour-je-mappelle-karim-jai-17-ans-je-viens-du-burkina\/","name":"Bonjour, je m\u2019appelle Karim, j\u2019ai 17 ans, je viens du Burkina \ud83d\ude00 | RAMINA","isPartOf":{"@id":"https:\/\/ramina.fr\/#website"},"datePublished":"2019-12-16T09:20:56+00:00","dateModified":"2020-03-28T11:16:50+00:00","breadcrumb":{"@id":"https:\/\/ramina.fr\/index.php\/2019\/12\/16\/bonjour-je-mappelle-karim-jai-17-ans-je-viens-du-burkina\/#breadcrumb"},"inLanguage":"fr-FR","potentialAction":[{"@type":"ReadAction","target":["https:\/\/ramina.fr\/index.php\/2019\/12\/16\/bonjour-je-mappelle-karim-jai-17-ans-je-viens-du-burkina\/"]}]},{"@type":"BreadcrumbList","@id":"https:\/\/ramina.fr\/index.php\/2019\/12\/16\/bonjour-je-mappelle-karim-jai-17-ans-je-viens-du-burkina\/#breadcrumb","itemListElement":[{"@type":"ListItem","position":1,"name":"Accueil","item":"https:\/\/ramina.fr\/"},{"@type":"ListItem","position":2,"name":"Bonjour, je m\u2019appelle Karim, j\u2019ai 17 ans, je viens du Burkina \ud83d\ude00"}]},{"@type":"WebSite","@id":"https:\/\/ramina.fr\/#website","url":"https:\/\/ramina.fr\/","name":"RAMINA","description":"R\u00e9seau d\u2019Accueil des Minot.es Non Accompagn\u00e9s","publisher":{"@id":"https:\/\/ramina.fr\/#organization"},"alternateName":"R\u00e9seau d'accueil Solidaire des Minots Non Accompagn\u00e9s","potentialAction":[{"@type":"SearchAction","target":{"@type":"EntryPoint","urlTemplate":"https:\/\/ramina.fr\/?s={search_term_string}"},"query-input":{"@type":"PropertyValueSpecification","valueRequired":true,"valueName":"search_term_string"}}],"inLanguage":"fr-FR"},{"@type":"Organization","@id":"https:\/\/ramina.fr\/#organization","name":"RAMINA","alternateName":"R\u00e9seau d' Accueil des Minots Non Accompagn\u00e9s","url":"https:\/\/ramina.fr\/","logo":{"@type":"ImageObject","inLanguage":"fr-FR","@id":"https:\/\/ramina.fr\/#\/schema\/logo\/image\/","url":"https:\/\/ramina.fr\/wp-content\/uploads\/2025\/02\/LOGO_RAMINA_NOIR_VERTICAL.png","contentUrl":"https:\/\/ramina.fr\/wp-content\/uploads\/2025\/02\/LOGO_RAMINA_NOIR_VERTICAL.png","width":1654,"height":1418,"caption":"RAMINA"},"image":{"@id":"https:\/\/ramina.fr\/#\/schema\/logo\/image\/"},"sameAs":["https:\/\/www.facebook.com\/contact.ramina\/","https:\/\/www.instagram.com\/ramina_marseille\/"]},{"@type":"Person","@id":"https:\/\/ramina.fr\/#\/schema\/person\/60afb851da2c0c7b9e173324b84144d5","name":"Ramina R\u00e9seau","image":{"@type":"ImageObject","inLanguage":"fr-FR","@id":"https:\/\/ramina.fr\/#\/schema\/person\/image\/","url":"https:\/\/secure.gravatar.com\/avatar\/5985aef3267ffd44adcd4562d2752e99?s=96&d=mm&r=g","contentUrl":"https:\/\/secure.gravatar.com\/avatar\/5985aef3267ffd44adcd4562d2752e99?s=96&d=mm&r=g","caption":"Ramina R\u00e9seau"}}]}},"jetpack_featured_media_url":"","jetpack_sharing_enabled":true,"_links":{"self":[{"href":"https:\/\/ramina.fr\/index.php\/wp-json\/wp\/v2\/posts\/425","targetHints":{"allow":["GET"]}}],"collection":[{"href":"https:\/\/ramina.fr\/index.php\/wp-json\/wp\/v2\/posts"}],"about":[{"href":"https:\/\/ramina.fr\/index.php\/wp-json\/wp\/v2\/types\/post"}],"author":[{"embeddable":true,"href":"https:\/\/ramina.fr\/index.php\/wp-json\/wp\/v2\/users\/3"}],"replies":[{"embeddable":true,"href":"https:\/\/ramina.fr\/index.php\/wp-json\/wp\/v2\/comments?post=425"}],"version-history":[{"count":4,"href":"https:\/\/ramina.fr\/index.php\/wp-json\/wp\/v2\/posts\/425\/revisions"}],"predecessor-version":[{"id":990,"href":"https:\/\/ramina.fr\/index.php\/wp-json\/wp\/v2\/posts\/425\/revisions\/990"}],"wp:attachment":[{"href":"https:\/\/ramina.fr\/index.php\/wp-json\/wp\/v2\/media?parent=425"}],"wp:term":[{"taxonomy":"category","embeddable":true,"href":"https:\/\/ramina.fr\/index.php\/wp-json\/wp\/v2\/categories?post=425"},{"taxonomy":"post_tag","embeddable":true,"href":"https:\/\/ramina.fr\/index.php\/wp-json\/wp\/v2\/tags?post=425"}],"curies":[{"name":"wp","href":"https:\/\/api.w.org\/{rel}","templated":true}]}}