{"id":419,"date":"2019-12-13T13:10:39","date_gmt":"2019-12-13T12:10:39","guid":{"rendered":"http:\/\/ramina.fr\/?p=419"},"modified":"2020-03-28T12:16:35","modified_gmt":"2020-03-28T11:16:35","slug":"bonjour-je-mappelle-hassan-jai-17-ans-je-viens-de-la-cote-divoire","status":"publish","type":"post","link":"https:\/\/ramina.fr\/index.php\/2019\/12\/13\/bonjour-je-mappelle-hassan-jai-17-ans-je-viens-de-la-cote-divoire\/","title":{"rendered":"Bonjour, je m\u2019appelle Hassan, j\u2019ai 17 ans, je viens de la C\u00f4te d\u2019Ivoire \ud83d\ude00"},"content":{"rendered":"\n<p>Je suis arriv\u00e9 en France, \u00e7a fait deux \u00e0 trois mois maintenant. Moi, ma famille a \u00e9t\u00e9 beaucoup touch\u00e9 par la crise en C\u00f4te d\u2019Ivoire en 2011, car mon p\u00e8re a \u00e9t\u00e9 arr\u00eat\u00e9 par les rebelles avec mon grand fr\u00e8re et depuis on n\u2019a plus de nouvelles d\u2019eux. A ce moment l\u00e0 mon p\u00e8re avait des locataires dans la cour qui venaient du Niger et \u00e0 cette p\u00e9riode tous les \u00e9trangers rentraient pour fuir la guerre. C\u2019est comme \u00e7a que je suis parti enfant au Niger avec mon grand fr\u00e8re. Au Niger, on ne vivait pas bien, on n\u2019\u00e9tait pas soign\u00e9, on \u00e9tait tous malades avec le climat de l\u00e0 bas. Ensuite avec mon grand fr\u00e8re, on est rentr\u00e9 en Libye et on vivait avec un vieux arabe. On s\u2019occupait chez lui de ses chameaux, des moutons, tout \u00e7a ; et car il y avait la guerre on pouvait pas sortir. Un jour, des gens sont venus et nous ont amen\u00e9 de force vers la ville de Sebha. L\u00e0 bas, on \u00e9tait dans un camp enferm\u00e9 durant 10 mois, le jour on nous amenait travailler et le soir on nous enfermait et on nous tapait \u00e0 chaque moment avec les crosses de kalachnikov et les tuyaux sur la t\u00eate. Des gens du Haut Commissariat aux Nations Unies venaient voir nos conditions de vies et nous n\u2019avions pas le droit de parler. Nous \u00e9tions plus de 50 dans une m\u00eame cellule et un jour on a \u00e9t\u00e9 plus de vingt \u00e0 faire un plan pour s\u2019\u00e9chapper. Plusieurs d\u2019entres nous avaient commenc\u00e9 \u00e0 taper le mur chaque jour. Puis un soir, nous sommes sorti \u00e0 plus de 30, on courait dans le d\u00e9sert et ils tiraient sur nous. Sept sont tomb\u00e9s, moi une balle a touch\u00e9 mon flanc, je n\u2019ai pas vu sur le moment. Aujourd\u2019hui j\u2019ai la cicatrice et j\u2019avais une grosse blessure. J\u2019ai d\u00e9chir\u00e9 ma main aussi sur la cl\u00f4ture. Puis on est all\u00e9 se cacher au bord de l\u2019eau pour trouver un bateau, on a fait plus de deux mois dans un camp au bord de l\u2019eau avec 300, 400 personnes qui attendaient pour le bateau. Moi, j\u2019avais ma blessure et on a continu\u00e9 \u00e0 se cacher pour que les personnes \u00e0 notre recherche ne nous trouvent pas. Une nuit, il y\u2019a eu trois d\u00e9parts de bateaux. Le premier a \u00e9t\u00e9 arr\u00eat\u00e9 par la marine libyenne. Moi et mon fr\u00e8re, nous avons pris le 3\u00e8me. En pleine mer, nous avons vu le second qui s\u2019\u00e9tait retourn\u00e9 et continuait \u00e0 flotter sur l\u2019eau avec plus personnes \u00e0 c\u00f4t\u00e9. Nous sommes arriv\u00e9s vers les eaux internationales. Vers midi, le lendemain, les planches en bois \u00e0 l\u2019arri\u00e8re du bateau ont cass\u00e9. Le moteur est parti et le capitaine est tomb\u00e9 \u00e0 l\u2019eau, on ne l\u2019a pas revu. On a commenc\u00e9 \u00e0 d\u00e9river et \u00e0 nous enfoncer, nous \u00e9tions 147 sur le bateau. Certains ont voulu plonger que de mourir noy\u00e9 pour laisser la chance aux autres. Un a pris un bidon d\u2019essence, il l\u2019a vid\u00e9, l\u2019a jet\u00e9 et a plong\u00e9 avec lui, mais il a disparu. Sept sont partis comme \u00e7a, notamment une femme camerounaise enceinte. Deux amis de ma ville natale que je connaissais bien et mon fr\u00e8re ont fait le choix de plonger. Ca a dur\u00e9 cinq secondes et puis on ne les a plus vu. M\u00eame pas cinq minutes apr\u00e8s, deux grands bateaux, un bateau allemand et un bateau fran\u00e7ais sont venus pour nous sauver. Je suis arriv\u00e9 en Italie, je suis rest\u00e9 quelques mois l\u00e0 bas et je voulais venir \u00e0 Marseille. Moi depuis que j\u2019\u00e9tais enfant on me parlait de la France, car chez nous l\u2019\u00e9cole est en fran\u00e7ais. Et puis je me rappelle de mon p\u00e8re qui m\u2019a dit une fois que si je travaillais bien \u00e0 l\u2019\u00e9cole, un jour je pourrais continuer mes \u00e9tudes en France. Et aussi, moi je viens d\u2019une ville de l\u2019ouest de la C\u00f4te d\u2019Ivoire qui s\u2019appelle Man, o\u00f9 il y\u2019a beaucoup de cacao, de caf\u00e9, h\u00e9vea, de bois\u2026 et au pays tout le monde appelle cette ville Marseille. Pour finir, je voudrais vous montrer une vid\u00e9o de Thomas Sankara, c\u2019est la deuxi\u00e8me personne qui m\u2019inspire le plus au monde apr\u00e8s mon grand fr\u00e8re. Cette vid\u00e9o est son dernier discours qu\u2019il a prononc\u00e9 \u00e0 l\u2019Union Africaine \u00e0 Addis-Adeba en 1987 avant d\u2019\u00eatre assassin\u00e9. Je la regarde tout le temps et je me demanderai toujours pourquoi on l\u2019a assassin\u00e9 alors que ses propos ne disent que des v\u00e9rit\u00e9s sur notre continent ; et je me demande ce qu\u2019il a fait au juste pour m\u00e9riter \u00e7a. Aujourd\u2019hui, je suis tr\u00e8s heureux d\u2019\u00eatre en France, car je sais que ma vie est prot\u00e9g\u00e9, que je peux me ballader, pas comme en Libye et au Niger, gr\u00e2ce aux droits de l\u2019homme et \u00e0 la justice. J\u2019ai fais le test pour l\u2019\u00e9cole et il me tarde de commencer le lyc\u00e9e. Merci de m\u2019avoir lu et puis je serai heureux d\u2019\u00e9changer avec vous par message sur les conditions de ma vie en France. https:\/\/www.youtube.com\/watch?v=e8PCuwBnhtk \u270c\ufe0fRdv lundi pour une nouvelle parole de minot. Partagez, likez, boul\u00e9guez. \u270c\ufe0f<\/p>\n\n\n\n<figure class=\"wp-block-embed-youtube wp-block-embed is-type-video is-provider-youtube wp-embed-aspect-4-3 wp-has-aspect-ratio\"><div class=\"wp-block-embed__wrapper\">\n<iframe title=\"Thomas Sankara - Discours au sommet d&#039; Addis Ab\u00e9ba le 29 juillet 1987\" width=\"525\" height=\"394\" src=\"https:\/\/www.youtube.com\/embed\/e8PCuwBnhtk?feature=oembed\" frameborder=\"0\" allow=\"accelerometer; autoplay; clipboard-write; encrypted-media; gyroscope; picture-in-picture; web-share\" referrerpolicy=\"strict-origin-when-cross-origin\" allowfullscreen><\/iframe>\n<\/div><\/figure>\n","protected":false},"excerpt":{"rendered":"<p>Je suis arriv\u00e9 en France, \u00e7a fait deux \u00e0 trois mois maintenant. Moi, ma famille a \u00e9t\u00e9 beaucoup touch\u00e9 par la crise en C\u00f4te d\u2019Ivoire en 2011, car mon p\u00e8re a \u00e9t\u00e9 arr\u00eat\u00e9 par les rebelles avec mon grand fr\u00e8re et depuis on n\u2019a plus de nouvelles d\u2019eux. A ce moment l\u00e0 mon p\u00e8re avait &hellip; <\/p>\n<p class=\"link-more\"><a href=\"https:\/\/ramina.fr\/index.php\/2019\/12\/13\/bonjour-je-mappelle-hassan-jai-17-ans-je-viens-de-la-cote-divoire\/\" class=\"more-link\">Continuer la lecture<span class=\"screen-reader-text\"> de &laquo;&nbsp;Bonjour, je m\u2019appelle Hassan, j\u2019ai 17 ans, je viens de la C\u00f4te d\u2019Ivoire \ud83d\ude00&nbsp;&raquo;<\/span><\/a><\/p>\n","protected":false},"author":3,"featured_media":0,"comment_status":"open","ping_status":"open","sticky":false,"template":"","format":"standard","meta":{"_jetpack_memberships_contains_paid_content":false,"footnotes":""},"categories":[4],"tags":[],"class_list":["post-419","post","type-post","status-publish","format-standard","hentry","category-paroleminotsaison1"],"yoast_head":"<!-- This site is optimized with the Yoast SEO plugin v25.1 - https:\/\/yoast.com\/wordpress\/plugins\/seo\/ -->\n<title>Bonjour, je m\u2019appelle Hassan, j\u2019ai 17 ans, je viens de la C\u00f4te d\u2019Ivoire \ud83d\ude00 | RAMINA<\/title>\n<meta name=\"robots\" content=\"noindex, follow\" \/>\n<meta property=\"og:locale\" content=\"fr_FR\" \/>\n<meta property=\"og:type\" content=\"article\" \/>\n<meta property=\"og:title\" content=\"Bonjour, je m\u2019appelle Hassan, j\u2019ai 17 ans, je viens de la C\u00f4te d\u2019Ivoire \ud83d\ude00 | RAMINA\" \/>\n<meta property=\"og:description\" content=\"Je suis arriv\u00e9 en France, \u00e7a fait deux \u00e0 trois mois maintenant. Moi, ma famille a \u00e9t\u00e9 beaucoup touch\u00e9 par la crise en C\u00f4te d\u2019Ivoire en 2011, car mon p\u00e8re a \u00e9t\u00e9 arr\u00eat\u00e9 par les rebelles avec mon grand fr\u00e8re et depuis on n\u2019a plus de nouvelles d\u2019eux. A ce moment l\u00e0 mon p\u00e8re avait &hellip; Continuer la lecture de &laquo;&nbsp;Bonjour, je m\u2019appelle Hassan, j\u2019ai 17 ans, je viens de la C\u00f4te d\u2019Ivoire \ud83d\ude00&nbsp;&raquo;\" \/>\n<meta property=\"og:url\" content=\"https:\/\/ramina.fr\/index.php\/2019\/12\/13\/bonjour-je-mappelle-hassan-jai-17-ans-je-viens-de-la-cote-divoire\/\" \/>\n<meta property=\"og:site_name\" content=\"RAMINA\" \/>\n<meta property=\"article:publisher\" content=\"https:\/\/www.facebook.com\/contact.ramina\/\" \/>\n<meta property=\"article:published_time\" content=\"2019-12-13T12:10:39+00:00\" \/>\n<meta property=\"article:modified_time\" content=\"2020-03-28T11:16:35+00:00\" \/>\n<meta property=\"og:image\" content=\"https:\/\/ramina.fr\/wp-content\/uploads\/2025\/02\/ramina-image-mise-avant-wordpress.jpg\" \/>\n\t<meta property=\"og:image:width\" content=\"1200\" \/>\n\t<meta property=\"og:image:height\" content=\"675\" \/>\n\t<meta property=\"og:image:type\" content=\"image\/jpeg\" \/>\n<meta name=\"author\" content=\"Ramina R\u00e9seau\" \/>\n<meta name=\"twitter:card\" content=\"summary_large_image\" \/>\n<meta name=\"twitter:label1\" content=\"\u00c9crit par\" \/>\n\t<meta name=\"twitter:data1\" content=\"Ramina R\u00e9seau\" \/>\n\t<meta name=\"twitter:label2\" content=\"Dur\u00e9e de lecture estim\u00e9e\" \/>\n\t<meta name=\"twitter:data2\" content=\"5 minutes\" \/>\n<script type=\"application\/ld+json\" class=\"yoast-schema-graph\">{\"@context\":\"https:\/\/schema.org\",\"@graph\":[{\"@type\":\"Article\",\"@id\":\"https:\/\/ramina.fr\/index.php\/2019\/12\/13\/bonjour-je-mappelle-hassan-jai-17-ans-je-viens-de-la-cote-divoire\/#article\",\"isPartOf\":{\"@id\":\"https:\/\/ramina.fr\/index.php\/2019\/12\/13\/bonjour-je-mappelle-hassan-jai-17-ans-je-viens-de-la-cote-divoire\/\"},\"author\":{\"name\":\"Ramina R\u00e9seau\",\"@id\":\"https:\/\/ramina.fr\/#\/schema\/person\/60afb851da2c0c7b9e173324b84144d5\"},\"headline\":\"Bonjour, je m\u2019appelle Hassan, j\u2019ai 17 ans, je viens de la C\u00f4te d\u2019Ivoire \ud83d\ude00\",\"datePublished\":\"2019-12-13T12:10:39+00:00\",\"dateModified\":\"2020-03-28T11:16:35+00:00\",\"mainEntityOfPage\":{\"@id\":\"https:\/\/ramina.fr\/index.php\/2019\/12\/13\/bonjour-je-mappelle-hassan-jai-17-ans-je-viens-de-la-cote-divoire\/\"},\"wordCount\":938,\"commentCount\":0,\"publisher\":{\"@id\":\"https:\/\/ramina.fr\/#organization\"},\"articleSection\":[\"Parole de Minots S1\"],\"inLanguage\":\"fr-FR\",\"potentialAction\":[{\"@type\":\"CommentAction\",\"name\":\"Comment\",\"target\":[\"https:\/\/ramina.fr\/index.php\/2019\/12\/13\/bonjour-je-mappelle-hassan-jai-17-ans-je-viens-de-la-cote-divoire\/#respond\"]}]},{\"@type\":\"WebPage\",\"@id\":\"https:\/\/ramina.fr\/index.php\/2019\/12\/13\/bonjour-je-mappelle-hassan-jai-17-ans-je-viens-de-la-cote-divoire\/\",\"url\":\"https:\/\/ramina.fr\/index.php\/2019\/12\/13\/bonjour-je-mappelle-hassan-jai-17-ans-je-viens-de-la-cote-divoire\/\",\"name\":\"Bonjour, je m\u2019appelle Hassan, j\u2019ai 17 ans, je viens de la C\u00f4te d\u2019Ivoire \ud83d\ude00 | RAMINA\",\"isPartOf\":{\"@id\":\"https:\/\/ramina.fr\/#website\"},\"datePublished\":\"2019-12-13T12:10:39+00:00\",\"dateModified\":\"2020-03-28T11:16:35+00:00\",\"breadcrumb\":{\"@id\":\"https:\/\/ramina.fr\/index.php\/2019\/12\/13\/bonjour-je-mappelle-hassan-jai-17-ans-je-viens-de-la-cote-divoire\/#breadcrumb\"},\"inLanguage\":\"fr-FR\",\"potentialAction\":[{\"@type\":\"ReadAction\",\"target\":[\"https:\/\/ramina.fr\/index.php\/2019\/12\/13\/bonjour-je-mappelle-hassan-jai-17-ans-je-viens-de-la-cote-divoire\/\"]}]},{\"@type\":\"BreadcrumbList\",\"@id\":\"https:\/\/ramina.fr\/index.php\/2019\/12\/13\/bonjour-je-mappelle-hassan-jai-17-ans-je-viens-de-la-cote-divoire\/#breadcrumb\",\"itemListElement\":[{\"@type\":\"ListItem\",\"position\":1,\"name\":\"Accueil\",\"item\":\"https:\/\/ramina.fr\/\"},{\"@type\":\"ListItem\",\"position\":2,\"name\":\"Bonjour, je m\u2019appelle Hassan, j\u2019ai 17 ans, je viens de la C\u00f4te d\u2019Ivoire \ud83d\ude00\"}]},{\"@type\":\"WebSite\",\"@id\":\"https:\/\/ramina.fr\/#website\",\"url\":\"https:\/\/ramina.fr\/\",\"name\":\"RAMINA\",\"description\":\"R\u00e9seau d\u2019Accueil des Minot.es Non Accompagn\u00e9s\",\"publisher\":{\"@id\":\"https:\/\/ramina.fr\/#organization\"},\"alternateName\":\"R\u00e9seau d'accueil Solidaire des Minots Non Accompagn\u00e9s\",\"potentialAction\":[{\"@type\":\"SearchAction\",\"target\":{\"@type\":\"EntryPoint\",\"urlTemplate\":\"https:\/\/ramina.fr\/?s={search_term_string}\"},\"query-input\":{\"@type\":\"PropertyValueSpecification\",\"valueRequired\":true,\"valueName\":\"search_term_string\"}}],\"inLanguage\":\"fr-FR\"},{\"@type\":\"Organization\",\"@id\":\"https:\/\/ramina.fr\/#organization\",\"name\":\"RAMINA\",\"alternateName\":\"R\u00e9seau d' Accueil des Minots Non Accompagn\u00e9s\",\"url\":\"https:\/\/ramina.fr\/\",\"logo\":{\"@type\":\"ImageObject\",\"inLanguage\":\"fr-FR\",\"@id\":\"https:\/\/ramina.fr\/#\/schema\/logo\/image\/\",\"url\":\"https:\/\/ramina.fr\/wp-content\/uploads\/2025\/02\/LOGO_RAMINA_NOIR_VERTICAL.png\",\"contentUrl\":\"https:\/\/ramina.fr\/wp-content\/uploads\/2025\/02\/LOGO_RAMINA_NOIR_VERTICAL.png\",\"width\":1654,\"height\":1418,\"caption\":\"RAMINA\"},\"image\":{\"@id\":\"https:\/\/ramina.fr\/#\/schema\/logo\/image\/\"},\"sameAs\":[\"https:\/\/www.facebook.com\/contact.ramina\/\",\"https:\/\/www.instagram.com\/ramina_marseille\/\"]},{\"@type\":\"Person\",\"@id\":\"https:\/\/ramina.fr\/#\/schema\/person\/60afb851da2c0c7b9e173324b84144d5\",\"name\":\"Ramina R\u00e9seau\",\"image\":{\"@type\":\"ImageObject\",\"inLanguage\":\"fr-FR\",\"@id\":\"https:\/\/ramina.fr\/#\/schema\/person\/image\/\",\"url\":\"https:\/\/secure.gravatar.com\/avatar\/5985aef3267ffd44adcd4562d2752e99?s=96&d=mm&r=g\",\"contentUrl\":\"https:\/\/secure.gravatar.com\/avatar\/5985aef3267ffd44adcd4562d2752e99?s=96&d=mm&r=g\",\"caption\":\"Ramina R\u00e9seau\"}}]}<\/script>\n<!-- \/ Yoast SEO plugin. -->","yoast_head_json":{"title":"Bonjour, je m\u2019appelle Hassan, j\u2019ai 17 ans, je viens de la C\u00f4te d\u2019Ivoire \ud83d\ude00 | RAMINA","robots":{"index":"noindex","follow":"follow"},"og_locale":"fr_FR","og_type":"article","og_title":"Bonjour, je m\u2019appelle Hassan, j\u2019ai 17 ans, je viens de la C\u00f4te d\u2019Ivoire \ud83d\ude00 | RAMINA","og_description":"Je suis arriv\u00e9 en France, \u00e7a fait deux \u00e0 trois mois maintenant. Moi, ma famille a \u00e9t\u00e9 beaucoup touch\u00e9 par la crise en C\u00f4te d\u2019Ivoire en 2011, car mon p\u00e8re a \u00e9t\u00e9 arr\u00eat\u00e9 par les rebelles avec mon grand fr\u00e8re et depuis on n\u2019a plus de nouvelles d\u2019eux. A ce moment l\u00e0 mon p\u00e8re avait &hellip; Continuer la lecture de &laquo;&nbsp;Bonjour, je m\u2019appelle Hassan, j\u2019ai 17 ans, je viens de la C\u00f4te d\u2019Ivoire \ud83d\ude00&nbsp;&raquo;","og_url":"https:\/\/ramina.fr\/index.php\/2019\/12\/13\/bonjour-je-mappelle-hassan-jai-17-ans-je-viens-de-la-cote-divoire\/","og_site_name":"RAMINA","article_publisher":"https:\/\/www.facebook.com\/contact.ramina\/","article_published_time":"2019-12-13T12:10:39+00:00","article_modified_time":"2020-03-28T11:16:35+00:00","og_image":[{"width":1200,"height":675,"url":"https:\/\/ramina.fr\/wp-content\/uploads\/2025\/02\/ramina-image-mise-avant-wordpress.jpg","type":"image\/jpeg"}],"author":"Ramina R\u00e9seau","twitter_card":"summary_large_image","twitter_misc":{"\u00c9crit par":"Ramina R\u00e9seau","Dur\u00e9e de lecture estim\u00e9e":"5 minutes"},"schema":{"@context":"https:\/\/schema.org","@graph":[{"@type":"Article","@id":"https:\/\/ramina.fr\/index.php\/2019\/12\/13\/bonjour-je-mappelle-hassan-jai-17-ans-je-viens-de-la-cote-divoire\/#article","isPartOf":{"@id":"https:\/\/ramina.fr\/index.php\/2019\/12\/13\/bonjour-je-mappelle-hassan-jai-17-ans-je-viens-de-la-cote-divoire\/"},"author":{"name":"Ramina R\u00e9seau","@id":"https:\/\/ramina.fr\/#\/schema\/person\/60afb851da2c0c7b9e173324b84144d5"},"headline":"Bonjour, je m\u2019appelle Hassan, j\u2019ai 17 ans, je viens de la C\u00f4te d\u2019Ivoire \ud83d\ude00","datePublished":"2019-12-13T12:10:39+00:00","dateModified":"2020-03-28T11:16:35+00:00","mainEntityOfPage":{"@id":"https:\/\/ramina.fr\/index.php\/2019\/12\/13\/bonjour-je-mappelle-hassan-jai-17-ans-je-viens-de-la-cote-divoire\/"},"wordCount":938,"commentCount":0,"publisher":{"@id":"https:\/\/ramina.fr\/#organization"},"articleSection":["Parole de Minots S1"],"inLanguage":"fr-FR","potentialAction":[{"@type":"CommentAction","name":"Comment","target":["https:\/\/ramina.fr\/index.php\/2019\/12\/13\/bonjour-je-mappelle-hassan-jai-17-ans-je-viens-de-la-cote-divoire\/#respond"]}]},{"@type":"WebPage","@id":"https:\/\/ramina.fr\/index.php\/2019\/12\/13\/bonjour-je-mappelle-hassan-jai-17-ans-je-viens-de-la-cote-divoire\/","url":"https:\/\/ramina.fr\/index.php\/2019\/12\/13\/bonjour-je-mappelle-hassan-jai-17-ans-je-viens-de-la-cote-divoire\/","name":"Bonjour, je m\u2019appelle Hassan, j\u2019ai 17 ans, je viens de la C\u00f4te d\u2019Ivoire \ud83d\ude00 | RAMINA","isPartOf":{"@id":"https:\/\/ramina.fr\/#website"},"datePublished":"2019-12-13T12:10:39+00:00","dateModified":"2020-03-28T11:16:35+00:00","breadcrumb":{"@id":"https:\/\/ramina.fr\/index.php\/2019\/12\/13\/bonjour-je-mappelle-hassan-jai-17-ans-je-viens-de-la-cote-divoire\/#breadcrumb"},"inLanguage":"fr-FR","potentialAction":[{"@type":"ReadAction","target":["https:\/\/ramina.fr\/index.php\/2019\/12\/13\/bonjour-je-mappelle-hassan-jai-17-ans-je-viens-de-la-cote-divoire\/"]}]},{"@type":"BreadcrumbList","@id":"https:\/\/ramina.fr\/index.php\/2019\/12\/13\/bonjour-je-mappelle-hassan-jai-17-ans-je-viens-de-la-cote-divoire\/#breadcrumb","itemListElement":[{"@type":"ListItem","position":1,"name":"Accueil","item":"https:\/\/ramina.fr\/"},{"@type":"ListItem","position":2,"name":"Bonjour, je m\u2019appelle Hassan, j\u2019ai 17 ans, je viens de la C\u00f4te d\u2019Ivoire \ud83d\ude00"}]},{"@type":"WebSite","@id":"https:\/\/ramina.fr\/#website","url":"https:\/\/ramina.fr\/","name":"RAMINA","description":"R\u00e9seau d\u2019Accueil des Minot.es Non Accompagn\u00e9s","publisher":{"@id":"https:\/\/ramina.fr\/#organization"},"alternateName":"R\u00e9seau d'accueil Solidaire des Minots Non Accompagn\u00e9s","potentialAction":[{"@type":"SearchAction","target":{"@type":"EntryPoint","urlTemplate":"https:\/\/ramina.fr\/?s={search_term_string}"},"query-input":{"@type":"PropertyValueSpecification","valueRequired":true,"valueName":"search_term_string"}}],"inLanguage":"fr-FR"},{"@type":"Organization","@id":"https:\/\/ramina.fr\/#organization","name":"RAMINA","alternateName":"R\u00e9seau d' Accueil des Minots Non Accompagn\u00e9s","url":"https:\/\/ramina.fr\/","logo":{"@type":"ImageObject","inLanguage":"fr-FR","@id":"https:\/\/ramina.fr\/#\/schema\/logo\/image\/","url":"https:\/\/ramina.fr\/wp-content\/uploads\/2025\/02\/LOGO_RAMINA_NOIR_VERTICAL.png","contentUrl":"https:\/\/ramina.fr\/wp-content\/uploads\/2025\/02\/LOGO_RAMINA_NOIR_VERTICAL.png","width":1654,"height":1418,"caption":"RAMINA"},"image":{"@id":"https:\/\/ramina.fr\/#\/schema\/logo\/image\/"},"sameAs":["https:\/\/www.facebook.com\/contact.ramina\/","https:\/\/www.instagram.com\/ramina_marseille\/"]},{"@type":"Person","@id":"https:\/\/ramina.fr\/#\/schema\/person\/60afb851da2c0c7b9e173324b84144d5","name":"Ramina R\u00e9seau","image":{"@type":"ImageObject","inLanguage":"fr-FR","@id":"https:\/\/ramina.fr\/#\/schema\/person\/image\/","url":"https:\/\/secure.gravatar.com\/avatar\/5985aef3267ffd44adcd4562d2752e99?s=96&d=mm&r=g","contentUrl":"https:\/\/secure.gravatar.com\/avatar\/5985aef3267ffd44adcd4562d2752e99?s=96&d=mm&r=g","caption":"Ramina R\u00e9seau"}}]}},"jetpack_featured_media_url":"","jetpack_sharing_enabled":true,"_links":{"self":[{"href":"https:\/\/ramina.fr\/index.php\/wp-json\/wp\/v2\/posts\/419","targetHints":{"allow":["GET"]}}],"collection":[{"href":"https:\/\/ramina.fr\/index.php\/wp-json\/wp\/v2\/posts"}],"about":[{"href":"https:\/\/ramina.fr\/index.php\/wp-json\/wp\/v2\/types\/post"}],"author":[{"embeddable":true,"href":"https:\/\/ramina.fr\/index.php\/wp-json\/wp\/v2\/users\/3"}],"replies":[{"embeddable":true,"href":"https:\/\/ramina.fr\/index.php\/wp-json\/wp\/v2\/comments?post=419"}],"version-history":[{"count":4,"href":"https:\/\/ramina.fr\/index.php\/wp-json\/wp\/v2\/posts\/419\/revisions"}],"predecessor-version":[{"id":989,"href":"https:\/\/ramina.fr\/index.php\/wp-json\/wp\/v2\/posts\/419\/revisions\/989"}],"wp:attachment":[{"href":"https:\/\/ramina.fr\/index.php\/wp-json\/wp\/v2\/media?parent=419"}],"wp:term":[{"taxonomy":"category","embeddable":true,"href":"https:\/\/ramina.fr\/index.php\/wp-json\/wp\/v2\/categories?post=419"},{"taxonomy":"post_tag","embeddable":true,"href":"https:\/\/ramina.fr\/index.php\/wp-json\/wp\/v2\/tags?post=419"}],"curies":[{"name":"wp","href":"https:\/\/api.w.org\/{rel}","templated":true}]}}