{"id":414,"date":"2019-12-09T12:45:00","date_gmt":"2019-12-09T11:45:00","guid":{"rendered":"http:\/\/ramina.fr\/?p=414"},"modified":"2020-03-28T12:16:00","modified_gmt":"2020-03-28T11:16:00","slug":"bonjour-je-mappelle-ibrahim-jai-16-ans-et-je-viens-du-burkina-faso","status":"publish","type":"post","link":"https:\/\/ramina.fr\/index.php\/2019\/12\/09\/bonjour-je-mappelle-ibrahim-jai-16-ans-et-je-viens-du-burkina-faso\/","title":{"rendered":"Bonjour, je m\u2019appelle Ibrahim, j\u2019ai 16 ans et je viens du Burkina  Faso \ud83d\ude00"},"content":{"rendered":"\n<p>Je suis \u00e0 Marseille depuis 1 mois et j\u2019ai commenc\u00e9 mes d\u00e9marches  pour la minorit\u00e9. Je suis des cours de  fran\u00e7ais 3 fois par semaine, plus tard je voudrais devenir \u00e9lectricien.  J\u2019ai envie de faire \u00e7a depuis que je suis tout petit. A cette \u00e9poque l\u00e0,  j\u2019avais fais du bricolage avec des piles, des fils, des ampoules pour  faire de la lumi\u00e8re dans la maison des parents. Il y avait 3 \u00e0 4 piles  et je les faisais recharger sur la terrasse avec le soleil et \u00e7a faisait  de l\u2019\u00e9clairage pour la famille. Si je suis venu en France c\u2019est pour ce  m\u00e9tier et aussi car au Burkina on a \u00e9t\u00e9 colonis\u00e9 par les fran\u00e7ais et  beaucoup de choses sont encore en fran\u00e7ais comme la langue. Et depuis  tout petit je voulais voir comment les fran\u00e7ais vivent sur leur  territoire et savoir la raison de pourquoi les fran\u00e7ais nous ont  colonis\u00e9. Pour l\u2019instant, je n\u2019ai toujours pas de r\u00e9ponses \u00e0 cette  question. Pour finir, j\u2019aimerai vous pr\u00e9senter cette chanson de zouglou.  C\u2019est un type de musique qui donne des conseils, qui parle de la  souffrance africaine, ici le groupe s\u2019appelle Les Leaders. Cette  musique, elle nous donne du courage pour se donner la main \u00e0 nous les  africains pour se battre pour un avenir meilleur. \u270c\ufe0fRdv vendredi pour une nouvelle parole de minot. Partagez, likez, boul\u00e9guez.\u270c\ufe0f <\/p>\n\n\n\n<figure class=\"wp-block-embed-youtube wp-block-embed is-type-video is-provider-youtube wp-embed-aspect-4-3 wp-has-aspect-ratio\"><div class=\"wp-block-embed__wrapper\">\n<iframe title=\"les leaders conseil d&#039;un pere\" width=\"525\" height=\"394\" src=\"https:\/\/www.youtube.com\/embed\/sa5scb9FKJQ?feature=oembed\" frameborder=\"0\" allow=\"accelerometer; autoplay; clipboard-write; encrypted-media; gyroscope; picture-in-picture; web-share\" referrerpolicy=\"strict-origin-when-cross-origin\" allowfullscreen><\/iframe>\n<\/div><\/figure>\n","protected":false},"excerpt":{"rendered":"<p>Je suis \u00e0 Marseille depuis 1 mois et j\u2019ai commenc\u00e9 mes d\u00e9marches pour la minorit\u00e9. Je suis des cours de fran\u00e7ais 3 fois par semaine, plus tard je voudrais devenir \u00e9lectricien. J\u2019ai envie de faire \u00e7a depuis que je suis tout petit. A cette \u00e9poque l\u00e0, j\u2019avais fais du bricolage avec des piles, des fils, &hellip; <\/p>\n<p class=\"link-more\"><a href=\"https:\/\/ramina.fr\/index.php\/2019\/12\/09\/bonjour-je-mappelle-ibrahim-jai-16-ans-et-je-viens-du-burkina-faso\/\" class=\"more-link\">Continuer la lecture<span class=\"screen-reader-text\"> de &laquo;&nbsp;Bonjour, je m\u2019appelle Ibrahim, j\u2019ai 16 ans et je viens du Burkina  Faso \ud83d\ude00&nbsp;&raquo;<\/span><\/a><\/p>\n","protected":false},"author":3,"featured_media":0,"comment_status":"open","ping_status":"open","sticky":false,"template":"","format":"standard","meta":{"_jetpack_memberships_contains_paid_content":false,"footnotes":""},"categories":[4],"tags":[],"class_list":["post-414","post","type-post","status-publish","format-standard","hentry","category-paroleminotsaison1"],"yoast_head":"<!-- This site is optimized with the Yoast SEO plugin v25.1 - https:\/\/yoast.com\/wordpress\/plugins\/seo\/ -->\n<title>Bonjour, je m\u2019appelle Ibrahim, j\u2019ai 16 ans et je viens du Burkina Faso \ud83d\ude00 | RAMINA<\/title>\n<meta name=\"robots\" content=\"noindex, follow\" \/>\n<meta property=\"og:locale\" content=\"fr_FR\" \/>\n<meta property=\"og:type\" content=\"article\" \/>\n<meta property=\"og:title\" content=\"Bonjour, je m\u2019appelle Ibrahim, j\u2019ai 16 ans et je viens du Burkina Faso \ud83d\ude00 | RAMINA\" \/>\n<meta property=\"og:description\" content=\"Je suis \u00e0 Marseille depuis 1 mois et j\u2019ai commenc\u00e9 mes d\u00e9marches pour la minorit\u00e9. Je suis des cours de fran\u00e7ais 3 fois par semaine, plus tard je voudrais devenir \u00e9lectricien. J\u2019ai envie de faire \u00e7a depuis que je suis tout petit. A cette \u00e9poque l\u00e0, j\u2019avais fais du bricolage avec des piles, des fils, &hellip; Continuer la lecture de &laquo;&nbsp;Bonjour, je m\u2019appelle Ibrahim, j\u2019ai 16 ans et je viens du Burkina Faso \ud83d\ude00&nbsp;&raquo;\" \/>\n<meta property=\"og:url\" content=\"https:\/\/ramina.fr\/index.php\/2019\/12\/09\/bonjour-je-mappelle-ibrahim-jai-16-ans-et-je-viens-du-burkina-faso\/\" \/>\n<meta property=\"og:site_name\" content=\"RAMINA\" \/>\n<meta property=\"article:publisher\" content=\"https:\/\/www.facebook.com\/contact.ramina\/\" \/>\n<meta property=\"article:published_time\" content=\"2019-12-09T11:45:00+00:00\" \/>\n<meta property=\"article:modified_time\" content=\"2020-03-28T11:16:00+00:00\" \/>\n<meta property=\"og:image\" content=\"https:\/\/ramina.fr\/wp-content\/uploads\/2025\/02\/ramina-image-mise-avant-wordpress.jpg\" \/>\n\t<meta property=\"og:image:width\" content=\"1200\" \/>\n\t<meta property=\"og:image:height\" content=\"675\" \/>\n\t<meta property=\"og:image:type\" content=\"image\/jpeg\" \/>\n<meta name=\"author\" content=\"Ramina R\u00e9seau\" \/>\n<meta name=\"twitter:card\" content=\"summary_large_image\" \/>\n<meta name=\"twitter:label1\" content=\"\u00c9crit par\" \/>\n\t<meta name=\"twitter:data1\" content=\"Ramina R\u00e9seau\" \/>\n\t<meta name=\"twitter:label2\" content=\"Dur\u00e9e de lecture estim\u00e9e\" \/>\n\t<meta name=\"twitter:data2\" content=\"1 minute\" \/>\n<script type=\"application\/ld+json\" class=\"yoast-schema-graph\">{\"@context\":\"https:\/\/schema.org\",\"@graph\":[{\"@type\":\"Article\",\"@id\":\"https:\/\/ramina.fr\/index.php\/2019\/12\/09\/bonjour-je-mappelle-ibrahim-jai-16-ans-et-je-viens-du-burkina-faso\/#article\",\"isPartOf\":{\"@id\":\"https:\/\/ramina.fr\/index.php\/2019\/12\/09\/bonjour-je-mappelle-ibrahim-jai-16-ans-et-je-viens-du-burkina-faso\/\"},\"author\":{\"name\":\"Ramina R\u00e9seau\",\"@id\":\"https:\/\/ramina.fr\/#\/schema\/person\/60afb851da2c0c7b9e173324b84144d5\"},\"headline\":\"Bonjour, je m\u2019appelle Ibrahim, j\u2019ai 16 ans et je viens du Burkina Faso \ud83d\ude00\",\"datePublished\":\"2019-12-09T11:45:00+00:00\",\"dateModified\":\"2020-03-28T11:16:00+00:00\",\"mainEntityOfPage\":{\"@id\":\"https:\/\/ramina.fr\/index.php\/2019\/12\/09\/bonjour-je-mappelle-ibrahim-jai-16-ans-et-je-viens-du-burkina-faso\/\"},\"wordCount\":262,\"commentCount\":0,\"publisher\":{\"@id\":\"https:\/\/ramina.fr\/#organization\"},\"articleSection\":[\"Parole de Minots S1\"],\"inLanguage\":\"fr-FR\",\"potentialAction\":[{\"@type\":\"CommentAction\",\"name\":\"Comment\",\"target\":[\"https:\/\/ramina.fr\/index.php\/2019\/12\/09\/bonjour-je-mappelle-ibrahim-jai-16-ans-et-je-viens-du-burkina-faso\/#respond\"]}]},{\"@type\":\"WebPage\",\"@id\":\"https:\/\/ramina.fr\/index.php\/2019\/12\/09\/bonjour-je-mappelle-ibrahim-jai-16-ans-et-je-viens-du-burkina-faso\/\",\"url\":\"https:\/\/ramina.fr\/index.php\/2019\/12\/09\/bonjour-je-mappelle-ibrahim-jai-16-ans-et-je-viens-du-burkina-faso\/\",\"name\":\"Bonjour, je m\u2019appelle Ibrahim, j\u2019ai 16 ans et je viens du Burkina Faso \ud83d\ude00 | RAMINA\",\"isPartOf\":{\"@id\":\"https:\/\/ramina.fr\/#website\"},\"datePublished\":\"2019-12-09T11:45:00+00:00\",\"dateModified\":\"2020-03-28T11:16:00+00:00\",\"breadcrumb\":{\"@id\":\"https:\/\/ramina.fr\/index.php\/2019\/12\/09\/bonjour-je-mappelle-ibrahim-jai-16-ans-et-je-viens-du-burkina-faso\/#breadcrumb\"},\"inLanguage\":\"fr-FR\",\"potentialAction\":[{\"@type\":\"ReadAction\",\"target\":[\"https:\/\/ramina.fr\/index.php\/2019\/12\/09\/bonjour-je-mappelle-ibrahim-jai-16-ans-et-je-viens-du-burkina-faso\/\"]}]},{\"@type\":\"BreadcrumbList\",\"@id\":\"https:\/\/ramina.fr\/index.php\/2019\/12\/09\/bonjour-je-mappelle-ibrahim-jai-16-ans-et-je-viens-du-burkina-faso\/#breadcrumb\",\"itemListElement\":[{\"@type\":\"ListItem\",\"position\":1,\"name\":\"Accueil\",\"item\":\"https:\/\/ramina.fr\/\"},{\"@type\":\"ListItem\",\"position\":2,\"name\":\"Bonjour, je m\u2019appelle Ibrahim, j\u2019ai 16 ans et je viens du Burkina Faso \ud83d\ude00\"}]},{\"@type\":\"WebSite\",\"@id\":\"https:\/\/ramina.fr\/#website\",\"url\":\"https:\/\/ramina.fr\/\",\"name\":\"RAMINA\",\"description\":\"R\u00e9seau d\u2019Accueil des Minot.es Non Accompagn\u00e9s\",\"publisher\":{\"@id\":\"https:\/\/ramina.fr\/#organization\"},\"alternateName\":\"R\u00e9seau d'accueil Solidaire des Minots Non Accompagn\u00e9s\",\"potentialAction\":[{\"@type\":\"SearchAction\",\"target\":{\"@type\":\"EntryPoint\",\"urlTemplate\":\"https:\/\/ramina.fr\/?s={search_term_string}\"},\"query-input\":{\"@type\":\"PropertyValueSpecification\",\"valueRequired\":true,\"valueName\":\"search_term_string\"}}],\"inLanguage\":\"fr-FR\"},{\"@type\":\"Organization\",\"@id\":\"https:\/\/ramina.fr\/#organization\",\"name\":\"RAMINA\",\"alternateName\":\"R\u00e9seau d' Accueil des Minots Non Accompagn\u00e9s\",\"url\":\"https:\/\/ramina.fr\/\",\"logo\":{\"@type\":\"ImageObject\",\"inLanguage\":\"fr-FR\",\"@id\":\"https:\/\/ramina.fr\/#\/schema\/logo\/image\/\",\"url\":\"https:\/\/ramina.fr\/wp-content\/uploads\/2025\/02\/LOGO_RAMINA_NOIR_VERTICAL.png\",\"contentUrl\":\"https:\/\/ramina.fr\/wp-content\/uploads\/2025\/02\/LOGO_RAMINA_NOIR_VERTICAL.png\",\"width\":1654,\"height\":1418,\"caption\":\"RAMINA\"},\"image\":{\"@id\":\"https:\/\/ramina.fr\/#\/schema\/logo\/image\/\"},\"sameAs\":[\"https:\/\/www.facebook.com\/contact.ramina\/\",\"https:\/\/www.instagram.com\/ramina_marseille\/\"]},{\"@type\":\"Person\",\"@id\":\"https:\/\/ramina.fr\/#\/schema\/person\/60afb851da2c0c7b9e173324b84144d5\",\"name\":\"Ramina R\u00e9seau\",\"image\":{\"@type\":\"ImageObject\",\"inLanguage\":\"fr-FR\",\"@id\":\"https:\/\/ramina.fr\/#\/schema\/person\/image\/\",\"url\":\"https:\/\/secure.gravatar.com\/avatar\/5985aef3267ffd44adcd4562d2752e99?s=96&d=mm&r=g\",\"contentUrl\":\"https:\/\/secure.gravatar.com\/avatar\/5985aef3267ffd44adcd4562d2752e99?s=96&d=mm&r=g\",\"caption\":\"Ramina R\u00e9seau\"}}]}<\/script>\n<!-- \/ Yoast SEO plugin. -->","yoast_head_json":{"title":"Bonjour, je m\u2019appelle Ibrahim, j\u2019ai 16 ans et je viens du Burkina Faso \ud83d\ude00 | RAMINA","robots":{"index":"noindex","follow":"follow"},"og_locale":"fr_FR","og_type":"article","og_title":"Bonjour, je m\u2019appelle Ibrahim, j\u2019ai 16 ans et je viens du Burkina Faso \ud83d\ude00 | RAMINA","og_description":"Je suis \u00e0 Marseille depuis 1 mois et j\u2019ai commenc\u00e9 mes d\u00e9marches pour la minorit\u00e9. Je suis des cours de fran\u00e7ais 3 fois par semaine, plus tard je voudrais devenir \u00e9lectricien. J\u2019ai envie de faire \u00e7a depuis que je suis tout petit. A cette \u00e9poque l\u00e0, j\u2019avais fais du bricolage avec des piles, des fils, &hellip; Continuer la lecture de &laquo;&nbsp;Bonjour, je m\u2019appelle Ibrahim, j\u2019ai 16 ans et je viens du Burkina Faso \ud83d\ude00&nbsp;&raquo;","og_url":"https:\/\/ramina.fr\/index.php\/2019\/12\/09\/bonjour-je-mappelle-ibrahim-jai-16-ans-et-je-viens-du-burkina-faso\/","og_site_name":"RAMINA","article_publisher":"https:\/\/www.facebook.com\/contact.ramina\/","article_published_time":"2019-12-09T11:45:00+00:00","article_modified_time":"2020-03-28T11:16:00+00:00","og_image":[{"width":1200,"height":675,"url":"https:\/\/ramina.fr\/wp-content\/uploads\/2025\/02\/ramina-image-mise-avant-wordpress.jpg","type":"image\/jpeg"}],"author":"Ramina R\u00e9seau","twitter_card":"summary_large_image","twitter_misc":{"\u00c9crit par":"Ramina R\u00e9seau","Dur\u00e9e de lecture estim\u00e9e":"1 minute"},"schema":{"@context":"https:\/\/schema.org","@graph":[{"@type":"Article","@id":"https:\/\/ramina.fr\/index.php\/2019\/12\/09\/bonjour-je-mappelle-ibrahim-jai-16-ans-et-je-viens-du-burkina-faso\/#article","isPartOf":{"@id":"https:\/\/ramina.fr\/index.php\/2019\/12\/09\/bonjour-je-mappelle-ibrahim-jai-16-ans-et-je-viens-du-burkina-faso\/"},"author":{"name":"Ramina R\u00e9seau","@id":"https:\/\/ramina.fr\/#\/schema\/person\/60afb851da2c0c7b9e173324b84144d5"},"headline":"Bonjour, je m\u2019appelle Ibrahim, j\u2019ai 16 ans et je viens du Burkina Faso \ud83d\ude00","datePublished":"2019-12-09T11:45:00+00:00","dateModified":"2020-03-28T11:16:00+00:00","mainEntityOfPage":{"@id":"https:\/\/ramina.fr\/index.php\/2019\/12\/09\/bonjour-je-mappelle-ibrahim-jai-16-ans-et-je-viens-du-burkina-faso\/"},"wordCount":262,"commentCount":0,"publisher":{"@id":"https:\/\/ramina.fr\/#organization"},"articleSection":["Parole de Minots S1"],"inLanguage":"fr-FR","potentialAction":[{"@type":"CommentAction","name":"Comment","target":["https:\/\/ramina.fr\/index.php\/2019\/12\/09\/bonjour-je-mappelle-ibrahim-jai-16-ans-et-je-viens-du-burkina-faso\/#respond"]}]},{"@type":"WebPage","@id":"https:\/\/ramina.fr\/index.php\/2019\/12\/09\/bonjour-je-mappelle-ibrahim-jai-16-ans-et-je-viens-du-burkina-faso\/","url":"https:\/\/ramina.fr\/index.php\/2019\/12\/09\/bonjour-je-mappelle-ibrahim-jai-16-ans-et-je-viens-du-burkina-faso\/","name":"Bonjour, je m\u2019appelle Ibrahim, j\u2019ai 16 ans et je viens du Burkina Faso \ud83d\ude00 | RAMINA","isPartOf":{"@id":"https:\/\/ramina.fr\/#website"},"datePublished":"2019-12-09T11:45:00+00:00","dateModified":"2020-03-28T11:16:00+00:00","breadcrumb":{"@id":"https:\/\/ramina.fr\/index.php\/2019\/12\/09\/bonjour-je-mappelle-ibrahim-jai-16-ans-et-je-viens-du-burkina-faso\/#breadcrumb"},"inLanguage":"fr-FR","potentialAction":[{"@type":"ReadAction","target":["https:\/\/ramina.fr\/index.php\/2019\/12\/09\/bonjour-je-mappelle-ibrahim-jai-16-ans-et-je-viens-du-burkina-faso\/"]}]},{"@type":"BreadcrumbList","@id":"https:\/\/ramina.fr\/index.php\/2019\/12\/09\/bonjour-je-mappelle-ibrahim-jai-16-ans-et-je-viens-du-burkina-faso\/#breadcrumb","itemListElement":[{"@type":"ListItem","position":1,"name":"Accueil","item":"https:\/\/ramina.fr\/"},{"@type":"ListItem","position":2,"name":"Bonjour, je m\u2019appelle Ibrahim, j\u2019ai 16 ans et je viens du Burkina Faso \ud83d\ude00"}]},{"@type":"WebSite","@id":"https:\/\/ramina.fr\/#website","url":"https:\/\/ramina.fr\/","name":"RAMINA","description":"R\u00e9seau d\u2019Accueil des Minot.es Non Accompagn\u00e9s","publisher":{"@id":"https:\/\/ramina.fr\/#organization"},"alternateName":"R\u00e9seau d'accueil Solidaire des Minots Non Accompagn\u00e9s","potentialAction":[{"@type":"SearchAction","target":{"@type":"EntryPoint","urlTemplate":"https:\/\/ramina.fr\/?s={search_term_string}"},"query-input":{"@type":"PropertyValueSpecification","valueRequired":true,"valueName":"search_term_string"}}],"inLanguage":"fr-FR"},{"@type":"Organization","@id":"https:\/\/ramina.fr\/#organization","name":"RAMINA","alternateName":"R\u00e9seau d' Accueil des Minots Non Accompagn\u00e9s","url":"https:\/\/ramina.fr\/","logo":{"@type":"ImageObject","inLanguage":"fr-FR","@id":"https:\/\/ramina.fr\/#\/schema\/logo\/image\/","url":"https:\/\/ramina.fr\/wp-content\/uploads\/2025\/02\/LOGO_RAMINA_NOIR_VERTICAL.png","contentUrl":"https:\/\/ramina.fr\/wp-content\/uploads\/2025\/02\/LOGO_RAMINA_NOIR_VERTICAL.png","width":1654,"height":1418,"caption":"RAMINA"},"image":{"@id":"https:\/\/ramina.fr\/#\/schema\/logo\/image\/"},"sameAs":["https:\/\/www.facebook.com\/contact.ramina\/","https:\/\/www.instagram.com\/ramina_marseille\/"]},{"@type":"Person","@id":"https:\/\/ramina.fr\/#\/schema\/person\/60afb851da2c0c7b9e173324b84144d5","name":"Ramina R\u00e9seau","image":{"@type":"ImageObject","inLanguage":"fr-FR","@id":"https:\/\/ramina.fr\/#\/schema\/person\/image\/","url":"https:\/\/secure.gravatar.com\/avatar\/5985aef3267ffd44adcd4562d2752e99?s=96&d=mm&r=g","contentUrl":"https:\/\/secure.gravatar.com\/avatar\/5985aef3267ffd44adcd4562d2752e99?s=96&d=mm&r=g","caption":"Ramina R\u00e9seau"}}]}},"jetpack_featured_media_url":"","jetpack_sharing_enabled":true,"_links":{"self":[{"href":"https:\/\/ramina.fr\/index.php\/wp-json\/wp\/v2\/posts\/414","targetHints":{"allow":["GET"]}}],"collection":[{"href":"https:\/\/ramina.fr\/index.php\/wp-json\/wp\/v2\/posts"}],"about":[{"href":"https:\/\/ramina.fr\/index.php\/wp-json\/wp\/v2\/types\/post"}],"author":[{"embeddable":true,"href":"https:\/\/ramina.fr\/index.php\/wp-json\/wp\/v2\/users\/3"}],"replies":[{"embeddable":true,"href":"https:\/\/ramina.fr\/index.php\/wp-json\/wp\/v2\/comments?post=414"}],"version-history":[{"count":4,"href":"https:\/\/ramina.fr\/index.php\/wp-json\/wp\/v2\/posts\/414\/revisions"}],"predecessor-version":[{"id":1049,"href":"https:\/\/ramina.fr\/index.php\/wp-json\/wp\/v2\/posts\/414\/revisions\/1049"}],"wp:attachment":[{"href":"https:\/\/ramina.fr\/index.php\/wp-json\/wp\/v2\/media?parent=414"}],"wp:term":[{"taxonomy":"category","embeddable":true,"href":"https:\/\/ramina.fr\/index.php\/wp-json\/wp\/v2\/categories?post=414"},{"taxonomy":"post_tag","embeddable":true,"href":"https:\/\/ramina.fr\/index.php\/wp-json\/wp\/v2\/tags?post=414"}],"curies":[{"name":"wp","href":"https:\/\/api.w.org\/{rel}","templated":true}]}}