{"id":410,"date":"2019-12-06T13:22:00","date_gmt":"2019-12-06T12:22:00","guid":{"rendered":"http:\/\/ramina.fr\/?p=410"},"modified":"2020-03-28T12:13:58","modified_gmt":"2020-03-28T11:13:58","slug":"bonjour-cest-issa-de-la-cote-divoire-javais-deja-fait-ma-presentation-dans-le-parole-de-minot-du-7-septembre-passe","status":"publish","type":"post","link":"https:\/\/ramina.fr\/index.php\/2019\/12\/06\/bonjour-cest-issa-de-la-cote-divoire-javais-deja-fait-ma-presentation-dans-le-parole-de-minot-du-7-septembre-passe\/","title":{"rendered":"Po\u00e9sie de Minot \ud83d\ude00 : Bonjour c\u2019est \u00e0 nouveau Issa de la C\u00f4te d\u2019Ivoire"},"content":{"rendered":"\n<p>J\u2019avais d\u00e9j\u00e0 fait ma  pr\u00e9sentation dans le Parole de Minot du 7 septembre pass\u00e9. Aujourd\u2019hui,  je voudrais vous partager un po\u00e8me que j\u2019ai \u00e9cris et qui s\u2019appelle \u00ab Le  demandeur d\u2019asile \u00bb. J&rsquo;appr\u00e9cie beaucoup \u00e9crire des po\u00e8mes et mon projet  se serait un jour d\u2019\u00e9crire un livre sur ma vie, mon parcours et  d\u2019autres choses. J\u2019aimerai pouvoir expliquer ma col\u00e8re devant les m\u00e9dias  pour que l\u2019Afrique s&rsquo;aper\u00e7oive de mon \u00e9tat.\u270c\ufe0fRdv lundi pour une nouvelle parole de minot. Partagez, likez, boul\u00e9guez.\u270c\ufe0f <\/p>\n\n\n\n<figure class=\"wp-block-image size-large\"><img fetchpriority=\"high\" decoding=\"async\" width=\"844\" height=\"1024\" src=\"https:\/\/ramina.fr\/wp-content\/uploads\/2019\/12\/RAMINA-PAROLE-DE-MINOT-ISSA-POEME-MARSEILLE-LE-DEMANDEUR-DASILE-844x1024.jpg\" alt=\"\" class=\"wp-image-411\" srcset=\"https:\/\/ramina.fr\/wp-content\/uploads\/2019\/12\/RAMINA-PAROLE-DE-MINOT-ISSA-POEME-MARSEILLE-LE-DEMANDEUR-DASILE-844x1024.jpg 844w, https:\/\/ramina.fr\/wp-content\/uploads\/2019\/12\/RAMINA-PAROLE-DE-MINOT-ISSA-POEME-MARSEILLE-LE-DEMANDEUR-DASILE-247x300.jpg 247w, https:\/\/ramina.fr\/wp-content\/uploads\/2019\/12\/RAMINA-PAROLE-DE-MINOT-ISSA-POEME-MARSEILLE-LE-DEMANDEUR-DASILE-768x932.jpg 768w, https:\/\/ramina.fr\/wp-content\/uploads\/2019\/12\/RAMINA-PAROLE-DE-MINOT-ISSA-POEME-MARSEILLE-LE-DEMANDEUR-DASILE-1266x1536.jpg 1266w, https:\/\/ramina.fr\/wp-content\/uploads\/2019\/12\/RAMINA-PAROLE-DE-MINOT-ISSA-POEME-MARSEILLE-LE-DEMANDEUR-DASILE.jpg 1329w\" sizes=\"(max-width: 706px) 89vw, (max-width: 767px) 82vw, 740px\" \/><\/figure>\n","protected":false},"excerpt":{"rendered":"<p>J\u2019avais d\u00e9j\u00e0 fait ma pr\u00e9sentation dans le Parole de Minot du 7 septembre pass\u00e9. Aujourd\u2019hui, je voudrais vous partager un po\u00e8me que j\u2019ai \u00e9cris et qui s\u2019appelle \u00ab Le demandeur d\u2019asile \u00bb. J&rsquo;appr\u00e9cie beaucoup \u00e9crire des po\u00e8mes et mon projet se serait un jour d\u2019\u00e9crire un livre sur ma vie, mon parcours et d\u2019autres choses. &hellip; <\/p>\n<p class=\"link-more\"><a href=\"https:\/\/ramina.fr\/index.php\/2019\/12\/06\/bonjour-cest-issa-de-la-cote-divoire-javais-deja-fait-ma-presentation-dans-le-parole-de-minot-du-7-septembre-passe\/\" class=\"more-link\">Continuer la lecture<span class=\"screen-reader-text\"> de &laquo;&nbsp;Po\u00e9sie de Minot \ud83d\ude00 : Bonjour c\u2019est \u00e0 nouveau Issa de la C\u00f4te d\u2019Ivoire&nbsp;&raquo;<\/span><\/a><\/p>\n","protected":false},"author":3,"featured_media":0,"comment_status":"open","ping_status":"open","sticky":false,"template":"","format":"standard","meta":{"_jetpack_memberships_contains_paid_content":false,"footnotes":""},"categories":[4],"tags":[],"class_list":["post-410","post","type-post","status-publish","format-standard","hentry","category-paroleminotsaison1"],"yoast_head":"<!-- This site is optimized with the Yoast SEO plugin v25.1 - https:\/\/yoast.com\/wordpress\/plugins\/seo\/ -->\n<title>Po\u00e9sie de Minot \ud83d\ude00 : Bonjour c\u2019est \u00e0 nouveau Issa de la C\u00f4te d\u2019Ivoire | RAMINA<\/title>\n<meta name=\"robots\" content=\"noindex, follow\" \/>\n<meta property=\"og:locale\" content=\"fr_FR\" \/>\n<meta property=\"og:type\" content=\"article\" \/>\n<meta property=\"og:title\" content=\"Po\u00e9sie de Minot \ud83d\ude00 : Bonjour c\u2019est \u00e0 nouveau Issa de la C\u00f4te d\u2019Ivoire | RAMINA\" \/>\n<meta property=\"og:description\" content=\"J\u2019avais d\u00e9j\u00e0 fait ma pr\u00e9sentation dans le Parole de Minot du 7 septembre pass\u00e9. Aujourd\u2019hui, je voudrais vous partager un po\u00e8me que j\u2019ai \u00e9cris et qui s\u2019appelle \u00ab Le demandeur d\u2019asile \u00bb. J&rsquo;appr\u00e9cie beaucoup \u00e9crire des po\u00e8mes et mon projet se serait un jour d\u2019\u00e9crire un livre sur ma vie, mon parcours et d\u2019autres choses. &hellip; Continuer la lecture de &laquo;&nbsp;Po\u00e9sie de Minot \ud83d\ude00 : Bonjour c\u2019est \u00e0 nouveau Issa de la C\u00f4te d\u2019Ivoire&nbsp;&raquo;\" \/>\n<meta property=\"og:url\" content=\"https:\/\/ramina.fr\/index.php\/2019\/12\/06\/bonjour-cest-issa-de-la-cote-divoire-javais-deja-fait-ma-presentation-dans-le-parole-de-minot-du-7-septembre-passe\/\" \/>\n<meta property=\"og:site_name\" content=\"RAMINA\" \/>\n<meta property=\"article:publisher\" content=\"https:\/\/www.facebook.com\/contact.ramina\/\" \/>\n<meta property=\"article:published_time\" content=\"2019-12-06T12:22:00+00:00\" \/>\n<meta property=\"article:modified_time\" content=\"2020-03-28T11:13:58+00:00\" \/>\n<meta property=\"og:image\" content=\"http:\/\/ramina.fr\/wp-content\/uploads\/2019\/12\/RAMINA-PAROLE-DE-MINOT-ISSA-POEME-MARSEILLE-LE-DEMANDEUR-DASILE-844x1024.jpg\" \/>\n<meta name=\"author\" content=\"Ramina R\u00e9seau\" \/>\n<meta name=\"twitter:card\" content=\"summary_large_image\" \/>\n<meta name=\"twitter:label1\" content=\"\u00c9crit par\" \/>\n\t<meta name=\"twitter:data1\" content=\"Ramina R\u00e9seau\" \/>\n<script type=\"application\/ld+json\" class=\"yoast-schema-graph\">{\"@context\":\"https:\/\/schema.org\",\"@graph\":[{\"@type\":\"Article\",\"@id\":\"https:\/\/ramina.fr\/index.php\/2019\/12\/06\/bonjour-cest-issa-de-la-cote-divoire-javais-deja-fait-ma-presentation-dans-le-parole-de-minot-du-7-septembre-passe\/#article\",\"isPartOf\":{\"@id\":\"https:\/\/ramina.fr\/index.php\/2019\/12\/06\/bonjour-cest-issa-de-la-cote-divoire-javais-deja-fait-ma-presentation-dans-le-parole-de-minot-du-7-septembre-passe\/\"},\"author\":{\"name\":\"Ramina R\u00e9seau\",\"@id\":\"https:\/\/ramina.fr\/#\/schema\/person\/60afb851da2c0c7b9e173324b84144d5\"},\"headline\":\"Po\u00e9sie de Minot \ud83d\ude00 : Bonjour c\u2019est \u00e0 nouveau Issa de la C\u00f4te d\u2019Ivoire\",\"datePublished\":\"2019-12-06T12:22:00+00:00\",\"dateModified\":\"2020-03-28T11:13:58+00:00\",\"mainEntityOfPage\":{\"@id\":\"https:\/\/ramina.fr\/index.php\/2019\/12\/06\/bonjour-cest-issa-de-la-cote-divoire-javais-deja-fait-ma-presentation-dans-le-parole-de-minot-du-7-septembre-passe\/\"},\"wordCount\":111,\"commentCount\":0,\"publisher\":{\"@id\":\"https:\/\/ramina.fr\/#organization\"},\"image\":{\"@id\":\"https:\/\/ramina.fr\/index.php\/2019\/12\/06\/bonjour-cest-issa-de-la-cote-divoire-javais-deja-fait-ma-presentation-dans-le-parole-de-minot-du-7-septembre-passe\/#primaryimage\"},\"thumbnailUrl\":\"http:\/\/ramina.fr\/wp-content\/uploads\/2019\/12\/RAMINA-PAROLE-DE-MINOT-ISSA-POEME-MARSEILLE-LE-DEMANDEUR-DASILE-844x1024.jpg\",\"articleSection\":[\"Parole de Minots S1\"],\"inLanguage\":\"fr-FR\",\"potentialAction\":[{\"@type\":\"CommentAction\",\"name\":\"Comment\",\"target\":[\"https:\/\/ramina.fr\/index.php\/2019\/12\/06\/bonjour-cest-issa-de-la-cote-divoire-javais-deja-fait-ma-presentation-dans-le-parole-de-minot-du-7-septembre-passe\/#respond\"]}]},{\"@type\":\"WebPage\",\"@id\":\"https:\/\/ramina.fr\/index.php\/2019\/12\/06\/bonjour-cest-issa-de-la-cote-divoire-javais-deja-fait-ma-presentation-dans-le-parole-de-minot-du-7-septembre-passe\/\",\"url\":\"https:\/\/ramina.fr\/index.php\/2019\/12\/06\/bonjour-cest-issa-de-la-cote-divoire-javais-deja-fait-ma-presentation-dans-le-parole-de-minot-du-7-septembre-passe\/\",\"name\":\"Po\u00e9sie de Minot \ud83d\ude00 : Bonjour c\u2019est \u00e0 nouveau Issa de la C\u00f4te d\u2019Ivoire | RAMINA\",\"isPartOf\":{\"@id\":\"https:\/\/ramina.fr\/#website\"},\"primaryImageOfPage\":{\"@id\":\"https:\/\/ramina.fr\/index.php\/2019\/12\/06\/bonjour-cest-issa-de-la-cote-divoire-javais-deja-fait-ma-presentation-dans-le-parole-de-minot-du-7-septembre-passe\/#primaryimage\"},\"image\":{\"@id\":\"https:\/\/ramina.fr\/index.php\/2019\/12\/06\/bonjour-cest-issa-de-la-cote-divoire-javais-deja-fait-ma-presentation-dans-le-parole-de-minot-du-7-septembre-passe\/#primaryimage\"},\"thumbnailUrl\":\"http:\/\/ramina.fr\/wp-content\/uploads\/2019\/12\/RAMINA-PAROLE-DE-MINOT-ISSA-POEME-MARSEILLE-LE-DEMANDEUR-DASILE-844x1024.jpg\",\"datePublished\":\"2019-12-06T12:22:00+00:00\",\"dateModified\":\"2020-03-28T11:13:58+00:00\",\"breadcrumb\":{\"@id\":\"https:\/\/ramina.fr\/index.php\/2019\/12\/06\/bonjour-cest-issa-de-la-cote-divoire-javais-deja-fait-ma-presentation-dans-le-parole-de-minot-du-7-septembre-passe\/#breadcrumb\"},\"inLanguage\":\"fr-FR\",\"potentialAction\":[{\"@type\":\"ReadAction\",\"target\":[\"https:\/\/ramina.fr\/index.php\/2019\/12\/06\/bonjour-cest-issa-de-la-cote-divoire-javais-deja-fait-ma-presentation-dans-le-parole-de-minot-du-7-septembre-passe\/\"]}]},{\"@type\":\"ImageObject\",\"inLanguage\":\"fr-FR\",\"@id\":\"https:\/\/ramina.fr\/index.php\/2019\/12\/06\/bonjour-cest-issa-de-la-cote-divoire-javais-deja-fait-ma-presentation-dans-le-parole-de-minot-du-7-septembre-passe\/#primaryimage\",\"url\":\"http:\/\/ramina.fr\/wp-content\/uploads\/2019\/12\/RAMINA-PAROLE-DE-MINOT-ISSA-POEME-MARSEILLE-LE-DEMANDEUR-DASILE-844x1024.jpg\",\"contentUrl\":\"http:\/\/ramina.fr\/wp-content\/uploads\/2019\/12\/RAMINA-PAROLE-DE-MINOT-ISSA-POEME-MARSEILLE-LE-DEMANDEUR-DASILE-844x1024.jpg\"},{\"@type\":\"BreadcrumbList\",\"@id\":\"https:\/\/ramina.fr\/index.php\/2019\/12\/06\/bonjour-cest-issa-de-la-cote-divoire-javais-deja-fait-ma-presentation-dans-le-parole-de-minot-du-7-septembre-passe\/#breadcrumb\",\"itemListElement\":[{\"@type\":\"ListItem\",\"position\":1,\"name\":\"Accueil\",\"item\":\"https:\/\/ramina.fr\/\"},{\"@type\":\"ListItem\",\"position\":2,\"name\":\"Po\u00e9sie de Minot \ud83d\ude00 : Bonjour c\u2019est \u00e0 nouveau Issa de la C\u00f4te d\u2019Ivoire\"}]},{\"@type\":\"WebSite\",\"@id\":\"https:\/\/ramina.fr\/#website\",\"url\":\"https:\/\/ramina.fr\/\",\"name\":\"RAMINA\",\"description\":\"R\u00e9seau d\u2019Accueil des Minot.es Non Accompagn\u00e9s\",\"publisher\":{\"@id\":\"https:\/\/ramina.fr\/#organization\"},\"alternateName\":\"R\u00e9seau d'accueil Solidaire des Minots Non Accompagn\u00e9s\",\"potentialAction\":[{\"@type\":\"SearchAction\",\"target\":{\"@type\":\"EntryPoint\",\"urlTemplate\":\"https:\/\/ramina.fr\/?s={search_term_string}\"},\"query-input\":{\"@type\":\"PropertyValueSpecification\",\"valueRequired\":true,\"valueName\":\"search_term_string\"}}],\"inLanguage\":\"fr-FR\"},{\"@type\":\"Organization\",\"@id\":\"https:\/\/ramina.fr\/#organization\",\"name\":\"RAMINA\",\"alternateName\":\"R\u00e9seau d' Accueil des Minots Non Accompagn\u00e9s\",\"url\":\"https:\/\/ramina.fr\/\",\"logo\":{\"@type\":\"ImageObject\",\"inLanguage\":\"fr-FR\",\"@id\":\"https:\/\/ramina.fr\/#\/schema\/logo\/image\/\",\"url\":\"https:\/\/ramina.fr\/wp-content\/uploads\/2025\/02\/LOGO_RAMINA_NOIR_VERTICAL.png\",\"contentUrl\":\"https:\/\/ramina.fr\/wp-content\/uploads\/2025\/02\/LOGO_RAMINA_NOIR_VERTICAL.png\",\"width\":1654,\"height\":1418,\"caption\":\"RAMINA\"},\"image\":{\"@id\":\"https:\/\/ramina.fr\/#\/schema\/logo\/image\/\"},\"sameAs\":[\"https:\/\/www.facebook.com\/contact.ramina\/\",\"https:\/\/www.instagram.com\/ramina_marseille\/\"]},{\"@type\":\"Person\",\"@id\":\"https:\/\/ramina.fr\/#\/schema\/person\/60afb851da2c0c7b9e173324b84144d5\",\"name\":\"Ramina R\u00e9seau\",\"image\":{\"@type\":\"ImageObject\",\"inLanguage\":\"fr-FR\",\"@id\":\"https:\/\/ramina.fr\/#\/schema\/person\/image\/\",\"url\":\"https:\/\/secure.gravatar.com\/avatar\/5985aef3267ffd44adcd4562d2752e99?s=96&d=mm&r=g\",\"contentUrl\":\"https:\/\/secure.gravatar.com\/avatar\/5985aef3267ffd44adcd4562d2752e99?s=96&d=mm&r=g\",\"caption\":\"Ramina R\u00e9seau\"}}]}<\/script>\n<!-- \/ Yoast SEO plugin. -->","yoast_head_json":{"title":"Po\u00e9sie de Minot \ud83d\ude00 : Bonjour c\u2019est \u00e0 nouveau Issa de la C\u00f4te d\u2019Ivoire | RAMINA","robots":{"index":"noindex","follow":"follow"},"og_locale":"fr_FR","og_type":"article","og_title":"Po\u00e9sie de Minot \ud83d\ude00 : Bonjour c\u2019est \u00e0 nouveau Issa de la C\u00f4te d\u2019Ivoire | RAMINA","og_description":"J\u2019avais d\u00e9j\u00e0 fait ma pr\u00e9sentation dans le Parole de Minot du 7 septembre pass\u00e9. Aujourd\u2019hui, je voudrais vous partager un po\u00e8me que j\u2019ai \u00e9cris et qui s\u2019appelle \u00ab Le demandeur d\u2019asile \u00bb. J&rsquo;appr\u00e9cie beaucoup \u00e9crire des po\u00e8mes et mon projet se serait un jour d\u2019\u00e9crire un livre sur ma vie, mon parcours et d\u2019autres choses. &hellip; Continuer la lecture de &laquo;&nbsp;Po\u00e9sie de Minot \ud83d\ude00 : Bonjour c\u2019est \u00e0 nouveau Issa de la C\u00f4te d\u2019Ivoire&nbsp;&raquo;","og_url":"https:\/\/ramina.fr\/index.php\/2019\/12\/06\/bonjour-cest-issa-de-la-cote-divoire-javais-deja-fait-ma-presentation-dans-le-parole-de-minot-du-7-septembre-passe\/","og_site_name":"RAMINA","article_publisher":"https:\/\/www.facebook.com\/contact.ramina\/","article_published_time":"2019-12-06T12:22:00+00:00","article_modified_time":"2020-03-28T11:13:58+00:00","og_image":[{"url":"http:\/\/ramina.fr\/wp-content\/uploads\/2019\/12\/RAMINA-PAROLE-DE-MINOT-ISSA-POEME-MARSEILLE-LE-DEMANDEUR-DASILE-844x1024.jpg","type":"","width":"","height":""}],"author":"Ramina R\u00e9seau","twitter_card":"summary_large_image","twitter_misc":{"\u00c9crit par":"Ramina R\u00e9seau"},"schema":{"@context":"https:\/\/schema.org","@graph":[{"@type":"Article","@id":"https:\/\/ramina.fr\/index.php\/2019\/12\/06\/bonjour-cest-issa-de-la-cote-divoire-javais-deja-fait-ma-presentation-dans-le-parole-de-minot-du-7-septembre-passe\/#article","isPartOf":{"@id":"https:\/\/ramina.fr\/index.php\/2019\/12\/06\/bonjour-cest-issa-de-la-cote-divoire-javais-deja-fait-ma-presentation-dans-le-parole-de-minot-du-7-septembre-passe\/"},"author":{"name":"Ramina R\u00e9seau","@id":"https:\/\/ramina.fr\/#\/schema\/person\/60afb851da2c0c7b9e173324b84144d5"},"headline":"Po\u00e9sie de Minot \ud83d\ude00 : Bonjour c\u2019est \u00e0 nouveau Issa de la C\u00f4te d\u2019Ivoire","datePublished":"2019-12-06T12:22:00+00:00","dateModified":"2020-03-28T11:13:58+00:00","mainEntityOfPage":{"@id":"https:\/\/ramina.fr\/index.php\/2019\/12\/06\/bonjour-cest-issa-de-la-cote-divoire-javais-deja-fait-ma-presentation-dans-le-parole-de-minot-du-7-septembre-passe\/"},"wordCount":111,"commentCount":0,"publisher":{"@id":"https:\/\/ramina.fr\/#organization"},"image":{"@id":"https:\/\/ramina.fr\/index.php\/2019\/12\/06\/bonjour-cest-issa-de-la-cote-divoire-javais-deja-fait-ma-presentation-dans-le-parole-de-minot-du-7-septembre-passe\/#primaryimage"},"thumbnailUrl":"http:\/\/ramina.fr\/wp-content\/uploads\/2019\/12\/RAMINA-PAROLE-DE-MINOT-ISSA-POEME-MARSEILLE-LE-DEMANDEUR-DASILE-844x1024.jpg","articleSection":["Parole de Minots S1"],"inLanguage":"fr-FR","potentialAction":[{"@type":"CommentAction","name":"Comment","target":["https:\/\/ramina.fr\/index.php\/2019\/12\/06\/bonjour-cest-issa-de-la-cote-divoire-javais-deja-fait-ma-presentation-dans-le-parole-de-minot-du-7-septembre-passe\/#respond"]}]},{"@type":"WebPage","@id":"https:\/\/ramina.fr\/index.php\/2019\/12\/06\/bonjour-cest-issa-de-la-cote-divoire-javais-deja-fait-ma-presentation-dans-le-parole-de-minot-du-7-septembre-passe\/","url":"https:\/\/ramina.fr\/index.php\/2019\/12\/06\/bonjour-cest-issa-de-la-cote-divoire-javais-deja-fait-ma-presentation-dans-le-parole-de-minot-du-7-septembre-passe\/","name":"Po\u00e9sie de Minot \ud83d\ude00 : Bonjour c\u2019est \u00e0 nouveau Issa de la C\u00f4te d\u2019Ivoire | RAMINA","isPartOf":{"@id":"https:\/\/ramina.fr\/#website"},"primaryImageOfPage":{"@id":"https:\/\/ramina.fr\/index.php\/2019\/12\/06\/bonjour-cest-issa-de-la-cote-divoire-javais-deja-fait-ma-presentation-dans-le-parole-de-minot-du-7-septembre-passe\/#primaryimage"},"image":{"@id":"https:\/\/ramina.fr\/index.php\/2019\/12\/06\/bonjour-cest-issa-de-la-cote-divoire-javais-deja-fait-ma-presentation-dans-le-parole-de-minot-du-7-septembre-passe\/#primaryimage"},"thumbnailUrl":"http:\/\/ramina.fr\/wp-content\/uploads\/2019\/12\/RAMINA-PAROLE-DE-MINOT-ISSA-POEME-MARSEILLE-LE-DEMANDEUR-DASILE-844x1024.jpg","datePublished":"2019-12-06T12:22:00+00:00","dateModified":"2020-03-28T11:13:58+00:00","breadcrumb":{"@id":"https:\/\/ramina.fr\/index.php\/2019\/12\/06\/bonjour-cest-issa-de-la-cote-divoire-javais-deja-fait-ma-presentation-dans-le-parole-de-minot-du-7-septembre-passe\/#breadcrumb"},"inLanguage":"fr-FR","potentialAction":[{"@type":"ReadAction","target":["https:\/\/ramina.fr\/index.php\/2019\/12\/06\/bonjour-cest-issa-de-la-cote-divoire-javais-deja-fait-ma-presentation-dans-le-parole-de-minot-du-7-septembre-passe\/"]}]},{"@type":"ImageObject","inLanguage":"fr-FR","@id":"https:\/\/ramina.fr\/index.php\/2019\/12\/06\/bonjour-cest-issa-de-la-cote-divoire-javais-deja-fait-ma-presentation-dans-le-parole-de-minot-du-7-septembre-passe\/#primaryimage","url":"http:\/\/ramina.fr\/wp-content\/uploads\/2019\/12\/RAMINA-PAROLE-DE-MINOT-ISSA-POEME-MARSEILLE-LE-DEMANDEUR-DASILE-844x1024.jpg","contentUrl":"http:\/\/ramina.fr\/wp-content\/uploads\/2019\/12\/RAMINA-PAROLE-DE-MINOT-ISSA-POEME-MARSEILLE-LE-DEMANDEUR-DASILE-844x1024.jpg"},{"@type":"BreadcrumbList","@id":"https:\/\/ramina.fr\/index.php\/2019\/12\/06\/bonjour-cest-issa-de-la-cote-divoire-javais-deja-fait-ma-presentation-dans-le-parole-de-minot-du-7-septembre-passe\/#breadcrumb","itemListElement":[{"@type":"ListItem","position":1,"name":"Accueil","item":"https:\/\/ramina.fr\/"},{"@type":"ListItem","position":2,"name":"Po\u00e9sie de Minot \ud83d\ude00 : Bonjour c\u2019est \u00e0 nouveau Issa de la C\u00f4te d\u2019Ivoire"}]},{"@type":"WebSite","@id":"https:\/\/ramina.fr\/#website","url":"https:\/\/ramina.fr\/","name":"RAMINA","description":"R\u00e9seau d\u2019Accueil des Minot.es Non Accompagn\u00e9s","publisher":{"@id":"https:\/\/ramina.fr\/#organization"},"alternateName":"R\u00e9seau d'accueil Solidaire des Minots Non Accompagn\u00e9s","potentialAction":[{"@type":"SearchAction","target":{"@type":"EntryPoint","urlTemplate":"https:\/\/ramina.fr\/?s={search_term_string}"},"query-input":{"@type":"PropertyValueSpecification","valueRequired":true,"valueName":"search_term_string"}}],"inLanguage":"fr-FR"},{"@type":"Organization","@id":"https:\/\/ramina.fr\/#organization","name":"RAMINA","alternateName":"R\u00e9seau d' Accueil des Minots Non Accompagn\u00e9s","url":"https:\/\/ramina.fr\/","logo":{"@type":"ImageObject","inLanguage":"fr-FR","@id":"https:\/\/ramina.fr\/#\/schema\/logo\/image\/","url":"https:\/\/ramina.fr\/wp-content\/uploads\/2025\/02\/LOGO_RAMINA_NOIR_VERTICAL.png","contentUrl":"https:\/\/ramina.fr\/wp-content\/uploads\/2025\/02\/LOGO_RAMINA_NOIR_VERTICAL.png","width":1654,"height":1418,"caption":"RAMINA"},"image":{"@id":"https:\/\/ramina.fr\/#\/schema\/logo\/image\/"},"sameAs":["https:\/\/www.facebook.com\/contact.ramina\/","https:\/\/www.instagram.com\/ramina_marseille\/"]},{"@type":"Person","@id":"https:\/\/ramina.fr\/#\/schema\/person\/60afb851da2c0c7b9e173324b84144d5","name":"Ramina R\u00e9seau","image":{"@type":"ImageObject","inLanguage":"fr-FR","@id":"https:\/\/ramina.fr\/#\/schema\/person\/image\/","url":"https:\/\/secure.gravatar.com\/avatar\/5985aef3267ffd44adcd4562d2752e99?s=96&d=mm&r=g","contentUrl":"https:\/\/secure.gravatar.com\/avatar\/5985aef3267ffd44adcd4562d2752e99?s=96&d=mm&r=g","caption":"Ramina R\u00e9seau"}}]}},"jetpack_featured_media_url":"","jetpack_sharing_enabled":true,"_links":{"self":[{"href":"https:\/\/ramina.fr\/index.php\/wp-json\/wp\/v2\/posts\/410","targetHints":{"allow":["GET"]}}],"collection":[{"href":"https:\/\/ramina.fr\/index.php\/wp-json\/wp\/v2\/posts"}],"about":[{"href":"https:\/\/ramina.fr\/index.php\/wp-json\/wp\/v2\/types\/post"}],"author":[{"embeddable":true,"href":"https:\/\/ramina.fr\/index.php\/wp-json\/wp\/v2\/users\/3"}],"replies":[{"embeddable":true,"href":"https:\/\/ramina.fr\/index.php\/wp-json\/wp\/v2\/comments?post=410"}],"version-history":[{"count":5,"href":"https:\/\/ramina.fr\/index.php\/wp-json\/wp\/v2\/posts\/410\/revisions"}],"predecessor-version":[{"id":983,"href":"https:\/\/ramina.fr\/index.php\/wp-json\/wp\/v2\/posts\/410\/revisions\/983"}],"wp:attachment":[{"href":"https:\/\/ramina.fr\/index.php\/wp-json\/wp\/v2\/media?parent=410"}],"wp:term":[{"taxonomy":"category","embeddable":true,"href":"https:\/\/ramina.fr\/index.php\/wp-json\/wp\/v2\/categories?post=410"},{"taxonomy":"post_tag","embeddable":true,"href":"https:\/\/ramina.fr\/index.php\/wp-json\/wp\/v2\/tags?post=410"}],"curies":[{"name":"wp","href":"https:\/\/api.w.org\/{rel}","templated":true}]}}