{"id":393,"date":"2019-11-28T13:42:00","date_gmt":"2019-11-28T12:42:00","guid":{"rendered":"http:\/\/ramina.fr\/?p=393"},"modified":"2020-03-27T19:29:00","modified_gmt":"2020-03-27T18:29:00","slug":"a-la-maison-mediterraneenne-des-droits-de-lhomme","status":"publish","type":"post","link":"https:\/\/ramina.fr\/index.php\/2019\/11\/28\/a-la-maison-mediterraneenne-des-droits-de-lhomme\/","title":{"rendered":"A la Maison M\u00e9diterran\u00e9enne des Droits de l&rsquo;Homme \ud83d\udc31"},"content":{"rendered":"\n<p>Ce jeudi, Ramina grobis s&rsquo;affiche \u00e0 la Maison M\u00e9diterran\u00e9enne des Droits de l&rsquo;Homme, 34 cours Julien \u00e0 Marseille. \u270c\ufe0fRdv mardi prochain pour connaitre dans quel nouveau lieu marseillais le chat ramina est pass\u00e9. Partagez, likez, boul\u00e9guez. \u270c\ufe0f <\/p>\n\n\n\n<div class=\"wp-block-image\"><figure class=\"aligncenter size-large\"><img fetchpriority=\"high\" decoding=\"async\" width=\"1024\" height=\"1024\" src=\"https:\/\/ramina.fr\/wp-content\/uploads\/2019\/11\/Maison-m\u00e9dit\u00e9rann\u00e9ene-des-droits-de-lhomme-RAMINA-MARSEILLE-MIGRANTS-KATILLA-1024x1024.jpg\" alt=\"\" class=\"wp-image-394\" srcset=\"https:\/\/ramina.fr\/wp-content\/uploads\/2019\/11\/Maison-m\u00e9dit\u00e9rann\u00e9ene-des-droits-de-lhomme-RAMINA-MARSEILLE-MIGRANTS-KATILLA-1024x1024.jpg 1024w, https:\/\/ramina.fr\/wp-content\/uploads\/2019\/11\/Maison-m\u00e9dit\u00e9rann\u00e9ene-des-droits-de-lhomme-RAMINA-MARSEILLE-MIGRANTS-KATILLA-300x300.jpg 300w, https:\/\/ramina.fr\/wp-content\/uploads\/2019\/11\/Maison-m\u00e9dit\u00e9rann\u00e9ene-des-droits-de-lhomme-RAMINA-MARSEILLE-MIGRANTS-KATILLA-150x150.jpg 150w, https:\/\/ramina.fr\/wp-content\/uploads\/2019\/11\/Maison-m\u00e9dit\u00e9rann\u00e9ene-des-droits-de-lhomme-RAMINA-MARSEILLE-MIGRANTS-KATILLA-768x768.jpg 768w, https:\/\/ramina.fr\/wp-content\/uploads\/2019\/11\/Maison-m\u00e9dit\u00e9rann\u00e9ene-des-droits-de-lhomme-RAMINA-MARSEILLE-MIGRANTS-KATILLA-1536x1536.jpg 1536w, https:\/\/ramina.fr\/wp-content\/uploads\/2019\/11\/Maison-m\u00e9dit\u00e9rann\u00e9ene-des-droits-de-lhomme-RAMINA-MARSEILLE-MIGRANTS-KATILLA-100x100.jpg 100w, https:\/\/ramina.fr\/wp-content\/uploads\/2019\/11\/Maison-m\u00e9dit\u00e9rann\u00e9ene-des-droits-de-lhomme-RAMINA-MARSEILLE-MIGRANTS-KATILLA.jpg 2000w\" sizes=\"(max-width: 706px) 89vw, (max-width: 767px) 82vw, 740px\" \/><\/figure><\/div>\n","protected":false},"excerpt":{"rendered":"<p>Ce jeudi, Ramina grobis s&rsquo;affiche \u00e0 la Maison M\u00e9diterran\u00e9enne des Droits de l&rsquo;Homme, 34 cours Julien \u00e0 Marseille. \u270c\ufe0fRdv mardi prochain pour connaitre dans quel nouveau lieu marseillais le chat ramina est pass\u00e9. Partagez, likez, boul\u00e9guez. \u270c\ufe0f<\/p>\n","protected":false},"author":3,"featured_media":0,"comment_status":"open","ping_status":"open","sticky":false,"template":"","format":"standard","meta":{"_jetpack_memberships_contains_paid_content":false,"footnotes":""},"categories":[5],"tags":[],"class_list":["post-393","post","type-post","status-publish","format-standard","hentry","category-raminabalade"],"yoast_head":"<!-- This site is optimized with the Yoast SEO plugin v25.1 - https:\/\/yoast.com\/wordpress\/plugins\/seo\/ -->\n<title>A la Maison M\u00e9diterran\u00e9enne des Droits de l&#039;Homme \ud83d\udc31 | RAMINA<\/title>\n<meta name=\"robots\" content=\"noindex, follow\" \/>\n<meta property=\"og:locale\" content=\"fr_FR\" \/>\n<meta property=\"og:type\" content=\"article\" \/>\n<meta property=\"og:title\" content=\"A la Maison M\u00e9diterran\u00e9enne des Droits de l&#039;Homme \ud83d\udc31 | RAMINA\" \/>\n<meta property=\"og:description\" content=\"Ce jeudi, Ramina grobis s&rsquo;affiche \u00e0 la Maison M\u00e9diterran\u00e9enne des Droits de l&rsquo;Homme, 34 cours Julien \u00e0 Marseille. \u270c\ufe0fRdv mardi prochain pour connaitre dans quel nouveau lieu marseillais le chat ramina est pass\u00e9. Partagez, likez, boul\u00e9guez. \u270c\ufe0f\" \/>\n<meta property=\"og:url\" content=\"https:\/\/ramina.fr\/index.php\/2019\/11\/28\/a-la-maison-mediterraneenne-des-droits-de-lhomme\/\" \/>\n<meta property=\"og:site_name\" content=\"RAMINA\" \/>\n<meta property=\"article:publisher\" content=\"https:\/\/www.facebook.com\/contact.ramina\/\" \/>\n<meta property=\"article:published_time\" content=\"2019-11-28T12:42:00+00:00\" \/>\n<meta property=\"article:modified_time\" content=\"2020-03-27T18:29:00+00:00\" \/>\n<meta property=\"og:image\" content=\"https:\/\/ramina.fr\/wp-content\/uploads\/2025\/02\/ramina-image-mise-avant-wordpress.jpg\" \/>\n\t<meta property=\"og:image:width\" content=\"1200\" \/>\n\t<meta property=\"og:image:height\" content=\"675\" \/>\n\t<meta property=\"og:image:type\" content=\"image\/jpeg\" \/>\n<meta name=\"author\" content=\"Ramina R\u00e9seau\" \/>\n<meta name=\"twitter:card\" content=\"summary_large_image\" \/>\n<meta name=\"twitter:label1\" content=\"\u00c9crit par\" \/>\n\t<meta name=\"twitter:data1\" content=\"Ramina R\u00e9seau\" \/>\n<script type=\"application\/ld+json\" class=\"yoast-schema-graph\">{\"@context\":\"https:\/\/schema.org\",\"@graph\":[{\"@type\":\"Article\",\"@id\":\"https:\/\/ramina.fr\/index.php\/2019\/11\/28\/a-la-maison-mediterraneenne-des-droits-de-lhomme\/#article\",\"isPartOf\":{\"@id\":\"https:\/\/ramina.fr\/index.php\/2019\/11\/28\/a-la-maison-mediterraneenne-des-droits-de-lhomme\/\"},\"author\":{\"name\":\"Ramina R\u00e9seau\",\"@id\":\"https:\/\/ramina.fr\/#\/schema\/person\/60afb851da2c0c7b9e173324b84144d5\"},\"headline\":\"A la Maison M\u00e9diterran\u00e9enne des Droits de l&rsquo;Homme \ud83d\udc31\",\"datePublished\":\"2019-11-28T12:42:00+00:00\",\"dateModified\":\"2020-03-27T18:29:00+00:00\",\"mainEntityOfPage\":{\"@id\":\"https:\/\/ramina.fr\/index.php\/2019\/11\/28\/a-la-maison-mediterraneenne-des-droits-de-lhomme\/\"},\"wordCount\":46,\"commentCount\":0,\"publisher\":{\"@id\":\"https:\/\/ramina.fr\/#organization\"},\"articleSection\":[\"Ramina se Balade\"],\"inLanguage\":\"fr-FR\",\"potentialAction\":[{\"@type\":\"CommentAction\",\"name\":\"Comment\",\"target\":[\"https:\/\/ramina.fr\/index.php\/2019\/11\/28\/a-la-maison-mediterraneenne-des-droits-de-lhomme\/#respond\"]}]},{\"@type\":\"WebPage\",\"@id\":\"https:\/\/ramina.fr\/index.php\/2019\/11\/28\/a-la-maison-mediterraneenne-des-droits-de-lhomme\/\",\"url\":\"https:\/\/ramina.fr\/index.php\/2019\/11\/28\/a-la-maison-mediterraneenne-des-droits-de-lhomme\/\",\"name\":\"A la Maison M\u00e9diterran\u00e9enne des Droits de l'Homme \ud83d\udc31 | RAMINA\",\"isPartOf\":{\"@id\":\"https:\/\/ramina.fr\/#website\"},\"datePublished\":\"2019-11-28T12:42:00+00:00\",\"dateModified\":\"2020-03-27T18:29:00+00:00\",\"breadcrumb\":{\"@id\":\"https:\/\/ramina.fr\/index.php\/2019\/11\/28\/a-la-maison-mediterraneenne-des-droits-de-lhomme\/#breadcrumb\"},\"inLanguage\":\"fr-FR\",\"potentialAction\":[{\"@type\":\"ReadAction\",\"target\":[\"https:\/\/ramina.fr\/index.php\/2019\/11\/28\/a-la-maison-mediterraneenne-des-droits-de-lhomme\/\"]}]},{\"@type\":\"BreadcrumbList\",\"@id\":\"https:\/\/ramina.fr\/index.php\/2019\/11\/28\/a-la-maison-mediterraneenne-des-droits-de-lhomme\/#breadcrumb\",\"itemListElement\":[{\"@type\":\"ListItem\",\"position\":1,\"name\":\"Accueil\",\"item\":\"https:\/\/ramina.fr\/\"},{\"@type\":\"ListItem\",\"position\":2,\"name\":\"A la Maison M\u00e9diterran\u00e9enne des Droits de l&rsquo;Homme \ud83d\udc31\"}]},{\"@type\":\"WebSite\",\"@id\":\"https:\/\/ramina.fr\/#website\",\"url\":\"https:\/\/ramina.fr\/\",\"name\":\"RAMINA\",\"description\":\"R\u00e9seau d\u2019Accueil des Minot.es Non Accompagn\u00e9s\",\"publisher\":{\"@id\":\"https:\/\/ramina.fr\/#organization\"},\"alternateName\":\"R\u00e9seau d'accueil Solidaire des Minots Non Accompagn\u00e9s\",\"potentialAction\":[{\"@type\":\"SearchAction\",\"target\":{\"@type\":\"EntryPoint\",\"urlTemplate\":\"https:\/\/ramina.fr\/?s={search_term_string}\"},\"query-input\":{\"@type\":\"PropertyValueSpecification\",\"valueRequired\":true,\"valueName\":\"search_term_string\"}}],\"inLanguage\":\"fr-FR\"},{\"@type\":\"Organization\",\"@id\":\"https:\/\/ramina.fr\/#organization\",\"name\":\"RAMINA\",\"alternateName\":\"R\u00e9seau d' Accueil des Minots Non Accompagn\u00e9s\",\"url\":\"https:\/\/ramina.fr\/\",\"logo\":{\"@type\":\"ImageObject\",\"inLanguage\":\"fr-FR\",\"@id\":\"https:\/\/ramina.fr\/#\/schema\/logo\/image\/\",\"url\":\"https:\/\/ramina.fr\/wp-content\/uploads\/2025\/02\/LOGO_RAMINA_NOIR_VERTICAL.png\",\"contentUrl\":\"https:\/\/ramina.fr\/wp-content\/uploads\/2025\/02\/LOGO_RAMINA_NOIR_VERTICAL.png\",\"width\":1654,\"height\":1418,\"caption\":\"RAMINA\"},\"image\":{\"@id\":\"https:\/\/ramina.fr\/#\/schema\/logo\/image\/\"},\"sameAs\":[\"https:\/\/www.facebook.com\/contact.ramina\/\",\"https:\/\/www.instagram.com\/ramina_marseille\/\"]},{\"@type\":\"Person\",\"@id\":\"https:\/\/ramina.fr\/#\/schema\/person\/60afb851da2c0c7b9e173324b84144d5\",\"name\":\"Ramina R\u00e9seau\",\"image\":{\"@type\":\"ImageObject\",\"inLanguage\":\"fr-FR\",\"@id\":\"https:\/\/ramina.fr\/#\/schema\/person\/image\/\",\"url\":\"https:\/\/secure.gravatar.com\/avatar\/5985aef3267ffd44adcd4562d2752e99?s=96&d=mm&r=g\",\"contentUrl\":\"https:\/\/secure.gravatar.com\/avatar\/5985aef3267ffd44adcd4562d2752e99?s=96&d=mm&r=g\",\"caption\":\"Ramina R\u00e9seau\"}}]}<\/script>\n<!-- \/ Yoast SEO plugin. -->","yoast_head_json":{"title":"A la Maison M\u00e9diterran\u00e9enne des Droits de l'Homme \ud83d\udc31 | RAMINA","robots":{"index":"noindex","follow":"follow"},"og_locale":"fr_FR","og_type":"article","og_title":"A la Maison M\u00e9diterran\u00e9enne des Droits de l'Homme \ud83d\udc31 | RAMINA","og_description":"Ce jeudi, Ramina grobis s&rsquo;affiche \u00e0 la Maison M\u00e9diterran\u00e9enne des Droits de l&rsquo;Homme, 34 cours Julien \u00e0 Marseille. \u270c\ufe0fRdv mardi prochain pour connaitre dans quel nouveau lieu marseillais le chat ramina est pass\u00e9. Partagez, likez, boul\u00e9guez. \u270c\ufe0f","og_url":"https:\/\/ramina.fr\/index.php\/2019\/11\/28\/a-la-maison-mediterraneenne-des-droits-de-lhomme\/","og_site_name":"RAMINA","article_publisher":"https:\/\/www.facebook.com\/contact.ramina\/","article_published_time":"2019-11-28T12:42:00+00:00","article_modified_time":"2020-03-27T18:29:00+00:00","og_image":[{"width":1200,"height":675,"url":"https:\/\/ramina.fr\/wp-content\/uploads\/2025\/02\/ramina-image-mise-avant-wordpress.jpg","type":"image\/jpeg"}],"author":"Ramina R\u00e9seau","twitter_card":"summary_large_image","twitter_misc":{"\u00c9crit par":"Ramina R\u00e9seau"},"schema":{"@context":"https:\/\/schema.org","@graph":[{"@type":"Article","@id":"https:\/\/ramina.fr\/index.php\/2019\/11\/28\/a-la-maison-mediterraneenne-des-droits-de-lhomme\/#article","isPartOf":{"@id":"https:\/\/ramina.fr\/index.php\/2019\/11\/28\/a-la-maison-mediterraneenne-des-droits-de-lhomme\/"},"author":{"name":"Ramina R\u00e9seau","@id":"https:\/\/ramina.fr\/#\/schema\/person\/60afb851da2c0c7b9e173324b84144d5"},"headline":"A la Maison M\u00e9diterran\u00e9enne des Droits de l&rsquo;Homme \ud83d\udc31","datePublished":"2019-11-28T12:42:00+00:00","dateModified":"2020-03-27T18:29:00+00:00","mainEntityOfPage":{"@id":"https:\/\/ramina.fr\/index.php\/2019\/11\/28\/a-la-maison-mediterraneenne-des-droits-de-lhomme\/"},"wordCount":46,"commentCount":0,"publisher":{"@id":"https:\/\/ramina.fr\/#organization"},"articleSection":["Ramina se Balade"],"inLanguage":"fr-FR","potentialAction":[{"@type":"CommentAction","name":"Comment","target":["https:\/\/ramina.fr\/index.php\/2019\/11\/28\/a-la-maison-mediterraneenne-des-droits-de-lhomme\/#respond"]}]},{"@type":"WebPage","@id":"https:\/\/ramina.fr\/index.php\/2019\/11\/28\/a-la-maison-mediterraneenne-des-droits-de-lhomme\/","url":"https:\/\/ramina.fr\/index.php\/2019\/11\/28\/a-la-maison-mediterraneenne-des-droits-de-lhomme\/","name":"A la Maison M\u00e9diterran\u00e9enne des Droits de l'Homme \ud83d\udc31 | RAMINA","isPartOf":{"@id":"https:\/\/ramina.fr\/#website"},"datePublished":"2019-11-28T12:42:00+00:00","dateModified":"2020-03-27T18:29:00+00:00","breadcrumb":{"@id":"https:\/\/ramina.fr\/index.php\/2019\/11\/28\/a-la-maison-mediterraneenne-des-droits-de-lhomme\/#breadcrumb"},"inLanguage":"fr-FR","potentialAction":[{"@type":"ReadAction","target":["https:\/\/ramina.fr\/index.php\/2019\/11\/28\/a-la-maison-mediterraneenne-des-droits-de-lhomme\/"]}]},{"@type":"BreadcrumbList","@id":"https:\/\/ramina.fr\/index.php\/2019\/11\/28\/a-la-maison-mediterraneenne-des-droits-de-lhomme\/#breadcrumb","itemListElement":[{"@type":"ListItem","position":1,"name":"Accueil","item":"https:\/\/ramina.fr\/"},{"@type":"ListItem","position":2,"name":"A la Maison M\u00e9diterran\u00e9enne des Droits de l&rsquo;Homme \ud83d\udc31"}]},{"@type":"WebSite","@id":"https:\/\/ramina.fr\/#website","url":"https:\/\/ramina.fr\/","name":"RAMINA","description":"R\u00e9seau d\u2019Accueil des Minot.es Non Accompagn\u00e9s","publisher":{"@id":"https:\/\/ramina.fr\/#organization"},"alternateName":"R\u00e9seau d'accueil Solidaire des Minots Non Accompagn\u00e9s","potentialAction":[{"@type":"SearchAction","target":{"@type":"EntryPoint","urlTemplate":"https:\/\/ramina.fr\/?s={search_term_string}"},"query-input":{"@type":"PropertyValueSpecification","valueRequired":true,"valueName":"search_term_string"}}],"inLanguage":"fr-FR"},{"@type":"Organization","@id":"https:\/\/ramina.fr\/#organization","name":"RAMINA","alternateName":"R\u00e9seau d' Accueil des Minots Non Accompagn\u00e9s","url":"https:\/\/ramina.fr\/","logo":{"@type":"ImageObject","inLanguage":"fr-FR","@id":"https:\/\/ramina.fr\/#\/schema\/logo\/image\/","url":"https:\/\/ramina.fr\/wp-content\/uploads\/2025\/02\/LOGO_RAMINA_NOIR_VERTICAL.png","contentUrl":"https:\/\/ramina.fr\/wp-content\/uploads\/2025\/02\/LOGO_RAMINA_NOIR_VERTICAL.png","width":1654,"height":1418,"caption":"RAMINA"},"image":{"@id":"https:\/\/ramina.fr\/#\/schema\/logo\/image\/"},"sameAs":["https:\/\/www.facebook.com\/contact.ramina\/","https:\/\/www.instagram.com\/ramina_marseille\/"]},{"@type":"Person","@id":"https:\/\/ramina.fr\/#\/schema\/person\/60afb851da2c0c7b9e173324b84144d5","name":"Ramina R\u00e9seau","image":{"@type":"ImageObject","inLanguage":"fr-FR","@id":"https:\/\/ramina.fr\/#\/schema\/person\/image\/","url":"https:\/\/secure.gravatar.com\/avatar\/5985aef3267ffd44adcd4562d2752e99?s=96&d=mm&r=g","contentUrl":"https:\/\/secure.gravatar.com\/avatar\/5985aef3267ffd44adcd4562d2752e99?s=96&d=mm&r=g","caption":"Ramina R\u00e9seau"}}]}},"jetpack_featured_media_url":"","jetpack_sharing_enabled":true,"_links":{"self":[{"href":"https:\/\/ramina.fr\/index.php\/wp-json\/wp\/v2\/posts\/393","targetHints":{"allow":["GET"]}}],"collection":[{"href":"https:\/\/ramina.fr\/index.php\/wp-json\/wp\/v2\/posts"}],"about":[{"href":"https:\/\/ramina.fr\/index.php\/wp-json\/wp\/v2\/types\/post"}],"author":[{"embeddable":true,"href":"https:\/\/ramina.fr\/index.php\/wp-json\/wp\/v2\/users\/3"}],"replies":[{"embeddable":true,"href":"https:\/\/ramina.fr\/index.php\/wp-json\/wp\/v2\/comments?post=393"}],"version-history":[{"count":3,"href":"https:\/\/ramina.fr\/index.php\/wp-json\/wp\/v2\/posts\/393\/revisions"}],"predecessor-version":[{"id":892,"href":"https:\/\/ramina.fr\/index.php\/wp-json\/wp\/v2\/posts\/393\/revisions\/892"}],"wp:attachment":[{"href":"https:\/\/ramina.fr\/index.php\/wp-json\/wp\/v2\/media?parent=393"}],"wp:term":[{"taxonomy":"category","embeddable":true,"href":"https:\/\/ramina.fr\/index.php\/wp-json\/wp\/v2\/categories?post=393"},{"taxonomy":"post_tag","embeddable":true,"href":"https:\/\/ramina.fr\/index.php\/wp-json\/wp\/v2\/tags?post=393"}],"curies":[{"name":"wp","href":"https:\/\/api.w.org\/{rel}","templated":true}]}}