{"id":191,"date":"2019-10-25T10:59:05","date_gmt":"2019-10-25T08:59:05","guid":{"rendered":"http:\/\/ramina.fr\/?p=191"},"modified":"2020-03-28T11:58:53","modified_gmt":"2020-03-28T10:58:53","slug":"bonjour-je-mappelle-nampi","status":"publish","type":"post","link":"https:\/\/ramina.fr\/index.php\/2019\/10\/25\/bonjour-je-mappelle-nampi\/","title":{"rendered":"Bonjour je m\u2019appelle Nampi \ud83d\ude00"},"content":{"rendered":"\n<p>Je suis \u00e0 Marseille depuis cet \u00e9t\u00e9. J\u2019ai  16 ans et je suis d\u2019origine malienne. Je ne suis pas n\u00e9 au pays, mais  j\u2019ai grandi enfant vers Gao car mes parents ont fui la guerre. Mon p\u00e8re,  il est d\u00e9c\u00e9d\u00e9 quand j\u2019\u00e9tais tout petit. C\u2019est la m\u00e8re de mon grand  fr\u00e8re qui m\u2019avait adopt\u00e9e et \u00e9lev\u00e9e, car ma maman biologique elle est  d\u00e9c\u00e9d\u00e9e \u00e0 l\u2019accouchement. Puis il y\u2019a eu la guerre \u00e0 Gao et \u00e0 Mopti et  on est parti avec mon oncle et mon grand  fr\u00e8re en Libye. Mais en Libye, c\u2019est grave car il y\u2019a toujours des  guerres et des probl\u00e8mes de couleurs, c\u2019est \u00e0 dire de racisme.  Aujourd\u2019hui, on est venu ensemble avec mon fr\u00e8re \u00e0 Marseille, maintenant  il n\u2019y a plus que nous deux seulement. Ici, j\u2019aimerai \u00e9tudier et  j\u2019aimerai jouer au basket et au football, car j\u2019aime beaucoup le sport.  D\u2019ailleurs si vous connaissez un club de basket ou de foot pour moi, \u00e7a  m&rsquo;int\u00e9resse. Moi, j\u2019aime beaucoup le piano aussi ; et depuis le premier  jour que je suis \u00e0 Marseille, j\u2019ai d\u00e9couvert cette chanson de Gr\u00e9goire  \u201cToi + Moi\u201d que je voudrais vous faire \u00e9couter.   \u270c\ufe0f   Un peu plus de 60 pr\u00e9sentations depuis le 30 mai dernier, paroles de  minots prend une semaine de vacances et revient le lundi 4 novembre.  Partagez, likez, boul\u00e9guez.  \u270c\ufe0f <\/p>\n\n\n\n<figure class=\"wp-block-embed-youtube aligncenter wp-block-embed is-type-video is-provider-youtube wp-embed-aspect-4-3 wp-has-aspect-ratio\"><div class=\"wp-block-embed__wrapper\">\n<iframe title=\"Gr\u00e9goire - Toi + Moi (My Major Company)\" width=\"525\" height=\"394\" src=\"https:\/\/www.youtube.com\/embed\/kOru9ITtVIg?feature=oembed\" frameborder=\"0\" allow=\"accelerometer; autoplay; clipboard-write; encrypted-media; gyroscope; picture-in-picture; web-share\" referrerpolicy=\"strict-origin-when-cross-origin\" allowfullscreen><\/iframe>\n<\/div><\/figure>\n","protected":false},"excerpt":{"rendered":"<p>Je suis \u00e0 Marseille depuis cet \u00e9t\u00e9. J\u2019ai 16 ans et je suis d\u2019origine malienne. Je ne suis pas n\u00e9 au pays, mais j\u2019ai grandi enfant vers Gao car mes parents ont fui la guerre. Mon p\u00e8re, il est d\u00e9c\u00e9d\u00e9 quand j\u2019\u00e9tais tout petit. C\u2019est la m\u00e8re de mon grand fr\u00e8re qui m\u2019avait adopt\u00e9e et &hellip; <\/p>\n<p class=\"link-more\"><a href=\"https:\/\/ramina.fr\/index.php\/2019\/10\/25\/bonjour-je-mappelle-nampi\/\" class=\"more-link\">Continuer la lecture<span class=\"screen-reader-text\"> de &laquo;&nbsp;Bonjour je m\u2019appelle Nampi \ud83d\ude00&nbsp;&raquo;<\/span><\/a><\/p>\n","protected":false},"author":3,"featured_media":0,"comment_status":"open","ping_status":"open","sticky":false,"template":"","format":"standard","meta":{"_jetpack_memberships_contains_paid_content":false,"footnotes":""},"categories":[4],"tags":[],"class_list":["post-191","post","type-post","status-publish","format-standard","hentry","category-paroleminotsaison1"],"yoast_head":"<!-- This site is optimized with the Yoast SEO plugin v25.1 - https:\/\/yoast.com\/wordpress\/plugins\/seo\/ -->\n<title>Bonjour je m\u2019appelle Nampi \ud83d\ude00 | RAMINA<\/title>\n<meta name=\"robots\" content=\"noindex, follow\" \/>\n<meta property=\"og:locale\" content=\"fr_FR\" \/>\n<meta property=\"og:type\" content=\"article\" \/>\n<meta property=\"og:title\" content=\"Bonjour je m\u2019appelle Nampi \ud83d\ude00 | RAMINA\" \/>\n<meta property=\"og:description\" content=\"Je suis \u00e0 Marseille depuis cet \u00e9t\u00e9. J\u2019ai 16 ans et je suis d\u2019origine malienne. Je ne suis pas n\u00e9 au pays, mais j\u2019ai grandi enfant vers Gao car mes parents ont fui la guerre. Mon p\u00e8re, il est d\u00e9c\u00e9d\u00e9 quand j\u2019\u00e9tais tout petit. C\u2019est la m\u00e8re de mon grand fr\u00e8re qui m\u2019avait adopt\u00e9e et &hellip; Continuer la lecture de &laquo;&nbsp;Bonjour je m\u2019appelle Nampi \ud83d\ude00&nbsp;&raquo;\" \/>\n<meta property=\"og:url\" content=\"https:\/\/ramina.fr\/index.php\/2019\/10\/25\/bonjour-je-mappelle-nampi\/\" \/>\n<meta property=\"og:site_name\" content=\"RAMINA\" \/>\n<meta property=\"article:publisher\" content=\"https:\/\/www.facebook.com\/contact.ramina\/\" \/>\n<meta property=\"article:published_time\" content=\"2019-10-25T08:59:05+00:00\" \/>\n<meta property=\"article:modified_time\" content=\"2020-03-28T10:58:53+00:00\" \/>\n<meta property=\"og:image\" content=\"https:\/\/ramina.fr\/wp-content\/uploads\/2025\/02\/ramina-image-mise-avant-wordpress.jpg\" \/>\n\t<meta property=\"og:image:width\" content=\"1200\" \/>\n\t<meta property=\"og:image:height\" content=\"675\" \/>\n\t<meta property=\"og:image:type\" content=\"image\/jpeg\" \/>\n<meta name=\"author\" content=\"Ramina R\u00e9seau\" \/>\n<meta name=\"twitter:card\" content=\"summary_large_image\" \/>\n<meta name=\"twitter:label1\" content=\"\u00c9crit par\" \/>\n\t<meta name=\"twitter:data1\" content=\"Ramina R\u00e9seau\" \/>\n\t<meta name=\"twitter:label2\" content=\"Dur\u00e9e de lecture estim\u00e9e\" \/>\n\t<meta name=\"twitter:data2\" content=\"1 minute\" \/>\n<script type=\"application\/ld+json\" class=\"yoast-schema-graph\">{\"@context\":\"https:\/\/schema.org\",\"@graph\":[{\"@type\":\"Article\",\"@id\":\"https:\/\/ramina.fr\/index.php\/2019\/10\/25\/bonjour-je-mappelle-nampi\/#article\",\"isPartOf\":{\"@id\":\"https:\/\/ramina.fr\/index.php\/2019\/10\/25\/bonjour-je-mappelle-nampi\/\"},\"author\":{\"name\":\"Ramina R\u00e9seau\",\"@id\":\"https:\/\/ramina.fr\/#\/schema\/person\/60afb851da2c0c7b9e173324b84144d5\"},\"headline\":\"Bonjour je m\u2019appelle Nampi \ud83d\ude00\",\"datePublished\":\"2019-10-25T08:59:05+00:00\",\"dateModified\":\"2020-03-28T10:58:53+00:00\",\"mainEntityOfPage\":{\"@id\":\"https:\/\/ramina.fr\/index.php\/2019\/10\/25\/bonjour-je-mappelle-nampi\/\"},\"wordCount\":270,\"commentCount\":0,\"publisher\":{\"@id\":\"https:\/\/ramina.fr\/#organization\"},\"articleSection\":[\"Parole de Minots S1\"],\"inLanguage\":\"fr-FR\",\"potentialAction\":[{\"@type\":\"CommentAction\",\"name\":\"Comment\",\"target\":[\"https:\/\/ramina.fr\/index.php\/2019\/10\/25\/bonjour-je-mappelle-nampi\/#respond\"]}]},{\"@type\":\"WebPage\",\"@id\":\"https:\/\/ramina.fr\/index.php\/2019\/10\/25\/bonjour-je-mappelle-nampi\/\",\"url\":\"https:\/\/ramina.fr\/index.php\/2019\/10\/25\/bonjour-je-mappelle-nampi\/\",\"name\":\"Bonjour je m\u2019appelle Nampi \ud83d\ude00 | RAMINA\",\"isPartOf\":{\"@id\":\"https:\/\/ramina.fr\/#website\"},\"datePublished\":\"2019-10-25T08:59:05+00:00\",\"dateModified\":\"2020-03-28T10:58:53+00:00\",\"breadcrumb\":{\"@id\":\"https:\/\/ramina.fr\/index.php\/2019\/10\/25\/bonjour-je-mappelle-nampi\/#breadcrumb\"},\"inLanguage\":\"fr-FR\",\"potentialAction\":[{\"@type\":\"ReadAction\",\"target\":[\"https:\/\/ramina.fr\/index.php\/2019\/10\/25\/bonjour-je-mappelle-nampi\/\"]}]},{\"@type\":\"BreadcrumbList\",\"@id\":\"https:\/\/ramina.fr\/index.php\/2019\/10\/25\/bonjour-je-mappelle-nampi\/#breadcrumb\",\"itemListElement\":[{\"@type\":\"ListItem\",\"position\":1,\"name\":\"Accueil\",\"item\":\"https:\/\/ramina.fr\/\"},{\"@type\":\"ListItem\",\"position\":2,\"name\":\"Bonjour je m\u2019appelle Nampi \ud83d\ude00\"}]},{\"@type\":\"WebSite\",\"@id\":\"https:\/\/ramina.fr\/#website\",\"url\":\"https:\/\/ramina.fr\/\",\"name\":\"RAMINA\",\"description\":\"R\u00e9seau d\u2019Accueil des Minot.es Non Accompagn\u00e9s\",\"publisher\":{\"@id\":\"https:\/\/ramina.fr\/#organization\"},\"alternateName\":\"R\u00e9seau d'accueil Solidaire des Minots Non Accompagn\u00e9s\",\"potentialAction\":[{\"@type\":\"SearchAction\",\"target\":{\"@type\":\"EntryPoint\",\"urlTemplate\":\"https:\/\/ramina.fr\/?s={search_term_string}\"},\"query-input\":{\"@type\":\"PropertyValueSpecification\",\"valueRequired\":true,\"valueName\":\"search_term_string\"}}],\"inLanguage\":\"fr-FR\"},{\"@type\":\"Organization\",\"@id\":\"https:\/\/ramina.fr\/#organization\",\"name\":\"RAMINA\",\"alternateName\":\"R\u00e9seau d' Accueil des Minots Non Accompagn\u00e9s\",\"url\":\"https:\/\/ramina.fr\/\",\"logo\":{\"@type\":\"ImageObject\",\"inLanguage\":\"fr-FR\",\"@id\":\"https:\/\/ramina.fr\/#\/schema\/logo\/image\/\",\"url\":\"https:\/\/ramina.fr\/wp-content\/uploads\/2025\/02\/LOGO_RAMINA_NOIR_VERTICAL.png\",\"contentUrl\":\"https:\/\/ramina.fr\/wp-content\/uploads\/2025\/02\/LOGO_RAMINA_NOIR_VERTICAL.png\",\"width\":1654,\"height\":1418,\"caption\":\"RAMINA\"},\"image\":{\"@id\":\"https:\/\/ramina.fr\/#\/schema\/logo\/image\/\"},\"sameAs\":[\"https:\/\/www.facebook.com\/contact.ramina\/\",\"https:\/\/www.instagram.com\/ramina_marseille\/\"]},{\"@type\":\"Person\",\"@id\":\"https:\/\/ramina.fr\/#\/schema\/person\/60afb851da2c0c7b9e173324b84144d5\",\"name\":\"Ramina R\u00e9seau\",\"image\":{\"@type\":\"ImageObject\",\"inLanguage\":\"fr-FR\",\"@id\":\"https:\/\/ramina.fr\/#\/schema\/person\/image\/\",\"url\":\"https:\/\/secure.gravatar.com\/avatar\/5985aef3267ffd44adcd4562d2752e99?s=96&d=mm&r=g\",\"contentUrl\":\"https:\/\/secure.gravatar.com\/avatar\/5985aef3267ffd44adcd4562d2752e99?s=96&d=mm&r=g\",\"caption\":\"Ramina R\u00e9seau\"}}]}<\/script>\n<!-- \/ Yoast SEO plugin. -->","yoast_head_json":{"title":"Bonjour je m\u2019appelle Nampi \ud83d\ude00 | RAMINA","robots":{"index":"noindex","follow":"follow"},"og_locale":"fr_FR","og_type":"article","og_title":"Bonjour je m\u2019appelle Nampi \ud83d\ude00 | RAMINA","og_description":"Je suis \u00e0 Marseille depuis cet \u00e9t\u00e9. J\u2019ai 16 ans et je suis d\u2019origine malienne. Je ne suis pas n\u00e9 au pays, mais j\u2019ai grandi enfant vers Gao car mes parents ont fui la guerre. Mon p\u00e8re, il est d\u00e9c\u00e9d\u00e9 quand j\u2019\u00e9tais tout petit. C\u2019est la m\u00e8re de mon grand fr\u00e8re qui m\u2019avait adopt\u00e9e et &hellip; Continuer la lecture de &laquo;&nbsp;Bonjour je m\u2019appelle Nampi \ud83d\ude00&nbsp;&raquo;","og_url":"https:\/\/ramina.fr\/index.php\/2019\/10\/25\/bonjour-je-mappelle-nampi\/","og_site_name":"RAMINA","article_publisher":"https:\/\/www.facebook.com\/contact.ramina\/","article_published_time":"2019-10-25T08:59:05+00:00","article_modified_time":"2020-03-28T10:58:53+00:00","og_image":[{"width":1200,"height":675,"url":"https:\/\/ramina.fr\/wp-content\/uploads\/2025\/02\/ramina-image-mise-avant-wordpress.jpg","type":"image\/jpeg"}],"author":"Ramina R\u00e9seau","twitter_card":"summary_large_image","twitter_misc":{"\u00c9crit par":"Ramina R\u00e9seau","Dur\u00e9e de lecture estim\u00e9e":"1 minute"},"schema":{"@context":"https:\/\/schema.org","@graph":[{"@type":"Article","@id":"https:\/\/ramina.fr\/index.php\/2019\/10\/25\/bonjour-je-mappelle-nampi\/#article","isPartOf":{"@id":"https:\/\/ramina.fr\/index.php\/2019\/10\/25\/bonjour-je-mappelle-nampi\/"},"author":{"name":"Ramina R\u00e9seau","@id":"https:\/\/ramina.fr\/#\/schema\/person\/60afb851da2c0c7b9e173324b84144d5"},"headline":"Bonjour je m\u2019appelle Nampi \ud83d\ude00","datePublished":"2019-10-25T08:59:05+00:00","dateModified":"2020-03-28T10:58:53+00:00","mainEntityOfPage":{"@id":"https:\/\/ramina.fr\/index.php\/2019\/10\/25\/bonjour-je-mappelle-nampi\/"},"wordCount":270,"commentCount":0,"publisher":{"@id":"https:\/\/ramina.fr\/#organization"},"articleSection":["Parole de Minots S1"],"inLanguage":"fr-FR","potentialAction":[{"@type":"CommentAction","name":"Comment","target":["https:\/\/ramina.fr\/index.php\/2019\/10\/25\/bonjour-je-mappelle-nampi\/#respond"]}]},{"@type":"WebPage","@id":"https:\/\/ramina.fr\/index.php\/2019\/10\/25\/bonjour-je-mappelle-nampi\/","url":"https:\/\/ramina.fr\/index.php\/2019\/10\/25\/bonjour-je-mappelle-nampi\/","name":"Bonjour je m\u2019appelle Nampi \ud83d\ude00 | RAMINA","isPartOf":{"@id":"https:\/\/ramina.fr\/#website"},"datePublished":"2019-10-25T08:59:05+00:00","dateModified":"2020-03-28T10:58:53+00:00","breadcrumb":{"@id":"https:\/\/ramina.fr\/index.php\/2019\/10\/25\/bonjour-je-mappelle-nampi\/#breadcrumb"},"inLanguage":"fr-FR","potentialAction":[{"@type":"ReadAction","target":["https:\/\/ramina.fr\/index.php\/2019\/10\/25\/bonjour-je-mappelle-nampi\/"]}]},{"@type":"BreadcrumbList","@id":"https:\/\/ramina.fr\/index.php\/2019\/10\/25\/bonjour-je-mappelle-nampi\/#breadcrumb","itemListElement":[{"@type":"ListItem","position":1,"name":"Accueil","item":"https:\/\/ramina.fr\/"},{"@type":"ListItem","position":2,"name":"Bonjour je m\u2019appelle Nampi \ud83d\ude00"}]},{"@type":"WebSite","@id":"https:\/\/ramina.fr\/#website","url":"https:\/\/ramina.fr\/","name":"RAMINA","description":"R\u00e9seau d\u2019Accueil des Minot.es Non Accompagn\u00e9s","publisher":{"@id":"https:\/\/ramina.fr\/#organization"},"alternateName":"R\u00e9seau d'accueil Solidaire des Minots Non Accompagn\u00e9s","potentialAction":[{"@type":"SearchAction","target":{"@type":"EntryPoint","urlTemplate":"https:\/\/ramina.fr\/?s={search_term_string}"},"query-input":{"@type":"PropertyValueSpecification","valueRequired":true,"valueName":"search_term_string"}}],"inLanguage":"fr-FR"},{"@type":"Organization","@id":"https:\/\/ramina.fr\/#organization","name":"RAMINA","alternateName":"R\u00e9seau d' Accueil des Minots Non Accompagn\u00e9s","url":"https:\/\/ramina.fr\/","logo":{"@type":"ImageObject","inLanguage":"fr-FR","@id":"https:\/\/ramina.fr\/#\/schema\/logo\/image\/","url":"https:\/\/ramina.fr\/wp-content\/uploads\/2025\/02\/LOGO_RAMINA_NOIR_VERTICAL.png","contentUrl":"https:\/\/ramina.fr\/wp-content\/uploads\/2025\/02\/LOGO_RAMINA_NOIR_VERTICAL.png","width":1654,"height":1418,"caption":"RAMINA"},"image":{"@id":"https:\/\/ramina.fr\/#\/schema\/logo\/image\/"},"sameAs":["https:\/\/www.facebook.com\/contact.ramina\/","https:\/\/www.instagram.com\/ramina_marseille\/"]},{"@type":"Person","@id":"https:\/\/ramina.fr\/#\/schema\/person\/60afb851da2c0c7b9e173324b84144d5","name":"Ramina R\u00e9seau","image":{"@type":"ImageObject","inLanguage":"fr-FR","@id":"https:\/\/ramina.fr\/#\/schema\/person\/image\/","url":"https:\/\/secure.gravatar.com\/avatar\/5985aef3267ffd44adcd4562d2752e99?s=96&d=mm&r=g","contentUrl":"https:\/\/secure.gravatar.com\/avatar\/5985aef3267ffd44adcd4562d2752e99?s=96&d=mm&r=g","caption":"Ramina R\u00e9seau"}}]}},"jetpack_featured_media_url":"","jetpack_sharing_enabled":true,"_links":{"self":[{"href":"https:\/\/ramina.fr\/index.php\/wp-json\/wp\/v2\/posts\/191","targetHints":{"allow":["GET"]}}],"collection":[{"href":"https:\/\/ramina.fr\/index.php\/wp-json\/wp\/v2\/posts"}],"about":[{"href":"https:\/\/ramina.fr\/index.php\/wp-json\/wp\/v2\/types\/post"}],"author":[{"embeddable":true,"href":"https:\/\/ramina.fr\/index.php\/wp-json\/wp\/v2\/users\/3"}],"replies":[{"embeddable":true,"href":"https:\/\/ramina.fr\/index.php\/wp-json\/wp\/v2\/comments?post=191"}],"version-history":[{"count":3,"href":"https:\/\/ramina.fr\/index.php\/wp-json\/wp\/v2\/posts\/191\/revisions"}],"predecessor-version":[{"id":976,"href":"https:\/\/ramina.fr\/index.php\/wp-json\/wp\/v2\/posts\/191\/revisions\/976"}],"wp:attachment":[{"href":"https:\/\/ramina.fr\/index.php\/wp-json\/wp\/v2\/media?parent=191"}],"wp:term":[{"taxonomy":"category","embeddable":true,"href":"https:\/\/ramina.fr\/index.php\/wp-json\/wp\/v2\/categories?post=191"},{"taxonomy":"post_tag","embeddable":true,"href":"https:\/\/ramina.fr\/index.php\/wp-json\/wp\/v2\/tags?post=191"}],"curies":[{"name":"wp","href":"https:\/\/api.w.org\/{rel}","templated":true}]}}