{"id":1883,"date":"2022-02-18T11:30:15","date_gmt":"2022-02-18T10:30:15","guid":{"rendered":"http:\/\/ramina.fr\/?p=1883"},"modified":"2022-02-18T11:31:15","modified_gmt":"2022-02-18T10:31:15","slug":"bonjour-la-france-je-me-nomme-sylla","status":"publish","type":"post","link":"https:\/\/ramina.fr\/index.php\/2022\/02\/18\/bonjour-la-france-je-me-nomme-sylla\/","title":{"rendered":"Bonjour la France, je me nomme Sylla, je viens de la C\u00f4te d\u2019Ivoire et  j\u2019ai 17 ans.  \ud83e\uddd0\ud83c\udde8\ud83c\uddee"},"content":{"rendered":"\n<p><\/p>\n\n\n\n<p>Je suis arriv\u00e9 \u00e0 Marseille, il y a quelques mois. Je ne connaissais personne. J\u2019ai \u00e9t\u00e9 dans la rue. J\u2019ai rencontr\u00e9 des messieurs qui m\u2019ont conduit \u00e0 l\u2019ADDAP13.<\/p>\n\n\n\n<p><br>Je suis all\u00e9 \u00e0 l\u2019ADDAP13, je pensais que j\u2019allais \u00eatre mis \u00e0 l\u2019abri d\u2019ici 48 heures. Malheureusement, ils m\u2019ont dit que je dois patienter pendant un mois. Je n\u2019avais pas un lieu o\u00f9 il faut aller, du coup ils m\u2019ont indiqu\u00e9 vers la police de Noailles. Je suis arriv\u00e9 l\u00e0-bas, j\u2019\u00e9tais dehors jusqu\u2019\u00e0 20h, 21h. Il y a un monsieur, qui est b\u00e9n\u00e9vole, qui est venu me rencontrer.<\/p>\n\n\n\n<p><br>Du coup, j\u2019\u00e9tais l\u00e0-bas, j\u2019ai rencontr\u00e9 d\u2019autres jeunes devant la police. Quelques minutes plus tard, il y avait une femme et un monsieur qui est venu nous demander si on \u00e9tait nouveau, qui ont pris notre nom et notre pr\u00e9nom. C\u2019est eux qui sont venus nous sauver de la situation dans laquelle on \u00e9tait pour nous h\u00e9berger chez eux. On les remercie beaucoup pour cela.<\/p>\n\n\n\n<p><br>Ensuite, eux ils nous ont beaucoup soutenus. Mais malheureusement dans la semaine, on partait \u00e0 l\u2019ADDAP13, trois fois par jour. Vraiment, ils nous ont sauv\u00e9, on a fait un mois chez le monsieur et la dame. Apr\u00e8s un mois, on a \u00e9t\u00e9 mis \u00e0 l\u2019h\u00f4tel par l\u2019ADDAP13. Apr\u00e8s, on nous a parl\u00e9 des empreintes qu\u2019on devait faire avant l\u2019\u00e9valuation. Du coup, on \u00e9tait partant avec eux.<\/p>\n\n\n\n<p><br>On est all\u00e9 \u00e0 la pr\u00e9fecture de police, on a pris nos empreintes avec d\u2019autres jeunes, on \u00e9tait nombreux. Maintenant, moi on m\u2019a dit au niveau de mon cas que j\u2019\u00e9tais pass\u00e9 dans une autre ville de France, que j\u2019avais pas \u00e9t\u00e9 reconnu mineur l\u00e0-bas. Moi, j\u2019avais pas compris, on ne m\u2019avait rien dit, personne ne m\u2019avait expliqu\u00e9 ce que c\u2019est. Il n\u2019y avait pas de b\u00e9n\u00e9voles.<\/p>\n\n\n\n<p><br>Ensuite, vraiment, j\u2019\u00e9tais choqu\u00e9 car je pensais qu\u2019ici on pouvait me prendre. Mais je n\u2019arrive pas \u00e0 comprendre de quoi on parle, en me disant que je ne peux plus faire d\u2019\u00e9valuation. On m\u2019a fait sortir de l\u2019h\u00f4tel. Je me demandais pourquoi \u00e7a, car j\u2019ai jamais vu un juge. Maintenant, je me demande pourquoi faire des empreintes, si on ne peut pas faire l\u2019\u00e9valuation.<\/p>\n\n\n\n<p><br>Dans le premier d\u00e9partement, je ne me rappelle pas quand est ce qu\u2019on a fait l\u2019\u00e9valuation. On ne m\u2019a rien dit. Je ne savais pas avant d\u2019arriver ici ce qu\u2019on appelle \u00e9valuation. Ensuite, on m\u2019a mis dehors, donc je ne savais pas o\u00f9 aller, je n\u2019avais pas un toit.<\/p>\n\n\n\n<p><br>J\u2019ai pu appeler le monsieur qui m\u2019avait h\u00e9berg\u00e9 les premiers jours. Vraiment c\u2019est quelqu\u2019un de bien, il a su me comprendre. Donc je suis venu, je suis rest\u00e9 chez lui quelques temps, bien avant le temps qu\u2019on me demande aujourd\u2019hui de faire venir les papiers de mon pays avant d\u2019aller voir le juge. Donc, je me demande si le d\u00e9partement de Marseille fait le travail tel que le juge demande ou tel que le gouvernement demande.<\/p>\n\n\n\n<p><br>Quand j\u2019\u00e9tais \u00e0 l\u2019h\u00f4tel, j\u2019\u00e9tais choqu\u00e9. J\u2019avais demand\u00e9 \u00e0 mon \u00e9ducatrice pourquoi on nous traitait comme \u00e7a. La r\u00e9ponse qu\u2019elle me donnait c\u2019est : \u201cSylla, on ne peut pas vous accepter vous tous \u00e0 la fois, il faut mettre \u00e7a dans ta t\u00eate\u201d. Donc, je me demandais pourquoi elle dit \u00e7a. Je lui ai demand\u00e9 si elle est fran\u00e7aise. Elle m\u2019a dit qu\u2019elle est fran\u00e7aise, mais que sa m\u00e8re n&rsquo;\u00e9tait pas fran\u00e7aise \u00e0 sa naissance. Alors j\u2019ai rien dit et je suis sorti.<\/p>\n\n\n\n<p><br>Moi, vraiment, ce que j\u2019aimerai dire, c\u2019est que ce n\u2019est pas un plaisir de venir ici, de faire la travers\u00e9e. On pouvait mourir, on pouvait rester dans l\u2019eau. Pour certaines personnes qui \u00e9taient sur la m\u00eame pirogue que moi, \u00e7a c\u2019est pas bien pass\u00e9.<\/p>\n\n\n\n<p><br>Nous, on est venu en France pour faire des \u00e9tudes. Moi, je n\u2019ai pas \u00e9t\u00e9 \u00e0 l\u2019\u00e9cole au pays. Mais malheureusement, on nous rejette. Pourtant c\u2019est les fran\u00e7ais qui nous ont colonis\u00e9, ils nous ont appris la langue fran\u00e7aise. C\u2019est pour \u00e7a qu\u2019on vient en France et pas en Italie ou en Espagne, pour apprendre la langue fran\u00e7aise et apprendre un m\u00e9tier.<\/p>\n\n\n\n<p><br>Maintenant, du coup, ceux qui nous rejettent, on ne sait pas c\u2019est qui. C\u2019est pas un plaisir de venir, c\u2019est vraiment parce que \u00e7a va pas du tout au pays. Concernant notre minorit\u00e9, des \u00e9ducatrices et des \u00e9ducateurs nous traitent mal. Ils nous traitent de racistes, on nous dit du n\u2019importe quoi. Ce que je veux dire et apr\u00e8s c\u2019est fini, c\u2019est le chef du d\u00e9partement, c\u2019est qui ? C\u2019est le juge ? Nous ici, c\u2019est les b\u00e9n\u00e9voles qui sont nos p\u00e8res et nos m\u00e8res, mais normalement ce n\u2019est pas leur travail.<\/p>\n\n\n\n<p><br>Le d\u00e9partement, ils disent que nous sommes trop autonomes pour \u00eatre mineurs. Mais quand tu vis en Afrique dans une famille pauvre, tu dois te d\u00e9brouiller tout seul pour trouver \u00e0 manger. Chez nous \u00e0 12, 13 ans quand tu es un jeune gar\u00e7on, il y en a beaucoup qui sont \u00e0 la rue. A 14, 15 ans, c\u2019est la merde, il y a plus de soutien.<\/p>\n\n\n\n<p><br>Pour finir, je voudrais vous partager cette chanson que j\u2019aime \u00e9couter pour garder le courage. Merci de m\u2019avoir lu.<\/p>\n\n\n\n<p><br>\u270c\ufe0f Rdv lundi pour une nouvelle parole de minot. Partagez, likez, boul\u00e9guez. \u270c\ufe0f<br><\/p>\n\n\n\n<figure class=\"wp-block-embed is-type-video is-provider-youtube wp-block-embed-youtube wp-embed-aspect-4-3 wp-has-aspect-ratio\"><div class=\"wp-block-embed__wrapper\">\n<iframe title=\"Aime ton prochain\" width=\"525\" height=\"394\" src=\"https:\/\/www.youtube.com\/embed\/bgrsT1MBQ68?feature=oembed\" frameborder=\"0\" allow=\"accelerometer; autoplay; clipboard-write; encrypted-media; gyroscope; picture-in-picture; web-share\" referrerpolicy=\"strict-origin-when-cross-origin\" allowfullscreen><\/iframe>\n<\/div><\/figure>\n","protected":false},"excerpt":{"rendered":"<p>Je suis arriv\u00e9 \u00e0 Marseille, il y a quelques mois. Je ne connaissais personne. J\u2019ai \u00e9t\u00e9 dans la rue. J\u2019ai rencontr\u00e9 des messieurs qui m\u2019ont conduit \u00e0 l\u2019ADDAP13. Je suis all\u00e9 \u00e0 l\u2019ADDAP13, je pensais que j\u2019allais \u00eatre mis \u00e0 l\u2019abri d\u2019ici 48 heures. Malheureusement, ils m\u2019ont dit que je dois patienter pendant un mois. &hellip; <\/p>\n<p class=\"link-more\"><a href=\"https:\/\/ramina.fr\/index.php\/2022\/02\/18\/bonjour-la-france-je-me-nomme-sylla\/\" class=\"more-link\">Continuer la lecture<span class=\"screen-reader-text\"> de &laquo;&nbsp;Bonjour la France, je me nomme Sylla, je viens de la C\u00f4te d\u2019Ivoire et  j\u2019ai 17 ans.  \ud83e\uddd0\ud83c\udde8\ud83c\uddee&nbsp;&raquo;<\/span><\/a><\/p>\n","protected":false},"author":3,"featured_media":0,"comment_status":"open","ping_status":"open","sticky":false,"template":"","format":"standard","meta":{"_jetpack_memberships_contains_paid_content":false,"footnotes":""},"categories":[13],"tags":[],"class_list":["post-1883","post","type-post","status-publish","format-standard","hentry","category-parole-de-minots-saison-3"],"yoast_head":"<!-- This site is optimized with the Yoast SEO plugin v25.1 - https:\/\/yoast.com\/wordpress\/plugins\/seo\/ -->\n<title>Bonjour la France, je me nomme Sylla, je viens de la C\u00f4te d\u2019Ivoire et j\u2019ai 17 ans. \ud83e\uddd0\ud83c\udde8\ud83c\uddee | RAMINA<\/title>\n<meta name=\"robots\" content=\"noindex, follow\" \/>\n<meta property=\"og:locale\" content=\"fr_FR\" \/>\n<meta property=\"og:type\" content=\"article\" \/>\n<meta property=\"og:title\" content=\"Bonjour la France, je me nomme Sylla, je viens de la C\u00f4te d\u2019Ivoire et j\u2019ai 17 ans. \ud83e\uddd0\ud83c\udde8\ud83c\uddee | RAMINA\" \/>\n<meta property=\"og:description\" content=\"Je suis arriv\u00e9 \u00e0 Marseille, il y a quelques mois. Je ne connaissais personne. J\u2019ai \u00e9t\u00e9 dans la rue. J\u2019ai rencontr\u00e9 des messieurs qui m\u2019ont conduit \u00e0 l\u2019ADDAP13. Je suis all\u00e9 \u00e0 l\u2019ADDAP13, je pensais que j\u2019allais \u00eatre mis \u00e0 l\u2019abri d\u2019ici 48 heures. Malheureusement, ils m\u2019ont dit que je dois patienter pendant un mois. &hellip; Continuer la lecture de &laquo;&nbsp;Bonjour la France, je me nomme Sylla, je viens de la C\u00f4te d\u2019Ivoire et j\u2019ai 17 ans. \ud83e\uddd0\ud83c\udde8\ud83c\uddee&nbsp;&raquo;\" \/>\n<meta property=\"og:url\" content=\"https:\/\/ramina.fr\/index.php\/2022\/02\/18\/bonjour-la-france-je-me-nomme-sylla\/\" \/>\n<meta property=\"og:site_name\" content=\"RAMINA\" \/>\n<meta property=\"article:publisher\" content=\"https:\/\/www.facebook.com\/contact.ramina\/\" \/>\n<meta property=\"article:published_time\" content=\"2022-02-18T10:30:15+00:00\" \/>\n<meta property=\"article:modified_time\" content=\"2022-02-18T10:31:15+00:00\" \/>\n<meta property=\"og:image\" content=\"https:\/\/ramina.fr\/wp-content\/uploads\/2025\/02\/ramina-image-mise-avant-wordpress.jpg\" \/>\n\t<meta property=\"og:image:width\" content=\"1200\" \/>\n\t<meta property=\"og:image:height\" content=\"675\" \/>\n\t<meta property=\"og:image:type\" content=\"image\/jpeg\" \/>\n<meta name=\"author\" content=\"Ramina R\u00e9seau\" \/>\n<meta name=\"twitter:card\" content=\"summary_large_image\" \/>\n<meta name=\"twitter:label1\" content=\"\u00c9crit par\" \/>\n\t<meta name=\"twitter:data1\" content=\"Ramina R\u00e9seau\" \/>\n\t<meta name=\"twitter:label2\" content=\"Dur\u00e9e de lecture estim\u00e9e\" \/>\n\t<meta name=\"twitter:data2\" content=\"5 minutes\" \/>\n<script type=\"application\/ld+json\" class=\"yoast-schema-graph\">{\"@context\":\"https:\/\/schema.org\",\"@graph\":[{\"@type\":\"Article\",\"@id\":\"https:\/\/ramina.fr\/index.php\/2022\/02\/18\/bonjour-la-france-je-me-nomme-sylla\/#article\",\"isPartOf\":{\"@id\":\"https:\/\/ramina.fr\/index.php\/2022\/02\/18\/bonjour-la-france-je-me-nomme-sylla\/\"},\"author\":{\"name\":\"Ramina R\u00e9seau\",\"@id\":\"https:\/\/ramina.fr\/#\/schema\/person\/60afb851da2c0c7b9e173324b84144d5\"},\"headline\":\"Bonjour la France, je me nomme Sylla, je viens de la C\u00f4te d\u2019Ivoire et j\u2019ai 17 ans. \ud83e\uddd0\ud83c\udde8\ud83c\uddee\",\"datePublished\":\"2022-02-18T10:30:15+00:00\",\"dateModified\":\"2022-02-18T10:31:15+00:00\",\"mainEntityOfPage\":{\"@id\":\"https:\/\/ramina.fr\/index.php\/2022\/02\/18\/bonjour-la-france-je-me-nomme-sylla\/\"},\"wordCount\":989,\"commentCount\":0,\"publisher\":{\"@id\":\"https:\/\/ramina.fr\/#organization\"},\"articleSection\":[\"Parole de Minots Saison 3\"],\"inLanguage\":\"fr-FR\",\"potentialAction\":[{\"@type\":\"CommentAction\",\"name\":\"Comment\",\"target\":[\"https:\/\/ramina.fr\/index.php\/2022\/02\/18\/bonjour-la-france-je-me-nomme-sylla\/#respond\"]}]},{\"@type\":\"WebPage\",\"@id\":\"https:\/\/ramina.fr\/index.php\/2022\/02\/18\/bonjour-la-france-je-me-nomme-sylla\/\",\"url\":\"https:\/\/ramina.fr\/index.php\/2022\/02\/18\/bonjour-la-france-je-me-nomme-sylla\/\",\"name\":\"Bonjour la France, je me nomme Sylla, je viens de la C\u00f4te d\u2019Ivoire et j\u2019ai 17 ans. \ud83e\uddd0\ud83c\udde8\ud83c\uddee | RAMINA\",\"isPartOf\":{\"@id\":\"https:\/\/ramina.fr\/#website\"},\"datePublished\":\"2022-02-18T10:30:15+00:00\",\"dateModified\":\"2022-02-18T10:31:15+00:00\",\"breadcrumb\":{\"@id\":\"https:\/\/ramina.fr\/index.php\/2022\/02\/18\/bonjour-la-france-je-me-nomme-sylla\/#breadcrumb\"},\"inLanguage\":\"fr-FR\",\"potentialAction\":[{\"@type\":\"ReadAction\",\"target\":[\"https:\/\/ramina.fr\/index.php\/2022\/02\/18\/bonjour-la-france-je-me-nomme-sylla\/\"]}]},{\"@type\":\"BreadcrumbList\",\"@id\":\"https:\/\/ramina.fr\/index.php\/2022\/02\/18\/bonjour-la-france-je-me-nomme-sylla\/#breadcrumb\",\"itemListElement\":[{\"@type\":\"ListItem\",\"position\":1,\"name\":\"Accueil\",\"item\":\"https:\/\/ramina.fr\/\"},{\"@type\":\"ListItem\",\"position\":2,\"name\":\"Bonjour la France, je me nomme Sylla, je viens de la C\u00f4te d\u2019Ivoire et j\u2019ai 17 ans. \ud83e\uddd0\ud83c\udde8\ud83c\uddee\"}]},{\"@type\":\"WebSite\",\"@id\":\"https:\/\/ramina.fr\/#website\",\"url\":\"https:\/\/ramina.fr\/\",\"name\":\"RAMINA\",\"description\":\"R\u00e9seau d\u2019Accueil des Minot.es Non Accompagn\u00e9s\",\"publisher\":{\"@id\":\"https:\/\/ramina.fr\/#organization\"},\"alternateName\":\"R\u00e9seau d'accueil Solidaire des Minots Non Accompagn\u00e9s\",\"potentialAction\":[{\"@type\":\"SearchAction\",\"target\":{\"@type\":\"EntryPoint\",\"urlTemplate\":\"https:\/\/ramina.fr\/?s={search_term_string}\"},\"query-input\":{\"@type\":\"PropertyValueSpecification\",\"valueRequired\":true,\"valueName\":\"search_term_string\"}}],\"inLanguage\":\"fr-FR\"},{\"@type\":\"Organization\",\"@id\":\"https:\/\/ramina.fr\/#organization\",\"name\":\"RAMINA\",\"alternateName\":\"R\u00e9seau d' Accueil des Minots Non Accompagn\u00e9s\",\"url\":\"https:\/\/ramina.fr\/\",\"logo\":{\"@type\":\"ImageObject\",\"inLanguage\":\"fr-FR\",\"@id\":\"https:\/\/ramina.fr\/#\/schema\/logo\/image\/\",\"url\":\"https:\/\/ramina.fr\/wp-content\/uploads\/2025\/02\/LOGO_RAMINA_NOIR_VERTICAL.png\",\"contentUrl\":\"https:\/\/ramina.fr\/wp-content\/uploads\/2025\/02\/LOGO_RAMINA_NOIR_VERTICAL.png\",\"width\":1654,\"height\":1418,\"caption\":\"RAMINA\"},\"image\":{\"@id\":\"https:\/\/ramina.fr\/#\/schema\/logo\/image\/\"},\"sameAs\":[\"https:\/\/www.facebook.com\/contact.ramina\/\",\"https:\/\/www.instagram.com\/ramina_marseille\/\"]},{\"@type\":\"Person\",\"@id\":\"https:\/\/ramina.fr\/#\/schema\/person\/60afb851da2c0c7b9e173324b84144d5\",\"name\":\"Ramina R\u00e9seau\",\"image\":{\"@type\":\"ImageObject\",\"inLanguage\":\"fr-FR\",\"@id\":\"https:\/\/ramina.fr\/#\/schema\/person\/image\/\",\"url\":\"https:\/\/secure.gravatar.com\/avatar\/5985aef3267ffd44adcd4562d2752e99?s=96&d=mm&r=g\",\"contentUrl\":\"https:\/\/secure.gravatar.com\/avatar\/5985aef3267ffd44adcd4562d2752e99?s=96&d=mm&r=g\",\"caption\":\"Ramina R\u00e9seau\"}}]}<\/script>\n<!-- \/ Yoast SEO plugin. -->","yoast_head_json":{"title":"Bonjour la France, je me nomme Sylla, je viens de la C\u00f4te d\u2019Ivoire et j\u2019ai 17 ans. \ud83e\uddd0\ud83c\udde8\ud83c\uddee | RAMINA","robots":{"index":"noindex","follow":"follow"},"og_locale":"fr_FR","og_type":"article","og_title":"Bonjour la France, je me nomme Sylla, je viens de la C\u00f4te d\u2019Ivoire et j\u2019ai 17 ans. \ud83e\uddd0\ud83c\udde8\ud83c\uddee | RAMINA","og_description":"Je suis arriv\u00e9 \u00e0 Marseille, il y a quelques mois. Je ne connaissais personne. J\u2019ai \u00e9t\u00e9 dans la rue. J\u2019ai rencontr\u00e9 des messieurs qui m\u2019ont conduit \u00e0 l\u2019ADDAP13. Je suis all\u00e9 \u00e0 l\u2019ADDAP13, je pensais que j\u2019allais \u00eatre mis \u00e0 l\u2019abri d\u2019ici 48 heures. Malheureusement, ils m\u2019ont dit que je dois patienter pendant un mois. &hellip; Continuer la lecture de &laquo;&nbsp;Bonjour la France, je me nomme Sylla, je viens de la C\u00f4te d\u2019Ivoire et j\u2019ai 17 ans. \ud83e\uddd0\ud83c\udde8\ud83c\uddee&nbsp;&raquo;","og_url":"https:\/\/ramina.fr\/index.php\/2022\/02\/18\/bonjour-la-france-je-me-nomme-sylla\/","og_site_name":"RAMINA","article_publisher":"https:\/\/www.facebook.com\/contact.ramina\/","article_published_time":"2022-02-18T10:30:15+00:00","article_modified_time":"2022-02-18T10:31:15+00:00","og_image":[{"width":1200,"height":675,"url":"https:\/\/ramina.fr\/wp-content\/uploads\/2025\/02\/ramina-image-mise-avant-wordpress.jpg","type":"image\/jpeg"}],"author":"Ramina R\u00e9seau","twitter_card":"summary_large_image","twitter_misc":{"\u00c9crit par":"Ramina R\u00e9seau","Dur\u00e9e de lecture estim\u00e9e":"5 minutes"},"schema":{"@context":"https:\/\/schema.org","@graph":[{"@type":"Article","@id":"https:\/\/ramina.fr\/index.php\/2022\/02\/18\/bonjour-la-france-je-me-nomme-sylla\/#article","isPartOf":{"@id":"https:\/\/ramina.fr\/index.php\/2022\/02\/18\/bonjour-la-france-je-me-nomme-sylla\/"},"author":{"name":"Ramina R\u00e9seau","@id":"https:\/\/ramina.fr\/#\/schema\/person\/60afb851da2c0c7b9e173324b84144d5"},"headline":"Bonjour la France, je me nomme Sylla, je viens de la C\u00f4te d\u2019Ivoire et j\u2019ai 17 ans. \ud83e\uddd0\ud83c\udde8\ud83c\uddee","datePublished":"2022-02-18T10:30:15+00:00","dateModified":"2022-02-18T10:31:15+00:00","mainEntityOfPage":{"@id":"https:\/\/ramina.fr\/index.php\/2022\/02\/18\/bonjour-la-france-je-me-nomme-sylla\/"},"wordCount":989,"commentCount":0,"publisher":{"@id":"https:\/\/ramina.fr\/#organization"},"articleSection":["Parole de Minots Saison 3"],"inLanguage":"fr-FR","potentialAction":[{"@type":"CommentAction","name":"Comment","target":["https:\/\/ramina.fr\/index.php\/2022\/02\/18\/bonjour-la-france-je-me-nomme-sylla\/#respond"]}]},{"@type":"WebPage","@id":"https:\/\/ramina.fr\/index.php\/2022\/02\/18\/bonjour-la-france-je-me-nomme-sylla\/","url":"https:\/\/ramina.fr\/index.php\/2022\/02\/18\/bonjour-la-france-je-me-nomme-sylla\/","name":"Bonjour la France, je me nomme Sylla, je viens de la C\u00f4te d\u2019Ivoire et j\u2019ai 17 ans. \ud83e\uddd0\ud83c\udde8\ud83c\uddee | RAMINA","isPartOf":{"@id":"https:\/\/ramina.fr\/#website"},"datePublished":"2022-02-18T10:30:15+00:00","dateModified":"2022-02-18T10:31:15+00:00","breadcrumb":{"@id":"https:\/\/ramina.fr\/index.php\/2022\/02\/18\/bonjour-la-france-je-me-nomme-sylla\/#breadcrumb"},"inLanguage":"fr-FR","potentialAction":[{"@type":"ReadAction","target":["https:\/\/ramina.fr\/index.php\/2022\/02\/18\/bonjour-la-france-je-me-nomme-sylla\/"]}]},{"@type":"BreadcrumbList","@id":"https:\/\/ramina.fr\/index.php\/2022\/02\/18\/bonjour-la-france-je-me-nomme-sylla\/#breadcrumb","itemListElement":[{"@type":"ListItem","position":1,"name":"Accueil","item":"https:\/\/ramina.fr\/"},{"@type":"ListItem","position":2,"name":"Bonjour la France, je me nomme Sylla, je viens de la C\u00f4te d\u2019Ivoire et j\u2019ai 17 ans. \ud83e\uddd0\ud83c\udde8\ud83c\uddee"}]},{"@type":"WebSite","@id":"https:\/\/ramina.fr\/#website","url":"https:\/\/ramina.fr\/","name":"RAMINA","description":"R\u00e9seau d\u2019Accueil des Minot.es Non Accompagn\u00e9s","publisher":{"@id":"https:\/\/ramina.fr\/#organization"},"alternateName":"R\u00e9seau d'accueil Solidaire des Minots Non Accompagn\u00e9s","potentialAction":[{"@type":"SearchAction","target":{"@type":"EntryPoint","urlTemplate":"https:\/\/ramina.fr\/?s={search_term_string}"},"query-input":{"@type":"PropertyValueSpecification","valueRequired":true,"valueName":"search_term_string"}}],"inLanguage":"fr-FR"},{"@type":"Organization","@id":"https:\/\/ramina.fr\/#organization","name":"RAMINA","alternateName":"R\u00e9seau d' Accueil des Minots Non Accompagn\u00e9s","url":"https:\/\/ramina.fr\/","logo":{"@type":"ImageObject","inLanguage":"fr-FR","@id":"https:\/\/ramina.fr\/#\/schema\/logo\/image\/","url":"https:\/\/ramina.fr\/wp-content\/uploads\/2025\/02\/LOGO_RAMINA_NOIR_VERTICAL.png","contentUrl":"https:\/\/ramina.fr\/wp-content\/uploads\/2025\/02\/LOGO_RAMINA_NOIR_VERTICAL.png","width":1654,"height":1418,"caption":"RAMINA"},"image":{"@id":"https:\/\/ramina.fr\/#\/schema\/logo\/image\/"},"sameAs":["https:\/\/www.facebook.com\/contact.ramina\/","https:\/\/www.instagram.com\/ramina_marseille\/"]},{"@type":"Person","@id":"https:\/\/ramina.fr\/#\/schema\/person\/60afb851da2c0c7b9e173324b84144d5","name":"Ramina R\u00e9seau","image":{"@type":"ImageObject","inLanguage":"fr-FR","@id":"https:\/\/ramina.fr\/#\/schema\/person\/image\/","url":"https:\/\/secure.gravatar.com\/avatar\/5985aef3267ffd44adcd4562d2752e99?s=96&d=mm&r=g","contentUrl":"https:\/\/secure.gravatar.com\/avatar\/5985aef3267ffd44adcd4562d2752e99?s=96&d=mm&r=g","caption":"Ramina R\u00e9seau"}}]}},"jetpack_featured_media_url":"","jetpack_sharing_enabled":true,"_links":{"self":[{"href":"https:\/\/ramina.fr\/index.php\/wp-json\/wp\/v2\/posts\/1883","targetHints":{"allow":["GET"]}}],"collection":[{"href":"https:\/\/ramina.fr\/index.php\/wp-json\/wp\/v2\/posts"}],"about":[{"href":"https:\/\/ramina.fr\/index.php\/wp-json\/wp\/v2\/types\/post"}],"author":[{"embeddable":true,"href":"https:\/\/ramina.fr\/index.php\/wp-json\/wp\/v2\/users\/3"}],"replies":[{"embeddable":true,"href":"https:\/\/ramina.fr\/index.php\/wp-json\/wp\/v2\/comments?post=1883"}],"version-history":[{"count":1,"href":"https:\/\/ramina.fr\/index.php\/wp-json\/wp\/v2\/posts\/1883\/revisions"}],"predecessor-version":[{"id":1884,"href":"https:\/\/ramina.fr\/index.php\/wp-json\/wp\/v2\/posts\/1883\/revisions\/1884"}],"wp:attachment":[{"href":"https:\/\/ramina.fr\/index.php\/wp-json\/wp\/v2\/media?parent=1883"}],"wp:term":[{"taxonomy":"category","embeddable":true,"href":"https:\/\/ramina.fr\/index.php\/wp-json\/wp\/v2\/categories?post=1883"},{"taxonomy":"post_tag","embeddable":true,"href":"https:\/\/ramina.fr\/index.php\/wp-json\/wp\/v2\/tags?post=1883"}],"curies":[{"name":"wp","href":"https:\/\/api.w.org\/{rel}","templated":true}]}}