{"id":1881,"date":"2022-02-14T18:21:22","date_gmt":"2022-02-14T17:21:22","guid":{"rendered":"http:\/\/ramina.fr\/?p=1881"},"modified":"2022-02-14T18:21:44","modified_gmt":"2022-02-14T17:21:44","slug":"bonjour-je-mappelle-eric","status":"publish","type":"post","link":"https:\/\/ramina.fr\/index.php\/2022\/02\/14\/bonjour-je-mappelle-eric\/","title":{"rendered":"Bonjour, je m&rsquo;appelle \u00c9ric, je viens de Guin\u00e9e Bissau \ud83d\ude42\ud83c\uddec\ud83c\uddfc"},"content":{"rendered":"\n<p>Je suis arriv\u00e9 en France en septembre 2017, j&rsquo;avais 15 ans.<\/p>\n\n\n\n<p><br>J&rsquo;ai \u00e9t\u00e9 pris en charge par l&rsquo;ASE de Gap, qui m&rsquo;a transf\u00e9r\u00e9 \u00e0 Marseille, j&rsquo;ai \u00e9t\u00e9 re\u00e7u par l&rsquo;ADDAP13, mais j&rsquo;ai dormi dans la rue pendant un mois et demi. Je ne comprenais pas un mot de fran\u00e7ais. <\/p>\n\n\n\n<p>Gr\u00e2ce \u00e0 l&rsquo;aide de b\u00e9n\u00e9voles, en particulier le Manba, nous nous sommes tous regroup\u00e9s, les membres de l&rsquo;association et les jeunes qui \u00e9taient dans la m\u00eame situation que moi, et on a occup\u00e9 l&rsquo;\u00e9glise de Saint Ferr\u00e9ol, au vieux port, pendant 2 jours et 2 nuits jusqu&rsquo;\u00e0 ce qu&rsquo;ils nous trouvent un h\u00e9bergement temporaire. On \u00e9tait 62 jeunes de toutes les nationalit\u00e9s, mais j&rsquo;\u00e9tais le seul de Guin\u00e9e Bissau.<\/p>\n\n\n\n<p><br>Je remercie beaucoup l&rsquo;\u00e9quipe de L&rsquo;ADDAP13, car ils m&rsquo;ont scolaris\u00e9 dans une classe de primo arrivant aux lyc\u00e9e le Chatelier, j&rsquo;ai valid\u00e9 mon premier dipl\u00f4me de DELF A1, ensuite j&rsquo;ai d\u00e9but\u00e9 une formation CAP-MVTR professionnelle en alternance avec une grosse entreprise, j&rsquo;ai obtenu mon CAP en juin 2020,j&rsquo;ai continu\u00e9 en alternance toujours avec cette m\u00eame entreprise, et j&rsquo;ai eu mon bac.<\/p>\n\n\n\n<p><br>Aujourd&rsquo;hui je suis en contrat CDI, toujours dans cette entreprise. Je remercie mon employeur qui m&rsquo;a form\u00e9 et donn\u00e9 toutes les chances de r\u00e9ussite.<\/p>\n\n\n\n<p><br>Aujourd\u2019hui, je me sens un h\u00e9ros en racontant cette aventure. On aime la France ! Pour la premi\u00e8re fois que je parle ici, je vous fais partager cette musique<\/p>\n\n\n\n<p><br>\u270c\ufe0f Rdv vendredi pour une nouvelle parole de minot. Partagez, likez, boul\u00e9guez \u270c\ufe0f<\/p>\n\n\n\n<figure class=\"wp-block-embed is-type-video is-provider-youtube wp-block-embed-youtube wp-embed-aspect-16-9 wp-has-aspect-ratio\"><div class=\"wp-block-embed__wrapper\">\n <iframe title=\"Binhan  - Tudo Na Passa (Oficial video)\" width=\"525\" height=\"295\" src=\"https:\/\/www.youtube.com\/embed\/Zz8Xt5Hn5FQ?feature=oembed\" frameborder=\"0\" allow=\"accelerometer; autoplay; clipboard-write; encrypted-media; gyroscope; picture-in-picture; web-share\" referrerpolicy=\"strict-origin-when-cross-origin\" allowfullscreen><\/iframe>\n<\/div><\/figure>\n","protected":false},"excerpt":{"rendered":"<p>Je suis arriv\u00e9 en France en septembre 2017, j&rsquo;avais 15 ans. J&rsquo;ai \u00e9t\u00e9 pris en charge par l&rsquo;ASE de Gap, qui m&rsquo;a transf\u00e9r\u00e9 \u00e0 Marseille, j&rsquo;ai \u00e9t\u00e9 re\u00e7u par l&rsquo;ADDAP13, mais j&rsquo;ai dormi dans la rue pendant un mois et demi. Je ne comprenais pas un mot de fran\u00e7ais. Gr\u00e2ce \u00e0 l&rsquo;aide de b\u00e9n\u00e9voles, en &hellip; <\/p>\n<p class=\"link-more\"><a href=\"https:\/\/ramina.fr\/index.php\/2022\/02\/14\/bonjour-je-mappelle-eric\/\" class=\"more-link\">Continuer la lecture<span class=\"screen-reader-text\"> de &laquo;&nbsp;Bonjour, je m&rsquo;appelle \u00c9ric, je viens de Guin\u00e9e Bissau \ud83d\ude42\ud83c\uddec\ud83c\uddfc&nbsp;&raquo;<\/span><\/a><\/p>\n","protected":false},"author":3,"featured_media":0,"comment_status":"open","ping_status":"open","sticky":false,"template":"","format":"standard","meta":{"_jetpack_memberships_contains_paid_content":false,"footnotes":""},"categories":[13],"tags":[],"class_list":["post-1881","post","type-post","status-publish","format-standard","hentry","category-parole-de-minots-saison-3"],"yoast_head":"<!-- This site is optimized with the Yoast SEO plugin v25.1 - https:\/\/yoast.com\/wordpress\/plugins\/seo\/ -->\n<title>Bonjour, je m&#039;appelle \u00c9ric, je viens de Guin\u00e9e Bissau \ud83d\ude42\ud83c\uddec\ud83c\uddfc | RAMINA<\/title>\n<meta name=\"robots\" content=\"noindex, follow\" \/>\n<meta property=\"og:locale\" content=\"fr_FR\" \/>\n<meta property=\"og:type\" content=\"article\" \/>\n<meta property=\"og:title\" content=\"Bonjour, je m&#039;appelle \u00c9ric, je viens de Guin\u00e9e Bissau \ud83d\ude42\ud83c\uddec\ud83c\uddfc | RAMINA\" \/>\n<meta property=\"og:description\" content=\"Je suis arriv\u00e9 en France en septembre 2017, j&rsquo;avais 15 ans. J&rsquo;ai \u00e9t\u00e9 pris en charge par l&rsquo;ASE de Gap, qui m&rsquo;a transf\u00e9r\u00e9 \u00e0 Marseille, j&rsquo;ai \u00e9t\u00e9 re\u00e7u par l&rsquo;ADDAP13, mais j&rsquo;ai dormi dans la rue pendant un mois et demi. Je ne comprenais pas un mot de fran\u00e7ais. Gr\u00e2ce \u00e0 l&rsquo;aide de b\u00e9n\u00e9voles, en &hellip; Continuer la lecture de &laquo;&nbsp;Bonjour, je m&rsquo;appelle \u00c9ric, je viens de Guin\u00e9e Bissau \ud83d\ude42\ud83c\uddec\ud83c\uddfc&nbsp;&raquo;\" \/>\n<meta property=\"og:url\" content=\"https:\/\/ramina.fr\/index.php\/2022\/02\/14\/bonjour-je-mappelle-eric\/\" \/>\n<meta property=\"og:site_name\" content=\"RAMINA\" \/>\n<meta property=\"article:publisher\" content=\"https:\/\/www.facebook.com\/contact.ramina\/\" \/>\n<meta property=\"article:published_time\" content=\"2022-02-14T17:21:22+00:00\" \/>\n<meta property=\"article:modified_time\" content=\"2022-02-14T17:21:44+00:00\" \/>\n<meta property=\"og:image\" content=\"https:\/\/ramina.fr\/wp-content\/uploads\/2025\/02\/ramina-image-mise-avant-wordpress.jpg\" \/>\n\t<meta property=\"og:image:width\" content=\"1200\" \/>\n\t<meta property=\"og:image:height\" content=\"675\" \/>\n\t<meta property=\"og:image:type\" content=\"image\/jpeg\" \/>\n<meta name=\"author\" content=\"Ramina R\u00e9seau\" \/>\n<meta name=\"twitter:card\" content=\"summary_large_image\" \/>\n<meta name=\"twitter:label1\" content=\"\u00c9crit par\" \/>\n\t<meta name=\"twitter:data1\" content=\"Ramina R\u00e9seau\" \/>\n\t<meta name=\"twitter:label2\" content=\"Dur\u00e9e de lecture estim\u00e9e\" \/>\n\t<meta name=\"twitter:data2\" content=\"1 minute\" \/>\n<script type=\"application\/ld+json\" class=\"yoast-schema-graph\">{\"@context\":\"https:\/\/schema.org\",\"@graph\":[{\"@type\":\"Article\",\"@id\":\"https:\/\/ramina.fr\/index.php\/2022\/02\/14\/bonjour-je-mappelle-eric\/#article\",\"isPartOf\":{\"@id\":\"https:\/\/ramina.fr\/index.php\/2022\/02\/14\/bonjour-je-mappelle-eric\/\"},\"author\":{\"name\":\"Ramina R\u00e9seau\",\"@id\":\"https:\/\/ramina.fr\/#\/schema\/person\/60afb851da2c0c7b9e173324b84144d5\"},\"headline\":\"Bonjour, je m&rsquo;appelle \u00c9ric, je viens de Guin\u00e9e Bissau \ud83d\ude42\ud83c\uddec\ud83c\uddfc\",\"datePublished\":\"2022-02-14T17:21:22+00:00\",\"dateModified\":\"2022-02-14T17:21:44+00:00\",\"mainEntityOfPage\":{\"@id\":\"https:\/\/ramina.fr\/index.php\/2022\/02\/14\/bonjour-je-mappelle-eric\/\"},\"wordCount\":283,\"commentCount\":0,\"publisher\":{\"@id\":\"https:\/\/ramina.fr\/#organization\"},\"articleSection\":[\"Parole de Minots Saison 3\"],\"inLanguage\":\"fr-FR\",\"potentialAction\":[{\"@type\":\"CommentAction\",\"name\":\"Comment\",\"target\":[\"https:\/\/ramina.fr\/index.php\/2022\/02\/14\/bonjour-je-mappelle-eric\/#respond\"]}]},{\"@type\":\"WebPage\",\"@id\":\"https:\/\/ramina.fr\/index.php\/2022\/02\/14\/bonjour-je-mappelle-eric\/\",\"url\":\"https:\/\/ramina.fr\/index.php\/2022\/02\/14\/bonjour-je-mappelle-eric\/\",\"name\":\"Bonjour, je m'appelle \u00c9ric, je viens de Guin\u00e9e Bissau \ud83d\ude42\ud83c\uddec\ud83c\uddfc | RAMINA\",\"isPartOf\":{\"@id\":\"https:\/\/ramina.fr\/#website\"},\"datePublished\":\"2022-02-14T17:21:22+00:00\",\"dateModified\":\"2022-02-14T17:21:44+00:00\",\"breadcrumb\":{\"@id\":\"https:\/\/ramina.fr\/index.php\/2022\/02\/14\/bonjour-je-mappelle-eric\/#breadcrumb\"},\"inLanguage\":\"fr-FR\",\"potentialAction\":[{\"@type\":\"ReadAction\",\"target\":[\"https:\/\/ramina.fr\/index.php\/2022\/02\/14\/bonjour-je-mappelle-eric\/\"]}]},{\"@type\":\"BreadcrumbList\",\"@id\":\"https:\/\/ramina.fr\/index.php\/2022\/02\/14\/bonjour-je-mappelle-eric\/#breadcrumb\",\"itemListElement\":[{\"@type\":\"ListItem\",\"position\":1,\"name\":\"Accueil\",\"item\":\"https:\/\/ramina.fr\/\"},{\"@type\":\"ListItem\",\"position\":2,\"name\":\"Bonjour, je m&rsquo;appelle \u00c9ric, je viens de Guin\u00e9e Bissau \ud83d\ude42\ud83c\uddec\ud83c\uddfc\"}]},{\"@type\":\"WebSite\",\"@id\":\"https:\/\/ramina.fr\/#website\",\"url\":\"https:\/\/ramina.fr\/\",\"name\":\"RAMINA\",\"description\":\"R\u00e9seau d\u2019Accueil des Minot.es Non Accompagn\u00e9s\",\"publisher\":{\"@id\":\"https:\/\/ramina.fr\/#organization\"},\"alternateName\":\"R\u00e9seau d'accueil Solidaire des Minots Non Accompagn\u00e9s\",\"potentialAction\":[{\"@type\":\"SearchAction\",\"target\":{\"@type\":\"EntryPoint\",\"urlTemplate\":\"https:\/\/ramina.fr\/?s={search_term_string}\"},\"query-input\":{\"@type\":\"PropertyValueSpecification\",\"valueRequired\":true,\"valueName\":\"search_term_string\"}}],\"inLanguage\":\"fr-FR\"},{\"@type\":\"Organization\",\"@id\":\"https:\/\/ramina.fr\/#organization\",\"name\":\"RAMINA\",\"alternateName\":\"R\u00e9seau d' Accueil des Minots Non Accompagn\u00e9s\",\"url\":\"https:\/\/ramina.fr\/\",\"logo\":{\"@type\":\"ImageObject\",\"inLanguage\":\"fr-FR\",\"@id\":\"https:\/\/ramina.fr\/#\/schema\/logo\/image\/\",\"url\":\"https:\/\/ramina.fr\/wp-content\/uploads\/2025\/02\/LOGO_RAMINA_NOIR_VERTICAL.png\",\"contentUrl\":\"https:\/\/ramina.fr\/wp-content\/uploads\/2025\/02\/LOGO_RAMINA_NOIR_VERTICAL.png\",\"width\":1654,\"height\":1418,\"caption\":\"RAMINA\"},\"image\":{\"@id\":\"https:\/\/ramina.fr\/#\/schema\/logo\/image\/\"},\"sameAs\":[\"https:\/\/www.facebook.com\/contact.ramina\/\",\"https:\/\/www.instagram.com\/ramina_marseille\/\"]},{\"@type\":\"Person\",\"@id\":\"https:\/\/ramina.fr\/#\/schema\/person\/60afb851da2c0c7b9e173324b84144d5\",\"name\":\"Ramina R\u00e9seau\",\"image\":{\"@type\":\"ImageObject\",\"inLanguage\":\"fr-FR\",\"@id\":\"https:\/\/ramina.fr\/#\/schema\/person\/image\/\",\"url\":\"https:\/\/secure.gravatar.com\/avatar\/5985aef3267ffd44adcd4562d2752e99?s=96&d=mm&r=g\",\"contentUrl\":\"https:\/\/secure.gravatar.com\/avatar\/5985aef3267ffd44adcd4562d2752e99?s=96&d=mm&r=g\",\"caption\":\"Ramina R\u00e9seau\"}}]}<\/script>\n<!-- \/ Yoast SEO plugin. -->","yoast_head_json":{"title":"Bonjour, je m'appelle \u00c9ric, je viens de Guin\u00e9e Bissau \ud83d\ude42\ud83c\uddec\ud83c\uddfc | RAMINA","robots":{"index":"noindex","follow":"follow"},"og_locale":"fr_FR","og_type":"article","og_title":"Bonjour, je m'appelle \u00c9ric, je viens de Guin\u00e9e Bissau \ud83d\ude42\ud83c\uddec\ud83c\uddfc | RAMINA","og_description":"Je suis arriv\u00e9 en France en septembre 2017, j&rsquo;avais 15 ans. J&rsquo;ai \u00e9t\u00e9 pris en charge par l&rsquo;ASE de Gap, qui m&rsquo;a transf\u00e9r\u00e9 \u00e0 Marseille, j&rsquo;ai \u00e9t\u00e9 re\u00e7u par l&rsquo;ADDAP13, mais j&rsquo;ai dormi dans la rue pendant un mois et demi. Je ne comprenais pas un mot de fran\u00e7ais. Gr\u00e2ce \u00e0 l&rsquo;aide de b\u00e9n\u00e9voles, en &hellip; Continuer la lecture de &laquo;&nbsp;Bonjour, je m&rsquo;appelle \u00c9ric, je viens de Guin\u00e9e Bissau \ud83d\ude42\ud83c\uddec\ud83c\uddfc&nbsp;&raquo;","og_url":"https:\/\/ramina.fr\/index.php\/2022\/02\/14\/bonjour-je-mappelle-eric\/","og_site_name":"RAMINA","article_publisher":"https:\/\/www.facebook.com\/contact.ramina\/","article_published_time":"2022-02-14T17:21:22+00:00","article_modified_time":"2022-02-14T17:21:44+00:00","og_image":[{"width":1200,"height":675,"url":"https:\/\/ramina.fr\/wp-content\/uploads\/2025\/02\/ramina-image-mise-avant-wordpress.jpg","type":"image\/jpeg"}],"author":"Ramina R\u00e9seau","twitter_card":"summary_large_image","twitter_misc":{"\u00c9crit par":"Ramina R\u00e9seau","Dur\u00e9e de lecture estim\u00e9e":"1 minute"},"schema":{"@context":"https:\/\/schema.org","@graph":[{"@type":"Article","@id":"https:\/\/ramina.fr\/index.php\/2022\/02\/14\/bonjour-je-mappelle-eric\/#article","isPartOf":{"@id":"https:\/\/ramina.fr\/index.php\/2022\/02\/14\/bonjour-je-mappelle-eric\/"},"author":{"name":"Ramina R\u00e9seau","@id":"https:\/\/ramina.fr\/#\/schema\/person\/60afb851da2c0c7b9e173324b84144d5"},"headline":"Bonjour, je m&rsquo;appelle \u00c9ric, je viens de Guin\u00e9e Bissau \ud83d\ude42\ud83c\uddec\ud83c\uddfc","datePublished":"2022-02-14T17:21:22+00:00","dateModified":"2022-02-14T17:21:44+00:00","mainEntityOfPage":{"@id":"https:\/\/ramina.fr\/index.php\/2022\/02\/14\/bonjour-je-mappelle-eric\/"},"wordCount":283,"commentCount":0,"publisher":{"@id":"https:\/\/ramina.fr\/#organization"},"articleSection":["Parole de Minots Saison 3"],"inLanguage":"fr-FR","potentialAction":[{"@type":"CommentAction","name":"Comment","target":["https:\/\/ramina.fr\/index.php\/2022\/02\/14\/bonjour-je-mappelle-eric\/#respond"]}]},{"@type":"WebPage","@id":"https:\/\/ramina.fr\/index.php\/2022\/02\/14\/bonjour-je-mappelle-eric\/","url":"https:\/\/ramina.fr\/index.php\/2022\/02\/14\/bonjour-je-mappelle-eric\/","name":"Bonjour, je m'appelle \u00c9ric, je viens de Guin\u00e9e Bissau \ud83d\ude42\ud83c\uddec\ud83c\uddfc | RAMINA","isPartOf":{"@id":"https:\/\/ramina.fr\/#website"},"datePublished":"2022-02-14T17:21:22+00:00","dateModified":"2022-02-14T17:21:44+00:00","breadcrumb":{"@id":"https:\/\/ramina.fr\/index.php\/2022\/02\/14\/bonjour-je-mappelle-eric\/#breadcrumb"},"inLanguage":"fr-FR","potentialAction":[{"@type":"ReadAction","target":["https:\/\/ramina.fr\/index.php\/2022\/02\/14\/bonjour-je-mappelle-eric\/"]}]},{"@type":"BreadcrumbList","@id":"https:\/\/ramina.fr\/index.php\/2022\/02\/14\/bonjour-je-mappelle-eric\/#breadcrumb","itemListElement":[{"@type":"ListItem","position":1,"name":"Accueil","item":"https:\/\/ramina.fr\/"},{"@type":"ListItem","position":2,"name":"Bonjour, je m&rsquo;appelle \u00c9ric, je viens de Guin\u00e9e Bissau \ud83d\ude42\ud83c\uddec\ud83c\uddfc"}]},{"@type":"WebSite","@id":"https:\/\/ramina.fr\/#website","url":"https:\/\/ramina.fr\/","name":"RAMINA","description":"R\u00e9seau d\u2019Accueil des Minot.es Non Accompagn\u00e9s","publisher":{"@id":"https:\/\/ramina.fr\/#organization"},"alternateName":"R\u00e9seau d'accueil Solidaire des Minots Non Accompagn\u00e9s","potentialAction":[{"@type":"SearchAction","target":{"@type":"EntryPoint","urlTemplate":"https:\/\/ramina.fr\/?s={search_term_string}"},"query-input":{"@type":"PropertyValueSpecification","valueRequired":true,"valueName":"search_term_string"}}],"inLanguage":"fr-FR"},{"@type":"Organization","@id":"https:\/\/ramina.fr\/#organization","name":"RAMINA","alternateName":"R\u00e9seau d' Accueil des Minots Non Accompagn\u00e9s","url":"https:\/\/ramina.fr\/","logo":{"@type":"ImageObject","inLanguage":"fr-FR","@id":"https:\/\/ramina.fr\/#\/schema\/logo\/image\/","url":"https:\/\/ramina.fr\/wp-content\/uploads\/2025\/02\/LOGO_RAMINA_NOIR_VERTICAL.png","contentUrl":"https:\/\/ramina.fr\/wp-content\/uploads\/2025\/02\/LOGO_RAMINA_NOIR_VERTICAL.png","width":1654,"height":1418,"caption":"RAMINA"},"image":{"@id":"https:\/\/ramina.fr\/#\/schema\/logo\/image\/"},"sameAs":["https:\/\/www.facebook.com\/contact.ramina\/","https:\/\/www.instagram.com\/ramina_marseille\/"]},{"@type":"Person","@id":"https:\/\/ramina.fr\/#\/schema\/person\/60afb851da2c0c7b9e173324b84144d5","name":"Ramina R\u00e9seau","image":{"@type":"ImageObject","inLanguage":"fr-FR","@id":"https:\/\/ramina.fr\/#\/schema\/person\/image\/","url":"https:\/\/secure.gravatar.com\/avatar\/5985aef3267ffd44adcd4562d2752e99?s=96&d=mm&r=g","contentUrl":"https:\/\/secure.gravatar.com\/avatar\/5985aef3267ffd44adcd4562d2752e99?s=96&d=mm&r=g","caption":"Ramina R\u00e9seau"}}]}},"jetpack_featured_media_url":"","jetpack_sharing_enabled":true,"_links":{"self":[{"href":"https:\/\/ramina.fr\/index.php\/wp-json\/wp\/v2\/posts\/1881","targetHints":{"allow":["GET"]}}],"collection":[{"href":"https:\/\/ramina.fr\/index.php\/wp-json\/wp\/v2\/posts"}],"about":[{"href":"https:\/\/ramina.fr\/index.php\/wp-json\/wp\/v2\/types\/post"}],"author":[{"embeddable":true,"href":"https:\/\/ramina.fr\/index.php\/wp-json\/wp\/v2\/users\/3"}],"replies":[{"embeddable":true,"href":"https:\/\/ramina.fr\/index.php\/wp-json\/wp\/v2\/comments?post=1881"}],"version-history":[{"count":1,"href":"https:\/\/ramina.fr\/index.php\/wp-json\/wp\/v2\/posts\/1881\/revisions"}],"predecessor-version":[{"id":1882,"href":"https:\/\/ramina.fr\/index.php\/wp-json\/wp\/v2\/posts\/1881\/revisions\/1882"}],"wp:attachment":[{"href":"https:\/\/ramina.fr\/index.php\/wp-json\/wp\/v2\/media?parent=1881"}],"wp:term":[{"taxonomy":"category","embeddable":true,"href":"https:\/\/ramina.fr\/index.php\/wp-json\/wp\/v2\/categories?post=1881"},{"taxonomy":"post_tag","embeddable":true,"href":"https:\/\/ramina.fr\/index.php\/wp-json\/wp\/v2\/tags?post=1881"}],"curies":[{"name":"wp","href":"https:\/\/api.w.org\/{rel}","templated":true}]}}