{"id":1878,"date":"2022-02-11T19:28:25","date_gmt":"2022-02-11T18:28:25","guid":{"rendered":"http:\/\/ramina.fr\/?p=1878"},"modified":"2022-02-11T19:29:21","modified_gmt":"2022-02-11T18:29:21","slug":"bonjour-je-mappelle-abdoulaye-jai-16-ans","status":"publish","type":"post","link":"https:\/\/ramina.fr\/index.php\/2022\/02\/11\/bonjour-je-mappelle-abdoulaye-jai-16-ans\/","title":{"rendered":"Bonjour, je m\u2019appelle Abdoulaye. J\u2019ai 16 ans et je suis de Guin\u00e9e Conakry \ud83d\ude42\ud83c\uddec\ud83c\uddf3"},"content":{"rendered":"\n<p>.\u00c7a fait \u00e0 peu pr\u00e8s 6 mois que je suis \u00e0 Marseille. Je voudrais vous parler de la diff\u00e9rence entre la Guin\u00e9e et la France.<\/p>\n\n\n\n<p><br>Bon, chez nous en Guin\u00e9e, il y a des choses qui sont tr\u00e8s dures et difficiles. Chez nous quand tu tombes malade, il y a des probl\u00e8mes d&rsquo;h\u00f4pitaux, de m\u00e9dicaments. M\u00eame la nourriture qu\u2019on doit manger quand on est malade on ne conna\u00eet pas \u00e7a, car il y a de la nourriture qu\u2019il ne faut pas manger. Pour les d\u00e9placements, voyager, c\u2019est difficile, car il n\u2019y a pas de routes.<\/p>\n\n\n\n<p><br>Pour l\u2019\u00e9lectricit\u00e9 aussi, il y en a pas et il y a beaucoup de choses qui ne peuvent pas marcher sans \u00e9lectricit\u00e9. Il y a beaucoup de m\u00e9tiers qui ne peuvent pas exister, si il n\u2019y a pas d&rsquo;\u00e9lectricit\u00e9.<\/p>\n\n\n\n<p><br>C\u2019est pour \u00e7a qu\u2019on a voulu rentrer en Europe. On voyait l\u2019Europe \u00e0 la t\u00e9l\u00e9vision et sur Internet. On voyait qu\u2019en Europe tout allait tr\u00e8s bien.<\/p>\n\n\n\n<p><br>Mais de quitter le pays pour venir en Europe, c\u2019est tr\u00e8s difficile. Il n\u2019y a pas de traces, pas de voitures. Comme pour rentrer en Alg\u00e9rie du Mali, il faut que vous marchiez la nuit \u00e0 pied. Pour rentrer en Alg\u00e9rie du Maroc, c\u2019est pareil. Tu dois marcher 2, 3 jours pendant la nuit. La journ\u00e9e si on te voit, on te refoule. C\u2019est \u00e7a qu\u2019on appelle le rapatriement.<\/p>\n\n\n\n<p><br>La journ\u00e9e, tu te couches en brousse jusqu&rsquo;\u00e0 ce que la journ\u00e9e se couche. Au Maroc, j\u2019ai fait 10 mois et je me suis retourn\u00e9 en Alg\u00e9rie.<\/p>\n\n\n\n<p><br>Pour rentrer en Libye, c&rsquo;\u00e9tait pareil. L\u00e0-bas, j\u2019ai tent\u00e9 deux fois de traverser la mer. Les marins libyens nous ont attrap\u00e9s. Ils nous ont mis en prison. J\u2019ai fait deux mois \u00e0 la prison de Zaou\u00efa. L\u2019autre fois, j\u2019\u00e9tais \u00e0 Tripoli quand on nous a attrap\u00e9s. Il y a une prison l\u00e0-bas qui s\u2019appelle Tr\u00e9ssica. Les Europ\u00e9ens connaissent, car ils sont venus nous donner des habits. J\u2019ai fait 3 mois. On nous frappe, on avait un pain le matin jusqu\u2019\u00e0 la nuit, l\u2019eau n\u2019est pas potable.<\/p>\n\n\n\n<p><br>C\u2019est la troisi\u00e8me fois que j\u2019ai rejoins en Italie. J\u2019ai fait un mois l\u00e0-bas, avec 15 jours de quarantaine et 15 jours dans un campo. Les italiens voulaient qu\u2019on apprenne la langue italienne pour rester. Moi, j\u2019ai dit c\u2019est le fran\u00e7ais car je suis dans la colonisation fran\u00e7aise. C\u2019est \u00e0 cause de \u00e7a que je suis venu en France. Et comme \u00e7a, j\u2019ai pris le train pour venir \u00e0 Marseille.<\/p>\n\n\n\n<p><br>Il y a beaucoup de mes amis qui sont venus ici. Ils ont fait du football, de la m\u00e9canique. Ici, il y a l\u2019\u00e9lectricit\u00e9 partout. Tu peux faire peinture, soudeur, il y a tout. Alors c\u2019est pour \u00e7a que j\u2019aimerai apprendre un m\u00e9tier pour quand je suis grand.<\/p>\n\n\n\n<p><br>Les gens de Marseille ont \u00e9t\u00e9 bons pour nous, les immigrants. On nous donne \u00e0 manger, aller aux h\u00f4pitaux, des b\u00e2timents pour dormir. On a rien qui nous donne des soucis, tout est normal.<\/p>\n\n\n\n<p><br>J\u2019ai quelque chose \u00e0 dire au gouvernement fran\u00e7ais. Si tu vois un immigrant, ils ne sont pas venus pour dormir, ils ne sont pas venus pour le ch\u00f4mage. Ils sont venus pour le travail, pour apprendre le travail et travailler. Que ce soit l\u2019affaire des mineurs et l\u2019affaire des majeurs, il faudrait faciliter les affaires de papiers pour que ce soit la norme.<\/p>\n\n\n\n<p><br>Pour finir, je voudrais vous partager cette chanson, qui est en langue naturelle malink\u00e9.<\/p>\n\n\n\n<p><br>\u270c\ufe0f Rdv lundi pour une nouvelle parole de minot. Partagez, likez, boul\u00e9guez \u270c\ufe0f<\/p>\n\n\n\n<figure class=\"wp-block-embed is-type-video is-provider-youtube wp-block-embed-youtube wp-embed-aspect-16-9 wp-has-aspect-ratio\"><div class=\"wp-block-embed__wrapper\">\n<iframe title=\"DJINXI B - GNOUMANDON BALY (Son Officiel)\" width=\"525\" height=\"295\" src=\"https:\/\/www.youtube.com\/embed\/ol1gTvL_wbg?feature=oembed\" frameborder=\"0\" allow=\"accelerometer; autoplay; clipboard-write; encrypted-media; gyroscope; picture-in-picture; web-share\" referrerpolicy=\"strict-origin-when-cross-origin\" allowfullscreen><\/iframe>\n<\/div><\/figure>\n","protected":false},"excerpt":{"rendered":"<p>.\u00c7a fait \u00e0 peu pr\u00e8s 6 mois que je suis \u00e0 Marseille. Je voudrais vous parler de la diff\u00e9rence entre la Guin\u00e9e et la France. Bon, chez nous en Guin\u00e9e, il y a des choses qui sont tr\u00e8s dures et difficiles. Chez nous quand tu tombes malade, il y a des probl\u00e8mes d&rsquo;h\u00f4pitaux, de m\u00e9dicaments. &hellip; <\/p>\n<p class=\"link-more\"><a href=\"https:\/\/ramina.fr\/index.php\/2022\/02\/11\/bonjour-je-mappelle-abdoulaye-jai-16-ans\/\" class=\"more-link\">Continuer la lecture<span class=\"screen-reader-text\"> de &laquo;&nbsp;Bonjour, je m\u2019appelle Abdoulaye. J\u2019ai 16 ans et je suis de Guin\u00e9e Conakry \ud83d\ude42\ud83c\uddec\ud83c\uddf3&nbsp;&raquo;<\/span><\/a><\/p>\n","protected":false},"author":3,"featured_media":0,"comment_status":"open","ping_status":"open","sticky":false,"template":"","format":"standard","meta":{"_jetpack_memberships_contains_paid_content":false,"footnotes":""},"categories":[13],"tags":[],"class_list":["post-1878","post","type-post","status-publish","format-standard","hentry","category-parole-de-minots-saison-3"],"yoast_head":"<!-- This site is optimized with the Yoast SEO plugin v25.1 - https:\/\/yoast.com\/wordpress\/plugins\/seo\/ -->\n<title>Bonjour, je m\u2019appelle Abdoulaye. J\u2019ai 16 ans et je suis de Guin\u00e9e Conakry \ud83d\ude42\ud83c\uddec\ud83c\uddf3 | RAMINA<\/title>\n<meta name=\"robots\" content=\"noindex, follow\" \/>\n<meta property=\"og:locale\" content=\"fr_FR\" \/>\n<meta property=\"og:type\" content=\"article\" \/>\n<meta property=\"og:title\" content=\"Bonjour, je m\u2019appelle Abdoulaye. J\u2019ai 16 ans et je suis de Guin\u00e9e Conakry \ud83d\ude42\ud83c\uddec\ud83c\uddf3 | RAMINA\" \/>\n<meta property=\"og:description\" content=\".\u00c7a fait \u00e0 peu pr\u00e8s 6 mois que je suis \u00e0 Marseille. Je voudrais vous parler de la diff\u00e9rence entre la Guin\u00e9e et la France. Bon, chez nous en Guin\u00e9e, il y a des choses qui sont tr\u00e8s dures et difficiles. Chez nous quand tu tombes malade, il y a des probl\u00e8mes d&rsquo;h\u00f4pitaux, de m\u00e9dicaments. &hellip; Continuer la lecture de &laquo;&nbsp;Bonjour, je m\u2019appelle Abdoulaye. J\u2019ai 16 ans et je suis de Guin\u00e9e Conakry \ud83d\ude42\ud83c\uddec\ud83c\uddf3&nbsp;&raquo;\" \/>\n<meta property=\"og:url\" content=\"https:\/\/ramina.fr\/index.php\/2022\/02\/11\/bonjour-je-mappelle-abdoulaye-jai-16-ans\/\" \/>\n<meta property=\"og:site_name\" content=\"RAMINA\" \/>\n<meta property=\"article:publisher\" content=\"https:\/\/www.facebook.com\/contact.ramina\/\" \/>\n<meta property=\"article:published_time\" content=\"2022-02-11T18:28:25+00:00\" \/>\n<meta property=\"article:modified_time\" content=\"2022-02-11T18:29:21+00:00\" \/>\n<meta property=\"og:image\" content=\"https:\/\/ramina.fr\/wp-content\/uploads\/2025\/02\/ramina-image-mise-avant-wordpress.jpg\" \/>\n\t<meta property=\"og:image:width\" content=\"1200\" \/>\n\t<meta property=\"og:image:height\" content=\"675\" \/>\n\t<meta property=\"og:image:type\" content=\"image\/jpeg\" \/>\n<meta name=\"author\" content=\"Ramina R\u00e9seau\" \/>\n<meta name=\"twitter:card\" content=\"summary_large_image\" \/>\n<meta name=\"twitter:label1\" content=\"\u00c9crit par\" \/>\n\t<meta name=\"twitter:data1\" content=\"Ramina R\u00e9seau\" \/>\n\t<meta name=\"twitter:label2\" content=\"Dur\u00e9e de lecture estim\u00e9e\" \/>\n\t<meta name=\"twitter:data2\" content=\"3 minutes\" \/>\n<script type=\"application\/ld+json\" class=\"yoast-schema-graph\">{\"@context\":\"https:\/\/schema.org\",\"@graph\":[{\"@type\":\"Article\",\"@id\":\"https:\/\/ramina.fr\/index.php\/2022\/02\/11\/bonjour-je-mappelle-abdoulaye-jai-16-ans\/#article\",\"isPartOf\":{\"@id\":\"https:\/\/ramina.fr\/index.php\/2022\/02\/11\/bonjour-je-mappelle-abdoulaye-jai-16-ans\/\"},\"author\":{\"name\":\"Ramina R\u00e9seau\",\"@id\":\"https:\/\/ramina.fr\/#\/schema\/person\/60afb851da2c0c7b9e173324b84144d5\"},\"headline\":\"Bonjour, je m\u2019appelle Abdoulaye. J\u2019ai 16 ans et je suis de Guin\u00e9e Conakry \ud83d\ude42\ud83c\uddec\ud83c\uddf3\",\"datePublished\":\"2022-02-11T18:28:25+00:00\",\"dateModified\":\"2022-02-11T18:29:21+00:00\",\"mainEntityOfPage\":{\"@id\":\"https:\/\/ramina.fr\/index.php\/2022\/02\/11\/bonjour-je-mappelle-abdoulaye-jai-16-ans\/\"},\"wordCount\":669,\"commentCount\":0,\"publisher\":{\"@id\":\"https:\/\/ramina.fr\/#organization\"},\"articleSection\":[\"Parole de Minots Saison 3\"],\"inLanguage\":\"fr-FR\",\"potentialAction\":[{\"@type\":\"CommentAction\",\"name\":\"Comment\",\"target\":[\"https:\/\/ramina.fr\/index.php\/2022\/02\/11\/bonjour-je-mappelle-abdoulaye-jai-16-ans\/#respond\"]}]},{\"@type\":\"WebPage\",\"@id\":\"https:\/\/ramina.fr\/index.php\/2022\/02\/11\/bonjour-je-mappelle-abdoulaye-jai-16-ans\/\",\"url\":\"https:\/\/ramina.fr\/index.php\/2022\/02\/11\/bonjour-je-mappelle-abdoulaye-jai-16-ans\/\",\"name\":\"Bonjour, je m\u2019appelle Abdoulaye. J\u2019ai 16 ans et je suis de Guin\u00e9e Conakry \ud83d\ude42\ud83c\uddec\ud83c\uddf3 | RAMINA\",\"isPartOf\":{\"@id\":\"https:\/\/ramina.fr\/#website\"},\"datePublished\":\"2022-02-11T18:28:25+00:00\",\"dateModified\":\"2022-02-11T18:29:21+00:00\",\"breadcrumb\":{\"@id\":\"https:\/\/ramina.fr\/index.php\/2022\/02\/11\/bonjour-je-mappelle-abdoulaye-jai-16-ans\/#breadcrumb\"},\"inLanguage\":\"fr-FR\",\"potentialAction\":[{\"@type\":\"ReadAction\",\"target\":[\"https:\/\/ramina.fr\/index.php\/2022\/02\/11\/bonjour-je-mappelle-abdoulaye-jai-16-ans\/\"]}]},{\"@type\":\"BreadcrumbList\",\"@id\":\"https:\/\/ramina.fr\/index.php\/2022\/02\/11\/bonjour-je-mappelle-abdoulaye-jai-16-ans\/#breadcrumb\",\"itemListElement\":[{\"@type\":\"ListItem\",\"position\":1,\"name\":\"Accueil\",\"item\":\"https:\/\/ramina.fr\/\"},{\"@type\":\"ListItem\",\"position\":2,\"name\":\"Bonjour, je m\u2019appelle Abdoulaye. J\u2019ai 16 ans et je suis de Guin\u00e9e Conakry \ud83d\ude42\ud83c\uddec\ud83c\uddf3\"}]},{\"@type\":\"WebSite\",\"@id\":\"https:\/\/ramina.fr\/#website\",\"url\":\"https:\/\/ramina.fr\/\",\"name\":\"RAMINA\",\"description\":\"R\u00e9seau d\u2019Accueil des Minot.es Non Accompagn\u00e9s\",\"publisher\":{\"@id\":\"https:\/\/ramina.fr\/#organization\"},\"alternateName\":\"R\u00e9seau d'accueil Solidaire des Minots Non Accompagn\u00e9s\",\"potentialAction\":[{\"@type\":\"SearchAction\",\"target\":{\"@type\":\"EntryPoint\",\"urlTemplate\":\"https:\/\/ramina.fr\/?s={search_term_string}\"},\"query-input\":{\"@type\":\"PropertyValueSpecification\",\"valueRequired\":true,\"valueName\":\"search_term_string\"}}],\"inLanguage\":\"fr-FR\"},{\"@type\":\"Organization\",\"@id\":\"https:\/\/ramina.fr\/#organization\",\"name\":\"RAMINA\",\"alternateName\":\"R\u00e9seau d' Accueil des Minots Non Accompagn\u00e9s\",\"url\":\"https:\/\/ramina.fr\/\",\"logo\":{\"@type\":\"ImageObject\",\"inLanguage\":\"fr-FR\",\"@id\":\"https:\/\/ramina.fr\/#\/schema\/logo\/image\/\",\"url\":\"https:\/\/ramina.fr\/wp-content\/uploads\/2025\/02\/LOGO_RAMINA_NOIR_VERTICAL.png\",\"contentUrl\":\"https:\/\/ramina.fr\/wp-content\/uploads\/2025\/02\/LOGO_RAMINA_NOIR_VERTICAL.png\",\"width\":1654,\"height\":1418,\"caption\":\"RAMINA\"},\"image\":{\"@id\":\"https:\/\/ramina.fr\/#\/schema\/logo\/image\/\"},\"sameAs\":[\"https:\/\/www.facebook.com\/contact.ramina\/\",\"https:\/\/www.instagram.com\/ramina_marseille\/\"]},{\"@type\":\"Person\",\"@id\":\"https:\/\/ramina.fr\/#\/schema\/person\/60afb851da2c0c7b9e173324b84144d5\",\"name\":\"Ramina R\u00e9seau\",\"image\":{\"@type\":\"ImageObject\",\"inLanguage\":\"fr-FR\",\"@id\":\"https:\/\/ramina.fr\/#\/schema\/person\/image\/\",\"url\":\"https:\/\/secure.gravatar.com\/avatar\/5985aef3267ffd44adcd4562d2752e99?s=96&d=mm&r=g\",\"contentUrl\":\"https:\/\/secure.gravatar.com\/avatar\/5985aef3267ffd44adcd4562d2752e99?s=96&d=mm&r=g\",\"caption\":\"Ramina R\u00e9seau\"}}]}<\/script>\n<!-- \/ Yoast SEO plugin. -->","yoast_head_json":{"title":"Bonjour, je m\u2019appelle Abdoulaye. J\u2019ai 16 ans et je suis de Guin\u00e9e Conakry \ud83d\ude42\ud83c\uddec\ud83c\uddf3 | RAMINA","robots":{"index":"noindex","follow":"follow"},"og_locale":"fr_FR","og_type":"article","og_title":"Bonjour, je m\u2019appelle Abdoulaye. J\u2019ai 16 ans et je suis de Guin\u00e9e Conakry \ud83d\ude42\ud83c\uddec\ud83c\uddf3 | RAMINA","og_description":".\u00c7a fait \u00e0 peu pr\u00e8s 6 mois que je suis \u00e0 Marseille. Je voudrais vous parler de la diff\u00e9rence entre la Guin\u00e9e et la France. Bon, chez nous en Guin\u00e9e, il y a des choses qui sont tr\u00e8s dures et difficiles. Chez nous quand tu tombes malade, il y a des probl\u00e8mes d&rsquo;h\u00f4pitaux, de m\u00e9dicaments. &hellip; Continuer la lecture de &laquo;&nbsp;Bonjour, je m\u2019appelle Abdoulaye. J\u2019ai 16 ans et je suis de Guin\u00e9e Conakry \ud83d\ude42\ud83c\uddec\ud83c\uddf3&nbsp;&raquo;","og_url":"https:\/\/ramina.fr\/index.php\/2022\/02\/11\/bonjour-je-mappelle-abdoulaye-jai-16-ans\/","og_site_name":"RAMINA","article_publisher":"https:\/\/www.facebook.com\/contact.ramina\/","article_published_time":"2022-02-11T18:28:25+00:00","article_modified_time":"2022-02-11T18:29:21+00:00","og_image":[{"width":1200,"height":675,"url":"https:\/\/ramina.fr\/wp-content\/uploads\/2025\/02\/ramina-image-mise-avant-wordpress.jpg","type":"image\/jpeg"}],"author":"Ramina R\u00e9seau","twitter_card":"summary_large_image","twitter_misc":{"\u00c9crit par":"Ramina R\u00e9seau","Dur\u00e9e de lecture estim\u00e9e":"3 minutes"},"schema":{"@context":"https:\/\/schema.org","@graph":[{"@type":"Article","@id":"https:\/\/ramina.fr\/index.php\/2022\/02\/11\/bonjour-je-mappelle-abdoulaye-jai-16-ans\/#article","isPartOf":{"@id":"https:\/\/ramina.fr\/index.php\/2022\/02\/11\/bonjour-je-mappelle-abdoulaye-jai-16-ans\/"},"author":{"name":"Ramina R\u00e9seau","@id":"https:\/\/ramina.fr\/#\/schema\/person\/60afb851da2c0c7b9e173324b84144d5"},"headline":"Bonjour, je m\u2019appelle Abdoulaye. J\u2019ai 16 ans et je suis de Guin\u00e9e Conakry \ud83d\ude42\ud83c\uddec\ud83c\uddf3","datePublished":"2022-02-11T18:28:25+00:00","dateModified":"2022-02-11T18:29:21+00:00","mainEntityOfPage":{"@id":"https:\/\/ramina.fr\/index.php\/2022\/02\/11\/bonjour-je-mappelle-abdoulaye-jai-16-ans\/"},"wordCount":669,"commentCount":0,"publisher":{"@id":"https:\/\/ramina.fr\/#organization"},"articleSection":["Parole de Minots Saison 3"],"inLanguage":"fr-FR","potentialAction":[{"@type":"CommentAction","name":"Comment","target":["https:\/\/ramina.fr\/index.php\/2022\/02\/11\/bonjour-je-mappelle-abdoulaye-jai-16-ans\/#respond"]}]},{"@type":"WebPage","@id":"https:\/\/ramina.fr\/index.php\/2022\/02\/11\/bonjour-je-mappelle-abdoulaye-jai-16-ans\/","url":"https:\/\/ramina.fr\/index.php\/2022\/02\/11\/bonjour-je-mappelle-abdoulaye-jai-16-ans\/","name":"Bonjour, je m\u2019appelle Abdoulaye. J\u2019ai 16 ans et je suis de Guin\u00e9e Conakry \ud83d\ude42\ud83c\uddec\ud83c\uddf3 | RAMINA","isPartOf":{"@id":"https:\/\/ramina.fr\/#website"},"datePublished":"2022-02-11T18:28:25+00:00","dateModified":"2022-02-11T18:29:21+00:00","breadcrumb":{"@id":"https:\/\/ramina.fr\/index.php\/2022\/02\/11\/bonjour-je-mappelle-abdoulaye-jai-16-ans\/#breadcrumb"},"inLanguage":"fr-FR","potentialAction":[{"@type":"ReadAction","target":["https:\/\/ramina.fr\/index.php\/2022\/02\/11\/bonjour-je-mappelle-abdoulaye-jai-16-ans\/"]}]},{"@type":"BreadcrumbList","@id":"https:\/\/ramina.fr\/index.php\/2022\/02\/11\/bonjour-je-mappelle-abdoulaye-jai-16-ans\/#breadcrumb","itemListElement":[{"@type":"ListItem","position":1,"name":"Accueil","item":"https:\/\/ramina.fr\/"},{"@type":"ListItem","position":2,"name":"Bonjour, je m\u2019appelle Abdoulaye. J\u2019ai 16 ans et je suis de Guin\u00e9e Conakry \ud83d\ude42\ud83c\uddec\ud83c\uddf3"}]},{"@type":"WebSite","@id":"https:\/\/ramina.fr\/#website","url":"https:\/\/ramina.fr\/","name":"RAMINA","description":"R\u00e9seau d\u2019Accueil des Minot.es Non Accompagn\u00e9s","publisher":{"@id":"https:\/\/ramina.fr\/#organization"},"alternateName":"R\u00e9seau d'accueil Solidaire des Minots Non Accompagn\u00e9s","potentialAction":[{"@type":"SearchAction","target":{"@type":"EntryPoint","urlTemplate":"https:\/\/ramina.fr\/?s={search_term_string}"},"query-input":{"@type":"PropertyValueSpecification","valueRequired":true,"valueName":"search_term_string"}}],"inLanguage":"fr-FR"},{"@type":"Organization","@id":"https:\/\/ramina.fr\/#organization","name":"RAMINA","alternateName":"R\u00e9seau d' Accueil des Minots Non Accompagn\u00e9s","url":"https:\/\/ramina.fr\/","logo":{"@type":"ImageObject","inLanguage":"fr-FR","@id":"https:\/\/ramina.fr\/#\/schema\/logo\/image\/","url":"https:\/\/ramina.fr\/wp-content\/uploads\/2025\/02\/LOGO_RAMINA_NOIR_VERTICAL.png","contentUrl":"https:\/\/ramina.fr\/wp-content\/uploads\/2025\/02\/LOGO_RAMINA_NOIR_VERTICAL.png","width":1654,"height":1418,"caption":"RAMINA"},"image":{"@id":"https:\/\/ramina.fr\/#\/schema\/logo\/image\/"},"sameAs":["https:\/\/www.facebook.com\/contact.ramina\/","https:\/\/www.instagram.com\/ramina_marseille\/"]},{"@type":"Person","@id":"https:\/\/ramina.fr\/#\/schema\/person\/60afb851da2c0c7b9e173324b84144d5","name":"Ramina R\u00e9seau","image":{"@type":"ImageObject","inLanguage":"fr-FR","@id":"https:\/\/ramina.fr\/#\/schema\/person\/image\/","url":"https:\/\/secure.gravatar.com\/avatar\/5985aef3267ffd44adcd4562d2752e99?s=96&d=mm&r=g","contentUrl":"https:\/\/secure.gravatar.com\/avatar\/5985aef3267ffd44adcd4562d2752e99?s=96&d=mm&r=g","caption":"Ramina R\u00e9seau"}}]}},"jetpack_featured_media_url":"","jetpack_sharing_enabled":true,"_links":{"self":[{"href":"https:\/\/ramina.fr\/index.php\/wp-json\/wp\/v2\/posts\/1878","targetHints":{"allow":["GET"]}}],"collection":[{"href":"https:\/\/ramina.fr\/index.php\/wp-json\/wp\/v2\/posts"}],"about":[{"href":"https:\/\/ramina.fr\/index.php\/wp-json\/wp\/v2\/types\/post"}],"author":[{"embeddable":true,"href":"https:\/\/ramina.fr\/index.php\/wp-json\/wp\/v2\/users\/3"}],"replies":[{"embeddable":true,"href":"https:\/\/ramina.fr\/index.php\/wp-json\/wp\/v2\/comments?post=1878"}],"version-history":[{"count":2,"href":"https:\/\/ramina.fr\/index.php\/wp-json\/wp\/v2\/posts\/1878\/revisions"}],"predecessor-version":[{"id":1880,"href":"https:\/\/ramina.fr\/index.php\/wp-json\/wp\/v2\/posts\/1878\/revisions\/1880"}],"wp:attachment":[{"href":"https:\/\/ramina.fr\/index.php\/wp-json\/wp\/v2\/media?parent=1878"}],"wp:term":[{"taxonomy":"category","embeddable":true,"href":"https:\/\/ramina.fr\/index.php\/wp-json\/wp\/v2\/categories?post=1878"},{"taxonomy":"post_tag","embeddable":true,"href":"https:\/\/ramina.fr\/index.php\/wp-json\/wp\/v2\/tags?post=1878"}],"curies":[{"name":"wp","href":"https:\/\/api.w.org\/{rel}","templated":true}]}}