{"id":1875,"date":"2022-02-07T11:51:19","date_gmt":"2022-02-07T10:51:19","guid":{"rendered":"http:\/\/ramina.fr\/?p=1875"},"modified":"2022-02-07T11:51:53","modified_gmt":"2022-02-07T10:51:53","slug":"parole-de-minot-bonjour-cest-a-nouveau-banlieuzart","status":"publish","type":"post","link":"https:\/\/ramina.fr\/index.php\/2022\/02\/07\/parole-de-minot-bonjour-cest-a-nouveau-banlieuzart\/","title":{"rendered":"Parole de Minot : Bonjour, c\u2019est \u00e0 nouveau Banlieuz\u2019art. \ud83d\ude04\ud83c\uddec\ud83c\uddf3"},"content":{"rendered":"\n<p> J\u2019avais fait ma premi\u00e8re parole de minot, il y a deux ans et demi. C\u2019\u00e9tait le 12 ao\u00fbt 2019 et vous pouvez le retrouver sur le site internet de Ramina.<\/p>\n\n\n\n<p><br>J\u2019ai 18 ans maintenant, \u00e7a fait 3 ans que je suis en France. Je remercie tous les gens qui se sont occup\u00e9s de moi, qui m\u2019ont aid\u00e9 \u00e0 me soutenir pour mes \u00e9tudes. Cette ann\u00e9e, je suis en terminale de CAP M\u00e9canique Auto.<\/p>\n\n\n\n<p><br>En 2019, ma chanson pr\u00e9f\u00e9r\u00e9e \u00e9tait \u201cN\u00e9n\u00e9 Djarama\u201d du chanteur guin\u00e9e Banlieuz\u2019art. Cette ann\u00e9e 2022, ma chanson pr\u00e9f\u00e9r\u00e9 est de Graya, Soprano et Alonzo, le titre c\u2019est \u201cDans la peau\u201d.<\/p>\n\n\n\n<p><br>\u270c\ufe0f Rdv vendredi pour une nouvelle parole de minot. Partagez, likez, boul\u00e9guez. \u270c\ufe0f<\/p>\n\n\n\n<figure class=\"wp-block-embed is-type-video is-provider-youtube wp-block-embed-youtube wp-embed-aspect-16-9 wp-has-aspect-ratio\"><div class=\"wp-block-embed__wrapper\">\n <iframe title=\"Graya Ft. Soprano &amp; Alonzo - Dans la peau (Clip Officiel)\" width=\"525\" height=\"295\" src=\"https:\/\/www.youtube.com\/embed\/Tsdy0lD1SSs?feature=oembed\" frameborder=\"0\" allow=\"accelerometer; autoplay; clipboard-write; encrypted-media; gyroscope; picture-in-picture; web-share\" referrerpolicy=\"strict-origin-when-cross-origin\" allowfullscreen><\/iframe>\n<\/div><\/figure>\n","protected":false},"excerpt":{"rendered":"<p>J\u2019avais fait ma premi\u00e8re parole de minot, il y a deux ans et demi. C\u2019\u00e9tait le 12 ao\u00fbt 2019 et vous pouvez le retrouver sur le site internet de Ramina. J\u2019ai 18 ans maintenant, \u00e7a fait 3 ans que je suis en France. Je remercie tous les gens qui se sont occup\u00e9s de moi, qui &hellip; <\/p>\n<p class=\"link-more\"><a href=\"https:\/\/ramina.fr\/index.php\/2022\/02\/07\/parole-de-minot-bonjour-cest-a-nouveau-banlieuzart\/\" class=\"more-link\">Continuer la lecture<span class=\"screen-reader-text\"> de &laquo;&nbsp;Parole de Minot : Bonjour, c\u2019est \u00e0 nouveau Banlieuz\u2019art. \ud83d\ude04\ud83c\uddec\ud83c\uddf3&nbsp;&raquo;<\/span><\/a><\/p>\n","protected":false},"author":3,"featured_media":0,"comment_status":"open","ping_status":"open","sticky":false,"template":"","format":"standard","meta":{"_jetpack_memberships_contains_paid_content":false,"footnotes":""},"categories":[13],"tags":[],"class_list":["post-1875","post","type-post","status-publish","format-standard","hentry","category-parole-de-minots-saison-3"],"yoast_head":"<!-- This site is optimized with the Yoast SEO plugin v25.1 - https:\/\/yoast.com\/wordpress\/plugins\/seo\/ -->\n<title>Parole de Minot : Bonjour, c\u2019est \u00e0 nouveau Banlieuz\u2019art. \ud83d\ude04\ud83c\uddec\ud83c\uddf3 | RAMINA<\/title>\n<meta name=\"robots\" content=\"noindex, follow\" \/>\n<meta property=\"og:locale\" content=\"fr_FR\" \/>\n<meta property=\"og:type\" content=\"article\" \/>\n<meta property=\"og:title\" content=\"Parole de Minot : Bonjour, c\u2019est \u00e0 nouveau Banlieuz\u2019art. \ud83d\ude04\ud83c\uddec\ud83c\uddf3 | RAMINA\" \/>\n<meta property=\"og:description\" content=\"J\u2019avais fait ma premi\u00e8re parole de minot, il y a deux ans et demi. C\u2019\u00e9tait le 12 ao\u00fbt 2019 et vous pouvez le retrouver sur le site internet de Ramina. J\u2019ai 18 ans maintenant, \u00e7a fait 3 ans que je suis en France. Je remercie tous les gens qui se sont occup\u00e9s de moi, qui &hellip; Continuer la lecture de &laquo;&nbsp;Parole de Minot : Bonjour, c\u2019est \u00e0 nouveau Banlieuz\u2019art. \ud83d\ude04\ud83c\uddec\ud83c\uddf3&nbsp;&raquo;\" \/>\n<meta property=\"og:url\" content=\"https:\/\/ramina.fr\/index.php\/2022\/02\/07\/parole-de-minot-bonjour-cest-a-nouveau-banlieuzart\/\" \/>\n<meta property=\"og:site_name\" content=\"RAMINA\" \/>\n<meta property=\"article:publisher\" content=\"https:\/\/www.facebook.com\/contact.ramina\/\" \/>\n<meta property=\"article:published_time\" content=\"2022-02-07T10:51:19+00:00\" \/>\n<meta property=\"article:modified_time\" content=\"2022-02-07T10:51:53+00:00\" \/>\n<meta property=\"og:image\" content=\"https:\/\/ramina.fr\/wp-content\/uploads\/2025\/02\/ramina-image-mise-avant-wordpress.jpg\" \/>\n\t<meta property=\"og:image:width\" content=\"1200\" \/>\n\t<meta property=\"og:image:height\" content=\"675\" \/>\n\t<meta property=\"og:image:type\" content=\"image\/jpeg\" \/>\n<meta name=\"author\" content=\"Ramina R\u00e9seau\" \/>\n<meta name=\"twitter:card\" content=\"summary_large_image\" \/>\n<meta name=\"twitter:label1\" content=\"\u00c9crit par\" \/>\n\t<meta name=\"twitter:data1\" content=\"Ramina R\u00e9seau\" \/>\n\t<meta name=\"twitter:label2\" content=\"Dur\u00e9e de lecture estim\u00e9e\" \/>\n\t<meta name=\"twitter:data2\" content=\"1 minute\" \/>\n<script type=\"application\/ld+json\" class=\"yoast-schema-graph\">{\"@context\":\"https:\/\/schema.org\",\"@graph\":[{\"@type\":\"Article\",\"@id\":\"https:\/\/ramina.fr\/index.php\/2022\/02\/07\/parole-de-minot-bonjour-cest-a-nouveau-banlieuzart\/#article\",\"isPartOf\":{\"@id\":\"https:\/\/ramina.fr\/index.php\/2022\/02\/07\/parole-de-minot-bonjour-cest-a-nouveau-banlieuzart\/\"},\"author\":{\"name\":\"Ramina R\u00e9seau\",\"@id\":\"https:\/\/ramina.fr\/#\/schema\/person\/60afb851da2c0c7b9e173324b84144d5\"},\"headline\":\"Parole de Minot : Bonjour, c\u2019est \u00e0 nouveau Banlieuz\u2019art. \ud83d\ude04\ud83c\uddec\ud83c\uddf3\",\"datePublished\":\"2022-02-07T10:51:19+00:00\",\"dateModified\":\"2022-02-07T10:51:53+00:00\",\"mainEntityOfPage\":{\"@id\":\"https:\/\/ramina.fr\/index.php\/2022\/02\/07\/parole-de-minot-bonjour-cest-a-nouveau-banlieuzart\/\"},\"wordCount\":145,\"commentCount\":0,\"publisher\":{\"@id\":\"https:\/\/ramina.fr\/#organization\"},\"articleSection\":[\"Parole de Minots Saison 3\"],\"inLanguage\":\"fr-FR\",\"potentialAction\":[{\"@type\":\"CommentAction\",\"name\":\"Comment\",\"target\":[\"https:\/\/ramina.fr\/index.php\/2022\/02\/07\/parole-de-minot-bonjour-cest-a-nouveau-banlieuzart\/#respond\"]}]},{\"@type\":\"WebPage\",\"@id\":\"https:\/\/ramina.fr\/index.php\/2022\/02\/07\/parole-de-minot-bonjour-cest-a-nouveau-banlieuzart\/\",\"url\":\"https:\/\/ramina.fr\/index.php\/2022\/02\/07\/parole-de-minot-bonjour-cest-a-nouveau-banlieuzart\/\",\"name\":\"Parole de Minot : Bonjour, c\u2019est \u00e0 nouveau Banlieuz\u2019art. \ud83d\ude04\ud83c\uddec\ud83c\uddf3 | RAMINA\",\"isPartOf\":{\"@id\":\"https:\/\/ramina.fr\/#website\"},\"datePublished\":\"2022-02-07T10:51:19+00:00\",\"dateModified\":\"2022-02-07T10:51:53+00:00\",\"breadcrumb\":{\"@id\":\"https:\/\/ramina.fr\/index.php\/2022\/02\/07\/parole-de-minot-bonjour-cest-a-nouveau-banlieuzart\/#breadcrumb\"},\"inLanguage\":\"fr-FR\",\"potentialAction\":[{\"@type\":\"ReadAction\",\"target\":[\"https:\/\/ramina.fr\/index.php\/2022\/02\/07\/parole-de-minot-bonjour-cest-a-nouveau-banlieuzart\/\"]}]},{\"@type\":\"BreadcrumbList\",\"@id\":\"https:\/\/ramina.fr\/index.php\/2022\/02\/07\/parole-de-minot-bonjour-cest-a-nouveau-banlieuzart\/#breadcrumb\",\"itemListElement\":[{\"@type\":\"ListItem\",\"position\":1,\"name\":\"Accueil\",\"item\":\"https:\/\/ramina.fr\/\"},{\"@type\":\"ListItem\",\"position\":2,\"name\":\"Parole de Minot : Bonjour, c\u2019est \u00e0 nouveau Banlieuz\u2019art. \ud83d\ude04\ud83c\uddec\ud83c\uddf3\"}]},{\"@type\":\"WebSite\",\"@id\":\"https:\/\/ramina.fr\/#website\",\"url\":\"https:\/\/ramina.fr\/\",\"name\":\"RAMINA\",\"description\":\"R\u00e9seau d\u2019Accueil des Minot.es Non Accompagn\u00e9s\",\"publisher\":{\"@id\":\"https:\/\/ramina.fr\/#organization\"},\"alternateName\":\"R\u00e9seau d'accueil Solidaire des Minots Non Accompagn\u00e9s\",\"potentialAction\":[{\"@type\":\"SearchAction\",\"target\":{\"@type\":\"EntryPoint\",\"urlTemplate\":\"https:\/\/ramina.fr\/?s={search_term_string}\"},\"query-input\":{\"@type\":\"PropertyValueSpecification\",\"valueRequired\":true,\"valueName\":\"search_term_string\"}}],\"inLanguage\":\"fr-FR\"},{\"@type\":\"Organization\",\"@id\":\"https:\/\/ramina.fr\/#organization\",\"name\":\"RAMINA\",\"alternateName\":\"R\u00e9seau d' Accueil des Minots Non Accompagn\u00e9s\",\"url\":\"https:\/\/ramina.fr\/\",\"logo\":{\"@type\":\"ImageObject\",\"inLanguage\":\"fr-FR\",\"@id\":\"https:\/\/ramina.fr\/#\/schema\/logo\/image\/\",\"url\":\"https:\/\/ramina.fr\/wp-content\/uploads\/2025\/02\/LOGO_RAMINA_NOIR_VERTICAL.png\",\"contentUrl\":\"https:\/\/ramina.fr\/wp-content\/uploads\/2025\/02\/LOGO_RAMINA_NOIR_VERTICAL.png\",\"width\":1654,\"height\":1418,\"caption\":\"RAMINA\"},\"image\":{\"@id\":\"https:\/\/ramina.fr\/#\/schema\/logo\/image\/\"},\"sameAs\":[\"https:\/\/www.facebook.com\/contact.ramina\/\",\"https:\/\/www.instagram.com\/ramina_marseille\/\"]},{\"@type\":\"Person\",\"@id\":\"https:\/\/ramina.fr\/#\/schema\/person\/60afb851da2c0c7b9e173324b84144d5\",\"name\":\"Ramina R\u00e9seau\",\"image\":{\"@type\":\"ImageObject\",\"inLanguage\":\"fr-FR\",\"@id\":\"https:\/\/ramina.fr\/#\/schema\/person\/image\/\",\"url\":\"https:\/\/secure.gravatar.com\/avatar\/5985aef3267ffd44adcd4562d2752e99?s=96&d=mm&r=g\",\"contentUrl\":\"https:\/\/secure.gravatar.com\/avatar\/5985aef3267ffd44adcd4562d2752e99?s=96&d=mm&r=g\",\"caption\":\"Ramina R\u00e9seau\"}}]}<\/script>\n<!-- \/ Yoast SEO plugin. -->","yoast_head_json":{"title":"Parole de Minot : Bonjour, c\u2019est \u00e0 nouveau Banlieuz\u2019art. \ud83d\ude04\ud83c\uddec\ud83c\uddf3 | RAMINA","robots":{"index":"noindex","follow":"follow"},"og_locale":"fr_FR","og_type":"article","og_title":"Parole de Minot : Bonjour, c\u2019est \u00e0 nouveau Banlieuz\u2019art. \ud83d\ude04\ud83c\uddec\ud83c\uddf3 | RAMINA","og_description":"J\u2019avais fait ma premi\u00e8re parole de minot, il y a deux ans et demi. C\u2019\u00e9tait le 12 ao\u00fbt 2019 et vous pouvez le retrouver sur le site internet de Ramina. J\u2019ai 18 ans maintenant, \u00e7a fait 3 ans que je suis en France. Je remercie tous les gens qui se sont occup\u00e9s de moi, qui &hellip; Continuer la lecture de &laquo;&nbsp;Parole de Minot : Bonjour, c\u2019est \u00e0 nouveau Banlieuz\u2019art. \ud83d\ude04\ud83c\uddec\ud83c\uddf3&nbsp;&raquo;","og_url":"https:\/\/ramina.fr\/index.php\/2022\/02\/07\/parole-de-minot-bonjour-cest-a-nouveau-banlieuzart\/","og_site_name":"RAMINA","article_publisher":"https:\/\/www.facebook.com\/contact.ramina\/","article_published_time":"2022-02-07T10:51:19+00:00","article_modified_time":"2022-02-07T10:51:53+00:00","og_image":[{"width":1200,"height":675,"url":"https:\/\/ramina.fr\/wp-content\/uploads\/2025\/02\/ramina-image-mise-avant-wordpress.jpg","type":"image\/jpeg"}],"author":"Ramina R\u00e9seau","twitter_card":"summary_large_image","twitter_misc":{"\u00c9crit par":"Ramina R\u00e9seau","Dur\u00e9e de lecture estim\u00e9e":"1 minute"},"schema":{"@context":"https:\/\/schema.org","@graph":[{"@type":"Article","@id":"https:\/\/ramina.fr\/index.php\/2022\/02\/07\/parole-de-minot-bonjour-cest-a-nouveau-banlieuzart\/#article","isPartOf":{"@id":"https:\/\/ramina.fr\/index.php\/2022\/02\/07\/parole-de-minot-bonjour-cest-a-nouveau-banlieuzart\/"},"author":{"name":"Ramina R\u00e9seau","@id":"https:\/\/ramina.fr\/#\/schema\/person\/60afb851da2c0c7b9e173324b84144d5"},"headline":"Parole de Minot : Bonjour, c\u2019est \u00e0 nouveau Banlieuz\u2019art. \ud83d\ude04\ud83c\uddec\ud83c\uddf3","datePublished":"2022-02-07T10:51:19+00:00","dateModified":"2022-02-07T10:51:53+00:00","mainEntityOfPage":{"@id":"https:\/\/ramina.fr\/index.php\/2022\/02\/07\/parole-de-minot-bonjour-cest-a-nouveau-banlieuzart\/"},"wordCount":145,"commentCount":0,"publisher":{"@id":"https:\/\/ramina.fr\/#organization"},"articleSection":["Parole de Minots Saison 3"],"inLanguage":"fr-FR","potentialAction":[{"@type":"CommentAction","name":"Comment","target":["https:\/\/ramina.fr\/index.php\/2022\/02\/07\/parole-de-minot-bonjour-cest-a-nouveau-banlieuzart\/#respond"]}]},{"@type":"WebPage","@id":"https:\/\/ramina.fr\/index.php\/2022\/02\/07\/parole-de-minot-bonjour-cest-a-nouveau-banlieuzart\/","url":"https:\/\/ramina.fr\/index.php\/2022\/02\/07\/parole-de-minot-bonjour-cest-a-nouveau-banlieuzart\/","name":"Parole de Minot : Bonjour, c\u2019est \u00e0 nouveau Banlieuz\u2019art. \ud83d\ude04\ud83c\uddec\ud83c\uddf3 | RAMINA","isPartOf":{"@id":"https:\/\/ramina.fr\/#website"},"datePublished":"2022-02-07T10:51:19+00:00","dateModified":"2022-02-07T10:51:53+00:00","breadcrumb":{"@id":"https:\/\/ramina.fr\/index.php\/2022\/02\/07\/parole-de-minot-bonjour-cest-a-nouveau-banlieuzart\/#breadcrumb"},"inLanguage":"fr-FR","potentialAction":[{"@type":"ReadAction","target":["https:\/\/ramina.fr\/index.php\/2022\/02\/07\/parole-de-minot-bonjour-cest-a-nouveau-banlieuzart\/"]}]},{"@type":"BreadcrumbList","@id":"https:\/\/ramina.fr\/index.php\/2022\/02\/07\/parole-de-minot-bonjour-cest-a-nouveau-banlieuzart\/#breadcrumb","itemListElement":[{"@type":"ListItem","position":1,"name":"Accueil","item":"https:\/\/ramina.fr\/"},{"@type":"ListItem","position":2,"name":"Parole de Minot : Bonjour, c\u2019est \u00e0 nouveau Banlieuz\u2019art. \ud83d\ude04\ud83c\uddec\ud83c\uddf3"}]},{"@type":"WebSite","@id":"https:\/\/ramina.fr\/#website","url":"https:\/\/ramina.fr\/","name":"RAMINA","description":"R\u00e9seau d\u2019Accueil des Minot.es Non Accompagn\u00e9s","publisher":{"@id":"https:\/\/ramina.fr\/#organization"},"alternateName":"R\u00e9seau d'accueil Solidaire des Minots Non Accompagn\u00e9s","potentialAction":[{"@type":"SearchAction","target":{"@type":"EntryPoint","urlTemplate":"https:\/\/ramina.fr\/?s={search_term_string}"},"query-input":{"@type":"PropertyValueSpecification","valueRequired":true,"valueName":"search_term_string"}}],"inLanguage":"fr-FR"},{"@type":"Organization","@id":"https:\/\/ramina.fr\/#organization","name":"RAMINA","alternateName":"R\u00e9seau d' Accueil des Minots Non Accompagn\u00e9s","url":"https:\/\/ramina.fr\/","logo":{"@type":"ImageObject","inLanguage":"fr-FR","@id":"https:\/\/ramina.fr\/#\/schema\/logo\/image\/","url":"https:\/\/ramina.fr\/wp-content\/uploads\/2025\/02\/LOGO_RAMINA_NOIR_VERTICAL.png","contentUrl":"https:\/\/ramina.fr\/wp-content\/uploads\/2025\/02\/LOGO_RAMINA_NOIR_VERTICAL.png","width":1654,"height":1418,"caption":"RAMINA"},"image":{"@id":"https:\/\/ramina.fr\/#\/schema\/logo\/image\/"},"sameAs":["https:\/\/www.facebook.com\/contact.ramina\/","https:\/\/www.instagram.com\/ramina_marseille\/"]},{"@type":"Person","@id":"https:\/\/ramina.fr\/#\/schema\/person\/60afb851da2c0c7b9e173324b84144d5","name":"Ramina R\u00e9seau","image":{"@type":"ImageObject","inLanguage":"fr-FR","@id":"https:\/\/ramina.fr\/#\/schema\/person\/image\/","url":"https:\/\/secure.gravatar.com\/avatar\/5985aef3267ffd44adcd4562d2752e99?s=96&d=mm&r=g","contentUrl":"https:\/\/secure.gravatar.com\/avatar\/5985aef3267ffd44adcd4562d2752e99?s=96&d=mm&r=g","caption":"Ramina R\u00e9seau"}}]}},"jetpack_featured_media_url":"","jetpack_sharing_enabled":true,"_links":{"self":[{"href":"https:\/\/ramina.fr\/index.php\/wp-json\/wp\/v2\/posts\/1875","targetHints":{"allow":["GET"]}}],"collection":[{"href":"https:\/\/ramina.fr\/index.php\/wp-json\/wp\/v2\/posts"}],"about":[{"href":"https:\/\/ramina.fr\/index.php\/wp-json\/wp\/v2\/types\/post"}],"author":[{"embeddable":true,"href":"https:\/\/ramina.fr\/index.php\/wp-json\/wp\/v2\/users\/3"}],"replies":[{"embeddable":true,"href":"https:\/\/ramina.fr\/index.php\/wp-json\/wp\/v2\/comments?post=1875"}],"version-history":[{"count":2,"href":"https:\/\/ramina.fr\/index.php\/wp-json\/wp\/v2\/posts\/1875\/revisions"}],"predecessor-version":[{"id":1877,"href":"https:\/\/ramina.fr\/index.php\/wp-json\/wp\/v2\/posts\/1875\/revisions\/1877"}],"wp:attachment":[{"href":"https:\/\/ramina.fr\/index.php\/wp-json\/wp\/v2\/media?parent=1875"}],"wp:term":[{"taxonomy":"category","embeddable":true,"href":"https:\/\/ramina.fr\/index.php\/wp-json\/wp\/v2\/categories?post=1875"},{"taxonomy":"post_tag","embeddable":true,"href":"https:\/\/ramina.fr\/index.php\/wp-json\/wp\/v2\/tags?post=1875"}],"curies":[{"name":"wp","href":"https:\/\/api.w.org\/{rel}","templated":true}]}}