{"id":1872,"date":"2022-02-04T14:18:32","date_gmt":"2022-02-04T13:18:32","guid":{"rendered":"http:\/\/ramina.fr\/index.php\/2022\/02\/04\/bonjour-je-mappelle-abdourahmane-jai-16-ans-je-suis-de-guinee-conakry-%f0%9f%99%82%f0%9f%8c%8d\/"},"modified":"2022-02-04T14:19:58","modified_gmt":"2022-02-04T13:19:58","slug":"je-mappelle-abdourahmane-jai-16-ans","status":"publish","type":"post","link":"https:\/\/ramina.fr\/index.php\/2022\/02\/04\/je-mappelle-abdourahmane-jai-16-ans\/","title":{"rendered":"Bonjour, je m\u2019appelle Abdourahmane, j\u2019ai 16 ans, je suis de Guin\u00e9e Conakry. \ud83d\ude42\ud83c\udf0d"},"content":{"rendered":"\n<p>Je suis n\u00e9 dans une famille polygame, mon p\u00e8re a deux femmes. Ma m\u00e8re n\u2019a pas trop de moyen, elle vient d\u2019une famille pauvre. La deuxi\u00e8me femme de mon p\u00e8re a des moyens car elle vient d\u2019une famille bien plac\u00e9e.<\/p>\n\n\n\n<p>On est 8 enfants : 3 filles et 5 gar\u00e7ons. Il y a un gar\u00e7on et une fille qui ont la m\u00eame m\u00e8re que moi, les autres sont mes demi-fr\u00e8res et demi-s\u0153urs.<\/p>\n\n\n\n<p>A un moment mon p\u00e8re qui \u00e9tait au ch\u00f4mage n\u2019arrivait plus \u00e0 venir \u00e0 nos besoins. De notre c\u00f4t\u00e9 on avait pas d\u2019argent, et du c\u00f4t\u00e9 de l\u2019autre m\u00e8re ils avaient de l\u2019argent, ils pouvaient aller \u00e0 l\u2019\u00e9cole : leur m\u00e8re les soutenait beaucoup.<\/p>\n\n\n\n<p>Souvent cela se passe mal entre les deux femmes d\u2019un homme : il y a de la jalousie, et chaque femme veut que ses enfants r\u00e9ussissent mieux : il y a une concurrence.<\/p>\n\n\n\n<p>Mon grand fr\u00e8re travaillait, il se d\u00e9brouillait un peu mais il pouvait pas s\u2019occuper de toute la famille. A un moment donn\u00e9, mon grand fr\u00e8re m\u2019a dit que j\u2019\u00e9tais grand et m\u2019a demand\u00e9 de travailler un peu et voir ce que \u00e7a donne. On faisait de la m\u00e9canique.<\/p>\n\n\n\n<p>J\u2019ai commenc\u00e9 \u00e0 travailler avec lui, et \u00e0 un moment il m\u2019a dit pourquoi rester au pays, on peut peut-\u00eatre chercher une vie meilleure ailleurs. La vie \u00e9tait difficile au pays. Mon grand fr\u00e8re avait des contacts car des amis \u00e0 lui avait d\u00e9j\u00e0 fait la travers\u00e9e. Donc il a fait des \u00e9conomies pour payer le passeur et on parti tous les deux.<\/p>\n\n\n\n<p>On a quitt\u00e9 la Guin\u00e9e pour aller au Mali en car. On est rest\u00e9 au Mali pendant une semaine, on \u00e9tait chez un contact des passeurs. Ils s\u2019est bien occup\u00e9 de nous, on \u00e9tait nombreux mais bien trait\u00e9s. On a repris le car pour l\u2019Alg\u00e9rie. La travers\u00e9e du Mali vers l\u2019Alg\u00e9rie est compliqu\u00e9e.<\/p>\n\n\n\n<p>Apr\u00e8s on est parti en Lybie. La Lybie c\u2019\u00e9tait tr\u00e8s compliqu\u00e9. Les lybiens sont m\u00e9chants et agressifs. Souvent ils kidnappent des gens pour demander de l\u2019argent \u00e0 leur famille. On \u00e9tait dans un foyer o\u00f9 on ne sortait pas. On a voulu tenter la travers\u00e9e mais des bandits nous ont attrap\u00e9 avant de prendre la mer.<\/p>\n\n\n\n<p>Mon grand fr\u00e8re a \u00e9t\u00e9 emmen\u00e9 en prison et moi ils m\u2019ont laiss\u00e9 comme je suis encore jeune. C\u2019est un peu la mafia l\u00e0-bas tout le monde a des armes. Mon grand fr\u00e8re a pass\u00e9 deux semaines en prison et moi je gal\u00e9rais car je n\u2019avais pas d\u2019argent. Je ne pouvais pas manger. Les autres migrants m\u2019ont aid\u00e9 et mon donn\u00e9 \u00e0 manger.<\/p>\n\n\n\n<p>En Lybie les migrants vont aider les gens \u00e0 travailler sur les chantiers par exemple et gagnent de l\u2019argent pour manger. Moi j\u2019\u00e9tais trop jeune on ne voulait pas de moi. Apr\u00e8s 2 semaines mon grand fr\u00e8re est revenu, on a r\u00e9essay\u00e9 de partir en bateau et on a r\u00e9ussi.<\/p>\n\n\n\n<p>On \u00e9tait pleins sur le zodiac. On a pass\u00e9 2 jours sur la mer et on est all\u00e9 en Italie. En Italie on \u00e9tait \u00e0 Milan, mais on est pas rest\u00e9 longtemps car l\u2019objectif \u00e9tait de venir en France car on parle fran\u00e7ais. On \u00e9tait en quarantaine pendant un bon moment et apr\u00e8s on a d\u00e9cid\u00e9 de venir en France. On est venu en train.<\/p>\n\n\n\n<p>On a eu de la chance on a r\u00e9ussi \u00e0 passer sans se faire attraper par les policiers. Le train est arriv\u00e9 \u00e0 Nice. On a fait deux jours \u00e0 Nice et on est venu en blablacar \u00e0 Marseille. On \u00e9tait \u00e0 la gare et on nous a dit d\u2019aller au poste de police.<\/p>\n\n\n\n<p>La police a contact\u00e9 RAMINA pour qu\u2019on vienne s\u2019occuper de nous. On a pass\u00e9 1 mois chez un b\u00e9n\u00e9vole. Maintenant on est \u00e0 l\u2019h\u00f4tel et on attend l\u2019\u00e9valuation du juge. On est dans deux h\u00f4tels diff\u00e9rents. Je suis bien ici je veux rester, je me suis fais des amis et j\u2019aime bien Marseille.<\/p>\n\n\n\n<p>Aussi j\u2019aime beaucoup le foot, et je veux vous partager une vid\u00e9o de N\u2019Golo Kant\u00e9 que j\u2019aime beaucoup.<\/p>\n\n\n\n<p>\u270c\ufe0fRdv lundi pour une nouvelle parole de minot. Partagez, likez, boul\u00e9guez \u270c\ufe0f<\/p>\n\n\n\n<figure class=\"wp-block-embed is-type-video is-provider-youtube wp-block-embed-youtube wp-embed-aspect-16-9 wp-has-aspect-ratio\"><div class=\"wp-block-embed__wrapper\">\n<iframe title=\"Legendary N&#039;Golo Kante Moments\" width=\"525\" height=\"295\" src=\"https:\/\/www.youtube.com\/embed\/9_O6TSyYAlE?feature=oembed\" frameborder=\"0\" allow=\"accelerometer; autoplay; clipboard-write; encrypted-media; gyroscope; picture-in-picture; web-share\" referrerpolicy=\"strict-origin-when-cross-origin\" allowfullscreen><\/iframe>\n<\/div><\/figure>\n","protected":false},"excerpt":{"rendered":"<p>Je suis n\u00e9 dans une famille polygame, mon p\u00e8re a deux femmes. Ma m\u00e8re n\u2019a pas trop de moyen, elle vient d\u2019une famille pauvre. La deuxi\u00e8me femme de mon p\u00e8re a des moyens car elle vient d\u2019une famille bien plac\u00e9e. On est 8 enfants : 3 filles et 5 gar\u00e7ons. Il y a un gar\u00e7on &hellip; <\/p>\n<p class=\"link-more\"><a href=\"https:\/\/ramina.fr\/index.php\/2022\/02\/04\/je-mappelle-abdourahmane-jai-16-ans\/\" class=\"more-link\">Continuer la lecture<span class=\"screen-reader-text\"> de &laquo;&nbsp;Bonjour, je m\u2019appelle Abdourahmane, j\u2019ai 16 ans, je suis de Guin\u00e9e Conakry. \ud83d\ude42\ud83c\udf0d&nbsp;&raquo;<\/span><\/a><\/p>\n","protected":false},"author":3,"featured_media":0,"comment_status":"open","ping_status":"open","sticky":false,"template":"","format":"standard","meta":{"_jetpack_memberships_contains_paid_content":false,"footnotes":""},"categories":[13],"tags":[],"class_list":["post-1872","post","type-post","status-publish","format-standard","hentry","category-parole-de-minots-saison-3"],"yoast_head":"<!-- This site is optimized with the Yoast SEO plugin v25.1 - https:\/\/yoast.com\/wordpress\/plugins\/seo\/ -->\n<title>Bonjour, je m\u2019appelle Abdourahmane, j\u2019ai 16 ans, je suis de Guin\u00e9e Conakry. \ud83d\ude42\ud83c\udf0d | RAMINA<\/title>\n<meta name=\"robots\" content=\"noindex, follow\" \/>\n<meta property=\"og:locale\" content=\"fr_FR\" \/>\n<meta property=\"og:type\" content=\"article\" \/>\n<meta property=\"og:title\" content=\"Bonjour, je m\u2019appelle Abdourahmane, j\u2019ai 16 ans, je suis de Guin\u00e9e Conakry. \ud83d\ude42\ud83c\udf0d | RAMINA\" \/>\n<meta property=\"og:description\" content=\"Je suis n\u00e9 dans une famille polygame, mon p\u00e8re a deux femmes. Ma m\u00e8re n\u2019a pas trop de moyen, elle vient d\u2019une famille pauvre. La deuxi\u00e8me femme de mon p\u00e8re a des moyens car elle vient d\u2019une famille bien plac\u00e9e. On est 8 enfants : 3 filles et 5 gar\u00e7ons. Il y a un gar\u00e7on &hellip; Continuer la lecture de &laquo;&nbsp;Bonjour, je m\u2019appelle Abdourahmane, j\u2019ai 16 ans, je suis de Guin\u00e9e Conakry. \ud83d\ude42\ud83c\udf0d&nbsp;&raquo;\" \/>\n<meta property=\"og:url\" content=\"https:\/\/ramina.fr\/index.php\/2022\/02\/04\/je-mappelle-abdourahmane-jai-16-ans\/\" \/>\n<meta property=\"og:site_name\" content=\"RAMINA\" \/>\n<meta property=\"article:publisher\" content=\"https:\/\/www.facebook.com\/contact.ramina\/\" \/>\n<meta property=\"article:published_time\" content=\"2022-02-04T13:18:32+00:00\" \/>\n<meta property=\"article:modified_time\" content=\"2022-02-04T13:19:58+00:00\" \/>\n<meta property=\"og:image\" content=\"https:\/\/ramina.fr\/wp-content\/uploads\/2025\/02\/ramina-image-mise-avant-wordpress.jpg\" \/>\n\t<meta property=\"og:image:width\" content=\"1200\" \/>\n\t<meta property=\"og:image:height\" content=\"675\" \/>\n\t<meta property=\"og:image:type\" content=\"image\/jpeg\" \/>\n<meta name=\"author\" content=\"Ramina R\u00e9seau\" \/>\n<meta name=\"twitter:card\" content=\"summary_large_image\" \/>\n<meta name=\"twitter:label1\" content=\"\u00c9crit par\" \/>\n\t<meta name=\"twitter:data1\" content=\"Ramina R\u00e9seau\" \/>\n\t<meta name=\"twitter:label2\" content=\"Dur\u00e9e de lecture estim\u00e9e\" \/>\n\t<meta name=\"twitter:data2\" content=\"4 minutes\" \/>\n<script type=\"application\/ld+json\" class=\"yoast-schema-graph\">{\"@context\":\"https:\/\/schema.org\",\"@graph\":[{\"@type\":\"Article\",\"@id\":\"https:\/\/ramina.fr\/index.php\/2022\/02\/04\/je-mappelle-abdourahmane-jai-16-ans\/#article\",\"isPartOf\":{\"@id\":\"https:\/\/ramina.fr\/index.php\/2022\/02\/04\/je-mappelle-abdourahmane-jai-16-ans\/\"},\"author\":{\"name\":\"Ramina R\u00e9seau\",\"@id\":\"https:\/\/ramina.fr\/#\/schema\/person\/60afb851da2c0c7b9e173324b84144d5\"},\"headline\":\"Bonjour, je m\u2019appelle Abdourahmane, j\u2019ai 16 ans, je suis de Guin\u00e9e Conakry. \ud83d\ude42\ud83c\udf0d\",\"datePublished\":\"2022-02-04T13:18:32+00:00\",\"dateModified\":\"2022-02-04T13:19:58+00:00\",\"mainEntityOfPage\":{\"@id\":\"https:\/\/ramina.fr\/index.php\/2022\/02\/04\/je-mappelle-abdourahmane-jai-16-ans\/\"},\"wordCount\":771,\"commentCount\":0,\"publisher\":{\"@id\":\"https:\/\/ramina.fr\/#organization\"},\"articleSection\":[\"Parole de Minots Saison 3\"],\"inLanguage\":\"fr-FR\",\"potentialAction\":[{\"@type\":\"CommentAction\",\"name\":\"Comment\",\"target\":[\"https:\/\/ramina.fr\/index.php\/2022\/02\/04\/je-mappelle-abdourahmane-jai-16-ans\/#respond\"]}]},{\"@type\":\"WebPage\",\"@id\":\"https:\/\/ramina.fr\/index.php\/2022\/02\/04\/je-mappelle-abdourahmane-jai-16-ans\/\",\"url\":\"https:\/\/ramina.fr\/index.php\/2022\/02\/04\/je-mappelle-abdourahmane-jai-16-ans\/\",\"name\":\"Bonjour, je m\u2019appelle Abdourahmane, j\u2019ai 16 ans, je suis de Guin\u00e9e Conakry. \ud83d\ude42\ud83c\udf0d | RAMINA\",\"isPartOf\":{\"@id\":\"https:\/\/ramina.fr\/#website\"},\"datePublished\":\"2022-02-04T13:18:32+00:00\",\"dateModified\":\"2022-02-04T13:19:58+00:00\",\"breadcrumb\":{\"@id\":\"https:\/\/ramina.fr\/index.php\/2022\/02\/04\/je-mappelle-abdourahmane-jai-16-ans\/#breadcrumb\"},\"inLanguage\":\"fr-FR\",\"potentialAction\":[{\"@type\":\"ReadAction\",\"target\":[\"https:\/\/ramina.fr\/index.php\/2022\/02\/04\/je-mappelle-abdourahmane-jai-16-ans\/\"]}]},{\"@type\":\"BreadcrumbList\",\"@id\":\"https:\/\/ramina.fr\/index.php\/2022\/02\/04\/je-mappelle-abdourahmane-jai-16-ans\/#breadcrumb\",\"itemListElement\":[{\"@type\":\"ListItem\",\"position\":1,\"name\":\"Accueil\",\"item\":\"https:\/\/ramina.fr\/\"},{\"@type\":\"ListItem\",\"position\":2,\"name\":\"Bonjour, je m\u2019appelle Abdourahmane, j\u2019ai 16 ans, je suis de Guin\u00e9e Conakry. \ud83d\ude42\ud83c\udf0d\"}]},{\"@type\":\"WebSite\",\"@id\":\"https:\/\/ramina.fr\/#website\",\"url\":\"https:\/\/ramina.fr\/\",\"name\":\"RAMINA\",\"description\":\"R\u00e9seau d\u2019Accueil des Minot.es Non Accompagn\u00e9s\",\"publisher\":{\"@id\":\"https:\/\/ramina.fr\/#organization\"},\"alternateName\":\"R\u00e9seau d'accueil Solidaire des Minots Non Accompagn\u00e9s\",\"potentialAction\":[{\"@type\":\"SearchAction\",\"target\":{\"@type\":\"EntryPoint\",\"urlTemplate\":\"https:\/\/ramina.fr\/?s={search_term_string}\"},\"query-input\":{\"@type\":\"PropertyValueSpecification\",\"valueRequired\":true,\"valueName\":\"search_term_string\"}}],\"inLanguage\":\"fr-FR\"},{\"@type\":\"Organization\",\"@id\":\"https:\/\/ramina.fr\/#organization\",\"name\":\"RAMINA\",\"alternateName\":\"R\u00e9seau d' Accueil des Minots Non Accompagn\u00e9s\",\"url\":\"https:\/\/ramina.fr\/\",\"logo\":{\"@type\":\"ImageObject\",\"inLanguage\":\"fr-FR\",\"@id\":\"https:\/\/ramina.fr\/#\/schema\/logo\/image\/\",\"url\":\"https:\/\/ramina.fr\/wp-content\/uploads\/2025\/02\/LOGO_RAMINA_NOIR_VERTICAL.png\",\"contentUrl\":\"https:\/\/ramina.fr\/wp-content\/uploads\/2025\/02\/LOGO_RAMINA_NOIR_VERTICAL.png\",\"width\":1654,\"height\":1418,\"caption\":\"RAMINA\"},\"image\":{\"@id\":\"https:\/\/ramina.fr\/#\/schema\/logo\/image\/\"},\"sameAs\":[\"https:\/\/www.facebook.com\/contact.ramina\/\",\"https:\/\/www.instagram.com\/ramina_marseille\/\"]},{\"@type\":\"Person\",\"@id\":\"https:\/\/ramina.fr\/#\/schema\/person\/60afb851da2c0c7b9e173324b84144d5\",\"name\":\"Ramina R\u00e9seau\",\"image\":{\"@type\":\"ImageObject\",\"inLanguage\":\"fr-FR\",\"@id\":\"https:\/\/ramina.fr\/#\/schema\/person\/image\/\",\"url\":\"https:\/\/secure.gravatar.com\/avatar\/5985aef3267ffd44adcd4562d2752e99?s=96&d=mm&r=g\",\"contentUrl\":\"https:\/\/secure.gravatar.com\/avatar\/5985aef3267ffd44adcd4562d2752e99?s=96&d=mm&r=g\",\"caption\":\"Ramina R\u00e9seau\"}}]}<\/script>\n<!-- \/ Yoast SEO plugin. -->","yoast_head_json":{"title":"Bonjour, je m\u2019appelle Abdourahmane, j\u2019ai 16 ans, je suis de Guin\u00e9e Conakry. \ud83d\ude42\ud83c\udf0d | RAMINA","robots":{"index":"noindex","follow":"follow"},"og_locale":"fr_FR","og_type":"article","og_title":"Bonjour, je m\u2019appelle Abdourahmane, j\u2019ai 16 ans, je suis de Guin\u00e9e Conakry. \ud83d\ude42\ud83c\udf0d | RAMINA","og_description":"Je suis n\u00e9 dans une famille polygame, mon p\u00e8re a deux femmes. Ma m\u00e8re n\u2019a pas trop de moyen, elle vient d\u2019une famille pauvre. La deuxi\u00e8me femme de mon p\u00e8re a des moyens car elle vient d\u2019une famille bien plac\u00e9e. On est 8 enfants : 3 filles et 5 gar\u00e7ons. Il y a un gar\u00e7on &hellip; Continuer la lecture de &laquo;&nbsp;Bonjour, je m\u2019appelle Abdourahmane, j\u2019ai 16 ans, je suis de Guin\u00e9e Conakry. \ud83d\ude42\ud83c\udf0d&nbsp;&raquo;","og_url":"https:\/\/ramina.fr\/index.php\/2022\/02\/04\/je-mappelle-abdourahmane-jai-16-ans\/","og_site_name":"RAMINA","article_publisher":"https:\/\/www.facebook.com\/contact.ramina\/","article_published_time":"2022-02-04T13:18:32+00:00","article_modified_time":"2022-02-04T13:19:58+00:00","og_image":[{"width":1200,"height":675,"url":"https:\/\/ramina.fr\/wp-content\/uploads\/2025\/02\/ramina-image-mise-avant-wordpress.jpg","type":"image\/jpeg"}],"author":"Ramina R\u00e9seau","twitter_card":"summary_large_image","twitter_misc":{"\u00c9crit par":"Ramina R\u00e9seau","Dur\u00e9e de lecture estim\u00e9e":"4 minutes"},"schema":{"@context":"https:\/\/schema.org","@graph":[{"@type":"Article","@id":"https:\/\/ramina.fr\/index.php\/2022\/02\/04\/je-mappelle-abdourahmane-jai-16-ans\/#article","isPartOf":{"@id":"https:\/\/ramina.fr\/index.php\/2022\/02\/04\/je-mappelle-abdourahmane-jai-16-ans\/"},"author":{"name":"Ramina R\u00e9seau","@id":"https:\/\/ramina.fr\/#\/schema\/person\/60afb851da2c0c7b9e173324b84144d5"},"headline":"Bonjour, je m\u2019appelle Abdourahmane, j\u2019ai 16 ans, je suis de Guin\u00e9e Conakry. \ud83d\ude42\ud83c\udf0d","datePublished":"2022-02-04T13:18:32+00:00","dateModified":"2022-02-04T13:19:58+00:00","mainEntityOfPage":{"@id":"https:\/\/ramina.fr\/index.php\/2022\/02\/04\/je-mappelle-abdourahmane-jai-16-ans\/"},"wordCount":771,"commentCount":0,"publisher":{"@id":"https:\/\/ramina.fr\/#organization"},"articleSection":["Parole de Minots Saison 3"],"inLanguage":"fr-FR","potentialAction":[{"@type":"CommentAction","name":"Comment","target":["https:\/\/ramina.fr\/index.php\/2022\/02\/04\/je-mappelle-abdourahmane-jai-16-ans\/#respond"]}]},{"@type":"WebPage","@id":"https:\/\/ramina.fr\/index.php\/2022\/02\/04\/je-mappelle-abdourahmane-jai-16-ans\/","url":"https:\/\/ramina.fr\/index.php\/2022\/02\/04\/je-mappelle-abdourahmane-jai-16-ans\/","name":"Bonjour, je m\u2019appelle Abdourahmane, j\u2019ai 16 ans, je suis de Guin\u00e9e Conakry. \ud83d\ude42\ud83c\udf0d | RAMINA","isPartOf":{"@id":"https:\/\/ramina.fr\/#website"},"datePublished":"2022-02-04T13:18:32+00:00","dateModified":"2022-02-04T13:19:58+00:00","breadcrumb":{"@id":"https:\/\/ramina.fr\/index.php\/2022\/02\/04\/je-mappelle-abdourahmane-jai-16-ans\/#breadcrumb"},"inLanguage":"fr-FR","potentialAction":[{"@type":"ReadAction","target":["https:\/\/ramina.fr\/index.php\/2022\/02\/04\/je-mappelle-abdourahmane-jai-16-ans\/"]}]},{"@type":"BreadcrumbList","@id":"https:\/\/ramina.fr\/index.php\/2022\/02\/04\/je-mappelle-abdourahmane-jai-16-ans\/#breadcrumb","itemListElement":[{"@type":"ListItem","position":1,"name":"Accueil","item":"https:\/\/ramina.fr\/"},{"@type":"ListItem","position":2,"name":"Bonjour, je m\u2019appelle Abdourahmane, j\u2019ai 16 ans, je suis de Guin\u00e9e Conakry. \ud83d\ude42\ud83c\udf0d"}]},{"@type":"WebSite","@id":"https:\/\/ramina.fr\/#website","url":"https:\/\/ramina.fr\/","name":"RAMINA","description":"R\u00e9seau d\u2019Accueil des Minot.es Non Accompagn\u00e9s","publisher":{"@id":"https:\/\/ramina.fr\/#organization"},"alternateName":"R\u00e9seau d'accueil Solidaire des Minots Non Accompagn\u00e9s","potentialAction":[{"@type":"SearchAction","target":{"@type":"EntryPoint","urlTemplate":"https:\/\/ramina.fr\/?s={search_term_string}"},"query-input":{"@type":"PropertyValueSpecification","valueRequired":true,"valueName":"search_term_string"}}],"inLanguage":"fr-FR"},{"@type":"Organization","@id":"https:\/\/ramina.fr\/#organization","name":"RAMINA","alternateName":"R\u00e9seau d' Accueil des Minots Non Accompagn\u00e9s","url":"https:\/\/ramina.fr\/","logo":{"@type":"ImageObject","inLanguage":"fr-FR","@id":"https:\/\/ramina.fr\/#\/schema\/logo\/image\/","url":"https:\/\/ramina.fr\/wp-content\/uploads\/2025\/02\/LOGO_RAMINA_NOIR_VERTICAL.png","contentUrl":"https:\/\/ramina.fr\/wp-content\/uploads\/2025\/02\/LOGO_RAMINA_NOIR_VERTICAL.png","width":1654,"height":1418,"caption":"RAMINA"},"image":{"@id":"https:\/\/ramina.fr\/#\/schema\/logo\/image\/"},"sameAs":["https:\/\/www.facebook.com\/contact.ramina\/","https:\/\/www.instagram.com\/ramina_marseille\/"]},{"@type":"Person","@id":"https:\/\/ramina.fr\/#\/schema\/person\/60afb851da2c0c7b9e173324b84144d5","name":"Ramina R\u00e9seau","image":{"@type":"ImageObject","inLanguage":"fr-FR","@id":"https:\/\/ramina.fr\/#\/schema\/person\/image\/","url":"https:\/\/secure.gravatar.com\/avatar\/5985aef3267ffd44adcd4562d2752e99?s=96&d=mm&r=g","contentUrl":"https:\/\/secure.gravatar.com\/avatar\/5985aef3267ffd44adcd4562d2752e99?s=96&d=mm&r=g","caption":"Ramina R\u00e9seau"}}]}},"jetpack_featured_media_url":"","jetpack_sharing_enabled":true,"_links":{"self":[{"href":"https:\/\/ramina.fr\/index.php\/wp-json\/wp\/v2\/posts\/1872","targetHints":{"allow":["GET"]}}],"collection":[{"href":"https:\/\/ramina.fr\/index.php\/wp-json\/wp\/v2\/posts"}],"about":[{"href":"https:\/\/ramina.fr\/index.php\/wp-json\/wp\/v2\/types\/post"}],"author":[{"embeddable":true,"href":"https:\/\/ramina.fr\/index.php\/wp-json\/wp\/v2\/users\/3"}],"replies":[{"embeddable":true,"href":"https:\/\/ramina.fr\/index.php\/wp-json\/wp\/v2\/comments?post=1872"}],"version-history":[{"count":1,"href":"https:\/\/ramina.fr\/index.php\/wp-json\/wp\/v2\/posts\/1872\/revisions"}],"predecessor-version":[{"id":1873,"href":"https:\/\/ramina.fr\/index.php\/wp-json\/wp\/v2\/posts\/1872\/revisions\/1873"}],"wp:attachment":[{"href":"https:\/\/ramina.fr\/index.php\/wp-json\/wp\/v2\/media?parent=1872"}],"wp:term":[{"taxonomy":"category","embeddable":true,"href":"https:\/\/ramina.fr\/index.php\/wp-json\/wp\/v2\/categories?post=1872"},{"taxonomy":"post_tag","embeddable":true,"href":"https:\/\/ramina.fr\/index.php\/wp-json\/wp\/v2\/tags?post=1872"}],"curies":[{"name":"wp","href":"https:\/\/api.w.org\/{rel}","templated":true}]}}