{"id":1867,"date":"2022-01-31T17:19:15","date_gmt":"2022-01-31T16:19:15","guid":{"rendered":"http:\/\/ramina.fr\/?p=1867"},"modified":"2022-01-31T17:19:48","modified_gmt":"2022-01-31T16:19:48","slug":"je-mappelle-emena","status":"publish","type":"post","link":"https:\/\/ramina.fr\/index.php\/2022\/01\/31\/je-mappelle-emena\/","title":{"rendered":"Je m\u2019appelle Emena. \ud83c\udde8\ud83c\uddee\ud83e\uddd0"},"content":{"rendered":"\n<p><br>Je suis arriv\u00e9 de C\u00f4te d\u2019Ivoire en France l\u2019ann\u00e9e derni\u00e8re, j\u2019ai \u00e9t\u00e9 h\u00e9berg\u00e9 dans une famille. Vite, au bout de quelques jours je suis parti dans un premier foyer pendant 2 mois. J&rsquo;\u00e9tais tr\u00e8s bien dans ce lieu. Ensuite je suis parti \u00e0 l&rsquo;h\u00f4pital pendant 1 mois pour un probl\u00e8me \u00e0 mon poumon. Je suis sorti et depuis je suis h\u00e9berg\u00e9 dans le foyer o\u00f9 je suis actuellement et o\u00f9 il y a un probl\u00e8me.Le probl\u00e8me est le m\u00eame depuis le d\u00e9but mais depuis 5 mois je n\u2019arrive plus du tout \u00e0 me sentir bien.<\/p>\n\n\n\n<p><br>Nous sommes 3 migrants Africains parmi 60 enfants. Les 2 autres migrants Africains ont le m\u00eame probl\u00e8me que moi et veulent aussi changer de foyer.<\/p>\n\n\n\n<p><br>Il y a 4 \u00e9ducateurs qui s\u2019occupent de nous et le probl\u00e8me vient d\u2019un. Cet \u00e9ducateur nous dit tous les jours o\u00f9 il y a des choses pour nous blesser. Aux autres enfants et devant les autres \u00e9ducateurs, il dit des choses fausses sur notre comportement.<\/p>\n\n\n\n<p><br>Un \u00e9ducateur qui n\u2019est pas de notre groupe est venu me voir. Il m\u2019a dit : \u201ccette personne dit des choses sur toi, moi je sais que tu n\u2019es pas comme \u00e7a. Je peux t\u2019aider pour faire une lettre pour le juge, je peux t\u2019aider pour appeler ton avocate\u201d. J\u2019ai dit non car j\u2019ai peur des cons\u00e9quences entre lui et cette personne qui parle de moi.<\/p>\n\n\n\n<p><br>Tous les jours au repas cette personne dit des choses pour nous blesser. Il dit que nous ne sommes pas mineurs. Il dit qu\u2019il ne comprend pas pourquoi nous avons quitt\u00e9 le pays. Il dit que nous sommes des profiteurs. Il dit que nous avons d\u00e9j\u00e0 des enfants dans notre pays. Il dit : ce que tu manges c\u2019est notre argent. L\u2019un de nous 3 a r\u00e9pondu que son salaire c\u2019est aussi l\u2019argent de la soci\u00e9t\u00e9. Cette personne lui a donn\u00e9 l\u2019ordre de monter dans la chambre. Moi je ne dis rien. Je mange vite et je monte dans la chambre. C\u2019est tous les jours pareil.<br>Le samedi matin, alors qu\u2019on pourrait dormir tard, il vient nous r\u00e9veiller et nous demande de descendre dans la salle commune pour rien.<\/p>\n\n\n\n<p><br>Il rentre plusieurs fois par jour dans la chambre sans frapper. Il fait un tour dans la chambre, v\u00e9rifie ce que nous faisons et repart. Trois minutes apr\u00e8s, il revient. Parfois je suis en train de m\u2019habiller. On lui a demand\u00e9 de toquer, il dit oui et ne le fait pas. Il fait pareil dans la douche. Il ouvre la porte alors que je suis nu dedans.<\/p>\n\n\n\n<p><br>Il y a des r\u00e8gles. La semaine il faut rentrer \u00e0 18h. Le week-end, il faut demander pour sortir. Je suis les r\u00e8gles. Je suis toujours \u00e0 l\u2019heure. Les autres \u00e9ducateurs me font confiance et je peux sortir un peu le week-end et les vacances. Lui ne me laisse jamais sortir. Comme cette personne m\u2019impose des choses diff\u00e9rentes des autres \u00e9ducateurs, j\u2019ai demand\u00e9 \u00e0 discuter avec le chef des \u00e9ducateurs. La discussion n\u2019a jamais eu lieu.<\/p>\n\n\n\n<p><br>Maintenant je n\u2019arrive plus a dormir, je pense \u00e0 ce probl\u00e8me tout le temps, au coll\u00e8ge c\u2019est pareil. J\u2019aime le coll\u00e8ge. Tous les \u00e9l\u00e8ves de ma classe et les professeurs sont sympathiques avec moi. J\u2019ai de bonnes notes. Mais maintenant je n\u2019y arrive plus. La professeur de Fran\u00e7ais a remarqu\u00e9 le changement et m\u2019a demand\u00e9 s&rsquo; il y a un probl\u00e8me. Je lui ai dit non. Le professeur de football m\u2019a demand\u00e9 aussi. Je me suis bless\u00e9 \u00e0 la jambe. Je lui dis que c\u2019est la blessure.J\u2019ai besoin de changer de foyer. J\u2019ai besoin de me sentir mieux, de vivre normalement comme avant.<\/p>\n\n\n\n<p><br>Pour finir, je voudrais vous partager cette chanson qui est tr\u00e8s connu dans mon pays et que j&rsquo;ai d\u00e9j\u00e0 entendu passer plusieurs fois depuis que je suis \u00e0 Marseille. \u00c7a m&rsquo;a fait chaud au c\u0153ur.<\/p>\n\n\n\n<p><br>\u270c\ufe0f RDV vendredi pour une nouvelle parole de minot. Partagez, likez, boul\u00e9guez \u270c\ufe0f<br><\/p>\n\n\n\n<figure class=\"wp-block-embed is-type-video is-provider-youtube wp-block-embed-youtube wp-embed-aspect-16-9 wp-has-aspect-ratio\"><div class=\"wp-block-embed__wrapper\">\n<iframe title=\"Magic System - 1Er Gaou\" width=\"525\" height=\"295\" src=\"https:\/\/www.youtube.com\/embed\/CKUZ-ZIUiwg?feature=oembed\" frameborder=\"0\" allow=\"accelerometer; autoplay; clipboard-write; encrypted-media; gyroscope; picture-in-picture; web-share\" referrerpolicy=\"strict-origin-when-cross-origin\" allowfullscreen><\/iframe>\n<\/div><\/figure>\n","protected":false},"excerpt":{"rendered":"<p>Je suis arriv\u00e9 de C\u00f4te d\u2019Ivoire en France l\u2019ann\u00e9e derni\u00e8re, j\u2019ai \u00e9t\u00e9 h\u00e9berg\u00e9 dans une famille. Vite, au bout de quelques jours je suis parti dans un premier foyer pendant 2 mois. J&rsquo;\u00e9tais tr\u00e8s bien dans ce lieu. Ensuite je suis parti \u00e0 l&rsquo;h\u00f4pital pendant 1 mois pour un probl\u00e8me \u00e0 mon poumon. Je suis &hellip; <\/p>\n<p class=\"link-more\"><a href=\"https:\/\/ramina.fr\/index.php\/2022\/01\/31\/je-mappelle-emena\/\" class=\"more-link\">Continuer la lecture<span class=\"screen-reader-text\"> de &laquo;&nbsp;Je m\u2019appelle Emena. \ud83c\udde8\ud83c\uddee\ud83e\uddd0&nbsp;&raquo;<\/span><\/a><\/p>\n","protected":false},"author":3,"featured_media":0,"comment_status":"open","ping_status":"open","sticky":false,"template":"","format":"standard","meta":{"_jetpack_memberships_contains_paid_content":false,"footnotes":""},"categories":[13],"tags":[],"class_list":["post-1867","post","type-post","status-publish","format-standard","hentry","category-parole-de-minots-saison-3"],"yoast_head":"<!-- This site is optimized with the Yoast SEO plugin v25.1 - https:\/\/yoast.com\/wordpress\/plugins\/seo\/ -->\n<title>Je m\u2019appelle Emena. \ud83c\udde8\ud83c\uddee\ud83e\uddd0 | RAMINA<\/title>\n<meta name=\"robots\" content=\"noindex, follow\" \/>\n<meta property=\"og:locale\" content=\"fr_FR\" \/>\n<meta property=\"og:type\" content=\"article\" \/>\n<meta property=\"og:title\" content=\"Je m\u2019appelle Emena. \ud83c\udde8\ud83c\uddee\ud83e\uddd0 | RAMINA\" \/>\n<meta property=\"og:description\" content=\"Je suis arriv\u00e9 de C\u00f4te d\u2019Ivoire en France l\u2019ann\u00e9e derni\u00e8re, j\u2019ai \u00e9t\u00e9 h\u00e9berg\u00e9 dans une famille. Vite, au bout de quelques jours je suis parti dans un premier foyer pendant 2 mois. J&rsquo;\u00e9tais tr\u00e8s bien dans ce lieu. Ensuite je suis parti \u00e0 l&rsquo;h\u00f4pital pendant 1 mois pour un probl\u00e8me \u00e0 mon poumon. Je suis &hellip; Continuer la lecture de &laquo;&nbsp;Je m\u2019appelle Emena. \ud83c\udde8\ud83c\uddee\ud83e\uddd0&nbsp;&raquo;\" \/>\n<meta property=\"og:url\" content=\"https:\/\/ramina.fr\/index.php\/2022\/01\/31\/je-mappelle-emena\/\" \/>\n<meta property=\"og:site_name\" content=\"RAMINA\" \/>\n<meta property=\"article:publisher\" content=\"https:\/\/www.facebook.com\/contact.ramina\/\" \/>\n<meta property=\"article:published_time\" content=\"2022-01-31T16:19:15+00:00\" \/>\n<meta property=\"article:modified_time\" content=\"2022-01-31T16:19:48+00:00\" \/>\n<meta property=\"og:image\" content=\"https:\/\/ramina.fr\/wp-content\/uploads\/2025\/02\/ramina-image-mise-avant-wordpress.jpg\" \/>\n\t<meta property=\"og:image:width\" content=\"1200\" \/>\n\t<meta property=\"og:image:height\" content=\"675\" \/>\n\t<meta property=\"og:image:type\" content=\"image\/jpeg\" \/>\n<meta name=\"author\" content=\"Ramina R\u00e9seau\" \/>\n<meta name=\"twitter:card\" content=\"summary_large_image\" \/>\n<meta name=\"twitter:label1\" content=\"\u00c9crit par\" \/>\n\t<meta name=\"twitter:data1\" content=\"Ramina R\u00e9seau\" \/>\n\t<meta name=\"twitter:label2\" content=\"Dur\u00e9e de lecture estim\u00e9e\" \/>\n\t<meta name=\"twitter:data2\" content=\"4 minutes\" \/>\n<script type=\"application\/ld+json\" class=\"yoast-schema-graph\">{\"@context\":\"https:\/\/schema.org\",\"@graph\":[{\"@type\":\"Article\",\"@id\":\"https:\/\/ramina.fr\/index.php\/2022\/01\/31\/je-mappelle-emena\/#article\",\"isPartOf\":{\"@id\":\"https:\/\/ramina.fr\/index.php\/2022\/01\/31\/je-mappelle-emena\/\"},\"author\":{\"name\":\"Ramina R\u00e9seau\",\"@id\":\"https:\/\/ramina.fr\/#\/schema\/person\/60afb851da2c0c7b9e173324b84144d5\"},\"headline\":\"Je m\u2019appelle Emena. \ud83c\udde8\ud83c\uddee\ud83e\uddd0\",\"datePublished\":\"2022-01-31T16:19:15+00:00\",\"dateModified\":\"2022-01-31T16:19:48+00:00\",\"mainEntityOfPage\":{\"@id\":\"https:\/\/ramina.fr\/index.php\/2022\/01\/31\/je-mappelle-emena\/\"},\"wordCount\":719,\"commentCount\":0,\"publisher\":{\"@id\":\"https:\/\/ramina.fr\/#organization\"},\"articleSection\":[\"Parole de Minots Saison 3\"],\"inLanguage\":\"fr-FR\",\"potentialAction\":[{\"@type\":\"CommentAction\",\"name\":\"Comment\",\"target\":[\"https:\/\/ramina.fr\/index.php\/2022\/01\/31\/je-mappelle-emena\/#respond\"]}]},{\"@type\":\"WebPage\",\"@id\":\"https:\/\/ramina.fr\/index.php\/2022\/01\/31\/je-mappelle-emena\/\",\"url\":\"https:\/\/ramina.fr\/index.php\/2022\/01\/31\/je-mappelle-emena\/\",\"name\":\"Je m\u2019appelle Emena. \ud83c\udde8\ud83c\uddee\ud83e\uddd0 | RAMINA\",\"isPartOf\":{\"@id\":\"https:\/\/ramina.fr\/#website\"},\"datePublished\":\"2022-01-31T16:19:15+00:00\",\"dateModified\":\"2022-01-31T16:19:48+00:00\",\"breadcrumb\":{\"@id\":\"https:\/\/ramina.fr\/index.php\/2022\/01\/31\/je-mappelle-emena\/#breadcrumb\"},\"inLanguage\":\"fr-FR\",\"potentialAction\":[{\"@type\":\"ReadAction\",\"target\":[\"https:\/\/ramina.fr\/index.php\/2022\/01\/31\/je-mappelle-emena\/\"]}]},{\"@type\":\"BreadcrumbList\",\"@id\":\"https:\/\/ramina.fr\/index.php\/2022\/01\/31\/je-mappelle-emena\/#breadcrumb\",\"itemListElement\":[{\"@type\":\"ListItem\",\"position\":1,\"name\":\"Accueil\",\"item\":\"https:\/\/ramina.fr\/\"},{\"@type\":\"ListItem\",\"position\":2,\"name\":\"Je m\u2019appelle Emena. \ud83c\udde8\ud83c\uddee\ud83e\uddd0\"}]},{\"@type\":\"WebSite\",\"@id\":\"https:\/\/ramina.fr\/#website\",\"url\":\"https:\/\/ramina.fr\/\",\"name\":\"RAMINA\",\"description\":\"R\u00e9seau d\u2019Accueil des Minot.es Non Accompagn\u00e9s\",\"publisher\":{\"@id\":\"https:\/\/ramina.fr\/#organization\"},\"alternateName\":\"R\u00e9seau d'accueil Solidaire des Minots Non Accompagn\u00e9s\",\"potentialAction\":[{\"@type\":\"SearchAction\",\"target\":{\"@type\":\"EntryPoint\",\"urlTemplate\":\"https:\/\/ramina.fr\/?s={search_term_string}\"},\"query-input\":{\"@type\":\"PropertyValueSpecification\",\"valueRequired\":true,\"valueName\":\"search_term_string\"}}],\"inLanguage\":\"fr-FR\"},{\"@type\":\"Organization\",\"@id\":\"https:\/\/ramina.fr\/#organization\",\"name\":\"RAMINA\",\"alternateName\":\"R\u00e9seau d' Accueil des Minots Non Accompagn\u00e9s\",\"url\":\"https:\/\/ramina.fr\/\",\"logo\":{\"@type\":\"ImageObject\",\"inLanguage\":\"fr-FR\",\"@id\":\"https:\/\/ramina.fr\/#\/schema\/logo\/image\/\",\"url\":\"https:\/\/ramina.fr\/wp-content\/uploads\/2025\/02\/LOGO_RAMINA_NOIR_VERTICAL.png\",\"contentUrl\":\"https:\/\/ramina.fr\/wp-content\/uploads\/2025\/02\/LOGO_RAMINA_NOIR_VERTICAL.png\",\"width\":1654,\"height\":1418,\"caption\":\"RAMINA\"},\"image\":{\"@id\":\"https:\/\/ramina.fr\/#\/schema\/logo\/image\/\"},\"sameAs\":[\"https:\/\/www.facebook.com\/contact.ramina\/\",\"https:\/\/www.instagram.com\/ramina_marseille\/\"]},{\"@type\":\"Person\",\"@id\":\"https:\/\/ramina.fr\/#\/schema\/person\/60afb851da2c0c7b9e173324b84144d5\",\"name\":\"Ramina R\u00e9seau\",\"image\":{\"@type\":\"ImageObject\",\"inLanguage\":\"fr-FR\",\"@id\":\"https:\/\/ramina.fr\/#\/schema\/person\/image\/\",\"url\":\"https:\/\/secure.gravatar.com\/avatar\/5985aef3267ffd44adcd4562d2752e99?s=96&d=mm&r=g\",\"contentUrl\":\"https:\/\/secure.gravatar.com\/avatar\/5985aef3267ffd44adcd4562d2752e99?s=96&d=mm&r=g\",\"caption\":\"Ramina R\u00e9seau\"}}]}<\/script>\n<!-- \/ Yoast SEO plugin. -->","yoast_head_json":{"title":"Je m\u2019appelle Emena. \ud83c\udde8\ud83c\uddee\ud83e\uddd0 | RAMINA","robots":{"index":"noindex","follow":"follow"},"og_locale":"fr_FR","og_type":"article","og_title":"Je m\u2019appelle Emena. \ud83c\udde8\ud83c\uddee\ud83e\uddd0 | RAMINA","og_description":"Je suis arriv\u00e9 de C\u00f4te d\u2019Ivoire en France l\u2019ann\u00e9e derni\u00e8re, j\u2019ai \u00e9t\u00e9 h\u00e9berg\u00e9 dans une famille. Vite, au bout de quelques jours je suis parti dans un premier foyer pendant 2 mois. J&rsquo;\u00e9tais tr\u00e8s bien dans ce lieu. Ensuite je suis parti \u00e0 l&rsquo;h\u00f4pital pendant 1 mois pour un probl\u00e8me \u00e0 mon poumon. Je suis &hellip; Continuer la lecture de &laquo;&nbsp;Je m\u2019appelle Emena. \ud83c\udde8\ud83c\uddee\ud83e\uddd0&nbsp;&raquo;","og_url":"https:\/\/ramina.fr\/index.php\/2022\/01\/31\/je-mappelle-emena\/","og_site_name":"RAMINA","article_publisher":"https:\/\/www.facebook.com\/contact.ramina\/","article_published_time":"2022-01-31T16:19:15+00:00","article_modified_time":"2022-01-31T16:19:48+00:00","og_image":[{"width":1200,"height":675,"url":"https:\/\/ramina.fr\/wp-content\/uploads\/2025\/02\/ramina-image-mise-avant-wordpress.jpg","type":"image\/jpeg"}],"author":"Ramina R\u00e9seau","twitter_card":"summary_large_image","twitter_misc":{"\u00c9crit par":"Ramina R\u00e9seau","Dur\u00e9e de lecture estim\u00e9e":"4 minutes"},"schema":{"@context":"https:\/\/schema.org","@graph":[{"@type":"Article","@id":"https:\/\/ramina.fr\/index.php\/2022\/01\/31\/je-mappelle-emena\/#article","isPartOf":{"@id":"https:\/\/ramina.fr\/index.php\/2022\/01\/31\/je-mappelle-emena\/"},"author":{"name":"Ramina R\u00e9seau","@id":"https:\/\/ramina.fr\/#\/schema\/person\/60afb851da2c0c7b9e173324b84144d5"},"headline":"Je m\u2019appelle Emena. \ud83c\udde8\ud83c\uddee\ud83e\uddd0","datePublished":"2022-01-31T16:19:15+00:00","dateModified":"2022-01-31T16:19:48+00:00","mainEntityOfPage":{"@id":"https:\/\/ramina.fr\/index.php\/2022\/01\/31\/je-mappelle-emena\/"},"wordCount":719,"commentCount":0,"publisher":{"@id":"https:\/\/ramina.fr\/#organization"},"articleSection":["Parole de Minots Saison 3"],"inLanguage":"fr-FR","potentialAction":[{"@type":"CommentAction","name":"Comment","target":["https:\/\/ramina.fr\/index.php\/2022\/01\/31\/je-mappelle-emena\/#respond"]}]},{"@type":"WebPage","@id":"https:\/\/ramina.fr\/index.php\/2022\/01\/31\/je-mappelle-emena\/","url":"https:\/\/ramina.fr\/index.php\/2022\/01\/31\/je-mappelle-emena\/","name":"Je m\u2019appelle Emena. \ud83c\udde8\ud83c\uddee\ud83e\uddd0 | RAMINA","isPartOf":{"@id":"https:\/\/ramina.fr\/#website"},"datePublished":"2022-01-31T16:19:15+00:00","dateModified":"2022-01-31T16:19:48+00:00","breadcrumb":{"@id":"https:\/\/ramina.fr\/index.php\/2022\/01\/31\/je-mappelle-emena\/#breadcrumb"},"inLanguage":"fr-FR","potentialAction":[{"@type":"ReadAction","target":["https:\/\/ramina.fr\/index.php\/2022\/01\/31\/je-mappelle-emena\/"]}]},{"@type":"BreadcrumbList","@id":"https:\/\/ramina.fr\/index.php\/2022\/01\/31\/je-mappelle-emena\/#breadcrumb","itemListElement":[{"@type":"ListItem","position":1,"name":"Accueil","item":"https:\/\/ramina.fr\/"},{"@type":"ListItem","position":2,"name":"Je m\u2019appelle Emena. \ud83c\udde8\ud83c\uddee\ud83e\uddd0"}]},{"@type":"WebSite","@id":"https:\/\/ramina.fr\/#website","url":"https:\/\/ramina.fr\/","name":"RAMINA","description":"R\u00e9seau d\u2019Accueil des Minot.es Non Accompagn\u00e9s","publisher":{"@id":"https:\/\/ramina.fr\/#organization"},"alternateName":"R\u00e9seau d'accueil Solidaire des Minots Non Accompagn\u00e9s","potentialAction":[{"@type":"SearchAction","target":{"@type":"EntryPoint","urlTemplate":"https:\/\/ramina.fr\/?s={search_term_string}"},"query-input":{"@type":"PropertyValueSpecification","valueRequired":true,"valueName":"search_term_string"}}],"inLanguage":"fr-FR"},{"@type":"Organization","@id":"https:\/\/ramina.fr\/#organization","name":"RAMINA","alternateName":"R\u00e9seau d' Accueil des Minots Non Accompagn\u00e9s","url":"https:\/\/ramina.fr\/","logo":{"@type":"ImageObject","inLanguage":"fr-FR","@id":"https:\/\/ramina.fr\/#\/schema\/logo\/image\/","url":"https:\/\/ramina.fr\/wp-content\/uploads\/2025\/02\/LOGO_RAMINA_NOIR_VERTICAL.png","contentUrl":"https:\/\/ramina.fr\/wp-content\/uploads\/2025\/02\/LOGO_RAMINA_NOIR_VERTICAL.png","width":1654,"height":1418,"caption":"RAMINA"},"image":{"@id":"https:\/\/ramina.fr\/#\/schema\/logo\/image\/"},"sameAs":["https:\/\/www.facebook.com\/contact.ramina\/","https:\/\/www.instagram.com\/ramina_marseille\/"]},{"@type":"Person","@id":"https:\/\/ramina.fr\/#\/schema\/person\/60afb851da2c0c7b9e173324b84144d5","name":"Ramina R\u00e9seau","image":{"@type":"ImageObject","inLanguage":"fr-FR","@id":"https:\/\/ramina.fr\/#\/schema\/person\/image\/","url":"https:\/\/secure.gravatar.com\/avatar\/5985aef3267ffd44adcd4562d2752e99?s=96&d=mm&r=g","contentUrl":"https:\/\/secure.gravatar.com\/avatar\/5985aef3267ffd44adcd4562d2752e99?s=96&d=mm&r=g","caption":"Ramina R\u00e9seau"}}]}},"jetpack_featured_media_url":"","jetpack_sharing_enabled":true,"_links":{"self":[{"href":"https:\/\/ramina.fr\/index.php\/wp-json\/wp\/v2\/posts\/1867","targetHints":{"allow":["GET"]}}],"collection":[{"href":"https:\/\/ramina.fr\/index.php\/wp-json\/wp\/v2\/posts"}],"about":[{"href":"https:\/\/ramina.fr\/index.php\/wp-json\/wp\/v2\/types\/post"}],"author":[{"embeddable":true,"href":"https:\/\/ramina.fr\/index.php\/wp-json\/wp\/v2\/users\/3"}],"replies":[{"embeddable":true,"href":"https:\/\/ramina.fr\/index.php\/wp-json\/wp\/v2\/comments?post=1867"}],"version-history":[{"count":1,"href":"https:\/\/ramina.fr\/index.php\/wp-json\/wp\/v2\/posts\/1867\/revisions"}],"predecessor-version":[{"id":1869,"href":"https:\/\/ramina.fr\/index.php\/wp-json\/wp\/v2\/posts\/1867\/revisions\/1869"}],"wp:attachment":[{"href":"https:\/\/ramina.fr\/index.php\/wp-json\/wp\/v2\/media?parent=1867"}],"wp:term":[{"taxonomy":"category","embeddable":true,"href":"https:\/\/ramina.fr\/index.php\/wp-json\/wp\/v2\/categories?post=1867"},{"taxonomy":"post_tag","embeddable":true,"href":"https:\/\/ramina.fr\/index.php\/wp-json\/wp\/v2\/tags?post=1867"}],"curies":[{"name":"wp","href":"https:\/\/api.w.org\/{rel}","templated":true}]}}