{"id":1858,"date":"2022-01-24T11:33:43","date_gmt":"2022-01-24T10:33:43","guid":{"rendered":"http:\/\/ramina.fr\/?p=1858"},"modified":"2022-01-24T19:25:51","modified_gmt":"2022-01-24T18:25:51","slug":"je-mappelle-kapa","status":"publish","type":"post","link":"https:\/\/ramina.fr\/index.php\/2022\/01\/24\/je-mappelle-kapa\/","title":{"rendered":"Bonjour, je m\u2019appelle Kapa, j\u2019ai 17 ans, et je suis arriv\u00e9 \u00e0 Marseille il y a bient\u00f4t 3 mois \ud83d\ude42\ud83c\udf0d"},"content":{"rendered":"\n<p><br \/>Je vais vous raconter mon histoire qui s\u2019est pass\u00e9e \u00e0 Marseille.<\/p>\n\n\n\n<p><br \/>En arrivant \u00e0 RAMINA, j\u2019ai \u00e9t\u00e9 log\u00e9 chez une b\u00e9n\u00e9vole \u00e0 Aubagne. Elle est tr\u00e8s investie et m\u2019aide beaucoup. Nous avons commenc\u00e9 \u00e0 travailler le fran\u00e7ais avant que je commence l\u2019\u00e9cole. J\u2019ai choisi un cahier de devoir sp\u00e9cial migrants \u00e0 la biblioth\u00e8que d\u2019Aubagne. Travailler chaque jour m\u2019aide \u00e0 apprendre de nouveaux mots et \u00e0 mieux lire. Chaque mercredi et vendredi, lorsque je reviens des cours de fran\u00e7ais donn\u00e9s par l\u2019association \u00e0 Marseille (j\u2019y vais en train), elle me demande comment \u00e7a s\u2019est pass\u00e9, si c\u2019\u00e9tait difficile et ce que j\u2019ai appris. Toutes les questions qu\u2019elle me pose me donnent du courage et l\u2019envie d\u2019apprendre le fran\u00e7ais.<\/p>\n\n\n\n<p><br \/>Chaque jour je pars au stade pour faire du sport. Cela me fait du bien.<\/p>\n\n\n\n<p><br \/>Mon h\u00e9bergeante me fait d\u00e9couvrir beaucoup de choses. En plus de travailler le fran\u00e7ais, nous avons des moments de d\u00e9tente en nous promenant \u00e0 la mer, en for\u00eat&#8230; Nous allons aussi au cin\u00e9ma, au restaurant. Elle cuisine tr\u00e8s bien chaque jour de nouveaux plats que je ne connais pas et qui sont tr\u00e8s bons. Parfois nous cuisinons des plats de mon pays ensemble.<\/p>\n\n\n\n<p><br \/>Autre chose qui m\u2019a beaucoup plu : d\u00e9couvrir la neige dans les Alpes le jour de mon anniversaire ! \ud83e\udd29\u2744\ufe0f<\/p>\n\n\n\n<p><br>Cette r\u00e9gion me pla\u00eet et j\u2019aime la d\u00e9couvrir ! Pour finir, je vous partage cette image qui repr\u00e9sente pour moi la joie d&rsquo;avoir f\u00eat\u00e9 mon anniversaire \u00e0 la neige !<\/p>\n\n\n\n<p><br \/>\u270c\ufe0fRdv vendredi pour une nouvelle parole de minot. Partagez, likez, boul\u00e9guez \u270c\ufe0f<\/p>\n\n\n\n<div class=\"wp-block-image\"><figure class=\"aligncenter size-full\"><img fetchpriority=\"high\" decoding=\"async\" width=\"707\" height=\"490\" src=\"https:\/\/ramina.fr\/wp-content\/uploads\/2022\/01\/RAMINA-MARSEILLE-2022.jpg\" alt=\"\" class=\"wp-image-1859\" srcset=\"https:\/\/ramina.fr\/wp-content\/uploads\/2022\/01\/RAMINA-MARSEILLE-2022.jpg 707w, https:\/\/ramina.fr\/wp-content\/uploads\/2022\/01\/RAMINA-MARSEILLE-2022-300x208.jpg 300w\" sizes=\"(max-width: 707px) 100vw, 707px\" \/><\/figure><\/div>\n","protected":false},"excerpt":{"rendered":"<p>Je vais vous raconter mon histoire qui s\u2019est pass\u00e9e \u00e0 Marseille. En arrivant \u00e0 RAMINA, j\u2019ai \u00e9t\u00e9 log\u00e9 chez une b\u00e9n\u00e9vole \u00e0 Aubagne. Elle est tr\u00e8s investie et m\u2019aide beaucoup. Nous avons commenc\u00e9 \u00e0 travailler le fran\u00e7ais avant que je commence l\u2019\u00e9cole. J\u2019ai choisi un cahier de devoir sp\u00e9cial migrants \u00e0 la biblioth\u00e8que d\u2019Aubagne. Travailler &hellip; <\/p>\n<p class=\"link-more\"><a href=\"https:\/\/ramina.fr\/index.php\/2022\/01\/24\/je-mappelle-kapa\/\" class=\"more-link\">Continuer la lecture<span class=\"screen-reader-text\"> de &laquo;&nbsp;Bonjour, je m\u2019appelle Kapa, j\u2019ai 17 ans, et je suis arriv\u00e9 \u00e0 Marseille il y a bient\u00f4t 3 mois \ud83d\ude42\ud83c\udf0d&nbsp;&raquo;<\/span><\/a><\/p>\n","protected":false},"author":3,"featured_media":0,"comment_status":"open","ping_status":"open","sticky":false,"template":"","format":"standard","meta":{"_jetpack_memberships_contains_paid_content":false,"footnotes":""},"categories":[13],"tags":[],"class_list":["post-1858","post","type-post","status-publish","format-standard","hentry","category-parole-de-minots-saison-3"],"yoast_head":"<!-- This site is optimized with the Yoast SEO plugin v25.1 - https:\/\/yoast.com\/wordpress\/plugins\/seo\/ -->\n<title>Bonjour, je m\u2019appelle Kapa, j\u2019ai 17 ans, et je suis arriv\u00e9 \u00e0 Marseille il y a bient\u00f4t 3 mois \ud83d\ude42\ud83c\udf0d | RAMINA<\/title>\n<meta name=\"robots\" content=\"noindex, follow\" \/>\n<meta property=\"og:locale\" content=\"fr_FR\" \/>\n<meta property=\"og:type\" content=\"article\" \/>\n<meta property=\"og:title\" content=\"Bonjour, je m\u2019appelle Kapa, j\u2019ai 17 ans, et je suis arriv\u00e9 \u00e0 Marseille il y a bient\u00f4t 3 mois \ud83d\ude42\ud83c\udf0d | RAMINA\" \/>\n<meta property=\"og:description\" content=\"Je vais vous raconter mon histoire qui s\u2019est pass\u00e9e \u00e0 Marseille. En arrivant \u00e0 RAMINA, j\u2019ai \u00e9t\u00e9 log\u00e9 chez une b\u00e9n\u00e9vole \u00e0 Aubagne. Elle est tr\u00e8s investie et m\u2019aide beaucoup. Nous avons commenc\u00e9 \u00e0 travailler le fran\u00e7ais avant que je commence l\u2019\u00e9cole. J\u2019ai choisi un cahier de devoir sp\u00e9cial migrants \u00e0 la biblioth\u00e8que d\u2019Aubagne. Travailler &hellip; Continuer la lecture de &laquo;&nbsp;Bonjour, je m\u2019appelle Kapa, j\u2019ai 17 ans, et je suis arriv\u00e9 \u00e0 Marseille il y a bient\u00f4t 3 mois \ud83d\ude42\ud83c\udf0d&nbsp;&raquo;\" \/>\n<meta property=\"og:url\" content=\"https:\/\/ramina.fr\/index.php\/2022\/01\/24\/je-mappelle-kapa\/\" \/>\n<meta property=\"og:site_name\" content=\"RAMINA\" \/>\n<meta property=\"article:publisher\" content=\"https:\/\/www.facebook.com\/contact.ramina\/\" \/>\n<meta property=\"article:published_time\" content=\"2022-01-24T10:33:43+00:00\" \/>\n<meta property=\"article:modified_time\" content=\"2022-01-24T18:25:51+00:00\" \/>\n<meta property=\"og:image\" content=\"https:\/\/ramina.fr\/wp-content\/uploads\/2022\/01\/RAMINA-MARSEILLE-2022.jpg\" \/>\n<meta name=\"author\" content=\"Ramina R\u00e9seau\" \/>\n<meta name=\"twitter:card\" content=\"summary_large_image\" \/>\n<meta name=\"twitter:label1\" content=\"\u00c9crit par\" \/>\n\t<meta name=\"twitter:data1\" content=\"Ramina R\u00e9seau\" \/>\n\t<meta name=\"twitter:label2\" content=\"Dur\u00e9e de lecture estim\u00e9e\" \/>\n\t<meta name=\"twitter:data2\" content=\"1 minute\" \/>\n<script type=\"application\/ld+json\" class=\"yoast-schema-graph\">{\"@context\":\"https:\/\/schema.org\",\"@graph\":[{\"@type\":\"Article\",\"@id\":\"https:\/\/ramina.fr\/index.php\/2022\/01\/24\/je-mappelle-kapa\/#article\",\"isPartOf\":{\"@id\":\"https:\/\/ramina.fr\/index.php\/2022\/01\/24\/je-mappelle-kapa\/\"},\"author\":{\"name\":\"Ramina R\u00e9seau\",\"@id\":\"https:\/\/ramina.fr\/#\/schema\/person\/60afb851da2c0c7b9e173324b84144d5\"},\"headline\":\"Bonjour, je m\u2019appelle Kapa, j\u2019ai 17 ans, et je suis arriv\u00e9 \u00e0 Marseille il y a bient\u00f4t 3 mois \ud83d\ude42\ud83c\udf0d\",\"datePublished\":\"2022-01-24T10:33:43+00:00\",\"dateModified\":\"2022-01-24T18:25:51+00:00\",\"mainEntityOfPage\":{\"@id\":\"https:\/\/ramina.fr\/index.php\/2022\/01\/24\/je-mappelle-kapa\/\"},\"wordCount\":302,\"commentCount\":0,\"publisher\":{\"@id\":\"https:\/\/ramina.fr\/#organization\"},\"image\":{\"@id\":\"https:\/\/ramina.fr\/index.php\/2022\/01\/24\/je-mappelle-kapa\/#primaryimage\"},\"thumbnailUrl\":\"https:\/\/ramina.fr\/wp-content\/uploads\/2022\/01\/RAMINA-MARSEILLE-2022.jpg\",\"articleSection\":[\"Parole de Minots Saison 3\"],\"inLanguage\":\"fr-FR\",\"potentialAction\":[{\"@type\":\"CommentAction\",\"name\":\"Comment\",\"target\":[\"https:\/\/ramina.fr\/index.php\/2022\/01\/24\/je-mappelle-kapa\/#respond\"]}]},{\"@type\":\"WebPage\",\"@id\":\"https:\/\/ramina.fr\/index.php\/2022\/01\/24\/je-mappelle-kapa\/\",\"url\":\"https:\/\/ramina.fr\/index.php\/2022\/01\/24\/je-mappelle-kapa\/\",\"name\":\"Bonjour, je m\u2019appelle Kapa, j\u2019ai 17 ans, et je suis arriv\u00e9 \u00e0 Marseille il y a bient\u00f4t 3 mois \ud83d\ude42\ud83c\udf0d | RAMINA\",\"isPartOf\":{\"@id\":\"https:\/\/ramina.fr\/#website\"},\"primaryImageOfPage\":{\"@id\":\"https:\/\/ramina.fr\/index.php\/2022\/01\/24\/je-mappelle-kapa\/#primaryimage\"},\"image\":{\"@id\":\"https:\/\/ramina.fr\/index.php\/2022\/01\/24\/je-mappelle-kapa\/#primaryimage\"},\"thumbnailUrl\":\"https:\/\/ramina.fr\/wp-content\/uploads\/2022\/01\/RAMINA-MARSEILLE-2022.jpg\",\"datePublished\":\"2022-01-24T10:33:43+00:00\",\"dateModified\":\"2022-01-24T18:25:51+00:00\",\"breadcrumb\":{\"@id\":\"https:\/\/ramina.fr\/index.php\/2022\/01\/24\/je-mappelle-kapa\/#breadcrumb\"},\"inLanguage\":\"fr-FR\",\"potentialAction\":[{\"@type\":\"ReadAction\",\"target\":[\"https:\/\/ramina.fr\/index.php\/2022\/01\/24\/je-mappelle-kapa\/\"]}]},{\"@type\":\"ImageObject\",\"inLanguage\":\"fr-FR\",\"@id\":\"https:\/\/ramina.fr\/index.php\/2022\/01\/24\/je-mappelle-kapa\/#primaryimage\",\"url\":\"https:\/\/ramina.fr\/wp-content\/uploads\/2022\/01\/RAMINA-MARSEILLE-2022.jpg\",\"contentUrl\":\"https:\/\/ramina.fr\/wp-content\/uploads\/2022\/01\/RAMINA-MARSEILLE-2022.jpg\",\"width\":707,\"height\":490},{\"@type\":\"BreadcrumbList\",\"@id\":\"https:\/\/ramina.fr\/index.php\/2022\/01\/24\/je-mappelle-kapa\/#breadcrumb\",\"itemListElement\":[{\"@type\":\"ListItem\",\"position\":1,\"name\":\"Accueil\",\"item\":\"https:\/\/ramina.fr\/\"},{\"@type\":\"ListItem\",\"position\":2,\"name\":\"Bonjour, je m\u2019appelle Kapa, j\u2019ai 17 ans, et je suis arriv\u00e9 \u00e0 Marseille il y a bient\u00f4t 3 mois \ud83d\ude42\ud83c\udf0d\"}]},{\"@type\":\"WebSite\",\"@id\":\"https:\/\/ramina.fr\/#website\",\"url\":\"https:\/\/ramina.fr\/\",\"name\":\"RAMINA\",\"description\":\"R\u00e9seau d\u2019Accueil des Minot.es Non Accompagn\u00e9s\",\"publisher\":{\"@id\":\"https:\/\/ramina.fr\/#organization\"},\"alternateName\":\"R\u00e9seau d'accueil Solidaire des Minots Non Accompagn\u00e9s\",\"potentialAction\":[{\"@type\":\"SearchAction\",\"target\":{\"@type\":\"EntryPoint\",\"urlTemplate\":\"https:\/\/ramina.fr\/?s={search_term_string}\"},\"query-input\":{\"@type\":\"PropertyValueSpecification\",\"valueRequired\":true,\"valueName\":\"search_term_string\"}}],\"inLanguage\":\"fr-FR\"},{\"@type\":\"Organization\",\"@id\":\"https:\/\/ramina.fr\/#organization\",\"name\":\"RAMINA\",\"alternateName\":\"R\u00e9seau d' Accueil des Minots Non Accompagn\u00e9s\",\"url\":\"https:\/\/ramina.fr\/\",\"logo\":{\"@type\":\"ImageObject\",\"inLanguage\":\"fr-FR\",\"@id\":\"https:\/\/ramina.fr\/#\/schema\/logo\/image\/\",\"url\":\"https:\/\/ramina.fr\/wp-content\/uploads\/2025\/02\/LOGO_RAMINA_NOIR_VERTICAL.png\",\"contentUrl\":\"https:\/\/ramina.fr\/wp-content\/uploads\/2025\/02\/LOGO_RAMINA_NOIR_VERTICAL.png\",\"width\":1654,\"height\":1418,\"caption\":\"RAMINA\"},\"image\":{\"@id\":\"https:\/\/ramina.fr\/#\/schema\/logo\/image\/\"},\"sameAs\":[\"https:\/\/www.facebook.com\/contact.ramina\/\",\"https:\/\/www.instagram.com\/ramina_marseille\/\"]},{\"@type\":\"Person\",\"@id\":\"https:\/\/ramina.fr\/#\/schema\/person\/60afb851da2c0c7b9e173324b84144d5\",\"name\":\"Ramina R\u00e9seau\",\"image\":{\"@type\":\"ImageObject\",\"inLanguage\":\"fr-FR\",\"@id\":\"https:\/\/ramina.fr\/#\/schema\/person\/image\/\",\"url\":\"https:\/\/secure.gravatar.com\/avatar\/5985aef3267ffd44adcd4562d2752e99?s=96&d=mm&r=g\",\"contentUrl\":\"https:\/\/secure.gravatar.com\/avatar\/5985aef3267ffd44adcd4562d2752e99?s=96&d=mm&r=g\",\"caption\":\"Ramina R\u00e9seau\"}}]}<\/script>\n<!-- \/ Yoast SEO plugin. -->","yoast_head_json":{"title":"Bonjour, je m\u2019appelle Kapa, j\u2019ai 17 ans, et je suis arriv\u00e9 \u00e0 Marseille il y a bient\u00f4t 3 mois \ud83d\ude42\ud83c\udf0d | RAMINA","robots":{"index":"noindex","follow":"follow"},"og_locale":"fr_FR","og_type":"article","og_title":"Bonjour, je m\u2019appelle Kapa, j\u2019ai 17 ans, et je suis arriv\u00e9 \u00e0 Marseille il y a bient\u00f4t 3 mois \ud83d\ude42\ud83c\udf0d | RAMINA","og_description":"Je vais vous raconter mon histoire qui s\u2019est pass\u00e9e \u00e0 Marseille. En arrivant \u00e0 RAMINA, j\u2019ai \u00e9t\u00e9 log\u00e9 chez une b\u00e9n\u00e9vole \u00e0 Aubagne. Elle est tr\u00e8s investie et m\u2019aide beaucoup. Nous avons commenc\u00e9 \u00e0 travailler le fran\u00e7ais avant que je commence l\u2019\u00e9cole. J\u2019ai choisi un cahier de devoir sp\u00e9cial migrants \u00e0 la biblioth\u00e8que d\u2019Aubagne. Travailler &hellip; Continuer la lecture de &laquo;&nbsp;Bonjour, je m\u2019appelle Kapa, j\u2019ai 17 ans, et je suis arriv\u00e9 \u00e0 Marseille il y a bient\u00f4t 3 mois \ud83d\ude42\ud83c\udf0d&nbsp;&raquo;","og_url":"https:\/\/ramina.fr\/index.php\/2022\/01\/24\/je-mappelle-kapa\/","og_site_name":"RAMINA","article_publisher":"https:\/\/www.facebook.com\/contact.ramina\/","article_published_time":"2022-01-24T10:33:43+00:00","article_modified_time":"2022-01-24T18:25:51+00:00","og_image":[{"url":"https:\/\/ramina.fr\/wp-content\/uploads\/2022\/01\/RAMINA-MARSEILLE-2022.jpg","type":"","width":"","height":""}],"author":"Ramina R\u00e9seau","twitter_card":"summary_large_image","twitter_misc":{"\u00c9crit par":"Ramina R\u00e9seau","Dur\u00e9e de lecture estim\u00e9e":"1 minute"},"schema":{"@context":"https:\/\/schema.org","@graph":[{"@type":"Article","@id":"https:\/\/ramina.fr\/index.php\/2022\/01\/24\/je-mappelle-kapa\/#article","isPartOf":{"@id":"https:\/\/ramina.fr\/index.php\/2022\/01\/24\/je-mappelle-kapa\/"},"author":{"name":"Ramina R\u00e9seau","@id":"https:\/\/ramina.fr\/#\/schema\/person\/60afb851da2c0c7b9e173324b84144d5"},"headline":"Bonjour, je m\u2019appelle Kapa, j\u2019ai 17 ans, et je suis arriv\u00e9 \u00e0 Marseille il y a bient\u00f4t 3 mois \ud83d\ude42\ud83c\udf0d","datePublished":"2022-01-24T10:33:43+00:00","dateModified":"2022-01-24T18:25:51+00:00","mainEntityOfPage":{"@id":"https:\/\/ramina.fr\/index.php\/2022\/01\/24\/je-mappelle-kapa\/"},"wordCount":302,"commentCount":0,"publisher":{"@id":"https:\/\/ramina.fr\/#organization"},"image":{"@id":"https:\/\/ramina.fr\/index.php\/2022\/01\/24\/je-mappelle-kapa\/#primaryimage"},"thumbnailUrl":"https:\/\/ramina.fr\/wp-content\/uploads\/2022\/01\/RAMINA-MARSEILLE-2022.jpg","articleSection":["Parole de Minots Saison 3"],"inLanguage":"fr-FR","potentialAction":[{"@type":"CommentAction","name":"Comment","target":["https:\/\/ramina.fr\/index.php\/2022\/01\/24\/je-mappelle-kapa\/#respond"]}]},{"@type":"WebPage","@id":"https:\/\/ramina.fr\/index.php\/2022\/01\/24\/je-mappelle-kapa\/","url":"https:\/\/ramina.fr\/index.php\/2022\/01\/24\/je-mappelle-kapa\/","name":"Bonjour, je m\u2019appelle Kapa, j\u2019ai 17 ans, et je suis arriv\u00e9 \u00e0 Marseille il y a bient\u00f4t 3 mois \ud83d\ude42\ud83c\udf0d | RAMINA","isPartOf":{"@id":"https:\/\/ramina.fr\/#website"},"primaryImageOfPage":{"@id":"https:\/\/ramina.fr\/index.php\/2022\/01\/24\/je-mappelle-kapa\/#primaryimage"},"image":{"@id":"https:\/\/ramina.fr\/index.php\/2022\/01\/24\/je-mappelle-kapa\/#primaryimage"},"thumbnailUrl":"https:\/\/ramina.fr\/wp-content\/uploads\/2022\/01\/RAMINA-MARSEILLE-2022.jpg","datePublished":"2022-01-24T10:33:43+00:00","dateModified":"2022-01-24T18:25:51+00:00","breadcrumb":{"@id":"https:\/\/ramina.fr\/index.php\/2022\/01\/24\/je-mappelle-kapa\/#breadcrumb"},"inLanguage":"fr-FR","potentialAction":[{"@type":"ReadAction","target":["https:\/\/ramina.fr\/index.php\/2022\/01\/24\/je-mappelle-kapa\/"]}]},{"@type":"ImageObject","inLanguage":"fr-FR","@id":"https:\/\/ramina.fr\/index.php\/2022\/01\/24\/je-mappelle-kapa\/#primaryimage","url":"https:\/\/ramina.fr\/wp-content\/uploads\/2022\/01\/RAMINA-MARSEILLE-2022.jpg","contentUrl":"https:\/\/ramina.fr\/wp-content\/uploads\/2022\/01\/RAMINA-MARSEILLE-2022.jpg","width":707,"height":490},{"@type":"BreadcrumbList","@id":"https:\/\/ramina.fr\/index.php\/2022\/01\/24\/je-mappelle-kapa\/#breadcrumb","itemListElement":[{"@type":"ListItem","position":1,"name":"Accueil","item":"https:\/\/ramina.fr\/"},{"@type":"ListItem","position":2,"name":"Bonjour, je m\u2019appelle Kapa, j\u2019ai 17 ans, et je suis arriv\u00e9 \u00e0 Marseille il y a bient\u00f4t 3 mois \ud83d\ude42\ud83c\udf0d"}]},{"@type":"WebSite","@id":"https:\/\/ramina.fr\/#website","url":"https:\/\/ramina.fr\/","name":"RAMINA","description":"R\u00e9seau d\u2019Accueil des Minot.es Non Accompagn\u00e9s","publisher":{"@id":"https:\/\/ramina.fr\/#organization"},"alternateName":"R\u00e9seau d'accueil Solidaire des Minots Non Accompagn\u00e9s","potentialAction":[{"@type":"SearchAction","target":{"@type":"EntryPoint","urlTemplate":"https:\/\/ramina.fr\/?s={search_term_string}"},"query-input":{"@type":"PropertyValueSpecification","valueRequired":true,"valueName":"search_term_string"}}],"inLanguage":"fr-FR"},{"@type":"Organization","@id":"https:\/\/ramina.fr\/#organization","name":"RAMINA","alternateName":"R\u00e9seau d' Accueil des Minots Non Accompagn\u00e9s","url":"https:\/\/ramina.fr\/","logo":{"@type":"ImageObject","inLanguage":"fr-FR","@id":"https:\/\/ramina.fr\/#\/schema\/logo\/image\/","url":"https:\/\/ramina.fr\/wp-content\/uploads\/2025\/02\/LOGO_RAMINA_NOIR_VERTICAL.png","contentUrl":"https:\/\/ramina.fr\/wp-content\/uploads\/2025\/02\/LOGO_RAMINA_NOIR_VERTICAL.png","width":1654,"height":1418,"caption":"RAMINA"},"image":{"@id":"https:\/\/ramina.fr\/#\/schema\/logo\/image\/"},"sameAs":["https:\/\/www.facebook.com\/contact.ramina\/","https:\/\/www.instagram.com\/ramina_marseille\/"]},{"@type":"Person","@id":"https:\/\/ramina.fr\/#\/schema\/person\/60afb851da2c0c7b9e173324b84144d5","name":"Ramina R\u00e9seau","image":{"@type":"ImageObject","inLanguage":"fr-FR","@id":"https:\/\/ramina.fr\/#\/schema\/person\/image\/","url":"https:\/\/secure.gravatar.com\/avatar\/5985aef3267ffd44adcd4562d2752e99?s=96&d=mm&r=g","contentUrl":"https:\/\/secure.gravatar.com\/avatar\/5985aef3267ffd44adcd4562d2752e99?s=96&d=mm&r=g","caption":"Ramina R\u00e9seau"}}]}},"jetpack_featured_media_url":"","jetpack_sharing_enabled":true,"_links":{"self":[{"href":"https:\/\/ramina.fr\/index.php\/wp-json\/wp\/v2\/posts\/1858","targetHints":{"allow":["GET"]}}],"collection":[{"href":"https:\/\/ramina.fr\/index.php\/wp-json\/wp\/v2\/posts"}],"about":[{"href":"https:\/\/ramina.fr\/index.php\/wp-json\/wp\/v2\/types\/post"}],"author":[{"embeddable":true,"href":"https:\/\/ramina.fr\/index.php\/wp-json\/wp\/v2\/users\/3"}],"replies":[{"embeddable":true,"href":"https:\/\/ramina.fr\/index.php\/wp-json\/wp\/v2\/comments?post=1858"}],"version-history":[{"count":3,"href":"https:\/\/ramina.fr\/index.php\/wp-json\/wp\/v2\/posts\/1858\/revisions"}],"predecessor-version":[{"id":1862,"href":"https:\/\/ramina.fr\/index.php\/wp-json\/wp\/v2\/posts\/1858\/revisions\/1862"}],"wp:attachment":[{"href":"https:\/\/ramina.fr\/index.php\/wp-json\/wp\/v2\/media?parent=1858"}],"wp:term":[{"taxonomy":"category","embeddable":true,"href":"https:\/\/ramina.fr\/index.php\/wp-json\/wp\/v2\/categories?post=1858"},{"taxonomy":"post_tag","embeddable":true,"href":"https:\/\/ramina.fr\/index.php\/wp-json\/wp\/v2\/tags?post=1858"}],"curies":[{"name":"wp","href":"https:\/\/api.w.org\/{rel}","templated":true}]}}