{"id":1854,"date":"2022-01-21T12:02:17","date_gmt":"2022-01-21T11:02:17","guid":{"rendered":"http:\/\/ramina.fr\/?p=1854"},"modified":"2022-01-21T12:03:12","modified_gmt":"2022-01-21T11:03:12","slug":"cest-zakaria-et-je-poursuis-le-recit","status":"publish","type":"post","link":"https:\/\/ramina.fr\/index.php\/2022\/01\/21\/cest-zakaria-et-je-poursuis-le-recit\/","title":{"rendered":"Bonjour, c&rsquo;est Zakaria et je poursuis le r\u00e9cit de ma travers\u00e9e du d\u00e9sert (voir 27 d\u00e9cembre). \ud83d\ude22\ud83c\udf0d"},"content":{"rendered":"\n<p><br>Sur certaines routes se trouvaient des touaregs du nord du Mali. Ils \u00e9taient en armes, arr\u00eataient les camions, nous prenaient notre argent, avec la complicit\u00e9 des passeurs !<br>Les touaregs commen\u00e7aient en nous parlant doucement :\u00a0\u00bb Nous ne sommes pas des voleurs, nous voulons juste 10 000 francs CFA\u00a0\u00bb mais en m\u00eame temps, ils armaient leurs kalachnikovs avec bruit pour nous effrayer. <\/p>\n\n\n\n<p>Ceux qui donnaient les 10 000 passaient, ceux qui disaient qu&rsquo;ils n&rsquo;avaient rien \u00e9taient fouill\u00e9s et l\u00e0 on leur prenait tout, plus que 10 000 !<\/p>\n\n\n\n<p><br>Les femmes \u00e9taient plus touch\u00e9es que les hommes car elles ne payaient pas mais \u00e9taient viol\u00e9es souvent devant leurs enfants et devant tout le monde. Elles ne pouvaient rien faire, ils \u00e9taient arm\u00e9es et le visage cach\u00e9.<\/p>\n\n\n\n<p><br>On a quitt\u00e9 Gao, Bauren, in-Trebezas et enfin on est arriv\u00e9s dans la ville de Tessalit. Nous avons \u00e9t\u00e9 r\u00e9cup\u00e9r\u00e9s par un chef touareg qui nous a parqu\u00e9s dans une grande cour o\u00f9 il y avait plein d&rsquo;armes de guerre, et l\u00e0 bas, nous avons \u00e9t\u00e9 vendus comme des marchandises aux passeurs, COMME DES MARCHANDISES.<\/p>\n\n\n\n<p><br>Je raconterai la suite un autre jour et je vous fais \u00e9couter cette chanson pour finir.<\/p>\n\n\n\n<p><br>\u270c RDV lundi pour une nouvelle parole de minot. Partagez, likez, boul\u00e9guez \u270c<\/p>\n\n\n\n<figure class=\"wp-block-embed is-type-video is-provider-youtube wp-block-embed-youtube wp-embed-aspect-16-9 wp-has-aspect-ratio\"><div class=\"wp-block-embed__wrapper\">\n<iframe title=\"Sidiki Diabat\u00e9 - Maman.\" width=\"525\" height=\"295\" src=\"https:\/\/www.youtube.com\/embed\/cgoFZ_4hh6A?feature=oembed\" frameborder=\"0\" allow=\"accelerometer; autoplay; clipboard-write; encrypted-media; gyroscope; picture-in-picture; web-share\" referrerpolicy=\"strict-origin-when-cross-origin\" allowfullscreen><\/iframe>\n<\/div><\/figure>\n","protected":false},"excerpt":{"rendered":"<p>Sur certaines routes se trouvaient des touaregs du nord du Mali. Ils \u00e9taient en armes, arr\u00eataient les camions, nous prenaient notre argent, avec la complicit\u00e9 des passeurs !Les touaregs commen\u00e7aient en nous parlant doucement :\u00a0\u00bb Nous ne sommes pas des voleurs, nous voulons juste 10 000 francs CFA\u00a0\u00bb mais en m\u00eame temps, ils armaient leurs &hellip; <\/p>\n<p class=\"link-more\"><a href=\"https:\/\/ramina.fr\/index.php\/2022\/01\/21\/cest-zakaria-et-je-poursuis-le-recit\/\" class=\"more-link\">Continuer la lecture<span class=\"screen-reader-text\"> de &laquo;&nbsp;Bonjour, c&rsquo;est Zakaria et je poursuis le r\u00e9cit de ma travers\u00e9e du d\u00e9sert (voir 27 d\u00e9cembre). \ud83d\ude22\ud83c\udf0d&nbsp;&raquo;<\/span><\/a><\/p>\n","protected":false},"author":3,"featured_media":0,"comment_status":"open","ping_status":"open","sticky":false,"template":"","format":"standard","meta":{"_jetpack_memberships_contains_paid_content":false,"footnotes":""},"categories":[13],"tags":[],"class_list":["post-1854","post","type-post","status-publish","format-standard","hentry","category-parole-de-minots-saison-3"],"yoast_head":"<!-- This site is optimized with the Yoast SEO plugin v25.1 - https:\/\/yoast.com\/wordpress\/plugins\/seo\/ -->\n<title>Bonjour, c&#039;est Zakaria et je poursuis le r\u00e9cit de ma travers\u00e9e du d\u00e9sert (voir 27 d\u00e9cembre). \ud83d\ude22\ud83c\udf0d | RAMINA<\/title>\n<meta name=\"robots\" content=\"noindex, follow\" \/>\n<meta property=\"og:locale\" content=\"fr_FR\" \/>\n<meta property=\"og:type\" content=\"article\" \/>\n<meta property=\"og:title\" content=\"Bonjour, c&#039;est Zakaria et je poursuis le r\u00e9cit de ma travers\u00e9e du d\u00e9sert (voir 27 d\u00e9cembre). \ud83d\ude22\ud83c\udf0d | RAMINA\" \/>\n<meta property=\"og:description\" content=\"Sur certaines routes se trouvaient des touaregs du nord du Mali. Ils \u00e9taient en armes, arr\u00eataient les camions, nous prenaient notre argent, avec la complicit\u00e9 des passeurs !Les touaregs commen\u00e7aient en nous parlant doucement :\u00a0\u00bb Nous ne sommes pas des voleurs, nous voulons juste 10 000 francs CFA\u00a0\u00bb mais en m\u00eame temps, ils armaient leurs &hellip; Continuer la lecture de &laquo;&nbsp;Bonjour, c&rsquo;est Zakaria et je poursuis le r\u00e9cit de ma travers\u00e9e du d\u00e9sert (voir 27 d\u00e9cembre). \ud83d\ude22\ud83c\udf0d&nbsp;&raquo;\" \/>\n<meta property=\"og:url\" content=\"https:\/\/ramina.fr\/index.php\/2022\/01\/21\/cest-zakaria-et-je-poursuis-le-recit\/\" \/>\n<meta property=\"og:site_name\" content=\"RAMINA\" \/>\n<meta property=\"article:publisher\" content=\"https:\/\/www.facebook.com\/contact.ramina\/\" \/>\n<meta property=\"article:published_time\" content=\"2022-01-21T11:02:17+00:00\" \/>\n<meta property=\"article:modified_time\" content=\"2022-01-21T11:03:12+00:00\" \/>\n<meta property=\"og:image\" content=\"https:\/\/ramina.fr\/wp-content\/uploads\/2025\/02\/ramina-image-mise-avant-wordpress.jpg\" \/>\n\t<meta property=\"og:image:width\" content=\"1200\" \/>\n\t<meta property=\"og:image:height\" content=\"675\" \/>\n\t<meta property=\"og:image:type\" content=\"image\/jpeg\" \/>\n<meta name=\"author\" content=\"Ramina R\u00e9seau\" \/>\n<meta name=\"twitter:card\" content=\"summary_large_image\" \/>\n<meta name=\"twitter:label1\" content=\"\u00c9crit par\" \/>\n\t<meta name=\"twitter:data1\" content=\"Ramina R\u00e9seau\" \/>\n\t<meta name=\"twitter:label2\" content=\"Dur\u00e9e de lecture estim\u00e9e\" \/>\n\t<meta name=\"twitter:data2\" content=\"1 minute\" \/>\n<script type=\"application\/ld+json\" class=\"yoast-schema-graph\">{\"@context\":\"https:\/\/schema.org\",\"@graph\":[{\"@type\":\"Article\",\"@id\":\"https:\/\/ramina.fr\/index.php\/2022\/01\/21\/cest-zakaria-et-je-poursuis-le-recit\/#article\",\"isPartOf\":{\"@id\":\"https:\/\/ramina.fr\/index.php\/2022\/01\/21\/cest-zakaria-et-je-poursuis-le-recit\/\"},\"author\":{\"name\":\"Ramina R\u00e9seau\",\"@id\":\"https:\/\/ramina.fr\/#\/schema\/person\/60afb851da2c0c7b9e173324b84144d5\"},\"headline\":\"Bonjour, c&rsquo;est Zakaria et je poursuis le r\u00e9cit de ma travers\u00e9e du d\u00e9sert (voir 27 d\u00e9cembre). \ud83d\ude22\ud83c\udf0d\",\"datePublished\":\"2022-01-21T11:02:17+00:00\",\"dateModified\":\"2022-01-21T11:03:12+00:00\",\"mainEntityOfPage\":{\"@id\":\"https:\/\/ramina.fr\/index.php\/2022\/01\/21\/cest-zakaria-et-je-poursuis-le-recit\/\"},\"wordCount\":239,\"commentCount\":0,\"publisher\":{\"@id\":\"https:\/\/ramina.fr\/#organization\"},\"articleSection\":[\"Parole de Minots Saison 3\"],\"inLanguage\":\"fr-FR\",\"potentialAction\":[{\"@type\":\"CommentAction\",\"name\":\"Comment\",\"target\":[\"https:\/\/ramina.fr\/index.php\/2022\/01\/21\/cest-zakaria-et-je-poursuis-le-recit\/#respond\"]}]},{\"@type\":\"WebPage\",\"@id\":\"https:\/\/ramina.fr\/index.php\/2022\/01\/21\/cest-zakaria-et-je-poursuis-le-recit\/\",\"url\":\"https:\/\/ramina.fr\/index.php\/2022\/01\/21\/cest-zakaria-et-je-poursuis-le-recit\/\",\"name\":\"Bonjour, c'est Zakaria et je poursuis le r\u00e9cit de ma travers\u00e9e du d\u00e9sert (voir 27 d\u00e9cembre). \ud83d\ude22\ud83c\udf0d | RAMINA\",\"isPartOf\":{\"@id\":\"https:\/\/ramina.fr\/#website\"},\"datePublished\":\"2022-01-21T11:02:17+00:00\",\"dateModified\":\"2022-01-21T11:03:12+00:00\",\"breadcrumb\":{\"@id\":\"https:\/\/ramina.fr\/index.php\/2022\/01\/21\/cest-zakaria-et-je-poursuis-le-recit\/#breadcrumb\"},\"inLanguage\":\"fr-FR\",\"potentialAction\":[{\"@type\":\"ReadAction\",\"target\":[\"https:\/\/ramina.fr\/index.php\/2022\/01\/21\/cest-zakaria-et-je-poursuis-le-recit\/\"]}]},{\"@type\":\"BreadcrumbList\",\"@id\":\"https:\/\/ramina.fr\/index.php\/2022\/01\/21\/cest-zakaria-et-je-poursuis-le-recit\/#breadcrumb\",\"itemListElement\":[{\"@type\":\"ListItem\",\"position\":1,\"name\":\"Accueil\",\"item\":\"https:\/\/ramina.fr\/\"},{\"@type\":\"ListItem\",\"position\":2,\"name\":\"Bonjour, c&rsquo;est Zakaria et je poursuis le r\u00e9cit de ma travers\u00e9e du d\u00e9sert (voir 27 d\u00e9cembre). \ud83d\ude22\ud83c\udf0d\"}]},{\"@type\":\"WebSite\",\"@id\":\"https:\/\/ramina.fr\/#website\",\"url\":\"https:\/\/ramina.fr\/\",\"name\":\"RAMINA\",\"description\":\"R\u00e9seau d\u2019Accueil des Minot.es Non Accompagn\u00e9s\",\"publisher\":{\"@id\":\"https:\/\/ramina.fr\/#organization\"},\"alternateName\":\"R\u00e9seau d'accueil Solidaire des Minots Non Accompagn\u00e9s\",\"potentialAction\":[{\"@type\":\"SearchAction\",\"target\":{\"@type\":\"EntryPoint\",\"urlTemplate\":\"https:\/\/ramina.fr\/?s={search_term_string}\"},\"query-input\":{\"@type\":\"PropertyValueSpecification\",\"valueRequired\":true,\"valueName\":\"search_term_string\"}}],\"inLanguage\":\"fr-FR\"},{\"@type\":\"Organization\",\"@id\":\"https:\/\/ramina.fr\/#organization\",\"name\":\"RAMINA\",\"alternateName\":\"R\u00e9seau d' Accueil des Minots Non Accompagn\u00e9s\",\"url\":\"https:\/\/ramina.fr\/\",\"logo\":{\"@type\":\"ImageObject\",\"inLanguage\":\"fr-FR\",\"@id\":\"https:\/\/ramina.fr\/#\/schema\/logo\/image\/\",\"url\":\"https:\/\/ramina.fr\/wp-content\/uploads\/2025\/02\/LOGO_RAMINA_NOIR_VERTICAL.png\",\"contentUrl\":\"https:\/\/ramina.fr\/wp-content\/uploads\/2025\/02\/LOGO_RAMINA_NOIR_VERTICAL.png\",\"width\":1654,\"height\":1418,\"caption\":\"RAMINA\"},\"image\":{\"@id\":\"https:\/\/ramina.fr\/#\/schema\/logo\/image\/\"},\"sameAs\":[\"https:\/\/www.facebook.com\/contact.ramina\/\",\"https:\/\/www.instagram.com\/ramina_marseille\/\"]},{\"@type\":\"Person\",\"@id\":\"https:\/\/ramina.fr\/#\/schema\/person\/60afb851da2c0c7b9e173324b84144d5\",\"name\":\"Ramina R\u00e9seau\",\"image\":{\"@type\":\"ImageObject\",\"inLanguage\":\"fr-FR\",\"@id\":\"https:\/\/ramina.fr\/#\/schema\/person\/image\/\",\"url\":\"https:\/\/secure.gravatar.com\/avatar\/5985aef3267ffd44adcd4562d2752e99?s=96&d=mm&r=g\",\"contentUrl\":\"https:\/\/secure.gravatar.com\/avatar\/5985aef3267ffd44adcd4562d2752e99?s=96&d=mm&r=g\",\"caption\":\"Ramina R\u00e9seau\"}}]}<\/script>\n<!-- \/ Yoast SEO plugin. -->","yoast_head_json":{"title":"Bonjour, c'est Zakaria et je poursuis le r\u00e9cit de ma travers\u00e9e du d\u00e9sert (voir 27 d\u00e9cembre). \ud83d\ude22\ud83c\udf0d | RAMINA","robots":{"index":"noindex","follow":"follow"},"og_locale":"fr_FR","og_type":"article","og_title":"Bonjour, c'est Zakaria et je poursuis le r\u00e9cit de ma travers\u00e9e du d\u00e9sert (voir 27 d\u00e9cembre). \ud83d\ude22\ud83c\udf0d | RAMINA","og_description":"Sur certaines routes se trouvaient des touaregs du nord du Mali. Ils \u00e9taient en armes, arr\u00eataient les camions, nous prenaient notre argent, avec la complicit\u00e9 des passeurs !Les touaregs commen\u00e7aient en nous parlant doucement :\u00a0\u00bb Nous ne sommes pas des voleurs, nous voulons juste 10 000 francs CFA\u00a0\u00bb mais en m\u00eame temps, ils armaient leurs &hellip; Continuer la lecture de &laquo;&nbsp;Bonjour, c&rsquo;est Zakaria et je poursuis le r\u00e9cit de ma travers\u00e9e du d\u00e9sert (voir 27 d\u00e9cembre). \ud83d\ude22\ud83c\udf0d&nbsp;&raquo;","og_url":"https:\/\/ramina.fr\/index.php\/2022\/01\/21\/cest-zakaria-et-je-poursuis-le-recit\/","og_site_name":"RAMINA","article_publisher":"https:\/\/www.facebook.com\/contact.ramina\/","article_published_time":"2022-01-21T11:02:17+00:00","article_modified_time":"2022-01-21T11:03:12+00:00","og_image":[{"width":1200,"height":675,"url":"https:\/\/ramina.fr\/wp-content\/uploads\/2025\/02\/ramina-image-mise-avant-wordpress.jpg","type":"image\/jpeg"}],"author":"Ramina R\u00e9seau","twitter_card":"summary_large_image","twitter_misc":{"\u00c9crit par":"Ramina R\u00e9seau","Dur\u00e9e de lecture estim\u00e9e":"1 minute"},"schema":{"@context":"https:\/\/schema.org","@graph":[{"@type":"Article","@id":"https:\/\/ramina.fr\/index.php\/2022\/01\/21\/cest-zakaria-et-je-poursuis-le-recit\/#article","isPartOf":{"@id":"https:\/\/ramina.fr\/index.php\/2022\/01\/21\/cest-zakaria-et-je-poursuis-le-recit\/"},"author":{"name":"Ramina R\u00e9seau","@id":"https:\/\/ramina.fr\/#\/schema\/person\/60afb851da2c0c7b9e173324b84144d5"},"headline":"Bonjour, c&rsquo;est Zakaria et je poursuis le r\u00e9cit de ma travers\u00e9e du d\u00e9sert (voir 27 d\u00e9cembre). \ud83d\ude22\ud83c\udf0d","datePublished":"2022-01-21T11:02:17+00:00","dateModified":"2022-01-21T11:03:12+00:00","mainEntityOfPage":{"@id":"https:\/\/ramina.fr\/index.php\/2022\/01\/21\/cest-zakaria-et-je-poursuis-le-recit\/"},"wordCount":239,"commentCount":0,"publisher":{"@id":"https:\/\/ramina.fr\/#organization"},"articleSection":["Parole de Minots Saison 3"],"inLanguage":"fr-FR","potentialAction":[{"@type":"CommentAction","name":"Comment","target":["https:\/\/ramina.fr\/index.php\/2022\/01\/21\/cest-zakaria-et-je-poursuis-le-recit\/#respond"]}]},{"@type":"WebPage","@id":"https:\/\/ramina.fr\/index.php\/2022\/01\/21\/cest-zakaria-et-je-poursuis-le-recit\/","url":"https:\/\/ramina.fr\/index.php\/2022\/01\/21\/cest-zakaria-et-je-poursuis-le-recit\/","name":"Bonjour, c'est Zakaria et je poursuis le r\u00e9cit de ma travers\u00e9e du d\u00e9sert (voir 27 d\u00e9cembre). \ud83d\ude22\ud83c\udf0d | RAMINA","isPartOf":{"@id":"https:\/\/ramina.fr\/#website"},"datePublished":"2022-01-21T11:02:17+00:00","dateModified":"2022-01-21T11:03:12+00:00","breadcrumb":{"@id":"https:\/\/ramina.fr\/index.php\/2022\/01\/21\/cest-zakaria-et-je-poursuis-le-recit\/#breadcrumb"},"inLanguage":"fr-FR","potentialAction":[{"@type":"ReadAction","target":["https:\/\/ramina.fr\/index.php\/2022\/01\/21\/cest-zakaria-et-je-poursuis-le-recit\/"]}]},{"@type":"BreadcrumbList","@id":"https:\/\/ramina.fr\/index.php\/2022\/01\/21\/cest-zakaria-et-je-poursuis-le-recit\/#breadcrumb","itemListElement":[{"@type":"ListItem","position":1,"name":"Accueil","item":"https:\/\/ramina.fr\/"},{"@type":"ListItem","position":2,"name":"Bonjour, c&rsquo;est Zakaria et je poursuis le r\u00e9cit de ma travers\u00e9e du d\u00e9sert (voir 27 d\u00e9cembre). \ud83d\ude22\ud83c\udf0d"}]},{"@type":"WebSite","@id":"https:\/\/ramina.fr\/#website","url":"https:\/\/ramina.fr\/","name":"RAMINA","description":"R\u00e9seau d\u2019Accueil des Minot.es Non Accompagn\u00e9s","publisher":{"@id":"https:\/\/ramina.fr\/#organization"},"alternateName":"R\u00e9seau d'accueil Solidaire des Minots Non Accompagn\u00e9s","potentialAction":[{"@type":"SearchAction","target":{"@type":"EntryPoint","urlTemplate":"https:\/\/ramina.fr\/?s={search_term_string}"},"query-input":{"@type":"PropertyValueSpecification","valueRequired":true,"valueName":"search_term_string"}}],"inLanguage":"fr-FR"},{"@type":"Organization","@id":"https:\/\/ramina.fr\/#organization","name":"RAMINA","alternateName":"R\u00e9seau d' Accueil des Minots Non Accompagn\u00e9s","url":"https:\/\/ramina.fr\/","logo":{"@type":"ImageObject","inLanguage":"fr-FR","@id":"https:\/\/ramina.fr\/#\/schema\/logo\/image\/","url":"https:\/\/ramina.fr\/wp-content\/uploads\/2025\/02\/LOGO_RAMINA_NOIR_VERTICAL.png","contentUrl":"https:\/\/ramina.fr\/wp-content\/uploads\/2025\/02\/LOGO_RAMINA_NOIR_VERTICAL.png","width":1654,"height":1418,"caption":"RAMINA"},"image":{"@id":"https:\/\/ramina.fr\/#\/schema\/logo\/image\/"},"sameAs":["https:\/\/www.facebook.com\/contact.ramina\/","https:\/\/www.instagram.com\/ramina_marseille\/"]},{"@type":"Person","@id":"https:\/\/ramina.fr\/#\/schema\/person\/60afb851da2c0c7b9e173324b84144d5","name":"Ramina R\u00e9seau","image":{"@type":"ImageObject","inLanguage":"fr-FR","@id":"https:\/\/ramina.fr\/#\/schema\/person\/image\/","url":"https:\/\/secure.gravatar.com\/avatar\/5985aef3267ffd44adcd4562d2752e99?s=96&d=mm&r=g","contentUrl":"https:\/\/secure.gravatar.com\/avatar\/5985aef3267ffd44adcd4562d2752e99?s=96&d=mm&r=g","caption":"Ramina R\u00e9seau"}}]}},"jetpack_featured_media_url":"","jetpack_sharing_enabled":true,"_links":{"self":[{"href":"https:\/\/ramina.fr\/index.php\/wp-json\/wp\/v2\/posts\/1854","targetHints":{"allow":["GET"]}}],"collection":[{"href":"https:\/\/ramina.fr\/index.php\/wp-json\/wp\/v2\/posts"}],"about":[{"href":"https:\/\/ramina.fr\/index.php\/wp-json\/wp\/v2\/types\/post"}],"author":[{"embeddable":true,"href":"https:\/\/ramina.fr\/index.php\/wp-json\/wp\/v2\/users\/3"}],"replies":[{"embeddable":true,"href":"https:\/\/ramina.fr\/index.php\/wp-json\/wp\/v2\/comments?post=1854"}],"version-history":[{"count":2,"href":"https:\/\/ramina.fr\/index.php\/wp-json\/wp\/v2\/posts\/1854\/revisions"}],"predecessor-version":[{"id":1857,"href":"https:\/\/ramina.fr\/index.php\/wp-json\/wp\/v2\/posts\/1854\/revisions\/1857"}],"wp:attachment":[{"href":"https:\/\/ramina.fr\/index.php\/wp-json\/wp\/v2\/media?parent=1854"}],"wp:term":[{"taxonomy":"category","embeddable":true,"href":"https:\/\/ramina.fr\/index.php\/wp-json\/wp\/v2\/categories?post=1854"},{"taxonomy":"post_tag","embeddable":true,"href":"https:\/\/ramina.fr\/index.php\/wp-json\/wp\/v2\/tags?post=1854"}],"curies":[{"name":"wp","href":"https:\/\/api.w.org\/{rel}","templated":true}]}}