{"id":1845,"date":"2022-01-17T16:35:46","date_gmt":"2022-01-17T15:35:46","guid":{"rendered":"http:\/\/ramina.fr\/?p=1845"},"modified":"2022-01-17T16:37:20","modified_gmt":"2022-01-17T15:37:20","slug":"bonjour-je-mappelle-junior-jai-16-an","status":"publish","type":"post","link":"https:\/\/ramina.fr\/index.php\/2022\/01\/17\/bonjour-je-mappelle-junior-jai-16-an\/","title":{"rendered":"Bonjour, je m\u2019appelle Junior. J\u2019ai 16 ans, je viens de la C\u00f4te d\u2019Ivoire \ud83d\ude00\ud83c\udde8\ud83c\uddee"},"content":{"rendered":"\n<p>Je suis rentr\u00e9 en juillet 2021 en France. La premi\u00e8re ville qui m\u2019accueille c\u2019est Marseille. A mon arriv\u00e9e, il n\u2019y avait personne ici. J\u2019ai fait trois jours o\u00f9 j\u2019ai dormi dehors \u00e0 la gare St Charles. Je ne savais pas o\u00f9 m\u2019orienter pour avoir de l\u2019aide. Je voyais les gens passer, je ne savais pas comment m\u2019adresser. J\u2019\u00e9tais perdu. J\u2019avais la peur en moi parce que je me disais : \u201csi je m\u2019adresse aux gens, comment ils vont me r\u00e9pondre et penser de moi ?\u201d<\/p>\n\n\n\n<p><br>Comme je pouvais pas rester la bouche b\u00e9e, du coup j\u2019ai pris le courage de demander aux gens o\u00f9 on peut m\u2019orienter \u00e0 fin qu\u2019on m\u2019aide \u00e0 savoir o\u00f9 aller pour \u00eatre h\u00e9berg\u00e9. Parce que j\u2019\u00e9tais tr\u00e8s fatigu\u00e9 et tr\u00e8s faible de par ce trajet qui \u00e9tait pas facile.<\/p>\n\n\n\n<p><br>Donc, du coup la premi\u00e8re personne que j\u2019ai vu c\u2019\u00e9tait un black. Je savais pas si c\u2019\u00e9tait un africain ou un fran\u00e7ais. Il m\u2019a indiqu\u00e9 le m\u00e9tro o\u00f9 je pouvais \u00eatre aid\u00e9, de prendre le premier et le deuxi\u00e8me arr\u00eat, mais il \u00e9tait press\u00e9 et je ne savais pas ou c\u2019\u00e9tait.<\/p>\n\n\n\n<p><br>J\u2019ai demand\u00e9 \u00e0 une deuxi\u00e8me personne, mais il m\u2019a dit qu\u2019il n\u2019\u00e9tait pas de Marseille. Donc je ne savais pas comment faire. J\u2019ai demand\u00e9 \u00e0 une troisi\u00e8me personne \u00e0 la gare St Charles, lui c\u2019\u00e9tait un fran\u00e7ais. Il m\u2019a achet\u00e9 un billet de m\u00e9tro pour aller \u00e0 Bougainville.<\/p>\n\n\n\n<p><br>Je suis arriv\u00e9 c\u2019\u00e9tait 11 heures pass\u00e9 et j\u2019ai cherch\u00e9 le coin des mineurs. Quand je suis arriv\u00e9, c\u2019\u00e9tait d\u00e9j\u00e0 ferm\u00e9. J\u2019ai essay\u00e9 de me pr\u00e9senter quand m\u00eame et j\u2019ai rencontr\u00e9 une dame. Elle m\u2019a dit si j\u2019avais rendez-vous ici et j\u2019ai dit : \u201cnon\u201d.<\/p>\n\n\n\n<p><br>L\u00e0, elle m\u2019a dit de monter au 2\u00e8me \u00e9tage. L\u00e0, elle m\u2019a dit d\u2019expliquer aux gens directement. Alors, je suis mont\u00e9 et j\u2019ai trouv\u00e9 deux dames. Je leur ai expliqu\u00e9 ma situation que je dormais depuis trois jours dehors. Elles m\u2019ont dit que je suis arriv\u00e9 trop tard, que c\u2019\u00e9tait lundi et que je devais revenir le mercredi.<\/p>\n\n\n\n<p><br>Elles m\u2019ont \u00e9crit sur un bout de papier l\u2019adresse du commissariat de Noailles, pour aller demander l\u00e0-bas si j\u2019aurais une place. J\u2019ai essay\u00e9 de me retrouver mais c\u2019\u00e9tait pas facile car je ne connaissais pas la rue pour aller au commissariat. Je demandais aux gens, mais pas beaucoup me r\u00e9pondait. Apr\u00e8s j\u2019ai rencontr\u00e9 un jeune et il m\u2019a accompagn\u00e9 jusqu\u2019au commissariat de Noailles.<\/p>\n\n\n\n<p><br>Arriv\u00e9 au commissariat de Noailles, il y avait beaucoup de gens. Il y avait une femme de police qui \u00e9tait \u00e0 la porte et je lui ai remis le bout de papier. Quand elle a vu le bout de papier, elle m\u2019a dit automatiquement de revenir \u00e0 21h.<\/p>\n\n\n\n<p><br>Pendant tout ce temps, je n\u2019avais pas \u00e0 manger et je ne savais pas o\u00f9 partir. Donc je suis rest\u00e9 d\u00e9filer devant le commissariat, car je ne savais pas encore me rep\u00e9rer. Je suis rest\u00e9 comme \u00e7a, le ventre creu, je ne savais pas \u00e0 qui demander \u00e0 manger.<\/p>\n\n\n\n<p><br>Quand 21h est arriv\u00e9, je me suis rendu au commissariat. C\u2019est l\u00e0 o\u00f9 j\u2019ai vu d\u2019autres jeunes qui avaient des affaires. Il y avait des dames qui donnaient \u00e0 manger aux jeunes. Je ne comprenais rien. Je suis all\u00e9 voir la femme polici\u00e8re et elle m\u2019a dit d\u2019aller vers la dame que c\u2019est une b\u00e9n\u00e9vole de Ramina.<\/p>\n\n\n\n<p><br>L\u00e0, je me suis pr\u00e9sent\u00e9, la dame m\u2019a enregistr\u00e9 et elle m\u2019a demand\u00e9 ce que je voulais manger. J\u2019ai pris un bout de g\u00e2teau avec le caf\u00e9 et je l\u2019ai mis dans mon ventre.<br>Apr\u00e8s avoir mang\u00e9, je me demandais m\u00eame si c\u2019\u00e9tait bon o\u00f9 j\u2019allais me coucher, car je pensais pas pouvoir revenir \u00e0 la gare. Elle a commenc\u00e9 \u00e0 appeler d\u2019autres b\u00e9n\u00e9voles. Si je ne me trompe pas, il y avait 10 jeunes ce jour-l\u00e0 et ils essayaient de nous d\u00e9partager.<\/p>\n\n\n\n<p><br>Il \u00e9tait 23h, minuit, d\u2019autres b\u00e9n\u00e9voles sont arriv\u00e9s. Moi, je suis arriv\u00e9 avec un b\u00e9n\u00e9vole qui est venu me chercher pour aller \u00e0 la maison. Arriv\u00e9 \u00e0 la maison, on \u00e9tait trois jeunes et l\u00e0 il y avait d\u2019autres jeunes. L\u00e0, je me suis dit que c\u2019est bon et qu\u2019au moins je sais o\u00f9 je pouvais poser ma t\u00eate pour dormir dans une maison et pas \u00e0 la gare.<\/p>\n\n\n\n<p><br>Depuis ce jour avec les b\u00e9n\u00e9voles, je n\u2019ai plus eu \u00e0 dormir dehors. La t\u00eate tranquille et tout va bien. Je voudrais dire merci aux b\u00e9n\u00e9voles.<\/p>\n\n\n\n<p><br>Pour finir, je voudrais vous faire \u00e9couter cette chanson qui est bien m\u00e9lodieuse et tranquille. C\u2019est un ami fran\u00e7ais de la montagne qui me l\u2019a fait d\u00e9couvrir.<\/p>\n\n\n\n<p><br>\u270c\ufe0f Rdv vendredi pour une nouvelle parole de minot. Partagez, likez, boul\u00e9guez\u270c\ufe0f<br><\/p>\n\n\n\n<figure class=\"wp-block-embed is-type-video is-provider-youtube wp-block-embed-youtube wp-embed-aspect-4-3 wp-has-aspect-ratio\"><div class=\"wp-block-embed__wrapper\">\n<iframe title=\"Cumbia Sobre El Mar\" width=\"525\" height=\"394\" src=\"https:\/\/www.youtube.com\/embed\/fF7VPXDJp4k?feature=oembed\" frameborder=\"0\" allow=\"accelerometer; autoplay; clipboard-write; encrypted-media; gyroscope; picture-in-picture; web-share\" referrerpolicy=\"strict-origin-when-cross-origin\" allowfullscreen><\/iframe>\n<\/div><\/figure>\n","protected":false},"excerpt":{"rendered":"<p>Je suis rentr\u00e9 en juillet 2021 en France. La premi\u00e8re ville qui m\u2019accueille c\u2019est Marseille. A mon arriv\u00e9e, il n\u2019y avait personne ici. J\u2019ai fait trois jours o\u00f9 j\u2019ai dormi dehors \u00e0 la gare St Charles. Je ne savais pas o\u00f9 m\u2019orienter pour avoir de l\u2019aide. Je voyais les gens passer, je ne savais pas &hellip; <\/p>\n<p class=\"link-more\"><a href=\"https:\/\/ramina.fr\/index.php\/2022\/01\/17\/bonjour-je-mappelle-junior-jai-16-an\/\" class=\"more-link\">Continuer la lecture<span class=\"screen-reader-text\"> de &laquo;&nbsp;Bonjour, je m\u2019appelle Junior. J\u2019ai 16 ans, je viens de la C\u00f4te d\u2019Ivoire \ud83d\ude00\ud83c\udde8\ud83c\uddee&nbsp;&raquo;<\/span><\/a><\/p>\n","protected":false},"author":3,"featured_media":0,"comment_status":"open","ping_status":"open","sticky":false,"template":"","format":"standard","meta":{"_jetpack_memberships_contains_paid_content":false,"footnotes":""},"categories":[13],"tags":[],"class_list":["post-1845","post","type-post","status-publish","format-standard","hentry","category-parole-de-minots-saison-3"],"yoast_head":"<!-- This site is optimized with the Yoast SEO plugin v25.1 - https:\/\/yoast.com\/wordpress\/plugins\/seo\/ -->\n<title>Bonjour, je m\u2019appelle Junior. J\u2019ai 16 ans, je viens de la C\u00f4te d\u2019Ivoire \ud83d\ude00\ud83c\udde8\ud83c\uddee | RAMINA<\/title>\n<meta name=\"robots\" content=\"noindex, follow\" \/>\n<meta property=\"og:locale\" content=\"fr_FR\" \/>\n<meta property=\"og:type\" content=\"article\" \/>\n<meta property=\"og:title\" content=\"Bonjour, je m\u2019appelle Junior. J\u2019ai 16 ans, je viens de la C\u00f4te d\u2019Ivoire \ud83d\ude00\ud83c\udde8\ud83c\uddee | RAMINA\" \/>\n<meta property=\"og:description\" content=\"Je suis rentr\u00e9 en juillet 2021 en France. La premi\u00e8re ville qui m\u2019accueille c\u2019est Marseille. A mon arriv\u00e9e, il n\u2019y avait personne ici. J\u2019ai fait trois jours o\u00f9 j\u2019ai dormi dehors \u00e0 la gare St Charles. Je ne savais pas o\u00f9 m\u2019orienter pour avoir de l\u2019aide. Je voyais les gens passer, je ne savais pas &hellip; Continuer la lecture de &laquo;&nbsp;Bonjour, je m\u2019appelle Junior. J\u2019ai 16 ans, je viens de la C\u00f4te d\u2019Ivoire \ud83d\ude00\ud83c\udde8\ud83c\uddee&nbsp;&raquo;\" \/>\n<meta property=\"og:url\" content=\"https:\/\/ramina.fr\/index.php\/2022\/01\/17\/bonjour-je-mappelle-junior-jai-16-an\/\" \/>\n<meta property=\"og:site_name\" content=\"RAMINA\" \/>\n<meta property=\"article:publisher\" content=\"https:\/\/www.facebook.com\/contact.ramina\/\" \/>\n<meta property=\"article:published_time\" content=\"2022-01-17T15:35:46+00:00\" \/>\n<meta property=\"article:modified_time\" content=\"2022-01-17T15:37:20+00:00\" \/>\n<meta property=\"og:image\" content=\"https:\/\/ramina.fr\/wp-content\/uploads\/2025\/02\/ramina-image-mise-avant-wordpress.jpg\" \/>\n\t<meta property=\"og:image:width\" content=\"1200\" \/>\n\t<meta property=\"og:image:height\" content=\"675\" \/>\n\t<meta property=\"og:image:type\" content=\"image\/jpeg\" \/>\n<meta name=\"author\" content=\"Ramina R\u00e9seau\" \/>\n<meta name=\"twitter:card\" content=\"summary_large_image\" \/>\n<meta name=\"twitter:label1\" content=\"\u00c9crit par\" \/>\n\t<meta name=\"twitter:data1\" content=\"Ramina R\u00e9seau\" \/>\n\t<meta name=\"twitter:label2\" content=\"Dur\u00e9e de lecture estim\u00e9e\" \/>\n\t<meta name=\"twitter:data2\" content=\"4 minutes\" \/>\n<script type=\"application\/ld+json\" class=\"yoast-schema-graph\">{\"@context\":\"https:\/\/schema.org\",\"@graph\":[{\"@type\":\"Article\",\"@id\":\"https:\/\/ramina.fr\/index.php\/2022\/01\/17\/bonjour-je-mappelle-junior-jai-16-an\/#article\",\"isPartOf\":{\"@id\":\"https:\/\/ramina.fr\/index.php\/2022\/01\/17\/bonjour-je-mappelle-junior-jai-16-an\/\"},\"author\":{\"name\":\"Ramina R\u00e9seau\",\"@id\":\"https:\/\/ramina.fr\/#\/schema\/person\/60afb851da2c0c7b9e173324b84144d5\"},\"headline\":\"Bonjour, je m\u2019appelle Junior. J\u2019ai 16 ans, je viens de la C\u00f4te d\u2019Ivoire \ud83d\ude00\ud83c\udde8\ud83c\uddee\",\"datePublished\":\"2022-01-17T15:35:46+00:00\",\"dateModified\":\"2022-01-17T15:37:20+00:00\",\"mainEntityOfPage\":{\"@id\":\"https:\/\/ramina.fr\/index.php\/2022\/01\/17\/bonjour-je-mappelle-junior-jai-16-an\/\"},\"wordCount\":890,\"commentCount\":0,\"publisher\":{\"@id\":\"https:\/\/ramina.fr\/#organization\"},\"articleSection\":[\"Parole de Minots Saison 3\"],\"inLanguage\":\"fr-FR\",\"potentialAction\":[{\"@type\":\"CommentAction\",\"name\":\"Comment\",\"target\":[\"https:\/\/ramina.fr\/index.php\/2022\/01\/17\/bonjour-je-mappelle-junior-jai-16-an\/#respond\"]}]},{\"@type\":\"WebPage\",\"@id\":\"https:\/\/ramina.fr\/index.php\/2022\/01\/17\/bonjour-je-mappelle-junior-jai-16-an\/\",\"url\":\"https:\/\/ramina.fr\/index.php\/2022\/01\/17\/bonjour-je-mappelle-junior-jai-16-an\/\",\"name\":\"Bonjour, je m\u2019appelle Junior. J\u2019ai 16 ans, je viens de la C\u00f4te d\u2019Ivoire \ud83d\ude00\ud83c\udde8\ud83c\uddee | RAMINA\",\"isPartOf\":{\"@id\":\"https:\/\/ramina.fr\/#website\"},\"datePublished\":\"2022-01-17T15:35:46+00:00\",\"dateModified\":\"2022-01-17T15:37:20+00:00\",\"breadcrumb\":{\"@id\":\"https:\/\/ramina.fr\/index.php\/2022\/01\/17\/bonjour-je-mappelle-junior-jai-16-an\/#breadcrumb\"},\"inLanguage\":\"fr-FR\",\"potentialAction\":[{\"@type\":\"ReadAction\",\"target\":[\"https:\/\/ramina.fr\/index.php\/2022\/01\/17\/bonjour-je-mappelle-junior-jai-16-an\/\"]}]},{\"@type\":\"BreadcrumbList\",\"@id\":\"https:\/\/ramina.fr\/index.php\/2022\/01\/17\/bonjour-je-mappelle-junior-jai-16-an\/#breadcrumb\",\"itemListElement\":[{\"@type\":\"ListItem\",\"position\":1,\"name\":\"Accueil\",\"item\":\"https:\/\/ramina.fr\/\"},{\"@type\":\"ListItem\",\"position\":2,\"name\":\"Bonjour, je m\u2019appelle Junior. J\u2019ai 16 ans, je viens de la C\u00f4te d\u2019Ivoire \ud83d\ude00\ud83c\udde8\ud83c\uddee\"}]},{\"@type\":\"WebSite\",\"@id\":\"https:\/\/ramina.fr\/#website\",\"url\":\"https:\/\/ramina.fr\/\",\"name\":\"RAMINA\",\"description\":\"R\u00e9seau d\u2019Accueil des Minot.es Non Accompagn\u00e9s\",\"publisher\":{\"@id\":\"https:\/\/ramina.fr\/#organization\"},\"alternateName\":\"R\u00e9seau d'accueil Solidaire des Minots Non Accompagn\u00e9s\",\"potentialAction\":[{\"@type\":\"SearchAction\",\"target\":{\"@type\":\"EntryPoint\",\"urlTemplate\":\"https:\/\/ramina.fr\/?s={search_term_string}\"},\"query-input\":{\"@type\":\"PropertyValueSpecification\",\"valueRequired\":true,\"valueName\":\"search_term_string\"}}],\"inLanguage\":\"fr-FR\"},{\"@type\":\"Organization\",\"@id\":\"https:\/\/ramina.fr\/#organization\",\"name\":\"RAMINA\",\"alternateName\":\"R\u00e9seau d' Accueil des Minots Non Accompagn\u00e9s\",\"url\":\"https:\/\/ramina.fr\/\",\"logo\":{\"@type\":\"ImageObject\",\"inLanguage\":\"fr-FR\",\"@id\":\"https:\/\/ramina.fr\/#\/schema\/logo\/image\/\",\"url\":\"https:\/\/ramina.fr\/wp-content\/uploads\/2025\/02\/LOGO_RAMINA_NOIR_VERTICAL.png\",\"contentUrl\":\"https:\/\/ramina.fr\/wp-content\/uploads\/2025\/02\/LOGO_RAMINA_NOIR_VERTICAL.png\",\"width\":1654,\"height\":1418,\"caption\":\"RAMINA\"},\"image\":{\"@id\":\"https:\/\/ramina.fr\/#\/schema\/logo\/image\/\"},\"sameAs\":[\"https:\/\/www.facebook.com\/contact.ramina\/\",\"https:\/\/www.instagram.com\/ramina_marseille\/\"]},{\"@type\":\"Person\",\"@id\":\"https:\/\/ramina.fr\/#\/schema\/person\/60afb851da2c0c7b9e173324b84144d5\",\"name\":\"Ramina R\u00e9seau\",\"image\":{\"@type\":\"ImageObject\",\"inLanguage\":\"fr-FR\",\"@id\":\"https:\/\/ramina.fr\/#\/schema\/person\/image\/\",\"url\":\"https:\/\/secure.gravatar.com\/avatar\/5985aef3267ffd44adcd4562d2752e99?s=96&d=mm&r=g\",\"contentUrl\":\"https:\/\/secure.gravatar.com\/avatar\/5985aef3267ffd44adcd4562d2752e99?s=96&d=mm&r=g\",\"caption\":\"Ramina R\u00e9seau\"}}]}<\/script>\n<!-- \/ Yoast SEO plugin. -->","yoast_head_json":{"title":"Bonjour, je m\u2019appelle Junior. J\u2019ai 16 ans, je viens de la C\u00f4te d\u2019Ivoire \ud83d\ude00\ud83c\udde8\ud83c\uddee | RAMINA","robots":{"index":"noindex","follow":"follow"},"og_locale":"fr_FR","og_type":"article","og_title":"Bonjour, je m\u2019appelle Junior. J\u2019ai 16 ans, je viens de la C\u00f4te d\u2019Ivoire \ud83d\ude00\ud83c\udde8\ud83c\uddee | RAMINA","og_description":"Je suis rentr\u00e9 en juillet 2021 en France. La premi\u00e8re ville qui m\u2019accueille c\u2019est Marseille. A mon arriv\u00e9e, il n\u2019y avait personne ici. J\u2019ai fait trois jours o\u00f9 j\u2019ai dormi dehors \u00e0 la gare St Charles. Je ne savais pas o\u00f9 m\u2019orienter pour avoir de l\u2019aide. Je voyais les gens passer, je ne savais pas &hellip; Continuer la lecture de &laquo;&nbsp;Bonjour, je m\u2019appelle Junior. J\u2019ai 16 ans, je viens de la C\u00f4te d\u2019Ivoire \ud83d\ude00\ud83c\udde8\ud83c\uddee&nbsp;&raquo;","og_url":"https:\/\/ramina.fr\/index.php\/2022\/01\/17\/bonjour-je-mappelle-junior-jai-16-an\/","og_site_name":"RAMINA","article_publisher":"https:\/\/www.facebook.com\/contact.ramina\/","article_published_time":"2022-01-17T15:35:46+00:00","article_modified_time":"2022-01-17T15:37:20+00:00","og_image":[{"width":1200,"height":675,"url":"https:\/\/ramina.fr\/wp-content\/uploads\/2025\/02\/ramina-image-mise-avant-wordpress.jpg","type":"image\/jpeg"}],"author":"Ramina R\u00e9seau","twitter_card":"summary_large_image","twitter_misc":{"\u00c9crit par":"Ramina R\u00e9seau","Dur\u00e9e de lecture estim\u00e9e":"4 minutes"},"schema":{"@context":"https:\/\/schema.org","@graph":[{"@type":"Article","@id":"https:\/\/ramina.fr\/index.php\/2022\/01\/17\/bonjour-je-mappelle-junior-jai-16-an\/#article","isPartOf":{"@id":"https:\/\/ramina.fr\/index.php\/2022\/01\/17\/bonjour-je-mappelle-junior-jai-16-an\/"},"author":{"name":"Ramina R\u00e9seau","@id":"https:\/\/ramina.fr\/#\/schema\/person\/60afb851da2c0c7b9e173324b84144d5"},"headline":"Bonjour, je m\u2019appelle Junior. J\u2019ai 16 ans, je viens de la C\u00f4te d\u2019Ivoire \ud83d\ude00\ud83c\udde8\ud83c\uddee","datePublished":"2022-01-17T15:35:46+00:00","dateModified":"2022-01-17T15:37:20+00:00","mainEntityOfPage":{"@id":"https:\/\/ramina.fr\/index.php\/2022\/01\/17\/bonjour-je-mappelle-junior-jai-16-an\/"},"wordCount":890,"commentCount":0,"publisher":{"@id":"https:\/\/ramina.fr\/#organization"},"articleSection":["Parole de Minots Saison 3"],"inLanguage":"fr-FR","potentialAction":[{"@type":"CommentAction","name":"Comment","target":["https:\/\/ramina.fr\/index.php\/2022\/01\/17\/bonjour-je-mappelle-junior-jai-16-an\/#respond"]}]},{"@type":"WebPage","@id":"https:\/\/ramina.fr\/index.php\/2022\/01\/17\/bonjour-je-mappelle-junior-jai-16-an\/","url":"https:\/\/ramina.fr\/index.php\/2022\/01\/17\/bonjour-je-mappelle-junior-jai-16-an\/","name":"Bonjour, je m\u2019appelle Junior. J\u2019ai 16 ans, je viens de la C\u00f4te d\u2019Ivoire \ud83d\ude00\ud83c\udde8\ud83c\uddee | RAMINA","isPartOf":{"@id":"https:\/\/ramina.fr\/#website"},"datePublished":"2022-01-17T15:35:46+00:00","dateModified":"2022-01-17T15:37:20+00:00","breadcrumb":{"@id":"https:\/\/ramina.fr\/index.php\/2022\/01\/17\/bonjour-je-mappelle-junior-jai-16-an\/#breadcrumb"},"inLanguage":"fr-FR","potentialAction":[{"@type":"ReadAction","target":["https:\/\/ramina.fr\/index.php\/2022\/01\/17\/bonjour-je-mappelle-junior-jai-16-an\/"]}]},{"@type":"BreadcrumbList","@id":"https:\/\/ramina.fr\/index.php\/2022\/01\/17\/bonjour-je-mappelle-junior-jai-16-an\/#breadcrumb","itemListElement":[{"@type":"ListItem","position":1,"name":"Accueil","item":"https:\/\/ramina.fr\/"},{"@type":"ListItem","position":2,"name":"Bonjour, je m\u2019appelle Junior. J\u2019ai 16 ans, je viens de la C\u00f4te d\u2019Ivoire \ud83d\ude00\ud83c\udde8\ud83c\uddee"}]},{"@type":"WebSite","@id":"https:\/\/ramina.fr\/#website","url":"https:\/\/ramina.fr\/","name":"RAMINA","description":"R\u00e9seau d\u2019Accueil des Minot.es Non Accompagn\u00e9s","publisher":{"@id":"https:\/\/ramina.fr\/#organization"},"alternateName":"R\u00e9seau d'accueil Solidaire des Minots Non Accompagn\u00e9s","potentialAction":[{"@type":"SearchAction","target":{"@type":"EntryPoint","urlTemplate":"https:\/\/ramina.fr\/?s={search_term_string}"},"query-input":{"@type":"PropertyValueSpecification","valueRequired":true,"valueName":"search_term_string"}}],"inLanguage":"fr-FR"},{"@type":"Organization","@id":"https:\/\/ramina.fr\/#organization","name":"RAMINA","alternateName":"R\u00e9seau d' Accueil des Minots Non Accompagn\u00e9s","url":"https:\/\/ramina.fr\/","logo":{"@type":"ImageObject","inLanguage":"fr-FR","@id":"https:\/\/ramina.fr\/#\/schema\/logo\/image\/","url":"https:\/\/ramina.fr\/wp-content\/uploads\/2025\/02\/LOGO_RAMINA_NOIR_VERTICAL.png","contentUrl":"https:\/\/ramina.fr\/wp-content\/uploads\/2025\/02\/LOGO_RAMINA_NOIR_VERTICAL.png","width":1654,"height":1418,"caption":"RAMINA"},"image":{"@id":"https:\/\/ramina.fr\/#\/schema\/logo\/image\/"},"sameAs":["https:\/\/www.facebook.com\/contact.ramina\/","https:\/\/www.instagram.com\/ramina_marseille\/"]},{"@type":"Person","@id":"https:\/\/ramina.fr\/#\/schema\/person\/60afb851da2c0c7b9e173324b84144d5","name":"Ramina R\u00e9seau","image":{"@type":"ImageObject","inLanguage":"fr-FR","@id":"https:\/\/ramina.fr\/#\/schema\/person\/image\/","url":"https:\/\/secure.gravatar.com\/avatar\/5985aef3267ffd44adcd4562d2752e99?s=96&d=mm&r=g","contentUrl":"https:\/\/secure.gravatar.com\/avatar\/5985aef3267ffd44adcd4562d2752e99?s=96&d=mm&r=g","caption":"Ramina R\u00e9seau"}}]}},"jetpack_featured_media_url":"","jetpack_sharing_enabled":true,"_links":{"self":[{"href":"https:\/\/ramina.fr\/index.php\/wp-json\/wp\/v2\/posts\/1845","targetHints":{"allow":["GET"]}}],"collection":[{"href":"https:\/\/ramina.fr\/index.php\/wp-json\/wp\/v2\/posts"}],"about":[{"href":"https:\/\/ramina.fr\/index.php\/wp-json\/wp\/v2\/types\/post"}],"author":[{"embeddable":true,"href":"https:\/\/ramina.fr\/index.php\/wp-json\/wp\/v2\/users\/3"}],"replies":[{"embeddable":true,"href":"https:\/\/ramina.fr\/index.php\/wp-json\/wp\/v2\/comments?post=1845"}],"version-history":[{"count":1,"href":"https:\/\/ramina.fr\/index.php\/wp-json\/wp\/v2\/posts\/1845\/revisions"}],"predecessor-version":[{"id":1846,"href":"https:\/\/ramina.fr\/index.php\/wp-json\/wp\/v2\/posts\/1845\/revisions\/1846"}],"wp:attachment":[{"href":"https:\/\/ramina.fr\/index.php\/wp-json\/wp\/v2\/media?parent=1845"}],"wp:term":[{"taxonomy":"category","embeddable":true,"href":"https:\/\/ramina.fr\/index.php\/wp-json\/wp\/v2\/categories?post=1845"},{"taxonomy":"post_tag","embeddable":true,"href":"https:\/\/ramina.fr\/index.php\/wp-json\/wp\/v2\/tags?post=1845"}],"curies":[{"name":"wp","href":"https:\/\/api.w.org\/{rel}","templated":true}]}}