{"id":1809,"date":"2021-12-20T20:40:36","date_gmt":"2021-12-20T19:40:36","guid":{"rendered":"http:\/\/ramina.fr\/?p=1809"},"modified":"2021-12-20T20:41:22","modified_gmt":"2021-12-20T19:41:22","slug":"bonjour-mon-nom-est-abou-jai-16-ans","status":"publish","type":"post","link":"https:\/\/ramina.fr\/index.php\/2021\/12\/20\/bonjour-mon-nom-est-abou-jai-16-ans\/","title":{"rendered":"Bonjour mon nom est Abou, j\u2019ai 16 ans \ud83d\ude42\ud83c\uddf8\ud83c\uddf1"},"content":{"rendered":"\n<p>Je viens de Sierra Leone, je suis en France, \u00e0 Marseille, depuis 5 mois.<\/p>\n\n\n\n<p><br>Actuellement je vais \u00e0 l\u2019\u00e9cole et dans le futur je voudrais devenir m\u00e9canicien. Je voudrais avoir un travail pour prendre soin de moi et prendre soin de ma famille. J\u2019aime aussi le football, et j\u2019ai l\u2019espoir de devenir un footballeur professionnel dans le futur.<\/p>\n\n\n\n<p><br>Aujourd\u2019hui, je suis seul, je n\u2019ai plus de parents depuis que j\u2019\u00e9tais enfant. Mon papa est d\u00e9c\u00e9d\u00e9 quand j\u2019\u00e9tais b\u00e9b\u00e9, je n\u2019ai pas de souvenirs de lui. Ma m\u00e8re est d\u00e9c\u00e9d\u00e9e quand j\u2019avais 11 ans. Je suis rest\u00e9 seul avec mon grand fr\u00e8re et on a quitt\u00e9 le pays en 2017.<\/p>\n\n\n\n<p><br>Je n\u2019ai pas de nouvelles de lui, nous \u00e9tions ensemble en Libye et aussi sur le petit bateau. Nous avons \u00e9t\u00e9 secouru par le grand bateau, je ne l\u2019ai jamais retrouv\u00e9 dessus, ni en Italie.<br>Je suis rest\u00e9 plusieurs mois en Italie, je ne suis all\u00e9 qu\u2019un mois \u00e0 l\u2019\u00e9cole. J\u2019\u00e9tais dans un camp. Ce sont des africains francophones qui m\u2019ont parl\u00e9 de la France et voil\u00e0 pourquoi je suis venu, car on m\u2019a dit que la France \u00e9tait plus simple.<\/p>\n\n\n\n<p><br>Quand je suis arriv\u00e9 \u00e0 Marseille, il y avait beaucoup de gens qui marchaient pour leurs affaires. C\u2019est une b\u00e9n\u00e9vole qui m\u2019a h\u00e9berg\u00e9.<\/p>\n\n\n\n<p><br>Apr\u00e8s un mois, je suis all\u00e9 \u00e0 l\u2019h\u00f4tel, mais on n\u2019a pas cru que j\u2019\u00e9tais mineur, ni le juge \u00e0 cause de mon visage et de mon apparence. J\u2019ai d\u00fb quitter l\u2019h\u00f4tel, je suis revenu dans la rue de nuit. Je suis reparti au commissariat, j\u2019ai trouv\u00e9 de nouveaux b\u00e9n\u00e9voles qui m\u2019ont h\u00e9berg\u00e9. Quelqu\u2019un m\u2019a h\u00e9berg\u00e9 un mois et aujourd\u2019hui je suis chez quelqu\u2019un d\u2019autre.<\/p>\n\n\n\n<p><br>Je continue l\u2019\u00e9cole mais c\u2019est difficile. Actuellement c\u2019est les vacances. Je vais reprendre l\u2019\u00e9cole apr\u00e8s la fin des vacances en janvier.<\/p>\n\n\n\n<p><br>Je voudrais vous partager cette musique car elle explique que c\u2019est important durant l\u2019enfance de bien se comporter, de faire attention pour devenir une meilleure personne.<\/p>\n\n\n\n<p><br>\u270c\ufe0fRdv vendredi pour une nouvelle parole de minot . Partagez, likez, boul\u00e9guez \u270c\ufe0f <\/p>\n\n\n\n<figure class=\"wp-block-embed is-type-video is-provider-youtube wp-block-embed-youtube wp-embed-aspect-16-9 wp-has-aspect-ratio\"><div class=\"wp-block-embed__wrapper\">\n<iframe title=\"Young Devyn - &quot;Straight To It&quot; (Official Video)\" width=\"525\" height=\"295\" src=\"https:\/\/www.youtube.com\/embed\/59jH6Eom6x8?feature=oembed\" frameborder=\"0\" allow=\"accelerometer; autoplay; clipboard-write; encrypted-media; gyroscope; picture-in-picture; web-share\" referrerpolicy=\"strict-origin-when-cross-origin\" allowfullscreen><\/iframe>\n<\/div><\/figure>\n","protected":false},"excerpt":{"rendered":"<p>Je viens de Sierra Leone, je suis en France, \u00e0 Marseille, depuis 5 mois. Actuellement je vais \u00e0 l\u2019\u00e9cole et dans le futur je voudrais devenir m\u00e9canicien. Je voudrais avoir un travail pour prendre soin de moi et prendre soin de ma famille. J\u2019aime aussi le football, et j\u2019ai l\u2019espoir de devenir un footballeur professionnel &hellip; <\/p>\n<p class=\"link-more\"><a href=\"https:\/\/ramina.fr\/index.php\/2021\/12\/20\/bonjour-mon-nom-est-abou-jai-16-ans\/\" class=\"more-link\">Continuer la lecture<span class=\"screen-reader-text\"> de &laquo;&nbsp;Bonjour mon nom est Abou, j\u2019ai 16 ans \ud83d\ude42\ud83c\uddf8\ud83c\uddf1&nbsp;&raquo;<\/span><\/a><\/p>\n","protected":false},"author":3,"featured_media":0,"comment_status":"open","ping_status":"open","sticky":false,"template":"","format":"standard","meta":{"_jetpack_memberships_contains_paid_content":false,"footnotes":""},"categories":[13],"tags":[],"class_list":["post-1809","post","type-post","status-publish","format-standard","hentry","category-parole-de-minots-saison-3"],"yoast_head":"<!-- This site is optimized with the Yoast SEO plugin v25.1 - https:\/\/yoast.com\/wordpress\/plugins\/seo\/ -->\n<title>Bonjour mon nom est Abou, j\u2019ai 16 ans \ud83d\ude42\ud83c\uddf8\ud83c\uddf1 | RAMINA<\/title>\n<meta name=\"robots\" content=\"noindex, follow\" \/>\n<meta property=\"og:locale\" content=\"fr_FR\" \/>\n<meta property=\"og:type\" content=\"article\" \/>\n<meta property=\"og:title\" content=\"Bonjour mon nom est Abou, j\u2019ai 16 ans \ud83d\ude42\ud83c\uddf8\ud83c\uddf1 | RAMINA\" \/>\n<meta property=\"og:description\" content=\"Je viens de Sierra Leone, je suis en France, \u00e0 Marseille, depuis 5 mois. Actuellement je vais \u00e0 l\u2019\u00e9cole et dans le futur je voudrais devenir m\u00e9canicien. Je voudrais avoir un travail pour prendre soin de moi et prendre soin de ma famille. J\u2019aime aussi le football, et j\u2019ai l\u2019espoir de devenir un footballeur professionnel &hellip; Continuer la lecture de &laquo;&nbsp;Bonjour mon nom est Abou, j\u2019ai 16 ans \ud83d\ude42\ud83c\uddf8\ud83c\uddf1&nbsp;&raquo;\" \/>\n<meta property=\"og:url\" content=\"https:\/\/ramina.fr\/index.php\/2021\/12\/20\/bonjour-mon-nom-est-abou-jai-16-ans\/\" \/>\n<meta property=\"og:site_name\" content=\"RAMINA\" \/>\n<meta property=\"article:publisher\" content=\"https:\/\/www.facebook.com\/contact.ramina\/\" \/>\n<meta property=\"article:published_time\" content=\"2021-12-20T19:40:36+00:00\" \/>\n<meta property=\"article:modified_time\" content=\"2021-12-20T19:41:22+00:00\" \/>\n<meta property=\"og:image\" content=\"https:\/\/ramina.fr\/wp-content\/uploads\/2025\/02\/ramina-image-mise-avant-wordpress.jpg\" \/>\n\t<meta property=\"og:image:width\" content=\"1200\" \/>\n\t<meta property=\"og:image:height\" content=\"675\" \/>\n\t<meta property=\"og:image:type\" content=\"image\/jpeg\" \/>\n<meta name=\"author\" content=\"Ramina R\u00e9seau\" \/>\n<meta name=\"twitter:card\" content=\"summary_large_image\" \/>\n<meta name=\"twitter:label1\" content=\"\u00c9crit par\" \/>\n\t<meta name=\"twitter:data1\" content=\"Ramina R\u00e9seau\" \/>\n\t<meta name=\"twitter:label2\" content=\"Dur\u00e9e de lecture estim\u00e9e\" \/>\n\t<meta name=\"twitter:data2\" content=\"2 minutes\" \/>\n<script type=\"application\/ld+json\" class=\"yoast-schema-graph\">{\"@context\":\"https:\/\/schema.org\",\"@graph\":[{\"@type\":\"Article\",\"@id\":\"https:\/\/ramina.fr\/index.php\/2021\/12\/20\/bonjour-mon-nom-est-abou-jai-16-ans\/#article\",\"isPartOf\":{\"@id\":\"https:\/\/ramina.fr\/index.php\/2021\/12\/20\/bonjour-mon-nom-est-abou-jai-16-ans\/\"},\"author\":{\"name\":\"Ramina R\u00e9seau\",\"@id\":\"https:\/\/ramina.fr\/#\/schema\/person\/60afb851da2c0c7b9e173324b84144d5\"},\"headline\":\"Bonjour mon nom est Abou, j\u2019ai 16 ans \ud83d\ude42\ud83c\uddf8\ud83c\uddf1\",\"datePublished\":\"2021-12-20T19:40:36+00:00\",\"dateModified\":\"2021-12-20T19:41:22+00:00\",\"mainEntityOfPage\":{\"@id\":\"https:\/\/ramina.fr\/index.php\/2021\/12\/20\/bonjour-mon-nom-est-abou-jai-16-ans\/\"},\"wordCount\":402,\"commentCount\":0,\"publisher\":{\"@id\":\"https:\/\/ramina.fr\/#organization\"},\"articleSection\":[\"Parole de Minots Saison 3\"],\"inLanguage\":\"fr-FR\",\"potentialAction\":[{\"@type\":\"CommentAction\",\"name\":\"Comment\",\"target\":[\"https:\/\/ramina.fr\/index.php\/2021\/12\/20\/bonjour-mon-nom-est-abou-jai-16-ans\/#respond\"]}]},{\"@type\":\"WebPage\",\"@id\":\"https:\/\/ramina.fr\/index.php\/2021\/12\/20\/bonjour-mon-nom-est-abou-jai-16-ans\/\",\"url\":\"https:\/\/ramina.fr\/index.php\/2021\/12\/20\/bonjour-mon-nom-est-abou-jai-16-ans\/\",\"name\":\"Bonjour mon nom est Abou, j\u2019ai 16 ans \ud83d\ude42\ud83c\uddf8\ud83c\uddf1 | RAMINA\",\"isPartOf\":{\"@id\":\"https:\/\/ramina.fr\/#website\"},\"datePublished\":\"2021-12-20T19:40:36+00:00\",\"dateModified\":\"2021-12-20T19:41:22+00:00\",\"breadcrumb\":{\"@id\":\"https:\/\/ramina.fr\/index.php\/2021\/12\/20\/bonjour-mon-nom-est-abou-jai-16-ans\/#breadcrumb\"},\"inLanguage\":\"fr-FR\",\"potentialAction\":[{\"@type\":\"ReadAction\",\"target\":[\"https:\/\/ramina.fr\/index.php\/2021\/12\/20\/bonjour-mon-nom-est-abou-jai-16-ans\/\"]}]},{\"@type\":\"BreadcrumbList\",\"@id\":\"https:\/\/ramina.fr\/index.php\/2021\/12\/20\/bonjour-mon-nom-est-abou-jai-16-ans\/#breadcrumb\",\"itemListElement\":[{\"@type\":\"ListItem\",\"position\":1,\"name\":\"Accueil\",\"item\":\"https:\/\/ramina.fr\/\"},{\"@type\":\"ListItem\",\"position\":2,\"name\":\"Bonjour mon nom est Abou, j\u2019ai 16 ans \ud83d\ude42\ud83c\uddf8\ud83c\uddf1\"}]},{\"@type\":\"WebSite\",\"@id\":\"https:\/\/ramina.fr\/#website\",\"url\":\"https:\/\/ramina.fr\/\",\"name\":\"RAMINA\",\"description\":\"R\u00e9seau d\u2019Accueil des Minot.es Non Accompagn\u00e9s\",\"publisher\":{\"@id\":\"https:\/\/ramina.fr\/#organization\"},\"alternateName\":\"R\u00e9seau d'accueil Solidaire des Minots Non Accompagn\u00e9s\",\"potentialAction\":[{\"@type\":\"SearchAction\",\"target\":{\"@type\":\"EntryPoint\",\"urlTemplate\":\"https:\/\/ramina.fr\/?s={search_term_string}\"},\"query-input\":{\"@type\":\"PropertyValueSpecification\",\"valueRequired\":true,\"valueName\":\"search_term_string\"}}],\"inLanguage\":\"fr-FR\"},{\"@type\":\"Organization\",\"@id\":\"https:\/\/ramina.fr\/#organization\",\"name\":\"RAMINA\",\"alternateName\":\"R\u00e9seau d' Accueil des Minots Non Accompagn\u00e9s\",\"url\":\"https:\/\/ramina.fr\/\",\"logo\":{\"@type\":\"ImageObject\",\"inLanguage\":\"fr-FR\",\"@id\":\"https:\/\/ramina.fr\/#\/schema\/logo\/image\/\",\"url\":\"https:\/\/ramina.fr\/wp-content\/uploads\/2025\/02\/LOGO_RAMINA_NOIR_VERTICAL.png\",\"contentUrl\":\"https:\/\/ramina.fr\/wp-content\/uploads\/2025\/02\/LOGO_RAMINA_NOIR_VERTICAL.png\",\"width\":1654,\"height\":1418,\"caption\":\"RAMINA\"},\"image\":{\"@id\":\"https:\/\/ramina.fr\/#\/schema\/logo\/image\/\"},\"sameAs\":[\"https:\/\/www.facebook.com\/contact.ramina\/\",\"https:\/\/www.instagram.com\/ramina_marseille\/\"]},{\"@type\":\"Person\",\"@id\":\"https:\/\/ramina.fr\/#\/schema\/person\/60afb851da2c0c7b9e173324b84144d5\",\"name\":\"Ramina R\u00e9seau\",\"image\":{\"@type\":\"ImageObject\",\"inLanguage\":\"fr-FR\",\"@id\":\"https:\/\/ramina.fr\/#\/schema\/person\/image\/\",\"url\":\"https:\/\/secure.gravatar.com\/avatar\/5985aef3267ffd44adcd4562d2752e99?s=96&d=mm&r=g\",\"contentUrl\":\"https:\/\/secure.gravatar.com\/avatar\/5985aef3267ffd44adcd4562d2752e99?s=96&d=mm&r=g\",\"caption\":\"Ramina R\u00e9seau\"}}]}<\/script>\n<!-- \/ Yoast SEO plugin. -->","yoast_head_json":{"title":"Bonjour mon nom est Abou, j\u2019ai 16 ans \ud83d\ude42\ud83c\uddf8\ud83c\uddf1 | RAMINA","robots":{"index":"noindex","follow":"follow"},"og_locale":"fr_FR","og_type":"article","og_title":"Bonjour mon nom est Abou, j\u2019ai 16 ans \ud83d\ude42\ud83c\uddf8\ud83c\uddf1 | RAMINA","og_description":"Je viens de Sierra Leone, je suis en France, \u00e0 Marseille, depuis 5 mois. Actuellement je vais \u00e0 l\u2019\u00e9cole et dans le futur je voudrais devenir m\u00e9canicien. Je voudrais avoir un travail pour prendre soin de moi et prendre soin de ma famille. J\u2019aime aussi le football, et j\u2019ai l\u2019espoir de devenir un footballeur professionnel &hellip; Continuer la lecture de &laquo;&nbsp;Bonjour mon nom est Abou, j\u2019ai 16 ans \ud83d\ude42\ud83c\uddf8\ud83c\uddf1&nbsp;&raquo;","og_url":"https:\/\/ramina.fr\/index.php\/2021\/12\/20\/bonjour-mon-nom-est-abou-jai-16-ans\/","og_site_name":"RAMINA","article_publisher":"https:\/\/www.facebook.com\/contact.ramina\/","article_published_time":"2021-12-20T19:40:36+00:00","article_modified_time":"2021-12-20T19:41:22+00:00","og_image":[{"width":1200,"height":675,"url":"https:\/\/ramina.fr\/wp-content\/uploads\/2025\/02\/ramina-image-mise-avant-wordpress.jpg","type":"image\/jpeg"}],"author":"Ramina R\u00e9seau","twitter_card":"summary_large_image","twitter_misc":{"\u00c9crit par":"Ramina R\u00e9seau","Dur\u00e9e de lecture estim\u00e9e":"2 minutes"},"schema":{"@context":"https:\/\/schema.org","@graph":[{"@type":"Article","@id":"https:\/\/ramina.fr\/index.php\/2021\/12\/20\/bonjour-mon-nom-est-abou-jai-16-ans\/#article","isPartOf":{"@id":"https:\/\/ramina.fr\/index.php\/2021\/12\/20\/bonjour-mon-nom-est-abou-jai-16-ans\/"},"author":{"name":"Ramina R\u00e9seau","@id":"https:\/\/ramina.fr\/#\/schema\/person\/60afb851da2c0c7b9e173324b84144d5"},"headline":"Bonjour mon nom est Abou, j\u2019ai 16 ans \ud83d\ude42\ud83c\uddf8\ud83c\uddf1","datePublished":"2021-12-20T19:40:36+00:00","dateModified":"2021-12-20T19:41:22+00:00","mainEntityOfPage":{"@id":"https:\/\/ramina.fr\/index.php\/2021\/12\/20\/bonjour-mon-nom-est-abou-jai-16-ans\/"},"wordCount":402,"commentCount":0,"publisher":{"@id":"https:\/\/ramina.fr\/#organization"},"articleSection":["Parole de Minots Saison 3"],"inLanguage":"fr-FR","potentialAction":[{"@type":"CommentAction","name":"Comment","target":["https:\/\/ramina.fr\/index.php\/2021\/12\/20\/bonjour-mon-nom-est-abou-jai-16-ans\/#respond"]}]},{"@type":"WebPage","@id":"https:\/\/ramina.fr\/index.php\/2021\/12\/20\/bonjour-mon-nom-est-abou-jai-16-ans\/","url":"https:\/\/ramina.fr\/index.php\/2021\/12\/20\/bonjour-mon-nom-est-abou-jai-16-ans\/","name":"Bonjour mon nom est Abou, j\u2019ai 16 ans \ud83d\ude42\ud83c\uddf8\ud83c\uddf1 | RAMINA","isPartOf":{"@id":"https:\/\/ramina.fr\/#website"},"datePublished":"2021-12-20T19:40:36+00:00","dateModified":"2021-12-20T19:41:22+00:00","breadcrumb":{"@id":"https:\/\/ramina.fr\/index.php\/2021\/12\/20\/bonjour-mon-nom-est-abou-jai-16-ans\/#breadcrumb"},"inLanguage":"fr-FR","potentialAction":[{"@type":"ReadAction","target":["https:\/\/ramina.fr\/index.php\/2021\/12\/20\/bonjour-mon-nom-est-abou-jai-16-ans\/"]}]},{"@type":"BreadcrumbList","@id":"https:\/\/ramina.fr\/index.php\/2021\/12\/20\/bonjour-mon-nom-est-abou-jai-16-ans\/#breadcrumb","itemListElement":[{"@type":"ListItem","position":1,"name":"Accueil","item":"https:\/\/ramina.fr\/"},{"@type":"ListItem","position":2,"name":"Bonjour mon nom est Abou, j\u2019ai 16 ans \ud83d\ude42\ud83c\uddf8\ud83c\uddf1"}]},{"@type":"WebSite","@id":"https:\/\/ramina.fr\/#website","url":"https:\/\/ramina.fr\/","name":"RAMINA","description":"R\u00e9seau d\u2019Accueil des Minot.es Non Accompagn\u00e9s","publisher":{"@id":"https:\/\/ramina.fr\/#organization"},"alternateName":"R\u00e9seau d'accueil Solidaire des Minots Non Accompagn\u00e9s","potentialAction":[{"@type":"SearchAction","target":{"@type":"EntryPoint","urlTemplate":"https:\/\/ramina.fr\/?s={search_term_string}"},"query-input":{"@type":"PropertyValueSpecification","valueRequired":true,"valueName":"search_term_string"}}],"inLanguage":"fr-FR"},{"@type":"Organization","@id":"https:\/\/ramina.fr\/#organization","name":"RAMINA","alternateName":"R\u00e9seau d' Accueil des Minots Non Accompagn\u00e9s","url":"https:\/\/ramina.fr\/","logo":{"@type":"ImageObject","inLanguage":"fr-FR","@id":"https:\/\/ramina.fr\/#\/schema\/logo\/image\/","url":"https:\/\/ramina.fr\/wp-content\/uploads\/2025\/02\/LOGO_RAMINA_NOIR_VERTICAL.png","contentUrl":"https:\/\/ramina.fr\/wp-content\/uploads\/2025\/02\/LOGO_RAMINA_NOIR_VERTICAL.png","width":1654,"height":1418,"caption":"RAMINA"},"image":{"@id":"https:\/\/ramina.fr\/#\/schema\/logo\/image\/"},"sameAs":["https:\/\/www.facebook.com\/contact.ramina\/","https:\/\/www.instagram.com\/ramina_marseille\/"]},{"@type":"Person","@id":"https:\/\/ramina.fr\/#\/schema\/person\/60afb851da2c0c7b9e173324b84144d5","name":"Ramina R\u00e9seau","image":{"@type":"ImageObject","inLanguage":"fr-FR","@id":"https:\/\/ramina.fr\/#\/schema\/person\/image\/","url":"https:\/\/secure.gravatar.com\/avatar\/5985aef3267ffd44adcd4562d2752e99?s=96&d=mm&r=g","contentUrl":"https:\/\/secure.gravatar.com\/avatar\/5985aef3267ffd44adcd4562d2752e99?s=96&d=mm&r=g","caption":"Ramina R\u00e9seau"}}]}},"jetpack_featured_media_url":"","jetpack_sharing_enabled":true,"_links":{"self":[{"href":"https:\/\/ramina.fr\/index.php\/wp-json\/wp\/v2\/posts\/1809","targetHints":{"allow":["GET"]}}],"collection":[{"href":"https:\/\/ramina.fr\/index.php\/wp-json\/wp\/v2\/posts"}],"about":[{"href":"https:\/\/ramina.fr\/index.php\/wp-json\/wp\/v2\/types\/post"}],"author":[{"embeddable":true,"href":"https:\/\/ramina.fr\/index.php\/wp-json\/wp\/v2\/users\/3"}],"replies":[{"embeddable":true,"href":"https:\/\/ramina.fr\/index.php\/wp-json\/wp\/v2\/comments?post=1809"}],"version-history":[{"count":2,"href":"https:\/\/ramina.fr\/index.php\/wp-json\/wp\/v2\/posts\/1809\/revisions"}],"predecessor-version":[{"id":1812,"href":"https:\/\/ramina.fr\/index.php\/wp-json\/wp\/v2\/posts\/1809\/revisions\/1812"}],"wp:attachment":[{"href":"https:\/\/ramina.fr\/index.php\/wp-json\/wp\/v2\/media?parent=1809"}],"wp:term":[{"taxonomy":"category","embeddable":true,"href":"https:\/\/ramina.fr\/index.php\/wp-json\/wp\/v2\/categories?post=1809"},{"taxonomy":"post_tag","embeddable":true,"href":"https:\/\/ramina.fr\/index.php\/wp-json\/wp\/v2\/tags?post=1809"}],"curies":[{"name":"wp","href":"https:\/\/api.w.org\/{rel}","templated":true}]}}