{"id":1776,"date":"2021-11-12T13:14:25","date_gmt":"2021-11-12T12:14:25","guid":{"rendered":"http:\/\/ramina.fr\/?p=1776"},"modified":"2021-11-12T13:14:59","modified_gmt":"2021-11-12T12:14:59","slug":"bonjour-je-mappelle-zakaria-et-aujourdhui-jai-19-ans","status":"publish","type":"post","link":"https:\/\/ramina.fr\/index.php\/2021\/11\/12\/bonjour-je-mappelle-zakaria-et-aujourdhui-jai-19-ans\/","title":{"rendered":"Bonjour, je m\u2019appelle Zakaria, je suis ivoirien et aujourd\u2019hui j\u2019ai 19 ans \ud83d\ude42\ud83c\udde8\ud83c\uddee. Je continue mon r\u00e9cit :"},"content":{"rendered":"\n<p><br>Je continue mon r\u00e9cit commenc\u00e9 avec la publication du 22 octobre, de l\u2019arriv\u00e9e en Italie \u00e0 Marseille, sauv\u00e9 par le gros bateau. J\u2019avais 14 ans et demi.<\/p>\n\n\n\n<p><br>Nous \u00e9tions tous tr\u00e8s fatigu\u00e9s et \u00e9puis\u00e9s. On arrivait pas \u00e0 r\u00e9aliser qu\u2019on \u00e9tait enfin arriv\u00e9s, c&rsquo;\u00e9tait un miracle.<\/p>\n\n\n\n<p><br>J\u2019ai retrouv\u00e9 des gens qui \u00e9taient dans le bateau avec nous, mais je n\u2019ai pas retrouv\u00e9 mon ami K\u00e9ba, on avait fait tout le chemin depuis le pays, cela m\u2019a beaucoup rong\u00e9 l\u2019esprit, mais ainsi va la vie, peut-\u00eatre que ce n\u2019\u00e9tait pas \u00e9crit dans sa destin\u00e9e.<\/p>\n\n\n\n<p><br>Chacun devait se pr\u00e9parer \u00e0 l\u2019avenir, quant \u00e0 moi, je savais que j\u2019avais fait le plus dur, mais que des longueurs de chemin m\u2019attendaient, il fallait se projeter dans l\u2019avenir et \u00e7a ne va pas \u00eatre facile !<\/p>\n\n\n\n<p><br>On nous a partag\u00e9 dans des villes de Calabre, les hommes, les femmes et les enfants dans des villes, et nous, les mineurs, au nombre de quinze, on nous a mis chez une femme italienne. On nous a donn\u00e9 des v\u00eatements et de la nourriture, les guin\u00e9ens \u00e9taient les plus nombreux, puis nous sommes arriv\u00e9s \u00e0 Rossano.<\/p>\n\n\n\n<p><br>Je n\u2019avais jamais planifi\u00e9 de rester en Italie, pour de simples raisons : je ne connais pas la langue, et je n\u2019avais pas une bonne image de l\u2019Italie. Beaucoup m\u2019avaient parl\u00e9 du racisme, et cela m\u2019a rong\u00e9 \u00e9norm\u00e9ment, mais je suis rest\u00e9e 5 mois en Italie, je n\u2019ai jamais subi de racisme ! Peut-\u00eatre que ma bonne \u00e9toile m\u2019a port\u00e9 chance !Nous \u00e9tions en foyer avec des \u00e9ducateurs et \u00e9ducatrices qui s&rsquo;occupaient de nous. Le soleil s\u2019est mis \u00e0 \u00e9clairer nos chemins, mais j\u2019avais l\u2019intention de quitter l\u2019Italie.<\/p>\n\n\n\n<p><br>Comme je l\u2019avais appris, il faut bien se renseigner avant de partir. Pour ne pas commettre d\u2019erreurs, je me suis renseign\u00e9e partout. J\u2019ai choisi la France et je suis rentr\u00e9 en contact avec un passeur, il nous a donn\u00e9 rdv \u00e0 Vintimille.<\/p>\n\n\n\n<p><br>J \u2019ai quitt\u00e9 Rossano le 20 septembre, j\u2019ai pris un billet pour Cosenza, puis Paola, apr\u00e8s Naples et enfin Roma o\u00f9 nous sommes arriv\u00e9s dans la nuit, on y a dormi dans le froid. Puis le matin, train vers Milan, puis un bus jusqu\u2019\u00e0 Vintimille, on est arriv\u00e9 dans la nuit.<\/p>\n\n\n\n<p><br>J\u2019appelle le passeur qui nous dit d\u2019attendre jusqu\u2019\u00e0 5h du matin. Je lui ai donn\u00e9 50 euros, et il nous a cach\u00e9, avec l\u2019autre jeune, dans un petit placard du train, tr\u00e8s dangereux au milieu des fils \u00e9lectriques, il nous a donn\u00e9 son num\u00e9ro de t\u00e9l\u00e9phone et on s\u2019est cach\u00e9 tout au fond. Mais trois hommes sont arriv\u00e9s, un noir et deux arabes, ils ne savaient pas que nous \u00e9tions cach\u00e9s et ne nous ont pas vu. Ils ont refus\u00e9 que le noir entre avec eux, et lui du coup, est all\u00e9 pr\u00e9venir le contr\u00f4leur, qui a fait sortir les deux autres, il a projet\u00e9 sa torche loupe, et criait qu\u2019on sorte, mais nous sommes rest\u00e9s calme sans un bruit, et \u00e0 notre surprise, il a dit : \u201cc\u2019est bon, y\u2019a personne\u201d, et il a ferm\u00e9 \u00e0 cl\u00e9 le placard sur nous.<\/p>\n\n\n\n<p><br>On a appel\u00e9 le passeur au t\u00e9l\u00e9phone, il nous a dit de descendre \u00e0 Antibes, et il nous a dit comment ouvrir la porte. Ce truc \u00e0 force d\u2019insister s\u2019est ouvert. On est all\u00e9 s\u2019assoir dans le wagon, une femme nous a vu sortir, tr\u00e8s surprise, mais n\u2019a rien dit. \u00c0 Antibes un monsieur nous a dit de ne pas tra\u00eener l\u00e0, car il y avait plein de flics, nous avons repris le train sans payer jusqu\u2019\u00e0 Marseille gare St Charles, \u00e0 13 h, et chacun est parti de son c\u00f4t\u00e9.<\/p>\n\n\n\n<p><br>Je raconterai peut-\u00eatre la suite plus tard. Merci de m\u2019avoir suivi! La chanson que je voudrais vous partager est de l\u2019artiste est Mc One et le titre est : \u201cLa vie du bon c\u00f4t\u00e9\u201d. J&rsquo;aime ces paroles qui me donnent du courage :<\/p>\n\n\n\n<p><br>\u201cOn prend la vie du bon c\u00f4t\u00e9 yeahMc One, wouhhCo g\u00f4 b\u00e9d\u00e9 n&rsquo;nan abb\u00e9 cassi laYeah ab\u00e9 cassi laCo g\u00f4 b\u00e9d\u00e9 n&rsquo;nan abb\u00e9 milila oh aahOn a grandi dans des conditions peu favorablesLa rue a fait des nous des guerriers, milieu sauvageEt pour s&rsquo;en sortir, ici, il faut plus que du courage (weh-eh-eh)On fume, on braque, on tra\u00eene, mauvais est l&rsquo;entourageMais on prend la vie du bon c\u00f4t\u00e9, eh-eh\u00c0 chaque jour suffit sa peine (\u00e0 chaque jour suffit sa peine)Oui, on prend la vie du bon c\u00f4t\u00e9, eh-ehSang de guerriers dans nos veinesEhh, Baba God, eh\u201d<\/p>\n\n\n\n<p><br>\u270c\ufe0f Rdv lundi pour une nouvelle parole de minot. Partagez, likez, boul\u00e9guez \u270c\ufe0f<br><\/p>\n\n\n\n<figure class=\"wp-block-embed aligncenter is-type-video is-provider-youtube wp-block-embed-youtube wp-embed-aspect-16-9 wp-has-aspect-ratio\"><div class=\"wp-block-embed__wrapper\">\n<iframe title=\"MC One - La vie du bon c\u00f4t\u00e9 (Clip officiel)\" width=\"525\" height=\"295\" src=\"https:\/\/www.youtube.com\/embed\/LmN5HIt2vTQ?feature=oembed\" frameborder=\"0\" allow=\"accelerometer; autoplay; clipboard-write; encrypted-media; gyroscope; picture-in-picture; web-share\" referrerpolicy=\"strict-origin-when-cross-origin\" allowfullscreen><\/iframe>\n<\/div><\/figure>\n","protected":false},"excerpt":{"rendered":"<p>Je continue mon r\u00e9cit commenc\u00e9 avec la publication du 22 octobre, de l\u2019arriv\u00e9e en Italie \u00e0 Marseille, sauv\u00e9 par le gros bateau. J\u2019avais 14 ans et demi. Nous \u00e9tions tous tr\u00e8s fatigu\u00e9s et \u00e9puis\u00e9s. On arrivait pas \u00e0 r\u00e9aliser qu\u2019on \u00e9tait enfin arriv\u00e9s, c&rsquo;\u00e9tait un miracle. J\u2019ai retrouv\u00e9 des gens qui \u00e9taient dans le bateau &hellip; <\/p>\n<p class=\"link-more\"><a href=\"https:\/\/ramina.fr\/index.php\/2021\/11\/12\/bonjour-je-mappelle-zakaria-et-aujourdhui-jai-19-ans\/\" class=\"more-link\">Continuer la lecture<span class=\"screen-reader-text\"> de &laquo;&nbsp;Bonjour, je m\u2019appelle Zakaria, je suis ivoirien et aujourd\u2019hui j\u2019ai 19 ans \ud83d\ude42\ud83c\udde8\ud83c\uddee. Je continue mon r\u00e9cit :&nbsp;&raquo;<\/span><\/a><\/p>\n","protected":false},"author":3,"featured_media":0,"comment_status":"open","ping_status":"open","sticky":false,"template":"","format":"standard","meta":{"_jetpack_memberships_contains_paid_content":false,"footnotes":""},"categories":[13],"tags":[],"class_list":["post-1776","post","type-post","status-publish","format-standard","hentry","category-parole-de-minots-saison-3"],"yoast_head":"<!-- This site is optimized with the Yoast SEO plugin v25.1 - https:\/\/yoast.com\/wordpress\/plugins\/seo\/ -->\n<title>Bonjour, je m\u2019appelle Zakaria, je suis ivoirien et aujourd\u2019hui j\u2019ai 19 ans \ud83d\ude42\ud83c\udde8\ud83c\uddee. Je continue mon r\u00e9cit : | RAMINA<\/title>\n<meta name=\"robots\" content=\"noindex, follow\" \/>\n<meta property=\"og:locale\" content=\"fr_FR\" \/>\n<meta property=\"og:type\" content=\"article\" \/>\n<meta property=\"og:title\" content=\"Bonjour, je m\u2019appelle Zakaria, je suis ivoirien et aujourd\u2019hui j\u2019ai 19 ans \ud83d\ude42\ud83c\udde8\ud83c\uddee. Je continue mon r\u00e9cit : | RAMINA\" \/>\n<meta property=\"og:description\" content=\"Je continue mon r\u00e9cit commenc\u00e9 avec la publication du 22 octobre, de l\u2019arriv\u00e9e en Italie \u00e0 Marseille, sauv\u00e9 par le gros bateau. J\u2019avais 14 ans et demi. Nous \u00e9tions tous tr\u00e8s fatigu\u00e9s et \u00e9puis\u00e9s. On arrivait pas \u00e0 r\u00e9aliser qu\u2019on \u00e9tait enfin arriv\u00e9s, c&rsquo;\u00e9tait un miracle. J\u2019ai retrouv\u00e9 des gens qui \u00e9taient dans le bateau &hellip; Continuer la lecture de &laquo;&nbsp;Bonjour, je m\u2019appelle Zakaria, je suis ivoirien et aujourd\u2019hui j\u2019ai 19 ans \ud83d\ude42\ud83c\udde8\ud83c\uddee. Je continue mon r\u00e9cit :&nbsp;&raquo;\" \/>\n<meta property=\"og:url\" content=\"https:\/\/ramina.fr\/index.php\/2021\/11\/12\/bonjour-je-mappelle-zakaria-et-aujourdhui-jai-19-ans\/\" \/>\n<meta property=\"og:site_name\" content=\"RAMINA\" \/>\n<meta property=\"article:publisher\" content=\"https:\/\/www.facebook.com\/contact.ramina\/\" \/>\n<meta property=\"article:published_time\" content=\"2021-11-12T12:14:25+00:00\" \/>\n<meta property=\"article:modified_time\" content=\"2021-11-12T12:14:59+00:00\" \/>\n<meta property=\"og:image\" content=\"https:\/\/ramina.fr\/wp-content\/uploads\/2025\/02\/ramina-image-mise-avant-wordpress.jpg\" \/>\n\t<meta property=\"og:image:width\" content=\"1200\" \/>\n\t<meta property=\"og:image:height\" content=\"675\" \/>\n\t<meta property=\"og:image:type\" content=\"image\/jpeg\" \/>\n<meta name=\"author\" content=\"Ramina R\u00e9seau\" \/>\n<meta name=\"twitter:card\" content=\"summary_large_image\" \/>\n<meta name=\"twitter:label1\" content=\"\u00c9crit par\" \/>\n\t<meta name=\"twitter:data1\" content=\"Ramina R\u00e9seau\" \/>\n\t<meta name=\"twitter:label2\" content=\"Dur\u00e9e de lecture estim\u00e9e\" \/>\n\t<meta name=\"twitter:data2\" content=\"4 minutes\" \/>\n<script type=\"application\/ld+json\" class=\"yoast-schema-graph\">{\"@context\":\"https:\/\/schema.org\",\"@graph\":[{\"@type\":\"Article\",\"@id\":\"https:\/\/ramina.fr\/index.php\/2021\/11\/12\/bonjour-je-mappelle-zakaria-et-aujourdhui-jai-19-ans\/#article\",\"isPartOf\":{\"@id\":\"https:\/\/ramina.fr\/index.php\/2021\/11\/12\/bonjour-je-mappelle-zakaria-et-aujourdhui-jai-19-ans\/\"},\"author\":{\"name\":\"Ramina R\u00e9seau\",\"@id\":\"https:\/\/ramina.fr\/#\/schema\/person\/60afb851da2c0c7b9e173324b84144d5\"},\"headline\":\"Bonjour, je m\u2019appelle Zakaria, je suis ivoirien et aujourd\u2019hui j\u2019ai 19 ans \ud83d\ude42\ud83c\udde8\ud83c\uddee. Je continue mon r\u00e9cit :\",\"datePublished\":\"2021-11-12T12:14:25+00:00\",\"dateModified\":\"2021-11-12T12:14:59+00:00\",\"mainEntityOfPage\":{\"@id\":\"https:\/\/ramina.fr\/index.php\/2021\/11\/12\/bonjour-je-mappelle-zakaria-et-aujourdhui-jai-19-ans\/\"},\"wordCount\":837,\"commentCount\":0,\"publisher\":{\"@id\":\"https:\/\/ramina.fr\/#organization\"},\"articleSection\":[\"Parole de Minots Saison 3\"],\"inLanguage\":\"fr-FR\",\"potentialAction\":[{\"@type\":\"CommentAction\",\"name\":\"Comment\",\"target\":[\"https:\/\/ramina.fr\/index.php\/2021\/11\/12\/bonjour-je-mappelle-zakaria-et-aujourdhui-jai-19-ans\/#respond\"]}]},{\"@type\":\"WebPage\",\"@id\":\"https:\/\/ramina.fr\/index.php\/2021\/11\/12\/bonjour-je-mappelle-zakaria-et-aujourdhui-jai-19-ans\/\",\"url\":\"https:\/\/ramina.fr\/index.php\/2021\/11\/12\/bonjour-je-mappelle-zakaria-et-aujourdhui-jai-19-ans\/\",\"name\":\"Bonjour, je m\u2019appelle Zakaria, je suis ivoirien et aujourd\u2019hui j\u2019ai 19 ans \ud83d\ude42\ud83c\udde8\ud83c\uddee. Je continue mon r\u00e9cit : | RAMINA\",\"isPartOf\":{\"@id\":\"https:\/\/ramina.fr\/#website\"},\"datePublished\":\"2021-11-12T12:14:25+00:00\",\"dateModified\":\"2021-11-12T12:14:59+00:00\",\"breadcrumb\":{\"@id\":\"https:\/\/ramina.fr\/index.php\/2021\/11\/12\/bonjour-je-mappelle-zakaria-et-aujourdhui-jai-19-ans\/#breadcrumb\"},\"inLanguage\":\"fr-FR\",\"potentialAction\":[{\"@type\":\"ReadAction\",\"target\":[\"https:\/\/ramina.fr\/index.php\/2021\/11\/12\/bonjour-je-mappelle-zakaria-et-aujourdhui-jai-19-ans\/\"]}]},{\"@type\":\"BreadcrumbList\",\"@id\":\"https:\/\/ramina.fr\/index.php\/2021\/11\/12\/bonjour-je-mappelle-zakaria-et-aujourdhui-jai-19-ans\/#breadcrumb\",\"itemListElement\":[{\"@type\":\"ListItem\",\"position\":1,\"name\":\"Accueil\",\"item\":\"https:\/\/ramina.fr\/\"},{\"@type\":\"ListItem\",\"position\":2,\"name\":\"Bonjour, je m\u2019appelle Zakaria, je suis ivoirien et aujourd\u2019hui j\u2019ai 19 ans \ud83d\ude42\ud83c\udde8\ud83c\uddee. Je continue mon r\u00e9cit :\"}]},{\"@type\":\"WebSite\",\"@id\":\"https:\/\/ramina.fr\/#website\",\"url\":\"https:\/\/ramina.fr\/\",\"name\":\"RAMINA\",\"description\":\"R\u00e9seau d\u2019Accueil des Minot.es Non Accompagn\u00e9s\",\"publisher\":{\"@id\":\"https:\/\/ramina.fr\/#organization\"},\"alternateName\":\"R\u00e9seau d'accueil Solidaire des Minots Non Accompagn\u00e9s\",\"potentialAction\":[{\"@type\":\"SearchAction\",\"target\":{\"@type\":\"EntryPoint\",\"urlTemplate\":\"https:\/\/ramina.fr\/?s={search_term_string}\"},\"query-input\":{\"@type\":\"PropertyValueSpecification\",\"valueRequired\":true,\"valueName\":\"search_term_string\"}}],\"inLanguage\":\"fr-FR\"},{\"@type\":\"Organization\",\"@id\":\"https:\/\/ramina.fr\/#organization\",\"name\":\"RAMINA\",\"alternateName\":\"R\u00e9seau d' Accueil des Minots Non Accompagn\u00e9s\",\"url\":\"https:\/\/ramina.fr\/\",\"logo\":{\"@type\":\"ImageObject\",\"inLanguage\":\"fr-FR\",\"@id\":\"https:\/\/ramina.fr\/#\/schema\/logo\/image\/\",\"url\":\"https:\/\/ramina.fr\/wp-content\/uploads\/2025\/02\/LOGO_RAMINA_NOIR_VERTICAL.png\",\"contentUrl\":\"https:\/\/ramina.fr\/wp-content\/uploads\/2025\/02\/LOGO_RAMINA_NOIR_VERTICAL.png\",\"width\":1654,\"height\":1418,\"caption\":\"RAMINA\"},\"image\":{\"@id\":\"https:\/\/ramina.fr\/#\/schema\/logo\/image\/\"},\"sameAs\":[\"https:\/\/www.facebook.com\/contact.ramina\/\",\"https:\/\/www.instagram.com\/ramina_marseille\/\"]},{\"@type\":\"Person\",\"@id\":\"https:\/\/ramina.fr\/#\/schema\/person\/60afb851da2c0c7b9e173324b84144d5\",\"name\":\"Ramina R\u00e9seau\",\"image\":{\"@type\":\"ImageObject\",\"inLanguage\":\"fr-FR\",\"@id\":\"https:\/\/ramina.fr\/#\/schema\/person\/image\/\",\"url\":\"https:\/\/secure.gravatar.com\/avatar\/5985aef3267ffd44adcd4562d2752e99?s=96&d=mm&r=g\",\"contentUrl\":\"https:\/\/secure.gravatar.com\/avatar\/5985aef3267ffd44adcd4562d2752e99?s=96&d=mm&r=g\",\"caption\":\"Ramina R\u00e9seau\"}}]}<\/script>\n<!-- \/ Yoast SEO plugin. -->","yoast_head_json":{"title":"Bonjour, je m\u2019appelle Zakaria, je suis ivoirien et aujourd\u2019hui j\u2019ai 19 ans \ud83d\ude42\ud83c\udde8\ud83c\uddee. Je continue mon r\u00e9cit : | RAMINA","robots":{"index":"noindex","follow":"follow"},"og_locale":"fr_FR","og_type":"article","og_title":"Bonjour, je m\u2019appelle Zakaria, je suis ivoirien et aujourd\u2019hui j\u2019ai 19 ans \ud83d\ude42\ud83c\udde8\ud83c\uddee. Je continue mon r\u00e9cit : | RAMINA","og_description":"Je continue mon r\u00e9cit commenc\u00e9 avec la publication du 22 octobre, de l\u2019arriv\u00e9e en Italie \u00e0 Marseille, sauv\u00e9 par le gros bateau. J\u2019avais 14 ans et demi. Nous \u00e9tions tous tr\u00e8s fatigu\u00e9s et \u00e9puis\u00e9s. On arrivait pas \u00e0 r\u00e9aliser qu\u2019on \u00e9tait enfin arriv\u00e9s, c&rsquo;\u00e9tait un miracle. J\u2019ai retrouv\u00e9 des gens qui \u00e9taient dans le bateau &hellip; Continuer la lecture de &laquo;&nbsp;Bonjour, je m\u2019appelle Zakaria, je suis ivoirien et aujourd\u2019hui j\u2019ai 19 ans \ud83d\ude42\ud83c\udde8\ud83c\uddee. Je continue mon r\u00e9cit :&nbsp;&raquo;","og_url":"https:\/\/ramina.fr\/index.php\/2021\/11\/12\/bonjour-je-mappelle-zakaria-et-aujourdhui-jai-19-ans\/","og_site_name":"RAMINA","article_publisher":"https:\/\/www.facebook.com\/contact.ramina\/","article_published_time":"2021-11-12T12:14:25+00:00","article_modified_time":"2021-11-12T12:14:59+00:00","og_image":[{"width":1200,"height":675,"url":"https:\/\/ramina.fr\/wp-content\/uploads\/2025\/02\/ramina-image-mise-avant-wordpress.jpg","type":"image\/jpeg"}],"author":"Ramina R\u00e9seau","twitter_card":"summary_large_image","twitter_misc":{"\u00c9crit par":"Ramina R\u00e9seau","Dur\u00e9e de lecture estim\u00e9e":"4 minutes"},"schema":{"@context":"https:\/\/schema.org","@graph":[{"@type":"Article","@id":"https:\/\/ramina.fr\/index.php\/2021\/11\/12\/bonjour-je-mappelle-zakaria-et-aujourdhui-jai-19-ans\/#article","isPartOf":{"@id":"https:\/\/ramina.fr\/index.php\/2021\/11\/12\/bonjour-je-mappelle-zakaria-et-aujourdhui-jai-19-ans\/"},"author":{"name":"Ramina R\u00e9seau","@id":"https:\/\/ramina.fr\/#\/schema\/person\/60afb851da2c0c7b9e173324b84144d5"},"headline":"Bonjour, je m\u2019appelle Zakaria, je suis ivoirien et aujourd\u2019hui j\u2019ai 19 ans \ud83d\ude42\ud83c\udde8\ud83c\uddee. Je continue mon r\u00e9cit :","datePublished":"2021-11-12T12:14:25+00:00","dateModified":"2021-11-12T12:14:59+00:00","mainEntityOfPage":{"@id":"https:\/\/ramina.fr\/index.php\/2021\/11\/12\/bonjour-je-mappelle-zakaria-et-aujourdhui-jai-19-ans\/"},"wordCount":837,"commentCount":0,"publisher":{"@id":"https:\/\/ramina.fr\/#organization"},"articleSection":["Parole de Minots Saison 3"],"inLanguage":"fr-FR","potentialAction":[{"@type":"CommentAction","name":"Comment","target":["https:\/\/ramina.fr\/index.php\/2021\/11\/12\/bonjour-je-mappelle-zakaria-et-aujourdhui-jai-19-ans\/#respond"]}]},{"@type":"WebPage","@id":"https:\/\/ramina.fr\/index.php\/2021\/11\/12\/bonjour-je-mappelle-zakaria-et-aujourdhui-jai-19-ans\/","url":"https:\/\/ramina.fr\/index.php\/2021\/11\/12\/bonjour-je-mappelle-zakaria-et-aujourdhui-jai-19-ans\/","name":"Bonjour, je m\u2019appelle Zakaria, je suis ivoirien et aujourd\u2019hui j\u2019ai 19 ans \ud83d\ude42\ud83c\udde8\ud83c\uddee. Je continue mon r\u00e9cit : | RAMINA","isPartOf":{"@id":"https:\/\/ramina.fr\/#website"},"datePublished":"2021-11-12T12:14:25+00:00","dateModified":"2021-11-12T12:14:59+00:00","breadcrumb":{"@id":"https:\/\/ramina.fr\/index.php\/2021\/11\/12\/bonjour-je-mappelle-zakaria-et-aujourdhui-jai-19-ans\/#breadcrumb"},"inLanguage":"fr-FR","potentialAction":[{"@type":"ReadAction","target":["https:\/\/ramina.fr\/index.php\/2021\/11\/12\/bonjour-je-mappelle-zakaria-et-aujourdhui-jai-19-ans\/"]}]},{"@type":"BreadcrumbList","@id":"https:\/\/ramina.fr\/index.php\/2021\/11\/12\/bonjour-je-mappelle-zakaria-et-aujourdhui-jai-19-ans\/#breadcrumb","itemListElement":[{"@type":"ListItem","position":1,"name":"Accueil","item":"https:\/\/ramina.fr\/"},{"@type":"ListItem","position":2,"name":"Bonjour, je m\u2019appelle Zakaria, je suis ivoirien et aujourd\u2019hui j\u2019ai 19 ans \ud83d\ude42\ud83c\udde8\ud83c\uddee. Je continue mon r\u00e9cit :"}]},{"@type":"WebSite","@id":"https:\/\/ramina.fr\/#website","url":"https:\/\/ramina.fr\/","name":"RAMINA","description":"R\u00e9seau d\u2019Accueil des Minot.es Non Accompagn\u00e9s","publisher":{"@id":"https:\/\/ramina.fr\/#organization"},"alternateName":"R\u00e9seau d'accueil Solidaire des Minots Non Accompagn\u00e9s","potentialAction":[{"@type":"SearchAction","target":{"@type":"EntryPoint","urlTemplate":"https:\/\/ramina.fr\/?s={search_term_string}"},"query-input":{"@type":"PropertyValueSpecification","valueRequired":true,"valueName":"search_term_string"}}],"inLanguage":"fr-FR"},{"@type":"Organization","@id":"https:\/\/ramina.fr\/#organization","name":"RAMINA","alternateName":"R\u00e9seau d' Accueil des Minots Non Accompagn\u00e9s","url":"https:\/\/ramina.fr\/","logo":{"@type":"ImageObject","inLanguage":"fr-FR","@id":"https:\/\/ramina.fr\/#\/schema\/logo\/image\/","url":"https:\/\/ramina.fr\/wp-content\/uploads\/2025\/02\/LOGO_RAMINA_NOIR_VERTICAL.png","contentUrl":"https:\/\/ramina.fr\/wp-content\/uploads\/2025\/02\/LOGO_RAMINA_NOIR_VERTICAL.png","width":1654,"height":1418,"caption":"RAMINA"},"image":{"@id":"https:\/\/ramina.fr\/#\/schema\/logo\/image\/"},"sameAs":["https:\/\/www.facebook.com\/contact.ramina\/","https:\/\/www.instagram.com\/ramina_marseille\/"]},{"@type":"Person","@id":"https:\/\/ramina.fr\/#\/schema\/person\/60afb851da2c0c7b9e173324b84144d5","name":"Ramina R\u00e9seau","image":{"@type":"ImageObject","inLanguage":"fr-FR","@id":"https:\/\/ramina.fr\/#\/schema\/person\/image\/","url":"https:\/\/secure.gravatar.com\/avatar\/5985aef3267ffd44adcd4562d2752e99?s=96&d=mm&r=g","contentUrl":"https:\/\/secure.gravatar.com\/avatar\/5985aef3267ffd44adcd4562d2752e99?s=96&d=mm&r=g","caption":"Ramina R\u00e9seau"}}]}},"jetpack_featured_media_url":"","jetpack_sharing_enabled":true,"_links":{"self":[{"href":"https:\/\/ramina.fr\/index.php\/wp-json\/wp\/v2\/posts\/1776","targetHints":{"allow":["GET"]}}],"collection":[{"href":"https:\/\/ramina.fr\/index.php\/wp-json\/wp\/v2\/posts"}],"about":[{"href":"https:\/\/ramina.fr\/index.php\/wp-json\/wp\/v2\/types\/post"}],"author":[{"embeddable":true,"href":"https:\/\/ramina.fr\/index.php\/wp-json\/wp\/v2\/users\/3"}],"replies":[{"embeddable":true,"href":"https:\/\/ramina.fr\/index.php\/wp-json\/wp\/v2\/comments?post=1776"}],"version-history":[{"count":1,"href":"https:\/\/ramina.fr\/index.php\/wp-json\/wp\/v2\/posts\/1776\/revisions"}],"predecessor-version":[{"id":1777,"href":"https:\/\/ramina.fr\/index.php\/wp-json\/wp\/v2\/posts\/1776\/revisions\/1777"}],"wp:attachment":[{"href":"https:\/\/ramina.fr\/index.php\/wp-json\/wp\/v2\/media?parent=1776"}],"wp:term":[{"taxonomy":"category","embeddable":true,"href":"https:\/\/ramina.fr\/index.php\/wp-json\/wp\/v2\/categories?post=1776"},{"taxonomy":"post_tag","embeddable":true,"href":"https:\/\/ramina.fr\/index.php\/wp-json\/wp\/v2\/tags?post=1776"}],"curies":[{"name":"wp","href":"https:\/\/api.w.org\/{rel}","templated":true}]}}