{"id":1774,"date":"2021-11-08T13:43:09","date_gmt":"2021-11-08T12:43:09","guid":{"rendered":"http:\/\/ramina.fr\/?p=1774"},"modified":"2021-11-08T13:43:53","modified_gmt":"2021-11-08T12:43:53","slug":"parole-de-minotte-millimono","status":"publish","type":"post","link":"https:\/\/ramina.fr\/index.php\/2021\/11\/08\/parole-de-minotte-millimono\/","title":{"rendered":"Parole de Minotte \ud83e\udd70 \ud83c\uddec\ud83c\uddf3 : Bonjour, je m\u2019appelle Millimono, j\u2019ai 17 ans et je viens de Guin\u00e9e Conakry."},"content":{"rendered":"\n<p><br>Je suis venue \u00e0 Marseille pour \u00e9tudier et apprendre le m\u00e9tier de coiffeuse ou de cuisini\u00e8re dans un restaurant.<\/p>\n\n\n\n<p><br>Dans mon pays, je ne pouvais pas \u00e9tudier, parce que ma m\u00e8re est d\u00e9c\u00e9d\u00e9e quand j\u2019\u00e9tais toute petite, j\u2019avais deux petits fr\u00e8res et la deuxi\u00e8me femme de mon p\u00e8re ne voulait pas que j\u2019\u00e9tudie. Elle voulait que je fasse les travaux de la maison, le m\u00e9nage et la pr\u00e9paration des repas.<\/p>\n\n\n\n<p><br>Je l\u2019ai fait pendant plusieurs ann\u00e9es parce que, sinon, elle allait me faire quitter la maison.<br>Un jour, j\u2019ai arr\u00eat\u00e9 et elle m\u2019a chass\u00e9e. Je suis all\u00e9e chez une amie de ma m\u00e8re qui s\u2019est occup\u00e9e de moi mais elle n\u2019avait pas les moyens de me mettre \u00e0 l\u2019\u00e9cole.<\/p>\n\n\n\n<p><br>Quelqu\u2019un m\u2019avait d\u00e9j\u00e0 parl\u00e9 de quitter mon pays, mais je ne voulais pas et je n\u2019avais pas les moyens de le faire. Mais, un jour, j\u2019ai d\u00e9cid\u00e9 de partir avec une dame, sans savoir o\u00f9 on allait.<br>Je ne me souviens pas du voyage.<\/p>\n\n\n\n<p><br>Je suis arriv\u00e9e \u00e0 Marseille en janvier 2021. J\u2019ai dormi \u00e0 la gare Saint-Charles pendant longtemps. Puis un monsieur m\u2019a vue \u00e0 la gare, il a appel\u00e9 une association qui m\u2019a envoy\u00e9e \u00e0 l\u2019ADDAP 13. Le jour-m\u00eame, on m\u2019a install\u00e9e dans un h\u00f4tel. L\u00e0, j\u2019ai pens\u00e9 que j\u2019allais pouvoir \u00e9tudier.<\/p>\n\n\n\n<p><br>J\u2019ai pu commencer l\u2019\u00e9cole en juin suivant, mais c\u2019\u00e9tait bient\u00f4t les vacances. Donc je suis retourn\u00e9e \u00e0 l\u2019\u00e9cole en septembre. J\u2019\u00e9tudie le Fran\u00e7ais et les Maths pour me mettre \u00e0 niveau et aller ensuite dans une classe. Maintenant, j\u2019ai enfin commenc\u00e9 \u00e0 \u00e9tudier et \u00e7a me fait trop plaisir. C\u2019est ce que je voulais : apprendre un m\u00e9tier et aussi apprendre bien le Fran\u00e7ais pour faire ma vie en France parce qu\u2019ici on me prot\u00e8ge.<\/p>\n\n\n\n<p><br>A l\u2019h\u00f4tel de Marseille, j\u2019ai regard\u00e9 un film que j\u2019aime beaucoup : Alvin et les Chipmunks. Ce que j\u2019aime le plus dans ce film, c\u2019est les entendre parler Fran\u00e7ais avec leur toute petite voix et les voir danser. Et je veux partager avec vous la danse de Se\u00f1orita.<\/p>\n\n\n\n<p><br>\u270c\ufe0f Rdv vendredi pour une nouvelle parole de minot. Partagez, likez, boul\u00e9guez \u270c\ufe0f<br><\/p>\n\n\n\n<figure class=\"wp-block-embed is-type-video is-provider-youtube wp-block-embed-youtube wp-embed-aspect-16-9 wp-has-aspect-ratio\"><div class=\"wp-block-embed__wrapper\">\n<iframe title=\"Se\u00f1orita - Shawn Mendes, Camila Cabello | Alvin and the Chipmunks\" width=\"525\" height=\"295\" src=\"https:\/\/www.youtube.com\/embed\/5RhFASrawv4?feature=oembed\" frameborder=\"0\" allow=\"accelerometer; autoplay; clipboard-write; encrypted-media; gyroscope; picture-in-picture; web-share\" referrerpolicy=\"strict-origin-when-cross-origin\" allowfullscreen><\/iframe>\n<\/div><\/figure>\n","protected":false},"excerpt":{"rendered":"<p>Je suis venue \u00e0 Marseille pour \u00e9tudier et apprendre le m\u00e9tier de coiffeuse ou de cuisini\u00e8re dans un restaurant. Dans mon pays, je ne pouvais pas \u00e9tudier, parce que ma m\u00e8re est d\u00e9c\u00e9d\u00e9e quand j\u2019\u00e9tais toute petite, j\u2019avais deux petits fr\u00e8res et la deuxi\u00e8me femme de mon p\u00e8re ne voulait pas que j\u2019\u00e9tudie. Elle voulait &hellip; <\/p>\n<p class=\"link-more\"><a href=\"https:\/\/ramina.fr\/index.php\/2021\/11\/08\/parole-de-minotte-millimono\/\" class=\"more-link\">Continuer la lecture<span class=\"screen-reader-text\"> de &laquo;&nbsp;Parole de Minotte \ud83e\udd70 \ud83c\uddec\ud83c\uddf3 : Bonjour, je m\u2019appelle Millimono, j\u2019ai 17 ans et je viens de Guin\u00e9e Conakry.&nbsp;&raquo;<\/span><\/a><\/p>\n","protected":false},"author":3,"featured_media":0,"comment_status":"open","ping_status":"open","sticky":false,"template":"","format":"standard","meta":{"_jetpack_memberships_contains_paid_content":false,"footnotes":""},"categories":[13],"tags":[],"class_list":["post-1774","post","type-post","status-publish","format-standard","hentry","category-parole-de-minots-saison-3"],"yoast_head":"<!-- This site is optimized with the Yoast SEO plugin v25.1 - https:\/\/yoast.com\/wordpress\/plugins\/seo\/ -->\n<title>Parole de Minotte \ud83e\udd70 \ud83c\uddec\ud83c\uddf3 : Bonjour, je m\u2019appelle Millimono, j\u2019ai 17 ans et je viens de Guin\u00e9e Conakry. | RAMINA<\/title>\n<meta name=\"robots\" content=\"noindex, follow\" \/>\n<meta property=\"og:locale\" content=\"fr_FR\" \/>\n<meta property=\"og:type\" content=\"article\" \/>\n<meta property=\"og:title\" content=\"Parole de Minotte \ud83e\udd70 \ud83c\uddec\ud83c\uddf3 : Bonjour, je m\u2019appelle Millimono, j\u2019ai 17 ans et je viens de Guin\u00e9e Conakry. | RAMINA\" \/>\n<meta property=\"og:description\" content=\"Je suis venue \u00e0 Marseille pour \u00e9tudier et apprendre le m\u00e9tier de coiffeuse ou de cuisini\u00e8re dans un restaurant. Dans mon pays, je ne pouvais pas \u00e9tudier, parce que ma m\u00e8re est d\u00e9c\u00e9d\u00e9e quand j\u2019\u00e9tais toute petite, j\u2019avais deux petits fr\u00e8res et la deuxi\u00e8me femme de mon p\u00e8re ne voulait pas que j\u2019\u00e9tudie. Elle voulait &hellip; Continuer la lecture de &laquo;&nbsp;Parole de Minotte \ud83e\udd70 \ud83c\uddec\ud83c\uddf3 : Bonjour, je m\u2019appelle Millimono, j\u2019ai 17 ans et je viens de Guin\u00e9e Conakry.&nbsp;&raquo;\" \/>\n<meta property=\"og:url\" content=\"https:\/\/ramina.fr\/index.php\/2021\/11\/08\/parole-de-minotte-millimono\/\" \/>\n<meta property=\"og:site_name\" content=\"RAMINA\" \/>\n<meta property=\"article:publisher\" content=\"https:\/\/www.facebook.com\/contact.ramina\/\" \/>\n<meta property=\"article:published_time\" content=\"2021-11-08T12:43:09+00:00\" \/>\n<meta property=\"article:modified_time\" content=\"2021-11-08T12:43:53+00:00\" \/>\n<meta property=\"og:image\" content=\"https:\/\/ramina.fr\/wp-content\/uploads\/2025\/02\/ramina-image-mise-avant-wordpress.jpg\" \/>\n\t<meta property=\"og:image:width\" content=\"1200\" \/>\n\t<meta property=\"og:image:height\" content=\"675\" \/>\n\t<meta property=\"og:image:type\" content=\"image\/jpeg\" \/>\n<meta name=\"author\" content=\"Ramina R\u00e9seau\" \/>\n<meta name=\"twitter:card\" content=\"summary_large_image\" \/>\n<meta name=\"twitter:label1\" content=\"\u00c9crit par\" \/>\n\t<meta name=\"twitter:data1\" content=\"Ramina R\u00e9seau\" \/>\n\t<meta name=\"twitter:label2\" content=\"Dur\u00e9e de lecture estim\u00e9e\" \/>\n\t<meta name=\"twitter:data2\" content=\"2 minutes\" \/>\n<script type=\"application\/ld+json\" class=\"yoast-schema-graph\">{\"@context\":\"https:\/\/schema.org\",\"@graph\":[{\"@type\":\"Article\",\"@id\":\"https:\/\/ramina.fr\/index.php\/2021\/11\/08\/parole-de-minotte-millimono\/#article\",\"isPartOf\":{\"@id\":\"https:\/\/ramina.fr\/index.php\/2021\/11\/08\/parole-de-minotte-millimono\/\"},\"author\":{\"name\":\"Ramina R\u00e9seau\",\"@id\":\"https:\/\/ramina.fr\/#\/schema\/person\/60afb851da2c0c7b9e173324b84144d5\"},\"headline\":\"Parole de Minotte \ud83e\udd70 \ud83c\uddec\ud83c\uddf3 : Bonjour, je m\u2019appelle Millimono, j\u2019ai 17 ans et je viens de Guin\u00e9e Conakry.\",\"datePublished\":\"2021-11-08T12:43:09+00:00\",\"dateModified\":\"2021-11-08T12:43:53+00:00\",\"mainEntityOfPage\":{\"@id\":\"https:\/\/ramina.fr\/index.php\/2021\/11\/08\/parole-de-minotte-millimono\/\"},\"wordCount\":426,\"commentCount\":0,\"publisher\":{\"@id\":\"https:\/\/ramina.fr\/#organization\"},\"articleSection\":[\"Parole de Minots Saison 3\"],\"inLanguage\":\"fr-FR\",\"potentialAction\":[{\"@type\":\"CommentAction\",\"name\":\"Comment\",\"target\":[\"https:\/\/ramina.fr\/index.php\/2021\/11\/08\/parole-de-minotte-millimono\/#respond\"]}]},{\"@type\":\"WebPage\",\"@id\":\"https:\/\/ramina.fr\/index.php\/2021\/11\/08\/parole-de-minotte-millimono\/\",\"url\":\"https:\/\/ramina.fr\/index.php\/2021\/11\/08\/parole-de-minotte-millimono\/\",\"name\":\"Parole de Minotte \ud83e\udd70 \ud83c\uddec\ud83c\uddf3 : Bonjour, je m\u2019appelle Millimono, j\u2019ai 17 ans et je viens de Guin\u00e9e Conakry. | RAMINA\",\"isPartOf\":{\"@id\":\"https:\/\/ramina.fr\/#website\"},\"datePublished\":\"2021-11-08T12:43:09+00:00\",\"dateModified\":\"2021-11-08T12:43:53+00:00\",\"breadcrumb\":{\"@id\":\"https:\/\/ramina.fr\/index.php\/2021\/11\/08\/parole-de-minotte-millimono\/#breadcrumb\"},\"inLanguage\":\"fr-FR\",\"potentialAction\":[{\"@type\":\"ReadAction\",\"target\":[\"https:\/\/ramina.fr\/index.php\/2021\/11\/08\/parole-de-minotte-millimono\/\"]}]},{\"@type\":\"BreadcrumbList\",\"@id\":\"https:\/\/ramina.fr\/index.php\/2021\/11\/08\/parole-de-minotte-millimono\/#breadcrumb\",\"itemListElement\":[{\"@type\":\"ListItem\",\"position\":1,\"name\":\"Accueil\",\"item\":\"https:\/\/ramina.fr\/\"},{\"@type\":\"ListItem\",\"position\":2,\"name\":\"Parole de Minotte \ud83e\udd70 \ud83c\uddec\ud83c\uddf3 : Bonjour, je m\u2019appelle Millimono, j\u2019ai 17 ans et je viens de Guin\u00e9e Conakry.\"}]},{\"@type\":\"WebSite\",\"@id\":\"https:\/\/ramina.fr\/#website\",\"url\":\"https:\/\/ramina.fr\/\",\"name\":\"RAMINA\",\"description\":\"R\u00e9seau d\u2019Accueil des Minot.es Non Accompagn\u00e9s\",\"publisher\":{\"@id\":\"https:\/\/ramina.fr\/#organization\"},\"alternateName\":\"R\u00e9seau d'accueil Solidaire des Minots Non Accompagn\u00e9s\",\"potentialAction\":[{\"@type\":\"SearchAction\",\"target\":{\"@type\":\"EntryPoint\",\"urlTemplate\":\"https:\/\/ramina.fr\/?s={search_term_string}\"},\"query-input\":{\"@type\":\"PropertyValueSpecification\",\"valueRequired\":true,\"valueName\":\"search_term_string\"}}],\"inLanguage\":\"fr-FR\"},{\"@type\":\"Organization\",\"@id\":\"https:\/\/ramina.fr\/#organization\",\"name\":\"RAMINA\",\"alternateName\":\"R\u00e9seau d' Accueil des Minots Non Accompagn\u00e9s\",\"url\":\"https:\/\/ramina.fr\/\",\"logo\":{\"@type\":\"ImageObject\",\"inLanguage\":\"fr-FR\",\"@id\":\"https:\/\/ramina.fr\/#\/schema\/logo\/image\/\",\"url\":\"https:\/\/ramina.fr\/wp-content\/uploads\/2025\/02\/LOGO_RAMINA_NOIR_VERTICAL.png\",\"contentUrl\":\"https:\/\/ramina.fr\/wp-content\/uploads\/2025\/02\/LOGO_RAMINA_NOIR_VERTICAL.png\",\"width\":1654,\"height\":1418,\"caption\":\"RAMINA\"},\"image\":{\"@id\":\"https:\/\/ramina.fr\/#\/schema\/logo\/image\/\"},\"sameAs\":[\"https:\/\/www.facebook.com\/contact.ramina\/\",\"https:\/\/www.instagram.com\/ramina_marseille\/\"]},{\"@type\":\"Person\",\"@id\":\"https:\/\/ramina.fr\/#\/schema\/person\/60afb851da2c0c7b9e173324b84144d5\",\"name\":\"Ramina R\u00e9seau\",\"image\":{\"@type\":\"ImageObject\",\"inLanguage\":\"fr-FR\",\"@id\":\"https:\/\/ramina.fr\/#\/schema\/person\/image\/\",\"url\":\"https:\/\/secure.gravatar.com\/avatar\/5985aef3267ffd44adcd4562d2752e99?s=96&d=mm&r=g\",\"contentUrl\":\"https:\/\/secure.gravatar.com\/avatar\/5985aef3267ffd44adcd4562d2752e99?s=96&d=mm&r=g\",\"caption\":\"Ramina R\u00e9seau\"}}]}<\/script>\n<!-- \/ Yoast SEO plugin. -->","yoast_head_json":{"title":"Parole de Minotte \ud83e\udd70 \ud83c\uddec\ud83c\uddf3 : Bonjour, je m\u2019appelle Millimono, j\u2019ai 17 ans et je viens de Guin\u00e9e Conakry. | RAMINA","robots":{"index":"noindex","follow":"follow"},"og_locale":"fr_FR","og_type":"article","og_title":"Parole de Minotte \ud83e\udd70 \ud83c\uddec\ud83c\uddf3 : Bonjour, je m\u2019appelle Millimono, j\u2019ai 17 ans et je viens de Guin\u00e9e Conakry. | RAMINA","og_description":"Je suis venue \u00e0 Marseille pour \u00e9tudier et apprendre le m\u00e9tier de coiffeuse ou de cuisini\u00e8re dans un restaurant. Dans mon pays, je ne pouvais pas \u00e9tudier, parce que ma m\u00e8re est d\u00e9c\u00e9d\u00e9e quand j\u2019\u00e9tais toute petite, j\u2019avais deux petits fr\u00e8res et la deuxi\u00e8me femme de mon p\u00e8re ne voulait pas que j\u2019\u00e9tudie. Elle voulait &hellip; Continuer la lecture de &laquo;&nbsp;Parole de Minotte \ud83e\udd70 \ud83c\uddec\ud83c\uddf3 : Bonjour, je m\u2019appelle Millimono, j\u2019ai 17 ans et je viens de Guin\u00e9e Conakry.&nbsp;&raquo;","og_url":"https:\/\/ramina.fr\/index.php\/2021\/11\/08\/parole-de-minotte-millimono\/","og_site_name":"RAMINA","article_publisher":"https:\/\/www.facebook.com\/contact.ramina\/","article_published_time":"2021-11-08T12:43:09+00:00","article_modified_time":"2021-11-08T12:43:53+00:00","og_image":[{"width":1200,"height":675,"url":"https:\/\/ramina.fr\/wp-content\/uploads\/2025\/02\/ramina-image-mise-avant-wordpress.jpg","type":"image\/jpeg"}],"author":"Ramina R\u00e9seau","twitter_card":"summary_large_image","twitter_misc":{"\u00c9crit par":"Ramina R\u00e9seau","Dur\u00e9e de lecture estim\u00e9e":"2 minutes"},"schema":{"@context":"https:\/\/schema.org","@graph":[{"@type":"Article","@id":"https:\/\/ramina.fr\/index.php\/2021\/11\/08\/parole-de-minotte-millimono\/#article","isPartOf":{"@id":"https:\/\/ramina.fr\/index.php\/2021\/11\/08\/parole-de-minotte-millimono\/"},"author":{"name":"Ramina R\u00e9seau","@id":"https:\/\/ramina.fr\/#\/schema\/person\/60afb851da2c0c7b9e173324b84144d5"},"headline":"Parole de Minotte \ud83e\udd70 \ud83c\uddec\ud83c\uddf3 : Bonjour, je m\u2019appelle Millimono, j\u2019ai 17 ans et je viens de Guin\u00e9e Conakry.","datePublished":"2021-11-08T12:43:09+00:00","dateModified":"2021-11-08T12:43:53+00:00","mainEntityOfPage":{"@id":"https:\/\/ramina.fr\/index.php\/2021\/11\/08\/parole-de-minotte-millimono\/"},"wordCount":426,"commentCount":0,"publisher":{"@id":"https:\/\/ramina.fr\/#organization"},"articleSection":["Parole de Minots Saison 3"],"inLanguage":"fr-FR","potentialAction":[{"@type":"CommentAction","name":"Comment","target":["https:\/\/ramina.fr\/index.php\/2021\/11\/08\/parole-de-minotte-millimono\/#respond"]}]},{"@type":"WebPage","@id":"https:\/\/ramina.fr\/index.php\/2021\/11\/08\/parole-de-minotte-millimono\/","url":"https:\/\/ramina.fr\/index.php\/2021\/11\/08\/parole-de-minotte-millimono\/","name":"Parole de Minotte \ud83e\udd70 \ud83c\uddec\ud83c\uddf3 : Bonjour, je m\u2019appelle Millimono, j\u2019ai 17 ans et je viens de Guin\u00e9e Conakry. | RAMINA","isPartOf":{"@id":"https:\/\/ramina.fr\/#website"},"datePublished":"2021-11-08T12:43:09+00:00","dateModified":"2021-11-08T12:43:53+00:00","breadcrumb":{"@id":"https:\/\/ramina.fr\/index.php\/2021\/11\/08\/parole-de-minotte-millimono\/#breadcrumb"},"inLanguage":"fr-FR","potentialAction":[{"@type":"ReadAction","target":["https:\/\/ramina.fr\/index.php\/2021\/11\/08\/parole-de-minotte-millimono\/"]}]},{"@type":"BreadcrumbList","@id":"https:\/\/ramina.fr\/index.php\/2021\/11\/08\/parole-de-minotte-millimono\/#breadcrumb","itemListElement":[{"@type":"ListItem","position":1,"name":"Accueil","item":"https:\/\/ramina.fr\/"},{"@type":"ListItem","position":2,"name":"Parole de Minotte \ud83e\udd70 \ud83c\uddec\ud83c\uddf3 : Bonjour, je m\u2019appelle Millimono, j\u2019ai 17 ans et je viens de Guin\u00e9e Conakry."}]},{"@type":"WebSite","@id":"https:\/\/ramina.fr\/#website","url":"https:\/\/ramina.fr\/","name":"RAMINA","description":"R\u00e9seau d\u2019Accueil des Minot.es Non Accompagn\u00e9s","publisher":{"@id":"https:\/\/ramina.fr\/#organization"},"alternateName":"R\u00e9seau d'accueil Solidaire des Minots Non Accompagn\u00e9s","potentialAction":[{"@type":"SearchAction","target":{"@type":"EntryPoint","urlTemplate":"https:\/\/ramina.fr\/?s={search_term_string}"},"query-input":{"@type":"PropertyValueSpecification","valueRequired":true,"valueName":"search_term_string"}}],"inLanguage":"fr-FR"},{"@type":"Organization","@id":"https:\/\/ramina.fr\/#organization","name":"RAMINA","alternateName":"R\u00e9seau d' Accueil des Minots Non Accompagn\u00e9s","url":"https:\/\/ramina.fr\/","logo":{"@type":"ImageObject","inLanguage":"fr-FR","@id":"https:\/\/ramina.fr\/#\/schema\/logo\/image\/","url":"https:\/\/ramina.fr\/wp-content\/uploads\/2025\/02\/LOGO_RAMINA_NOIR_VERTICAL.png","contentUrl":"https:\/\/ramina.fr\/wp-content\/uploads\/2025\/02\/LOGO_RAMINA_NOIR_VERTICAL.png","width":1654,"height":1418,"caption":"RAMINA"},"image":{"@id":"https:\/\/ramina.fr\/#\/schema\/logo\/image\/"},"sameAs":["https:\/\/www.facebook.com\/contact.ramina\/","https:\/\/www.instagram.com\/ramina_marseille\/"]},{"@type":"Person","@id":"https:\/\/ramina.fr\/#\/schema\/person\/60afb851da2c0c7b9e173324b84144d5","name":"Ramina R\u00e9seau","image":{"@type":"ImageObject","inLanguage":"fr-FR","@id":"https:\/\/ramina.fr\/#\/schema\/person\/image\/","url":"https:\/\/secure.gravatar.com\/avatar\/5985aef3267ffd44adcd4562d2752e99?s=96&d=mm&r=g","contentUrl":"https:\/\/secure.gravatar.com\/avatar\/5985aef3267ffd44adcd4562d2752e99?s=96&d=mm&r=g","caption":"Ramina R\u00e9seau"}}]}},"jetpack_featured_media_url":"","jetpack_sharing_enabled":true,"_links":{"self":[{"href":"https:\/\/ramina.fr\/index.php\/wp-json\/wp\/v2\/posts\/1774","targetHints":{"allow":["GET"]}}],"collection":[{"href":"https:\/\/ramina.fr\/index.php\/wp-json\/wp\/v2\/posts"}],"about":[{"href":"https:\/\/ramina.fr\/index.php\/wp-json\/wp\/v2\/types\/post"}],"author":[{"embeddable":true,"href":"https:\/\/ramina.fr\/index.php\/wp-json\/wp\/v2\/users\/3"}],"replies":[{"embeddable":true,"href":"https:\/\/ramina.fr\/index.php\/wp-json\/wp\/v2\/comments?post=1774"}],"version-history":[{"count":1,"href":"https:\/\/ramina.fr\/index.php\/wp-json\/wp\/v2\/posts\/1774\/revisions"}],"predecessor-version":[{"id":1775,"href":"https:\/\/ramina.fr\/index.php\/wp-json\/wp\/v2\/posts\/1774\/revisions\/1775"}],"wp:attachment":[{"href":"https:\/\/ramina.fr\/index.php\/wp-json\/wp\/v2\/media?parent=1774"}],"wp:term":[{"taxonomy":"category","embeddable":true,"href":"https:\/\/ramina.fr\/index.php\/wp-json\/wp\/v2\/categories?post=1774"},{"taxonomy":"post_tag","embeddable":true,"href":"https:\/\/ramina.fr\/index.php\/wp-json\/wp\/v2\/tags?post=1774"}],"curies":[{"name":"wp","href":"https:\/\/api.w.org\/{rel}","templated":true}]}}