{"id":1749,"date":"2021-10-11T14:45:49","date_gmt":"2021-10-11T12:45:49","guid":{"rendered":"http:\/\/ramina.fr\/?p=1749"},"modified":"2021-10-11T14:46:12","modified_gmt":"2021-10-11T12:46:12","slug":"slam-de-minot","status":"publish","type":"post","link":"https:\/\/ramina.fr\/index.php\/2021\/10\/11\/slam-de-minot\/","title":{"rendered":"Slam de Minot \ud83d\ude42\u2764\ufe0f\ud83c\udf99"},"content":{"rendered":"\n<p> Salut, je suis Yaya Hakim, j\u2019ai 18 ans et j\u2019ai re\u00e7u ma carte de s\u00e9jour pour un an. J\u2019ai actuellement un patron et pr\u00e9c\u00e9demment vous m\u2019avez connu avec les paroles de minot en tant que Issa. <\/p>\n\n\n\n<p>Je voulais ici simplement vous pr\u00e9senter le slam que j\u2019ai fait l\u2019ann\u00e9e derni\u00e8re et j\u2019ai besoin aussi de vos soutiens. Je vous remercie.<\/p>\n\n\n\n<p>\u270c\ufe0f Rdv vendredi pour une nouvelle parole de minot. Partagez, likez, boul\u00e9guez \u270c\ufe0f<\/p>\n\n\n\n<figure class=\"wp-block-embed is-type-video is-provider-youtube wp-block-embed-youtube wp-embed-aspect-4-3 wp-has-aspect-ratio\"><div class=\"wp-block-embed__wrapper\">\n<iframe title=\"Slam de Minot - Le temps de partir - Yaya Hakim, le po\u00e8te noir.\" width=\"525\" height=\"394\" src=\"https:\/\/www.youtube.com\/embed\/xa-bFu1qM6A?start=18&#038;feature=oembed\" frameborder=\"0\" allow=\"accelerometer; autoplay; clipboard-write; encrypted-media; gyroscope; picture-in-picture; web-share\" referrerpolicy=\"strict-origin-when-cross-origin\" allowfullscreen><\/iframe>\n<\/div><\/figure>\n","protected":false},"excerpt":{"rendered":"<p>Salut, je suis Yaya Hakim, j\u2019ai 18 ans et j\u2019ai re\u00e7u ma carte de s\u00e9jour pour un an. J\u2019ai actuellement un patron et pr\u00e9c\u00e9demment vous m\u2019avez connu avec les paroles de minot en tant que Issa. Je voulais ici simplement vous pr\u00e9senter le slam que j\u2019ai fait l\u2019ann\u00e9e derni\u00e8re et j\u2019ai besoin aussi de vos &hellip; <\/p>\n<p class=\"link-more\"><a href=\"https:\/\/ramina.fr\/index.php\/2021\/10\/11\/slam-de-minot\/\" class=\"more-link\">Continuer la lecture<span class=\"screen-reader-text\"> de &laquo;&nbsp;Slam de Minot \ud83d\ude42\u2764\ufe0f\ud83c\udf99&nbsp;&raquo;<\/span><\/a><\/p>\n","protected":false},"author":3,"featured_media":0,"comment_status":"open","ping_status":"open","sticky":false,"template":"","format":"standard","meta":{"_jetpack_memberships_contains_paid_content":false,"footnotes":""},"categories":[13],"tags":[],"class_list":["post-1749","post","type-post","status-publish","format-standard","hentry","category-parole-de-minots-saison-3"],"yoast_head":"<!-- This site is optimized with the Yoast SEO plugin v25.1 - https:\/\/yoast.com\/wordpress\/plugins\/seo\/ -->\n<title>Slam de Minot \ud83d\ude42\u2764\ufe0f\ud83c\udf99 | RAMINA<\/title>\n<meta name=\"robots\" content=\"noindex, follow\" \/>\n<meta property=\"og:locale\" content=\"fr_FR\" \/>\n<meta property=\"og:type\" content=\"article\" \/>\n<meta property=\"og:title\" content=\"Slam de Minot \ud83d\ude42\u2764\ufe0f\ud83c\udf99 | RAMINA\" \/>\n<meta property=\"og:description\" content=\"Salut, je suis Yaya Hakim, j\u2019ai 18 ans et j\u2019ai re\u00e7u ma carte de s\u00e9jour pour un an. J\u2019ai actuellement un patron et pr\u00e9c\u00e9demment vous m\u2019avez connu avec les paroles de minot en tant que Issa. Je voulais ici simplement vous pr\u00e9senter le slam que j\u2019ai fait l\u2019ann\u00e9e derni\u00e8re et j\u2019ai besoin aussi de vos &hellip; Continuer la lecture de &laquo;&nbsp;Slam de Minot \ud83d\ude42\u2764\ufe0f\ud83c\udf99&nbsp;&raquo;\" \/>\n<meta property=\"og:url\" content=\"https:\/\/ramina.fr\/index.php\/2021\/10\/11\/slam-de-minot\/\" \/>\n<meta property=\"og:site_name\" content=\"RAMINA\" \/>\n<meta property=\"article:publisher\" content=\"https:\/\/www.facebook.com\/contact.ramina\/\" \/>\n<meta property=\"article:published_time\" content=\"2021-10-11T12:45:49+00:00\" \/>\n<meta property=\"article:modified_time\" content=\"2021-10-11T12:46:12+00:00\" \/>\n<meta property=\"og:image\" content=\"https:\/\/ramina.fr\/wp-content\/uploads\/2025\/02\/ramina-image-mise-avant-wordpress.jpg\" \/>\n\t<meta property=\"og:image:width\" content=\"1200\" \/>\n\t<meta property=\"og:image:height\" content=\"675\" \/>\n\t<meta property=\"og:image:type\" content=\"image\/jpeg\" \/>\n<meta name=\"author\" content=\"Ramina R\u00e9seau\" \/>\n<meta name=\"twitter:card\" content=\"summary_large_image\" \/>\n<meta name=\"twitter:label1\" content=\"\u00c9crit par\" \/>\n\t<meta name=\"twitter:data1\" content=\"Ramina R\u00e9seau\" \/>\n<script type=\"application\/ld+json\" class=\"yoast-schema-graph\">{\"@context\":\"https:\/\/schema.org\",\"@graph\":[{\"@type\":\"Article\",\"@id\":\"https:\/\/ramina.fr\/index.php\/2021\/10\/11\/slam-de-minot\/#article\",\"isPartOf\":{\"@id\":\"https:\/\/ramina.fr\/index.php\/2021\/10\/11\/slam-de-minot\/\"},\"author\":{\"name\":\"Ramina R\u00e9seau\",\"@id\":\"https:\/\/ramina.fr\/#\/schema\/person\/60afb851da2c0c7b9e173324b84144d5\"},\"headline\":\"Slam de Minot \ud83d\ude42\u2764\ufe0f\ud83c\udf99\",\"datePublished\":\"2021-10-11T12:45:49+00:00\",\"dateModified\":\"2021-10-11T12:46:12+00:00\",\"mainEntityOfPage\":{\"@id\":\"https:\/\/ramina.fr\/index.php\/2021\/10\/11\/slam-de-minot\/\"},\"wordCount\":99,\"commentCount\":0,\"publisher\":{\"@id\":\"https:\/\/ramina.fr\/#organization\"},\"articleSection\":[\"Parole de Minots Saison 3\"],\"inLanguage\":\"fr-FR\",\"potentialAction\":[{\"@type\":\"CommentAction\",\"name\":\"Comment\",\"target\":[\"https:\/\/ramina.fr\/index.php\/2021\/10\/11\/slam-de-minot\/#respond\"]}]},{\"@type\":\"WebPage\",\"@id\":\"https:\/\/ramina.fr\/index.php\/2021\/10\/11\/slam-de-minot\/\",\"url\":\"https:\/\/ramina.fr\/index.php\/2021\/10\/11\/slam-de-minot\/\",\"name\":\"Slam de Minot \ud83d\ude42\u2764\ufe0f\ud83c\udf99 | RAMINA\",\"isPartOf\":{\"@id\":\"https:\/\/ramina.fr\/#website\"},\"datePublished\":\"2021-10-11T12:45:49+00:00\",\"dateModified\":\"2021-10-11T12:46:12+00:00\",\"breadcrumb\":{\"@id\":\"https:\/\/ramina.fr\/index.php\/2021\/10\/11\/slam-de-minot\/#breadcrumb\"},\"inLanguage\":\"fr-FR\",\"potentialAction\":[{\"@type\":\"ReadAction\",\"target\":[\"https:\/\/ramina.fr\/index.php\/2021\/10\/11\/slam-de-minot\/\"]}]},{\"@type\":\"BreadcrumbList\",\"@id\":\"https:\/\/ramina.fr\/index.php\/2021\/10\/11\/slam-de-minot\/#breadcrumb\",\"itemListElement\":[{\"@type\":\"ListItem\",\"position\":1,\"name\":\"Accueil\",\"item\":\"https:\/\/ramina.fr\/\"},{\"@type\":\"ListItem\",\"position\":2,\"name\":\"Slam de Minot \ud83d\ude42\u2764\ufe0f\ud83c\udf99\"}]},{\"@type\":\"WebSite\",\"@id\":\"https:\/\/ramina.fr\/#website\",\"url\":\"https:\/\/ramina.fr\/\",\"name\":\"RAMINA\",\"description\":\"R\u00e9seau d\u2019Accueil des Minot.es Non Accompagn\u00e9s\",\"publisher\":{\"@id\":\"https:\/\/ramina.fr\/#organization\"},\"alternateName\":\"R\u00e9seau d'accueil Solidaire des Minots Non Accompagn\u00e9s\",\"potentialAction\":[{\"@type\":\"SearchAction\",\"target\":{\"@type\":\"EntryPoint\",\"urlTemplate\":\"https:\/\/ramina.fr\/?s={search_term_string}\"},\"query-input\":{\"@type\":\"PropertyValueSpecification\",\"valueRequired\":true,\"valueName\":\"search_term_string\"}}],\"inLanguage\":\"fr-FR\"},{\"@type\":\"Organization\",\"@id\":\"https:\/\/ramina.fr\/#organization\",\"name\":\"RAMINA\",\"alternateName\":\"R\u00e9seau d' Accueil des Minots Non Accompagn\u00e9s\",\"url\":\"https:\/\/ramina.fr\/\",\"logo\":{\"@type\":\"ImageObject\",\"inLanguage\":\"fr-FR\",\"@id\":\"https:\/\/ramina.fr\/#\/schema\/logo\/image\/\",\"url\":\"https:\/\/ramina.fr\/wp-content\/uploads\/2025\/02\/LOGO_RAMINA_NOIR_VERTICAL.png\",\"contentUrl\":\"https:\/\/ramina.fr\/wp-content\/uploads\/2025\/02\/LOGO_RAMINA_NOIR_VERTICAL.png\",\"width\":1654,\"height\":1418,\"caption\":\"RAMINA\"},\"image\":{\"@id\":\"https:\/\/ramina.fr\/#\/schema\/logo\/image\/\"},\"sameAs\":[\"https:\/\/www.facebook.com\/contact.ramina\/\",\"https:\/\/www.instagram.com\/ramina_marseille\/\"]},{\"@type\":\"Person\",\"@id\":\"https:\/\/ramina.fr\/#\/schema\/person\/60afb851da2c0c7b9e173324b84144d5\",\"name\":\"Ramina R\u00e9seau\",\"image\":{\"@type\":\"ImageObject\",\"inLanguage\":\"fr-FR\",\"@id\":\"https:\/\/ramina.fr\/#\/schema\/person\/image\/\",\"url\":\"https:\/\/secure.gravatar.com\/avatar\/5985aef3267ffd44adcd4562d2752e99?s=96&d=mm&r=g\",\"contentUrl\":\"https:\/\/secure.gravatar.com\/avatar\/5985aef3267ffd44adcd4562d2752e99?s=96&d=mm&r=g\",\"caption\":\"Ramina R\u00e9seau\"}}]}<\/script>\n<!-- \/ Yoast SEO plugin. -->","yoast_head_json":{"title":"Slam de Minot \ud83d\ude42\u2764\ufe0f\ud83c\udf99 | RAMINA","robots":{"index":"noindex","follow":"follow"},"og_locale":"fr_FR","og_type":"article","og_title":"Slam de Minot \ud83d\ude42\u2764\ufe0f\ud83c\udf99 | RAMINA","og_description":"Salut, je suis Yaya Hakim, j\u2019ai 18 ans et j\u2019ai re\u00e7u ma carte de s\u00e9jour pour un an. J\u2019ai actuellement un patron et pr\u00e9c\u00e9demment vous m\u2019avez connu avec les paroles de minot en tant que Issa. Je voulais ici simplement vous pr\u00e9senter le slam que j\u2019ai fait l\u2019ann\u00e9e derni\u00e8re et j\u2019ai besoin aussi de vos &hellip; Continuer la lecture de &laquo;&nbsp;Slam de Minot \ud83d\ude42\u2764\ufe0f\ud83c\udf99&nbsp;&raquo;","og_url":"https:\/\/ramina.fr\/index.php\/2021\/10\/11\/slam-de-minot\/","og_site_name":"RAMINA","article_publisher":"https:\/\/www.facebook.com\/contact.ramina\/","article_published_time":"2021-10-11T12:45:49+00:00","article_modified_time":"2021-10-11T12:46:12+00:00","og_image":[{"width":1200,"height":675,"url":"https:\/\/ramina.fr\/wp-content\/uploads\/2025\/02\/ramina-image-mise-avant-wordpress.jpg","type":"image\/jpeg"}],"author":"Ramina R\u00e9seau","twitter_card":"summary_large_image","twitter_misc":{"\u00c9crit par":"Ramina R\u00e9seau"},"schema":{"@context":"https:\/\/schema.org","@graph":[{"@type":"Article","@id":"https:\/\/ramina.fr\/index.php\/2021\/10\/11\/slam-de-minot\/#article","isPartOf":{"@id":"https:\/\/ramina.fr\/index.php\/2021\/10\/11\/slam-de-minot\/"},"author":{"name":"Ramina R\u00e9seau","@id":"https:\/\/ramina.fr\/#\/schema\/person\/60afb851da2c0c7b9e173324b84144d5"},"headline":"Slam de Minot \ud83d\ude42\u2764\ufe0f\ud83c\udf99","datePublished":"2021-10-11T12:45:49+00:00","dateModified":"2021-10-11T12:46:12+00:00","mainEntityOfPage":{"@id":"https:\/\/ramina.fr\/index.php\/2021\/10\/11\/slam-de-minot\/"},"wordCount":99,"commentCount":0,"publisher":{"@id":"https:\/\/ramina.fr\/#organization"},"articleSection":["Parole de Minots Saison 3"],"inLanguage":"fr-FR","potentialAction":[{"@type":"CommentAction","name":"Comment","target":["https:\/\/ramina.fr\/index.php\/2021\/10\/11\/slam-de-minot\/#respond"]}]},{"@type":"WebPage","@id":"https:\/\/ramina.fr\/index.php\/2021\/10\/11\/slam-de-minot\/","url":"https:\/\/ramina.fr\/index.php\/2021\/10\/11\/slam-de-minot\/","name":"Slam de Minot \ud83d\ude42\u2764\ufe0f\ud83c\udf99 | RAMINA","isPartOf":{"@id":"https:\/\/ramina.fr\/#website"},"datePublished":"2021-10-11T12:45:49+00:00","dateModified":"2021-10-11T12:46:12+00:00","breadcrumb":{"@id":"https:\/\/ramina.fr\/index.php\/2021\/10\/11\/slam-de-minot\/#breadcrumb"},"inLanguage":"fr-FR","potentialAction":[{"@type":"ReadAction","target":["https:\/\/ramina.fr\/index.php\/2021\/10\/11\/slam-de-minot\/"]}]},{"@type":"BreadcrumbList","@id":"https:\/\/ramina.fr\/index.php\/2021\/10\/11\/slam-de-minot\/#breadcrumb","itemListElement":[{"@type":"ListItem","position":1,"name":"Accueil","item":"https:\/\/ramina.fr\/"},{"@type":"ListItem","position":2,"name":"Slam de Minot \ud83d\ude42\u2764\ufe0f\ud83c\udf99"}]},{"@type":"WebSite","@id":"https:\/\/ramina.fr\/#website","url":"https:\/\/ramina.fr\/","name":"RAMINA","description":"R\u00e9seau d\u2019Accueil des Minot.es Non Accompagn\u00e9s","publisher":{"@id":"https:\/\/ramina.fr\/#organization"},"alternateName":"R\u00e9seau d'accueil Solidaire des Minots Non Accompagn\u00e9s","potentialAction":[{"@type":"SearchAction","target":{"@type":"EntryPoint","urlTemplate":"https:\/\/ramina.fr\/?s={search_term_string}"},"query-input":{"@type":"PropertyValueSpecification","valueRequired":true,"valueName":"search_term_string"}}],"inLanguage":"fr-FR"},{"@type":"Organization","@id":"https:\/\/ramina.fr\/#organization","name":"RAMINA","alternateName":"R\u00e9seau d' Accueil des Minots Non Accompagn\u00e9s","url":"https:\/\/ramina.fr\/","logo":{"@type":"ImageObject","inLanguage":"fr-FR","@id":"https:\/\/ramina.fr\/#\/schema\/logo\/image\/","url":"https:\/\/ramina.fr\/wp-content\/uploads\/2025\/02\/LOGO_RAMINA_NOIR_VERTICAL.png","contentUrl":"https:\/\/ramina.fr\/wp-content\/uploads\/2025\/02\/LOGO_RAMINA_NOIR_VERTICAL.png","width":1654,"height":1418,"caption":"RAMINA"},"image":{"@id":"https:\/\/ramina.fr\/#\/schema\/logo\/image\/"},"sameAs":["https:\/\/www.facebook.com\/contact.ramina\/","https:\/\/www.instagram.com\/ramina_marseille\/"]},{"@type":"Person","@id":"https:\/\/ramina.fr\/#\/schema\/person\/60afb851da2c0c7b9e173324b84144d5","name":"Ramina R\u00e9seau","image":{"@type":"ImageObject","inLanguage":"fr-FR","@id":"https:\/\/ramina.fr\/#\/schema\/person\/image\/","url":"https:\/\/secure.gravatar.com\/avatar\/5985aef3267ffd44adcd4562d2752e99?s=96&d=mm&r=g","contentUrl":"https:\/\/secure.gravatar.com\/avatar\/5985aef3267ffd44adcd4562d2752e99?s=96&d=mm&r=g","caption":"Ramina R\u00e9seau"}}]}},"jetpack_featured_media_url":"","jetpack_sharing_enabled":true,"_links":{"self":[{"href":"https:\/\/ramina.fr\/index.php\/wp-json\/wp\/v2\/posts\/1749","targetHints":{"allow":["GET"]}}],"collection":[{"href":"https:\/\/ramina.fr\/index.php\/wp-json\/wp\/v2\/posts"}],"about":[{"href":"https:\/\/ramina.fr\/index.php\/wp-json\/wp\/v2\/types\/post"}],"author":[{"embeddable":true,"href":"https:\/\/ramina.fr\/index.php\/wp-json\/wp\/v2\/users\/3"}],"replies":[{"embeddable":true,"href":"https:\/\/ramina.fr\/index.php\/wp-json\/wp\/v2\/comments?post=1749"}],"version-history":[{"count":1,"href":"https:\/\/ramina.fr\/index.php\/wp-json\/wp\/v2\/posts\/1749\/revisions"}],"predecessor-version":[{"id":1750,"href":"https:\/\/ramina.fr\/index.php\/wp-json\/wp\/v2\/posts\/1749\/revisions\/1750"}],"wp:attachment":[{"href":"https:\/\/ramina.fr\/index.php\/wp-json\/wp\/v2\/media?parent=1749"}],"wp:term":[{"taxonomy":"category","embeddable":true,"href":"https:\/\/ramina.fr\/index.php\/wp-json\/wp\/v2\/categories?post=1749"},{"taxonomy":"post_tag","embeddable":true,"href":"https:\/\/ramina.fr\/index.php\/wp-json\/wp\/v2\/tags?post=1749"}],"curies":[{"name":"wp","href":"https:\/\/api.w.org\/{rel}","templated":true}]}}