{"id":1623,"date":"2021-07-05T14:57:53","date_gmt":"2021-07-05T12:57:53","guid":{"rendered":"http:\/\/ramina.fr\/?p=1623"},"modified":"2021-07-05T14:59:23","modified_gmt":"2021-07-05T12:59:23","slug":"derniere-parole-2-minot-de-la-saison-2","status":"publish","type":"post","link":"https:\/\/ramina.fr\/index.php\/2021\/07\/05\/derniere-parole-2-minot-de-la-saison-2\/","title":{"rendered":"Derni\u00e8re Parole 2 Minot de la Saison 2 \u2764 \ud83d\udd4a \ufe0f"},"content":{"rendered":"\n<p><br>Bonjour, c&rsquo;est moi Peace. Je vais avoir bient\u00f4t 18 ans et je suis du Nigeria. <\/p>\n\n\n\n<p>\u00c7a fait plusieurs fois que je vous montre mes dessins. La premi\u00e8re fois il y a 2 ans et la derni\u00e8re fois pour no\u00ebl dernier avec Santa Claus qui avait le vaccin et un masque.<\/p>\n\n\n\n<p><br>Aujourd\u2019hui c&rsquo;est moi qui conclue cette saison des paroles de minots avec ce dessin. Cette ann\u00e9e, tout le monde a eu besoin de voir sa famille mais ce n&rsquo;\u00e9tait pas possible avec le confinement et toutes les r\u00e8gles. Mais maintenant, les gens peuvent aller rendre visite \u00e0 leur famille gr\u00e2ce au vaccin et on peut profiter !<\/p>\n\n\n\n<p><br>Merci \u00e0 vous.<\/p>\n\n\n\n<p><br>\u270c Retrouvez les paroles de minots pour une Saison 3 \u00e0 partir du mois de septembre et l&rsquo;int\u00e9gralit\u00e9 des 2 saisons sur notre site internet : https:\/\/ramina.fr\/. Partagez, likez, boul\u00e9guez votre \u00e9t\u00e9 \u270c<\/p>\n\n\n\n<figure class=\"wp-block-gallery columns-1 is-cropped wp-block-gallery-1 is-layout-flex wp-block-gallery-is-layout-flex\"><ul class=\"blocks-gallery-grid\"><li class=\"blocks-gallery-item\"><figure><img fetchpriority=\"high\" decoding=\"async\" width=\"724\" height=\"1024\" src=\"https:\/\/ramina.fr\/wp-content\/uploads\/2021\/07\/PEACE-PAROLE-DE-MINOT-RAMINA-MARSEILLE-724x1024.jpg\" alt=\"\" data-id=\"1624\" data-full-url=\"https:\/\/ramina.fr\/wp-content\/uploads\/2021\/07\/PEACE-PAROLE-DE-MINOT-RAMINA-MARSEILLE.jpg\" data-link=\"https:\/\/ramina.fr\/?attachment_id=1624\" class=\"wp-image-1624\" srcset=\"https:\/\/ramina.fr\/wp-content\/uploads\/2021\/07\/PEACE-PAROLE-DE-MINOT-RAMINA-MARSEILLE-724x1024.jpg 724w, https:\/\/ramina.fr\/wp-content\/uploads\/2021\/07\/PEACE-PAROLE-DE-MINOT-RAMINA-MARSEILLE-212x300.jpg 212w, https:\/\/ramina.fr\/wp-content\/uploads\/2021\/07\/PEACE-PAROLE-DE-MINOT-RAMINA-MARSEILLE-768x1086.jpg 768w, https:\/\/ramina.fr\/wp-content\/uploads\/2021\/07\/PEACE-PAROLE-DE-MINOT-RAMINA-MARSEILLE-1086x1536.jpg 1086w, https:\/\/ramina.fr\/wp-content\/uploads\/2021\/07\/PEACE-PAROLE-DE-MINOT-RAMINA-MARSEILLE-1448x2048.jpg 1448w, https:\/\/ramina.fr\/wp-content\/uploads\/2021\/07\/PEACE-PAROLE-DE-MINOT-RAMINA-MARSEILLE-1320x1867.jpg 1320w, https:\/\/ramina.fr\/wp-content\/uploads\/2021\/07\/PEACE-PAROLE-DE-MINOT-RAMINA-MARSEILLE.jpg 1654w\" sizes=\"(max-width: 724px) 100vw, 724px\" \/><\/figure><\/li><\/ul><\/figure>\n","protected":false},"excerpt":{"rendered":"<p>Bonjour, c&rsquo;est moi Peace. Je vais avoir bient\u00f4t 18 ans et je suis du Nigeria. \u00c7a fait plusieurs fois que je vous montre mes dessins. La premi\u00e8re fois il y a 2 ans et la derni\u00e8re fois pour no\u00ebl dernier avec Santa Claus qui avait le vaccin et un masque. Aujourd\u2019hui c&rsquo;est moi qui conclue &hellip; <\/p>\n<p class=\"link-more\"><a href=\"https:\/\/ramina.fr\/index.php\/2021\/07\/05\/derniere-parole-2-minot-de-la-saison-2\/\" class=\"more-link\">Continuer la lecture<span class=\"screen-reader-text\"> de &laquo;&nbsp;Derni\u00e8re Parole 2 Minot de la Saison 2 \u2764 \ud83d\udd4a \ufe0f&nbsp;&raquo;<\/span><\/a><\/p>\n","protected":false},"author":3,"featured_media":0,"comment_status":"open","ping_status":"open","sticky":false,"template":"","format":"standard","meta":{"_jetpack_memberships_contains_paid_content":false,"footnotes":""},"categories":[6],"tags":[],"class_list":["post-1623","post","type-post","status-publish","format-standard","hentry","category-paroledeminotsaison2"],"yoast_head":"<!-- This site is optimized with the Yoast SEO plugin v25.1 - https:\/\/yoast.com\/wordpress\/plugins\/seo\/ -->\n<title>Derni\u00e8re Parole 2 Minot de la Saison 2 \u2764 \ud83d\udd4a \ufe0f | RAMINA<\/title>\n<meta name=\"robots\" content=\"noindex, follow\" \/>\n<meta property=\"og:locale\" content=\"fr_FR\" \/>\n<meta property=\"og:type\" content=\"article\" \/>\n<meta property=\"og:title\" content=\"Derni\u00e8re Parole 2 Minot de la Saison 2 \u2764 \ud83d\udd4a \ufe0f | RAMINA\" \/>\n<meta property=\"og:description\" content=\"Bonjour, c&rsquo;est moi Peace. Je vais avoir bient\u00f4t 18 ans et je suis du Nigeria. \u00c7a fait plusieurs fois que je vous montre mes dessins. La premi\u00e8re fois il y a 2 ans et la derni\u00e8re fois pour no\u00ebl dernier avec Santa Claus qui avait le vaccin et un masque. Aujourd\u2019hui c&rsquo;est moi qui conclue &hellip; Continuer la lecture de &laquo;&nbsp;Derni\u00e8re Parole 2 Minot de la Saison 2 \u2764 \ud83d\udd4a \ufe0f&nbsp;&raquo;\" \/>\n<meta property=\"og:url\" content=\"https:\/\/ramina.fr\/index.php\/2021\/07\/05\/derniere-parole-2-minot-de-la-saison-2\/\" \/>\n<meta property=\"og:site_name\" content=\"RAMINA\" \/>\n<meta property=\"article:publisher\" content=\"https:\/\/www.facebook.com\/contact.ramina\/\" \/>\n<meta property=\"article:published_time\" content=\"2021-07-05T12:57:53+00:00\" \/>\n<meta property=\"article:modified_time\" content=\"2021-07-05T12:59:23+00:00\" \/>\n<meta property=\"og:image\" content=\"http:\/\/ramina.fr\/wp-content\/uploads\/2021\/07\/PEACE-PAROLE-DE-MINOT-RAMINA-MARSEILLE-724x1024.jpg\" \/>\n<meta name=\"author\" content=\"Ramina R\u00e9seau\" \/>\n<meta name=\"twitter:card\" content=\"summary_large_image\" \/>\n<meta name=\"twitter:label1\" content=\"\u00c9crit par\" \/>\n\t<meta name=\"twitter:data1\" content=\"Ramina R\u00e9seau\" \/>\n\t<meta name=\"twitter:label2\" content=\"Dur\u00e9e de lecture estim\u00e9e\" \/>\n\t<meta name=\"twitter:data2\" content=\"1 minute\" \/>\n<script type=\"application\/ld+json\" class=\"yoast-schema-graph\">{\"@context\":\"https:\/\/schema.org\",\"@graph\":[{\"@type\":\"Article\",\"@id\":\"https:\/\/ramina.fr\/index.php\/2021\/07\/05\/derniere-parole-2-minot-de-la-saison-2\/#article\",\"isPartOf\":{\"@id\":\"https:\/\/ramina.fr\/index.php\/2021\/07\/05\/derniere-parole-2-minot-de-la-saison-2\/\"},\"author\":{\"name\":\"Ramina R\u00e9seau\",\"@id\":\"https:\/\/ramina.fr\/#\/schema\/person\/60afb851da2c0c7b9e173324b84144d5\"},\"headline\":\"Derni\u00e8re Parole 2 Minot de la Saison 2 \u2764 \ud83d\udd4a \ufe0f\",\"datePublished\":\"2021-07-05T12:57:53+00:00\",\"dateModified\":\"2021-07-05T12:59:23+00:00\",\"mainEntityOfPage\":{\"@id\":\"https:\/\/ramina.fr\/index.php\/2021\/07\/05\/derniere-parole-2-minot-de-la-saison-2\/\"},\"wordCount\":152,\"commentCount\":0,\"publisher\":{\"@id\":\"https:\/\/ramina.fr\/#organization\"},\"image\":{\"@id\":\"https:\/\/ramina.fr\/index.php\/2021\/07\/05\/derniere-parole-2-minot-de-la-saison-2\/#primaryimage\"},\"thumbnailUrl\":\"http:\/\/ramina.fr\/wp-content\/uploads\/2021\/07\/PEACE-PAROLE-DE-MINOT-RAMINA-MARSEILLE-724x1024.jpg\",\"articleSection\":[\"Parole de Minots S2\"],\"inLanguage\":\"fr-FR\",\"potentialAction\":[{\"@type\":\"CommentAction\",\"name\":\"Comment\",\"target\":[\"https:\/\/ramina.fr\/index.php\/2021\/07\/05\/derniere-parole-2-minot-de-la-saison-2\/#respond\"]}]},{\"@type\":\"WebPage\",\"@id\":\"https:\/\/ramina.fr\/index.php\/2021\/07\/05\/derniere-parole-2-minot-de-la-saison-2\/\",\"url\":\"https:\/\/ramina.fr\/index.php\/2021\/07\/05\/derniere-parole-2-minot-de-la-saison-2\/\",\"name\":\"Derni\u00e8re Parole 2 Minot de la Saison 2 \u2764 \ud83d\udd4a \ufe0f | RAMINA\",\"isPartOf\":{\"@id\":\"https:\/\/ramina.fr\/#website\"},\"primaryImageOfPage\":{\"@id\":\"https:\/\/ramina.fr\/index.php\/2021\/07\/05\/derniere-parole-2-minot-de-la-saison-2\/#primaryimage\"},\"image\":{\"@id\":\"https:\/\/ramina.fr\/index.php\/2021\/07\/05\/derniere-parole-2-minot-de-la-saison-2\/#primaryimage\"},\"thumbnailUrl\":\"http:\/\/ramina.fr\/wp-content\/uploads\/2021\/07\/PEACE-PAROLE-DE-MINOT-RAMINA-MARSEILLE-724x1024.jpg\",\"datePublished\":\"2021-07-05T12:57:53+00:00\",\"dateModified\":\"2021-07-05T12:59:23+00:00\",\"breadcrumb\":{\"@id\":\"https:\/\/ramina.fr\/index.php\/2021\/07\/05\/derniere-parole-2-minot-de-la-saison-2\/#breadcrumb\"},\"inLanguage\":\"fr-FR\",\"potentialAction\":[{\"@type\":\"ReadAction\",\"target\":[\"https:\/\/ramina.fr\/index.php\/2021\/07\/05\/derniere-parole-2-minot-de-la-saison-2\/\"]}]},{\"@type\":\"ImageObject\",\"inLanguage\":\"fr-FR\",\"@id\":\"https:\/\/ramina.fr\/index.php\/2021\/07\/05\/derniere-parole-2-minot-de-la-saison-2\/#primaryimage\",\"url\":\"http:\/\/ramina.fr\/wp-content\/uploads\/2021\/07\/PEACE-PAROLE-DE-MINOT-RAMINA-MARSEILLE-724x1024.jpg\",\"contentUrl\":\"http:\/\/ramina.fr\/wp-content\/uploads\/2021\/07\/PEACE-PAROLE-DE-MINOT-RAMINA-MARSEILLE-724x1024.jpg\"},{\"@type\":\"BreadcrumbList\",\"@id\":\"https:\/\/ramina.fr\/index.php\/2021\/07\/05\/derniere-parole-2-minot-de-la-saison-2\/#breadcrumb\",\"itemListElement\":[{\"@type\":\"ListItem\",\"position\":1,\"name\":\"Accueil\",\"item\":\"https:\/\/ramina.fr\/\"},{\"@type\":\"ListItem\",\"position\":2,\"name\":\"Derni\u00e8re Parole 2 Minot de la Saison 2 \u2764 \ud83d\udd4a \ufe0f\"}]},{\"@type\":\"WebSite\",\"@id\":\"https:\/\/ramina.fr\/#website\",\"url\":\"https:\/\/ramina.fr\/\",\"name\":\"RAMINA\",\"description\":\"R\u00e9seau d\u2019Accueil des Minot.es Non Accompagn\u00e9s\",\"publisher\":{\"@id\":\"https:\/\/ramina.fr\/#organization\"},\"alternateName\":\"R\u00e9seau d'accueil Solidaire des Minots Non Accompagn\u00e9s\",\"potentialAction\":[{\"@type\":\"SearchAction\",\"target\":{\"@type\":\"EntryPoint\",\"urlTemplate\":\"https:\/\/ramina.fr\/?s={search_term_string}\"},\"query-input\":{\"@type\":\"PropertyValueSpecification\",\"valueRequired\":true,\"valueName\":\"search_term_string\"}}],\"inLanguage\":\"fr-FR\"},{\"@type\":\"Organization\",\"@id\":\"https:\/\/ramina.fr\/#organization\",\"name\":\"RAMINA\",\"alternateName\":\"R\u00e9seau d' Accueil des Minots Non Accompagn\u00e9s\",\"url\":\"https:\/\/ramina.fr\/\",\"logo\":{\"@type\":\"ImageObject\",\"inLanguage\":\"fr-FR\",\"@id\":\"https:\/\/ramina.fr\/#\/schema\/logo\/image\/\",\"url\":\"https:\/\/ramina.fr\/wp-content\/uploads\/2025\/02\/LOGO_RAMINA_NOIR_VERTICAL.png\",\"contentUrl\":\"https:\/\/ramina.fr\/wp-content\/uploads\/2025\/02\/LOGO_RAMINA_NOIR_VERTICAL.png\",\"width\":1654,\"height\":1418,\"caption\":\"RAMINA\"},\"image\":{\"@id\":\"https:\/\/ramina.fr\/#\/schema\/logo\/image\/\"},\"sameAs\":[\"https:\/\/www.facebook.com\/contact.ramina\/\",\"https:\/\/www.instagram.com\/ramina_marseille\/\"]},{\"@type\":\"Person\",\"@id\":\"https:\/\/ramina.fr\/#\/schema\/person\/60afb851da2c0c7b9e173324b84144d5\",\"name\":\"Ramina R\u00e9seau\",\"image\":{\"@type\":\"ImageObject\",\"inLanguage\":\"fr-FR\",\"@id\":\"https:\/\/ramina.fr\/#\/schema\/person\/image\/\",\"url\":\"https:\/\/secure.gravatar.com\/avatar\/5985aef3267ffd44adcd4562d2752e99?s=96&d=mm&r=g\",\"contentUrl\":\"https:\/\/secure.gravatar.com\/avatar\/5985aef3267ffd44adcd4562d2752e99?s=96&d=mm&r=g\",\"caption\":\"Ramina R\u00e9seau\"}}]}<\/script>\n<!-- \/ Yoast SEO plugin. -->","yoast_head_json":{"title":"Derni\u00e8re Parole 2 Minot de la Saison 2 \u2764 \ud83d\udd4a \ufe0f | RAMINA","robots":{"index":"noindex","follow":"follow"},"og_locale":"fr_FR","og_type":"article","og_title":"Derni\u00e8re Parole 2 Minot de la Saison 2 \u2764 \ud83d\udd4a \ufe0f | RAMINA","og_description":"Bonjour, c&rsquo;est moi Peace. Je vais avoir bient\u00f4t 18 ans et je suis du Nigeria. \u00c7a fait plusieurs fois que je vous montre mes dessins. La premi\u00e8re fois il y a 2 ans et la derni\u00e8re fois pour no\u00ebl dernier avec Santa Claus qui avait le vaccin et un masque. Aujourd\u2019hui c&rsquo;est moi qui conclue &hellip; Continuer la lecture de &laquo;&nbsp;Derni\u00e8re Parole 2 Minot de la Saison 2 \u2764 \ud83d\udd4a \ufe0f&nbsp;&raquo;","og_url":"https:\/\/ramina.fr\/index.php\/2021\/07\/05\/derniere-parole-2-minot-de-la-saison-2\/","og_site_name":"RAMINA","article_publisher":"https:\/\/www.facebook.com\/contact.ramina\/","article_published_time":"2021-07-05T12:57:53+00:00","article_modified_time":"2021-07-05T12:59:23+00:00","og_image":[{"url":"http:\/\/ramina.fr\/wp-content\/uploads\/2021\/07\/PEACE-PAROLE-DE-MINOT-RAMINA-MARSEILLE-724x1024.jpg","type":"","width":"","height":""}],"author":"Ramina R\u00e9seau","twitter_card":"summary_large_image","twitter_misc":{"\u00c9crit par":"Ramina R\u00e9seau","Dur\u00e9e de lecture estim\u00e9e":"1 minute"},"schema":{"@context":"https:\/\/schema.org","@graph":[{"@type":"Article","@id":"https:\/\/ramina.fr\/index.php\/2021\/07\/05\/derniere-parole-2-minot-de-la-saison-2\/#article","isPartOf":{"@id":"https:\/\/ramina.fr\/index.php\/2021\/07\/05\/derniere-parole-2-minot-de-la-saison-2\/"},"author":{"name":"Ramina R\u00e9seau","@id":"https:\/\/ramina.fr\/#\/schema\/person\/60afb851da2c0c7b9e173324b84144d5"},"headline":"Derni\u00e8re Parole 2 Minot de la Saison 2 \u2764 \ud83d\udd4a \ufe0f","datePublished":"2021-07-05T12:57:53+00:00","dateModified":"2021-07-05T12:59:23+00:00","mainEntityOfPage":{"@id":"https:\/\/ramina.fr\/index.php\/2021\/07\/05\/derniere-parole-2-minot-de-la-saison-2\/"},"wordCount":152,"commentCount":0,"publisher":{"@id":"https:\/\/ramina.fr\/#organization"},"image":{"@id":"https:\/\/ramina.fr\/index.php\/2021\/07\/05\/derniere-parole-2-minot-de-la-saison-2\/#primaryimage"},"thumbnailUrl":"http:\/\/ramina.fr\/wp-content\/uploads\/2021\/07\/PEACE-PAROLE-DE-MINOT-RAMINA-MARSEILLE-724x1024.jpg","articleSection":["Parole de Minots S2"],"inLanguage":"fr-FR","potentialAction":[{"@type":"CommentAction","name":"Comment","target":["https:\/\/ramina.fr\/index.php\/2021\/07\/05\/derniere-parole-2-minot-de-la-saison-2\/#respond"]}]},{"@type":"WebPage","@id":"https:\/\/ramina.fr\/index.php\/2021\/07\/05\/derniere-parole-2-minot-de-la-saison-2\/","url":"https:\/\/ramina.fr\/index.php\/2021\/07\/05\/derniere-parole-2-minot-de-la-saison-2\/","name":"Derni\u00e8re Parole 2 Minot de la Saison 2 \u2764 \ud83d\udd4a \ufe0f | RAMINA","isPartOf":{"@id":"https:\/\/ramina.fr\/#website"},"primaryImageOfPage":{"@id":"https:\/\/ramina.fr\/index.php\/2021\/07\/05\/derniere-parole-2-minot-de-la-saison-2\/#primaryimage"},"image":{"@id":"https:\/\/ramina.fr\/index.php\/2021\/07\/05\/derniere-parole-2-minot-de-la-saison-2\/#primaryimage"},"thumbnailUrl":"http:\/\/ramina.fr\/wp-content\/uploads\/2021\/07\/PEACE-PAROLE-DE-MINOT-RAMINA-MARSEILLE-724x1024.jpg","datePublished":"2021-07-05T12:57:53+00:00","dateModified":"2021-07-05T12:59:23+00:00","breadcrumb":{"@id":"https:\/\/ramina.fr\/index.php\/2021\/07\/05\/derniere-parole-2-minot-de-la-saison-2\/#breadcrumb"},"inLanguage":"fr-FR","potentialAction":[{"@type":"ReadAction","target":["https:\/\/ramina.fr\/index.php\/2021\/07\/05\/derniere-parole-2-minot-de-la-saison-2\/"]}]},{"@type":"ImageObject","inLanguage":"fr-FR","@id":"https:\/\/ramina.fr\/index.php\/2021\/07\/05\/derniere-parole-2-minot-de-la-saison-2\/#primaryimage","url":"http:\/\/ramina.fr\/wp-content\/uploads\/2021\/07\/PEACE-PAROLE-DE-MINOT-RAMINA-MARSEILLE-724x1024.jpg","contentUrl":"http:\/\/ramina.fr\/wp-content\/uploads\/2021\/07\/PEACE-PAROLE-DE-MINOT-RAMINA-MARSEILLE-724x1024.jpg"},{"@type":"BreadcrumbList","@id":"https:\/\/ramina.fr\/index.php\/2021\/07\/05\/derniere-parole-2-minot-de-la-saison-2\/#breadcrumb","itemListElement":[{"@type":"ListItem","position":1,"name":"Accueil","item":"https:\/\/ramina.fr\/"},{"@type":"ListItem","position":2,"name":"Derni\u00e8re Parole 2 Minot de la Saison 2 \u2764 \ud83d\udd4a \ufe0f"}]},{"@type":"WebSite","@id":"https:\/\/ramina.fr\/#website","url":"https:\/\/ramina.fr\/","name":"RAMINA","description":"R\u00e9seau d\u2019Accueil des Minot.es Non Accompagn\u00e9s","publisher":{"@id":"https:\/\/ramina.fr\/#organization"},"alternateName":"R\u00e9seau d'accueil Solidaire des Minots Non Accompagn\u00e9s","potentialAction":[{"@type":"SearchAction","target":{"@type":"EntryPoint","urlTemplate":"https:\/\/ramina.fr\/?s={search_term_string}"},"query-input":{"@type":"PropertyValueSpecification","valueRequired":true,"valueName":"search_term_string"}}],"inLanguage":"fr-FR"},{"@type":"Organization","@id":"https:\/\/ramina.fr\/#organization","name":"RAMINA","alternateName":"R\u00e9seau d' Accueil des Minots Non Accompagn\u00e9s","url":"https:\/\/ramina.fr\/","logo":{"@type":"ImageObject","inLanguage":"fr-FR","@id":"https:\/\/ramina.fr\/#\/schema\/logo\/image\/","url":"https:\/\/ramina.fr\/wp-content\/uploads\/2025\/02\/LOGO_RAMINA_NOIR_VERTICAL.png","contentUrl":"https:\/\/ramina.fr\/wp-content\/uploads\/2025\/02\/LOGO_RAMINA_NOIR_VERTICAL.png","width":1654,"height":1418,"caption":"RAMINA"},"image":{"@id":"https:\/\/ramina.fr\/#\/schema\/logo\/image\/"},"sameAs":["https:\/\/www.facebook.com\/contact.ramina\/","https:\/\/www.instagram.com\/ramina_marseille\/"]},{"@type":"Person","@id":"https:\/\/ramina.fr\/#\/schema\/person\/60afb851da2c0c7b9e173324b84144d5","name":"Ramina R\u00e9seau","image":{"@type":"ImageObject","inLanguage":"fr-FR","@id":"https:\/\/ramina.fr\/#\/schema\/person\/image\/","url":"https:\/\/secure.gravatar.com\/avatar\/5985aef3267ffd44adcd4562d2752e99?s=96&d=mm&r=g","contentUrl":"https:\/\/secure.gravatar.com\/avatar\/5985aef3267ffd44adcd4562d2752e99?s=96&d=mm&r=g","caption":"Ramina R\u00e9seau"}}]}},"jetpack_featured_media_url":"","jetpack_sharing_enabled":true,"_links":{"self":[{"href":"https:\/\/ramina.fr\/index.php\/wp-json\/wp\/v2\/posts\/1623","targetHints":{"allow":["GET"]}}],"collection":[{"href":"https:\/\/ramina.fr\/index.php\/wp-json\/wp\/v2\/posts"}],"about":[{"href":"https:\/\/ramina.fr\/index.php\/wp-json\/wp\/v2\/types\/post"}],"author":[{"embeddable":true,"href":"https:\/\/ramina.fr\/index.php\/wp-json\/wp\/v2\/users\/3"}],"replies":[{"embeddable":true,"href":"https:\/\/ramina.fr\/index.php\/wp-json\/wp\/v2\/comments?post=1623"}],"version-history":[{"count":1,"href":"https:\/\/ramina.fr\/index.php\/wp-json\/wp\/v2\/posts\/1623\/revisions"}],"predecessor-version":[{"id":1625,"href":"https:\/\/ramina.fr\/index.php\/wp-json\/wp\/v2\/posts\/1623\/revisions\/1625"}],"wp:attachment":[{"href":"https:\/\/ramina.fr\/index.php\/wp-json\/wp\/v2\/media?parent=1623"}],"wp:term":[{"taxonomy":"category","embeddable":true,"href":"https:\/\/ramina.fr\/index.php\/wp-json\/wp\/v2\/categories?post=1623"},{"taxonomy":"post_tag","embeddable":true,"href":"https:\/\/ramina.fr\/index.php\/wp-json\/wp\/v2\/tags?post=1623"}],"curies":[{"name":"wp","href":"https:\/\/api.w.org\/{rel}","templated":true}]}}