{"id":1575,"date":"2021-07-02T13:52:37","date_gmt":"2021-07-02T11:52:37","guid":{"rendered":"http:\/\/ramina.fr\/?p=1575"},"modified":"2021-07-02T14:02:39","modified_gmt":"2021-07-02T12:02:39","slug":"rap-2-minot","status":"publish","type":"post","link":"https:\/\/ramina.fr\/index.php\/2021\/07\/02\/rap-2-minot\/","title":{"rendered":"Rap 2 Minot \ud83d\ude03 : Bonjour, je m\u2019appelle Omzo, j\u2019ai 17 ans et je viens du S\u00e9n\u00e9gal."},"content":{"rendered":"\n<p> Je suis arriv\u00e9 r\u00e9cemment \u00e0 Marseille. Avant j\u2019\u00e9tais \u00e0 Nice, j\u2019ai dormi 4 jours dehors l\u00e0-bas. Ici \u00e0 Marseille, j\u2019ai dormi un jour dehors. J\u2019ai rencontr\u00e9 une dame qui m\u2019a dit d\u2019aller \u00e0 la police \u00e0 21h et l\u00e0-bas j\u2019ai rencontr\u00e9 un b\u00e9n\u00e9vole de RAMINA qui m\u2019a amen\u00e9 dormir chez lui. <\/p>\n\n\n\n<p>Au pays, mon papa est d\u00e9c\u00e9d\u00e9 quand j\u2019\u00e9tais petit et il n\u2019y avait pas l\u2019argent pour \u00e9tudier \u00e0 l\u2019\u00e9cole fran\u00e7aise. J\u2019ai fait l\u2019\u00e9cole coranique deux ans. L\u00e0-bas tu apprends \u00e0 \u00e9crire l\u2019arabe, \u00e0 lire le Coran et \u00e0 faire la pri\u00e8re. Moi ce que j\u2019aimerai c\u2019est apprendre \u00e0 parler fran\u00e7ais bien pour trouver un bon travail. Au S\u00e9n\u00e9gal aussi c\u2019est important de bien parler fran\u00e7ais pour trouver un bon travail. C\u2019est pour \u00e7a que j\u2019avais envie de partir. Et je connaissais un ami du m\u00eame village que moi qui travaillait en Libye et il m\u2019a dit comment faire pour venir.<br><\/p>\n\n\n\n<p>En Libye, j\u2019ai travaill\u00e9 un peu pour livrer des colis et bagages dans les voitures. C\u2019est comme \u00e7a que j\u2019ai pu payer la travers\u00e9e. En Libye, c\u2019est pas facile, la police frappe tout le monde, pas que les noirs. Les deux premi\u00e8res fois que j\u2019ai voulu traverser, la police nous a attrap\u00e9 et mis en prison. Apr\u00e8s j\u2019ai arriv\u00e9 \u00e0 quitter la prison et \u00e0 traverser pour l\u2019Italie.<\/p>\n\n\n\n<p><br>Maintenant j\u2019esp\u00e8re que je pourrais aller \u00e0 l\u2019\u00e9cole pour \u00e9tudier bien, bien. Au S\u00e9n\u00e9gal, il n\u2019y avait pas grand chose \u00e0 faire, alors j\u2019aime bien \u00e9couter les rappeurs s\u00e9n\u00e9galais comme Omzo Dollar et Adviser. Je vous partage donc la chanson \u201cSokhor\u201d qui veut dire \u201cM\u00e9chant\u201d en wolof mais qui a plusieurs significations car \u00e7a se dit aussi quand on r\u00e9ussit quelque chose. <\/p>\n\n\n\n<p><br>\u270c Rdv lundi pour le final de la saison 2 des Paroles de Minot de notre association. Partagez, likez, boul\u00e9guez \u270c<\/p>\n\n\n\n<figure class=\"wp-block-embed is-type-video is-provider-youtube wp-block-embed-youtube wp-embed-aspect-16-9 wp-has-aspect-ratio\"><div class=\"wp-block-embed__wrapper\">\n<iframe title=\"Omzo Dollar - Sokhor (clip officiel)\" width=\"525\" height=\"295\" src=\"https:\/\/www.youtube.com\/embed\/XuupxAaOgu0?feature=oembed\" frameborder=\"0\" allow=\"accelerometer; autoplay; clipboard-write; encrypted-media; gyroscope; picture-in-picture; web-share\" referrerpolicy=\"strict-origin-when-cross-origin\" allowfullscreen><\/iframe>\n<\/div><\/figure>\n","protected":false},"excerpt":{"rendered":"<p>Je suis arriv\u00e9 r\u00e9cemment \u00e0 Marseille. Avant j\u2019\u00e9tais \u00e0 Nice, j\u2019ai dormi 4 jours dehors l\u00e0-bas. Ici \u00e0 Marseille, j\u2019ai dormi un jour dehors. J\u2019ai rencontr\u00e9 une dame qui m\u2019a dit d\u2019aller \u00e0 la police \u00e0 21h et l\u00e0-bas j\u2019ai rencontr\u00e9 un b\u00e9n\u00e9vole de RAMINA qui m\u2019a amen\u00e9 dormir chez lui. Au pays, mon papa &hellip; <\/p>\n<p class=\"link-more\"><a href=\"https:\/\/ramina.fr\/index.php\/2021\/07\/02\/rap-2-minot\/\" class=\"more-link\">Continuer la lecture<span class=\"screen-reader-text\"> de &laquo;&nbsp;Rap 2 Minot \ud83d\ude03 : Bonjour, je m\u2019appelle Omzo, j\u2019ai 17 ans et je viens du S\u00e9n\u00e9gal.&nbsp;&raquo;<\/span><\/a><\/p>\n","protected":false},"author":3,"featured_media":0,"comment_status":"open","ping_status":"open","sticky":false,"template":"","format":"standard","meta":{"_jetpack_memberships_contains_paid_content":false,"footnotes":""},"categories":[6],"tags":[],"class_list":["post-1575","post","type-post","status-publish","format-standard","hentry","category-paroledeminotsaison2"],"yoast_head":"<!-- This site is optimized with the Yoast SEO plugin v25.1 - https:\/\/yoast.com\/wordpress\/plugins\/seo\/ -->\n<title>Rap 2 Minot \ud83d\ude03 : Bonjour, je m\u2019appelle Omzo, j\u2019ai 17 ans et je viens du S\u00e9n\u00e9gal. | RAMINA<\/title>\n<meta name=\"robots\" content=\"noindex, follow\" \/>\n<meta property=\"og:locale\" content=\"fr_FR\" \/>\n<meta property=\"og:type\" content=\"article\" \/>\n<meta property=\"og:title\" content=\"Rap 2 Minot \ud83d\ude03 : Bonjour, je m\u2019appelle Omzo, j\u2019ai 17 ans et je viens du S\u00e9n\u00e9gal. | RAMINA\" \/>\n<meta property=\"og:description\" content=\"Je suis arriv\u00e9 r\u00e9cemment \u00e0 Marseille. Avant j\u2019\u00e9tais \u00e0 Nice, j\u2019ai dormi 4 jours dehors l\u00e0-bas. Ici \u00e0 Marseille, j\u2019ai dormi un jour dehors. J\u2019ai rencontr\u00e9 une dame qui m\u2019a dit d\u2019aller \u00e0 la police \u00e0 21h et l\u00e0-bas j\u2019ai rencontr\u00e9 un b\u00e9n\u00e9vole de RAMINA qui m\u2019a amen\u00e9 dormir chez lui. Au pays, mon papa &hellip; Continuer la lecture de &laquo;&nbsp;Rap 2 Minot \ud83d\ude03 : Bonjour, je m\u2019appelle Omzo, j\u2019ai 17 ans et je viens du S\u00e9n\u00e9gal.&nbsp;&raquo;\" \/>\n<meta property=\"og:url\" content=\"https:\/\/ramina.fr\/index.php\/2021\/07\/02\/rap-2-minot\/\" \/>\n<meta property=\"og:site_name\" content=\"RAMINA\" \/>\n<meta property=\"article:publisher\" content=\"https:\/\/www.facebook.com\/contact.ramina\/\" \/>\n<meta property=\"article:published_time\" content=\"2021-07-02T11:52:37+00:00\" \/>\n<meta property=\"article:modified_time\" content=\"2021-07-02T12:02:39+00:00\" \/>\n<meta property=\"og:image\" content=\"https:\/\/ramina.fr\/wp-content\/uploads\/2025\/02\/ramina-image-mise-avant-wordpress.jpg\" \/>\n\t<meta property=\"og:image:width\" content=\"1200\" \/>\n\t<meta property=\"og:image:height\" content=\"675\" \/>\n\t<meta property=\"og:image:type\" content=\"image\/jpeg\" \/>\n<meta name=\"author\" content=\"Ramina R\u00e9seau\" \/>\n<meta name=\"twitter:card\" content=\"summary_large_image\" \/>\n<meta name=\"twitter:label1\" content=\"\u00c9crit par\" \/>\n\t<meta name=\"twitter:data1\" content=\"Ramina R\u00e9seau\" \/>\n\t<meta name=\"twitter:label2\" content=\"Dur\u00e9e de lecture estim\u00e9e\" \/>\n\t<meta name=\"twitter:data2\" content=\"2 minutes\" \/>\n<script type=\"application\/ld+json\" class=\"yoast-schema-graph\">{\"@context\":\"https:\/\/schema.org\",\"@graph\":[{\"@type\":\"Article\",\"@id\":\"https:\/\/ramina.fr\/index.php\/2021\/07\/02\/rap-2-minot\/#article\",\"isPartOf\":{\"@id\":\"https:\/\/ramina.fr\/index.php\/2021\/07\/02\/rap-2-minot\/\"},\"author\":{\"name\":\"Ramina R\u00e9seau\",\"@id\":\"https:\/\/ramina.fr\/#\/schema\/person\/60afb851da2c0c7b9e173324b84144d5\"},\"headline\":\"Rap 2 Minot \ud83d\ude03 : Bonjour, je m\u2019appelle Omzo, j\u2019ai 17 ans et je viens du S\u00e9n\u00e9gal.\",\"datePublished\":\"2021-07-02T11:52:37+00:00\",\"dateModified\":\"2021-07-02T12:02:39+00:00\",\"mainEntityOfPage\":{\"@id\":\"https:\/\/ramina.fr\/index.php\/2021\/07\/02\/rap-2-minot\/\"},\"wordCount\":366,\"commentCount\":0,\"publisher\":{\"@id\":\"https:\/\/ramina.fr\/#organization\"},\"articleSection\":[\"Parole de Minots S2\"],\"inLanguage\":\"fr-FR\",\"potentialAction\":[{\"@type\":\"CommentAction\",\"name\":\"Comment\",\"target\":[\"https:\/\/ramina.fr\/index.php\/2021\/07\/02\/rap-2-minot\/#respond\"]}]},{\"@type\":\"WebPage\",\"@id\":\"https:\/\/ramina.fr\/index.php\/2021\/07\/02\/rap-2-minot\/\",\"url\":\"https:\/\/ramina.fr\/index.php\/2021\/07\/02\/rap-2-minot\/\",\"name\":\"Rap 2 Minot \ud83d\ude03 : Bonjour, je m\u2019appelle Omzo, j\u2019ai 17 ans et je viens du S\u00e9n\u00e9gal. | RAMINA\",\"isPartOf\":{\"@id\":\"https:\/\/ramina.fr\/#website\"},\"datePublished\":\"2021-07-02T11:52:37+00:00\",\"dateModified\":\"2021-07-02T12:02:39+00:00\",\"breadcrumb\":{\"@id\":\"https:\/\/ramina.fr\/index.php\/2021\/07\/02\/rap-2-minot\/#breadcrumb\"},\"inLanguage\":\"fr-FR\",\"potentialAction\":[{\"@type\":\"ReadAction\",\"target\":[\"https:\/\/ramina.fr\/index.php\/2021\/07\/02\/rap-2-minot\/\"]}]},{\"@type\":\"BreadcrumbList\",\"@id\":\"https:\/\/ramina.fr\/index.php\/2021\/07\/02\/rap-2-minot\/#breadcrumb\",\"itemListElement\":[{\"@type\":\"ListItem\",\"position\":1,\"name\":\"Accueil\",\"item\":\"https:\/\/ramina.fr\/\"},{\"@type\":\"ListItem\",\"position\":2,\"name\":\"Rap 2 Minot \ud83d\ude03 : Bonjour, je m\u2019appelle Omzo, j\u2019ai 17 ans et je viens du S\u00e9n\u00e9gal.\"}]},{\"@type\":\"WebSite\",\"@id\":\"https:\/\/ramina.fr\/#website\",\"url\":\"https:\/\/ramina.fr\/\",\"name\":\"RAMINA\",\"description\":\"R\u00e9seau d\u2019Accueil des Minot.es Non Accompagn\u00e9s\",\"publisher\":{\"@id\":\"https:\/\/ramina.fr\/#organization\"},\"alternateName\":\"R\u00e9seau d'accueil Solidaire des Minots Non Accompagn\u00e9s\",\"potentialAction\":[{\"@type\":\"SearchAction\",\"target\":{\"@type\":\"EntryPoint\",\"urlTemplate\":\"https:\/\/ramina.fr\/?s={search_term_string}\"},\"query-input\":{\"@type\":\"PropertyValueSpecification\",\"valueRequired\":true,\"valueName\":\"search_term_string\"}}],\"inLanguage\":\"fr-FR\"},{\"@type\":\"Organization\",\"@id\":\"https:\/\/ramina.fr\/#organization\",\"name\":\"RAMINA\",\"alternateName\":\"R\u00e9seau d' Accueil des Minots Non Accompagn\u00e9s\",\"url\":\"https:\/\/ramina.fr\/\",\"logo\":{\"@type\":\"ImageObject\",\"inLanguage\":\"fr-FR\",\"@id\":\"https:\/\/ramina.fr\/#\/schema\/logo\/image\/\",\"url\":\"https:\/\/ramina.fr\/wp-content\/uploads\/2025\/02\/LOGO_RAMINA_NOIR_VERTICAL.png\",\"contentUrl\":\"https:\/\/ramina.fr\/wp-content\/uploads\/2025\/02\/LOGO_RAMINA_NOIR_VERTICAL.png\",\"width\":1654,\"height\":1418,\"caption\":\"RAMINA\"},\"image\":{\"@id\":\"https:\/\/ramina.fr\/#\/schema\/logo\/image\/\"},\"sameAs\":[\"https:\/\/www.facebook.com\/contact.ramina\/\",\"https:\/\/www.instagram.com\/ramina_marseille\/\"]},{\"@type\":\"Person\",\"@id\":\"https:\/\/ramina.fr\/#\/schema\/person\/60afb851da2c0c7b9e173324b84144d5\",\"name\":\"Ramina R\u00e9seau\",\"image\":{\"@type\":\"ImageObject\",\"inLanguage\":\"fr-FR\",\"@id\":\"https:\/\/ramina.fr\/#\/schema\/person\/image\/\",\"url\":\"https:\/\/secure.gravatar.com\/avatar\/5985aef3267ffd44adcd4562d2752e99?s=96&d=mm&r=g\",\"contentUrl\":\"https:\/\/secure.gravatar.com\/avatar\/5985aef3267ffd44adcd4562d2752e99?s=96&d=mm&r=g\",\"caption\":\"Ramina R\u00e9seau\"}}]}<\/script>\n<!-- \/ Yoast SEO plugin. -->","yoast_head_json":{"title":"Rap 2 Minot \ud83d\ude03 : Bonjour, je m\u2019appelle Omzo, j\u2019ai 17 ans et je viens du S\u00e9n\u00e9gal. | RAMINA","robots":{"index":"noindex","follow":"follow"},"og_locale":"fr_FR","og_type":"article","og_title":"Rap 2 Minot \ud83d\ude03 : Bonjour, je m\u2019appelle Omzo, j\u2019ai 17 ans et je viens du S\u00e9n\u00e9gal. | RAMINA","og_description":"Je suis arriv\u00e9 r\u00e9cemment \u00e0 Marseille. Avant j\u2019\u00e9tais \u00e0 Nice, j\u2019ai dormi 4 jours dehors l\u00e0-bas. Ici \u00e0 Marseille, j\u2019ai dormi un jour dehors. J\u2019ai rencontr\u00e9 une dame qui m\u2019a dit d\u2019aller \u00e0 la police \u00e0 21h et l\u00e0-bas j\u2019ai rencontr\u00e9 un b\u00e9n\u00e9vole de RAMINA qui m\u2019a amen\u00e9 dormir chez lui. Au pays, mon papa &hellip; Continuer la lecture de &laquo;&nbsp;Rap 2 Minot \ud83d\ude03 : Bonjour, je m\u2019appelle Omzo, j\u2019ai 17 ans et je viens du S\u00e9n\u00e9gal.&nbsp;&raquo;","og_url":"https:\/\/ramina.fr\/index.php\/2021\/07\/02\/rap-2-minot\/","og_site_name":"RAMINA","article_publisher":"https:\/\/www.facebook.com\/contact.ramina\/","article_published_time":"2021-07-02T11:52:37+00:00","article_modified_time":"2021-07-02T12:02:39+00:00","og_image":[{"width":1200,"height":675,"url":"https:\/\/ramina.fr\/wp-content\/uploads\/2025\/02\/ramina-image-mise-avant-wordpress.jpg","type":"image\/jpeg"}],"author":"Ramina R\u00e9seau","twitter_card":"summary_large_image","twitter_misc":{"\u00c9crit par":"Ramina R\u00e9seau","Dur\u00e9e de lecture estim\u00e9e":"2 minutes"},"schema":{"@context":"https:\/\/schema.org","@graph":[{"@type":"Article","@id":"https:\/\/ramina.fr\/index.php\/2021\/07\/02\/rap-2-minot\/#article","isPartOf":{"@id":"https:\/\/ramina.fr\/index.php\/2021\/07\/02\/rap-2-minot\/"},"author":{"name":"Ramina R\u00e9seau","@id":"https:\/\/ramina.fr\/#\/schema\/person\/60afb851da2c0c7b9e173324b84144d5"},"headline":"Rap 2 Minot \ud83d\ude03 : Bonjour, je m\u2019appelle Omzo, j\u2019ai 17 ans et je viens du S\u00e9n\u00e9gal.","datePublished":"2021-07-02T11:52:37+00:00","dateModified":"2021-07-02T12:02:39+00:00","mainEntityOfPage":{"@id":"https:\/\/ramina.fr\/index.php\/2021\/07\/02\/rap-2-minot\/"},"wordCount":366,"commentCount":0,"publisher":{"@id":"https:\/\/ramina.fr\/#organization"},"articleSection":["Parole de Minots S2"],"inLanguage":"fr-FR","potentialAction":[{"@type":"CommentAction","name":"Comment","target":["https:\/\/ramina.fr\/index.php\/2021\/07\/02\/rap-2-minot\/#respond"]}]},{"@type":"WebPage","@id":"https:\/\/ramina.fr\/index.php\/2021\/07\/02\/rap-2-minot\/","url":"https:\/\/ramina.fr\/index.php\/2021\/07\/02\/rap-2-minot\/","name":"Rap 2 Minot \ud83d\ude03 : Bonjour, je m\u2019appelle Omzo, j\u2019ai 17 ans et je viens du S\u00e9n\u00e9gal. | RAMINA","isPartOf":{"@id":"https:\/\/ramina.fr\/#website"},"datePublished":"2021-07-02T11:52:37+00:00","dateModified":"2021-07-02T12:02:39+00:00","breadcrumb":{"@id":"https:\/\/ramina.fr\/index.php\/2021\/07\/02\/rap-2-minot\/#breadcrumb"},"inLanguage":"fr-FR","potentialAction":[{"@type":"ReadAction","target":["https:\/\/ramina.fr\/index.php\/2021\/07\/02\/rap-2-minot\/"]}]},{"@type":"BreadcrumbList","@id":"https:\/\/ramina.fr\/index.php\/2021\/07\/02\/rap-2-minot\/#breadcrumb","itemListElement":[{"@type":"ListItem","position":1,"name":"Accueil","item":"https:\/\/ramina.fr\/"},{"@type":"ListItem","position":2,"name":"Rap 2 Minot \ud83d\ude03 : Bonjour, je m\u2019appelle Omzo, j\u2019ai 17 ans et je viens du S\u00e9n\u00e9gal."}]},{"@type":"WebSite","@id":"https:\/\/ramina.fr\/#website","url":"https:\/\/ramina.fr\/","name":"RAMINA","description":"R\u00e9seau d\u2019Accueil des Minot.es Non Accompagn\u00e9s","publisher":{"@id":"https:\/\/ramina.fr\/#organization"},"alternateName":"R\u00e9seau d'accueil Solidaire des Minots Non Accompagn\u00e9s","potentialAction":[{"@type":"SearchAction","target":{"@type":"EntryPoint","urlTemplate":"https:\/\/ramina.fr\/?s={search_term_string}"},"query-input":{"@type":"PropertyValueSpecification","valueRequired":true,"valueName":"search_term_string"}}],"inLanguage":"fr-FR"},{"@type":"Organization","@id":"https:\/\/ramina.fr\/#organization","name":"RAMINA","alternateName":"R\u00e9seau d' Accueil des Minots Non Accompagn\u00e9s","url":"https:\/\/ramina.fr\/","logo":{"@type":"ImageObject","inLanguage":"fr-FR","@id":"https:\/\/ramina.fr\/#\/schema\/logo\/image\/","url":"https:\/\/ramina.fr\/wp-content\/uploads\/2025\/02\/LOGO_RAMINA_NOIR_VERTICAL.png","contentUrl":"https:\/\/ramina.fr\/wp-content\/uploads\/2025\/02\/LOGO_RAMINA_NOIR_VERTICAL.png","width":1654,"height":1418,"caption":"RAMINA"},"image":{"@id":"https:\/\/ramina.fr\/#\/schema\/logo\/image\/"},"sameAs":["https:\/\/www.facebook.com\/contact.ramina\/","https:\/\/www.instagram.com\/ramina_marseille\/"]},{"@type":"Person","@id":"https:\/\/ramina.fr\/#\/schema\/person\/60afb851da2c0c7b9e173324b84144d5","name":"Ramina R\u00e9seau","image":{"@type":"ImageObject","inLanguage":"fr-FR","@id":"https:\/\/ramina.fr\/#\/schema\/person\/image\/","url":"https:\/\/secure.gravatar.com\/avatar\/5985aef3267ffd44adcd4562d2752e99?s=96&d=mm&r=g","contentUrl":"https:\/\/secure.gravatar.com\/avatar\/5985aef3267ffd44adcd4562d2752e99?s=96&d=mm&r=g","caption":"Ramina R\u00e9seau"}}]}},"jetpack_featured_media_url":"","jetpack_sharing_enabled":true,"_links":{"self":[{"href":"https:\/\/ramina.fr\/index.php\/wp-json\/wp\/v2\/posts\/1575","targetHints":{"allow":["GET"]}}],"collection":[{"href":"https:\/\/ramina.fr\/index.php\/wp-json\/wp\/v2\/posts"}],"about":[{"href":"https:\/\/ramina.fr\/index.php\/wp-json\/wp\/v2\/types\/post"}],"author":[{"embeddable":true,"href":"https:\/\/ramina.fr\/index.php\/wp-json\/wp\/v2\/users\/3"}],"replies":[{"embeddable":true,"href":"https:\/\/ramina.fr\/index.php\/wp-json\/wp\/v2\/comments?post=1575"}],"version-history":[{"count":1,"href":"https:\/\/ramina.fr\/index.php\/wp-json\/wp\/v2\/posts\/1575\/revisions"}],"predecessor-version":[{"id":1576,"href":"https:\/\/ramina.fr\/index.php\/wp-json\/wp\/v2\/posts\/1575\/revisions\/1576"}],"wp:attachment":[{"href":"https:\/\/ramina.fr\/index.php\/wp-json\/wp\/v2\/media?parent=1575"}],"wp:term":[{"taxonomy":"category","embeddable":true,"href":"https:\/\/ramina.fr\/index.php\/wp-json\/wp\/v2\/categories?post=1575"},{"taxonomy":"post_tag","embeddable":true,"href":"https:\/\/ramina.fr\/index.php\/wp-json\/wp\/v2\/tags?post=1575"}],"curies":[{"name":"wp","href":"https:\/\/api.w.org\/{rel}","templated":true}]}}