{"id":1560,"date":"2021-06-28T18:30:54","date_gmt":"2021-06-28T16:30:54","guid":{"rendered":"http:\/\/ramina.fr\/?p=1560"},"modified":"2021-06-28T18:31:14","modified_gmt":"2021-06-28T16:31:14","slug":"bonjour-je-mappelle-doumboua","status":"publish","type":"post","link":"https:\/\/ramina.fr\/index.php\/2021\/06\/28\/bonjour-je-mappelle-doumboua\/","title":{"rendered":"Bonjour, je m\u2019appelle Doumboua, j\u2019ai 17 ans et je viens de Guin\u00e9e Conakry \ud83d\ude42"},"content":{"rendered":"\n<p>Je suis n\u00e9 \u00e0 Conakry et apr\u00e8s, j\u2019ai v\u00e9cu dans un village qui s\u2019appelle Faraba.<br>.Je suis le premier fils. Comme ma maman et mon papa \u00e9taient sur le chemin du divorce, apr\u00e8s que ma maman a accouch\u00e9, mon papa est venu me prendre parce qu\u2019il ne voulait pas me laisser avec ma maman. Apr\u00e8s, c\u2019est sa deuxi\u00e8me femme qui m\u2019a adopt\u00e9 mais arriv\u00e9 \u00e0 un moment, on ne s\u2019entendait pas bien, elle faisait beaucoup de diff\u00e9rence entre ses enfants et moi.<\/p>\n\n\n\n<p><br>Parfois, je ne pouvais pas aller \u00e0 l\u2019\u00e9cole et je restais sans manger. Alors j\u2019allais chez ma grand-m\u00e8re qui habitait le m\u00eame village. Elle me donnait \u00e0 manger et prenait soin de moi alors m\u00eame qu\u2019elle avait tr\u00e8s peu de moyens; quand elle est morte, c\u2019est l\u00e0 que tout est devenu encore plus difficile et que j\u2019ai d\u00e9cid\u00e9 de quitter le pays.<\/p>\n\n\n\n<p><br>J\u2019ai d\u2019abord travaill\u00e9 au Mali pour pouvoir rejoindre l\u2019Alg\u00e9rie ; arriv\u00e9 l\u00e0-bas, on a voulu me renvoyer en Guin\u00e9e alors, je me suis enfui. J\u2019ai trouv\u00e9 un travail en Alg\u00e9rie mais mon patron ne me payait pas alors je suis parti pour tenter ma chance en Libye. L\u00e0-bas, c\u2019\u00e9tait pire, on m\u2019a kidnapp\u00e9 dans le d\u00e9sert et j\u2019ai pass\u00e9 quatre mois en prison. Un jour, un des hommes qui m\u2019avait enlev\u00e9 m\u2019a demand\u00e9 de venir construire sa maison, j\u2019ai dit que j\u2019\u00e9tais ma\u00e7on pour pouvoir sortir de prison. Et apr\u00e8s je me suis enfui quand il est parti chercher \u00e0 manger.<\/p>\n\n\n\n<p><br>Apr\u00e8s j\u2019ai fait la travers\u00e9e et je suis arriv\u00e9 en Italie. Dans ce pays, on a voulu me mettre \u00e0 l\u2019\u00e9cole mais je ne comprenais rien \u00e0 cette langue, alors il fallait encore que je parte.<br>Maintenant, je suis en France, \u00e0 Marseille et je voudrais vraiment rester ici. Un jour, je me suis rencontr\u00e9 avec une personne de RAMINA et elle m\u2019a donn\u00e9 l\u2019adresse d\u2019un cours de fran\u00e7ais o\u00f9 je vais maintenant. Gr\u00e2ce \u00e0 ces personnes tr\u00e8s gentilles, j&rsquo;ai pass\u00e9 l\u2019examen pour aller \u00e0 l\u2019\u00e9cole au mois de septembre, c\u2019est mon r\u00eave.<\/p>\n\n\n\n<p><br>En ce moment, il y a l\u2019Euro de foot et mon joueur pr\u00e9f\u00e9r\u00e9, c\u2019est Kylian Mbapp\u00e9, alors je vous partage sa photo.<\/p>\n\n\n\n<p><br>\u270c\ufe0f Rdv vendredi pour une nouvelle et avant-derni\u00e8re parole de minot de la Saison 2. Partagez, likez, boul\u00e9guez \u270c\ufe0f<\/p>\n\n\n\n<div class=\"wp-block-cover has-background-dim\"><img decoding=\"async\" class=\"wp-block-cover__image-background wp-image-1562\" alt=\"\" src=\"https:\/\/ramina.fr\/wp-content\/uploads\/2021\/06\/RAMINA-Mbappe-marseille-1-1024x683.png\" data-object-fit=\"cover\"\/><div class=\"wp-block-cover__inner-container is-layout-flow wp-block-cover-is-layout-flow\">\n<p class=\"has-text-align-center has-large-font-size\"><\/p>\n<\/div><\/div>\n","protected":false},"excerpt":{"rendered":"<p>Je suis n\u00e9 \u00e0 Conakry et apr\u00e8s, j\u2019ai v\u00e9cu dans un village qui s\u2019appelle Faraba..Je suis le premier fils. Comme ma maman et mon papa \u00e9taient sur le chemin du divorce, apr\u00e8s que ma maman a accouch\u00e9, mon papa est venu me prendre parce qu\u2019il ne voulait pas me laisser avec ma maman. Apr\u00e8s, c\u2019est &hellip; <\/p>\n<p class=\"link-more\"><a href=\"https:\/\/ramina.fr\/index.php\/2021\/06\/28\/bonjour-je-mappelle-doumboua\/\" class=\"more-link\">Continuer la lecture<span class=\"screen-reader-text\"> de &laquo;&nbsp;Bonjour, je m\u2019appelle Doumboua, j\u2019ai 17 ans et je viens de Guin\u00e9e Conakry \ud83d\ude42&nbsp;&raquo;<\/span><\/a><\/p>\n","protected":false},"author":3,"featured_media":0,"comment_status":"open","ping_status":"open","sticky":false,"template":"","format":"standard","meta":{"_jetpack_memberships_contains_paid_content":false,"footnotes":""},"categories":[6],"tags":[],"class_list":["post-1560","post","type-post","status-publish","format-standard","hentry","category-paroledeminotsaison2"],"yoast_head":"<!-- This site is optimized with the Yoast SEO plugin v25.1 - https:\/\/yoast.com\/wordpress\/plugins\/seo\/ -->\n<title>Bonjour, je m\u2019appelle Doumboua, j\u2019ai 17 ans et je viens de Guin\u00e9e Conakry \ud83d\ude42 | RAMINA<\/title>\n<meta name=\"robots\" content=\"noindex, follow\" \/>\n<meta property=\"og:locale\" content=\"fr_FR\" \/>\n<meta property=\"og:type\" content=\"article\" \/>\n<meta property=\"og:title\" content=\"Bonjour, je m\u2019appelle Doumboua, j\u2019ai 17 ans et je viens de Guin\u00e9e Conakry \ud83d\ude42 | RAMINA\" \/>\n<meta property=\"og:description\" content=\"Je suis n\u00e9 \u00e0 Conakry et apr\u00e8s, j\u2019ai v\u00e9cu dans un village qui s\u2019appelle Faraba..Je suis le premier fils. Comme ma maman et mon papa \u00e9taient sur le chemin du divorce, apr\u00e8s que ma maman a accouch\u00e9, mon papa est venu me prendre parce qu\u2019il ne voulait pas me laisser avec ma maman. Apr\u00e8s, c\u2019est &hellip; Continuer la lecture de &laquo;&nbsp;Bonjour, je m\u2019appelle Doumboua, j\u2019ai 17 ans et je viens de Guin\u00e9e Conakry \ud83d\ude42&nbsp;&raquo;\" \/>\n<meta property=\"og:url\" content=\"https:\/\/ramina.fr\/index.php\/2021\/06\/28\/bonjour-je-mappelle-doumboua\/\" \/>\n<meta property=\"og:site_name\" content=\"RAMINA\" \/>\n<meta property=\"article:publisher\" content=\"https:\/\/www.facebook.com\/contact.ramina\/\" \/>\n<meta property=\"article:published_time\" content=\"2021-06-28T16:30:54+00:00\" \/>\n<meta property=\"article:modified_time\" content=\"2021-06-28T16:31:14+00:00\" \/>\n<meta property=\"og:image\" content=\"http:\/\/ramina.fr\/wp-content\/uploads\/2021\/06\/RAMINA-Mbappe-marseille-1-1024x683.png\" \/>\n<meta name=\"author\" content=\"Ramina R\u00e9seau\" \/>\n<meta name=\"twitter:card\" content=\"summary_large_image\" \/>\n<meta name=\"twitter:label1\" content=\"\u00c9crit par\" \/>\n\t<meta name=\"twitter:data1\" content=\"Ramina R\u00e9seau\" \/>\n\t<meta name=\"twitter:label2\" content=\"Dur\u00e9e de lecture estim\u00e9e\" \/>\n\t<meta name=\"twitter:data2\" content=\"2 minutes\" \/>\n<script type=\"application\/ld+json\" class=\"yoast-schema-graph\">{\"@context\":\"https:\/\/schema.org\",\"@graph\":[{\"@type\":\"Article\",\"@id\":\"https:\/\/ramina.fr\/index.php\/2021\/06\/28\/bonjour-je-mappelle-doumboua\/#article\",\"isPartOf\":{\"@id\":\"https:\/\/ramina.fr\/index.php\/2021\/06\/28\/bonjour-je-mappelle-doumboua\/\"},\"author\":{\"name\":\"Ramina R\u00e9seau\",\"@id\":\"https:\/\/ramina.fr\/#\/schema\/person\/60afb851da2c0c7b9e173324b84144d5\"},\"headline\":\"Bonjour, je m\u2019appelle Doumboua, j\u2019ai 17 ans et je viens de Guin\u00e9e Conakry \ud83d\ude42\",\"datePublished\":\"2021-06-28T16:30:54+00:00\",\"dateModified\":\"2021-06-28T16:31:14+00:00\",\"mainEntityOfPage\":{\"@id\":\"https:\/\/ramina.fr\/index.php\/2021\/06\/28\/bonjour-je-mappelle-doumboua\/\"},\"wordCount\":441,\"commentCount\":0,\"publisher\":{\"@id\":\"https:\/\/ramina.fr\/#organization\"},\"image\":{\"@id\":\"https:\/\/ramina.fr\/index.php\/2021\/06\/28\/bonjour-je-mappelle-doumboua\/#primaryimage\"},\"thumbnailUrl\":\"http:\/\/ramina.fr\/wp-content\/uploads\/2021\/06\/RAMINA-Mbappe-marseille-1-1024x683.png\",\"articleSection\":[\"Parole de Minots S2\"],\"inLanguage\":\"fr-FR\",\"potentialAction\":[{\"@type\":\"CommentAction\",\"name\":\"Comment\",\"target\":[\"https:\/\/ramina.fr\/index.php\/2021\/06\/28\/bonjour-je-mappelle-doumboua\/#respond\"]}]},{\"@type\":\"WebPage\",\"@id\":\"https:\/\/ramina.fr\/index.php\/2021\/06\/28\/bonjour-je-mappelle-doumboua\/\",\"url\":\"https:\/\/ramina.fr\/index.php\/2021\/06\/28\/bonjour-je-mappelle-doumboua\/\",\"name\":\"Bonjour, je m\u2019appelle Doumboua, j\u2019ai 17 ans et je viens de Guin\u00e9e Conakry \ud83d\ude42 | RAMINA\",\"isPartOf\":{\"@id\":\"https:\/\/ramina.fr\/#website\"},\"primaryImageOfPage\":{\"@id\":\"https:\/\/ramina.fr\/index.php\/2021\/06\/28\/bonjour-je-mappelle-doumboua\/#primaryimage\"},\"image\":{\"@id\":\"https:\/\/ramina.fr\/index.php\/2021\/06\/28\/bonjour-je-mappelle-doumboua\/#primaryimage\"},\"thumbnailUrl\":\"http:\/\/ramina.fr\/wp-content\/uploads\/2021\/06\/RAMINA-Mbappe-marseille-1-1024x683.png\",\"datePublished\":\"2021-06-28T16:30:54+00:00\",\"dateModified\":\"2021-06-28T16:31:14+00:00\",\"breadcrumb\":{\"@id\":\"https:\/\/ramina.fr\/index.php\/2021\/06\/28\/bonjour-je-mappelle-doumboua\/#breadcrumb\"},\"inLanguage\":\"fr-FR\",\"potentialAction\":[{\"@type\":\"ReadAction\",\"target\":[\"https:\/\/ramina.fr\/index.php\/2021\/06\/28\/bonjour-je-mappelle-doumboua\/\"]}]},{\"@type\":\"ImageObject\",\"inLanguage\":\"fr-FR\",\"@id\":\"https:\/\/ramina.fr\/index.php\/2021\/06\/28\/bonjour-je-mappelle-doumboua\/#primaryimage\",\"url\":\"http:\/\/ramina.fr\/wp-content\/uploads\/2021\/06\/RAMINA-Mbappe-marseille-1-1024x683.png\",\"contentUrl\":\"http:\/\/ramina.fr\/wp-content\/uploads\/2021\/06\/RAMINA-Mbappe-marseille-1-1024x683.png\"},{\"@type\":\"BreadcrumbList\",\"@id\":\"https:\/\/ramina.fr\/index.php\/2021\/06\/28\/bonjour-je-mappelle-doumboua\/#breadcrumb\",\"itemListElement\":[{\"@type\":\"ListItem\",\"position\":1,\"name\":\"Accueil\",\"item\":\"https:\/\/ramina.fr\/\"},{\"@type\":\"ListItem\",\"position\":2,\"name\":\"Bonjour, je m\u2019appelle Doumboua, j\u2019ai 17 ans et je viens de Guin\u00e9e Conakry \ud83d\ude42\"}]},{\"@type\":\"WebSite\",\"@id\":\"https:\/\/ramina.fr\/#website\",\"url\":\"https:\/\/ramina.fr\/\",\"name\":\"RAMINA\",\"description\":\"R\u00e9seau d\u2019Accueil des Minot.es Non Accompagn\u00e9s\",\"publisher\":{\"@id\":\"https:\/\/ramina.fr\/#organization\"},\"alternateName\":\"R\u00e9seau d'accueil Solidaire des Minots Non Accompagn\u00e9s\",\"potentialAction\":[{\"@type\":\"SearchAction\",\"target\":{\"@type\":\"EntryPoint\",\"urlTemplate\":\"https:\/\/ramina.fr\/?s={search_term_string}\"},\"query-input\":{\"@type\":\"PropertyValueSpecification\",\"valueRequired\":true,\"valueName\":\"search_term_string\"}}],\"inLanguage\":\"fr-FR\"},{\"@type\":\"Organization\",\"@id\":\"https:\/\/ramina.fr\/#organization\",\"name\":\"RAMINA\",\"alternateName\":\"R\u00e9seau d' Accueil des Minots Non Accompagn\u00e9s\",\"url\":\"https:\/\/ramina.fr\/\",\"logo\":{\"@type\":\"ImageObject\",\"inLanguage\":\"fr-FR\",\"@id\":\"https:\/\/ramina.fr\/#\/schema\/logo\/image\/\",\"url\":\"https:\/\/ramina.fr\/wp-content\/uploads\/2025\/02\/LOGO_RAMINA_NOIR_VERTICAL.png\",\"contentUrl\":\"https:\/\/ramina.fr\/wp-content\/uploads\/2025\/02\/LOGO_RAMINA_NOIR_VERTICAL.png\",\"width\":1654,\"height\":1418,\"caption\":\"RAMINA\"},\"image\":{\"@id\":\"https:\/\/ramina.fr\/#\/schema\/logo\/image\/\"},\"sameAs\":[\"https:\/\/www.facebook.com\/contact.ramina\/\",\"https:\/\/www.instagram.com\/ramina_marseille\/\"]},{\"@type\":\"Person\",\"@id\":\"https:\/\/ramina.fr\/#\/schema\/person\/60afb851da2c0c7b9e173324b84144d5\",\"name\":\"Ramina R\u00e9seau\",\"image\":{\"@type\":\"ImageObject\",\"inLanguage\":\"fr-FR\",\"@id\":\"https:\/\/ramina.fr\/#\/schema\/person\/image\/\",\"url\":\"https:\/\/secure.gravatar.com\/avatar\/5985aef3267ffd44adcd4562d2752e99?s=96&d=mm&r=g\",\"contentUrl\":\"https:\/\/secure.gravatar.com\/avatar\/5985aef3267ffd44adcd4562d2752e99?s=96&d=mm&r=g\",\"caption\":\"Ramina R\u00e9seau\"}}]}<\/script>\n<!-- \/ Yoast SEO plugin. -->","yoast_head_json":{"title":"Bonjour, je m\u2019appelle Doumboua, j\u2019ai 17 ans et je viens de Guin\u00e9e Conakry \ud83d\ude42 | RAMINA","robots":{"index":"noindex","follow":"follow"},"og_locale":"fr_FR","og_type":"article","og_title":"Bonjour, je m\u2019appelle Doumboua, j\u2019ai 17 ans et je viens de Guin\u00e9e Conakry \ud83d\ude42 | RAMINA","og_description":"Je suis n\u00e9 \u00e0 Conakry et apr\u00e8s, j\u2019ai v\u00e9cu dans un village qui s\u2019appelle Faraba..Je suis le premier fils. Comme ma maman et mon papa \u00e9taient sur le chemin du divorce, apr\u00e8s que ma maman a accouch\u00e9, mon papa est venu me prendre parce qu\u2019il ne voulait pas me laisser avec ma maman. Apr\u00e8s, c\u2019est &hellip; Continuer la lecture de &laquo;&nbsp;Bonjour, je m\u2019appelle Doumboua, j\u2019ai 17 ans et je viens de Guin\u00e9e Conakry \ud83d\ude42&nbsp;&raquo;","og_url":"https:\/\/ramina.fr\/index.php\/2021\/06\/28\/bonjour-je-mappelle-doumboua\/","og_site_name":"RAMINA","article_publisher":"https:\/\/www.facebook.com\/contact.ramina\/","article_published_time":"2021-06-28T16:30:54+00:00","article_modified_time":"2021-06-28T16:31:14+00:00","og_image":[{"url":"http:\/\/ramina.fr\/wp-content\/uploads\/2021\/06\/RAMINA-Mbappe-marseille-1-1024x683.png","type":"","width":"","height":""}],"author":"Ramina R\u00e9seau","twitter_card":"summary_large_image","twitter_misc":{"\u00c9crit par":"Ramina R\u00e9seau","Dur\u00e9e de lecture estim\u00e9e":"2 minutes"},"schema":{"@context":"https:\/\/schema.org","@graph":[{"@type":"Article","@id":"https:\/\/ramina.fr\/index.php\/2021\/06\/28\/bonjour-je-mappelle-doumboua\/#article","isPartOf":{"@id":"https:\/\/ramina.fr\/index.php\/2021\/06\/28\/bonjour-je-mappelle-doumboua\/"},"author":{"name":"Ramina R\u00e9seau","@id":"https:\/\/ramina.fr\/#\/schema\/person\/60afb851da2c0c7b9e173324b84144d5"},"headline":"Bonjour, je m\u2019appelle Doumboua, j\u2019ai 17 ans et je viens de Guin\u00e9e Conakry \ud83d\ude42","datePublished":"2021-06-28T16:30:54+00:00","dateModified":"2021-06-28T16:31:14+00:00","mainEntityOfPage":{"@id":"https:\/\/ramina.fr\/index.php\/2021\/06\/28\/bonjour-je-mappelle-doumboua\/"},"wordCount":441,"commentCount":0,"publisher":{"@id":"https:\/\/ramina.fr\/#organization"},"image":{"@id":"https:\/\/ramina.fr\/index.php\/2021\/06\/28\/bonjour-je-mappelle-doumboua\/#primaryimage"},"thumbnailUrl":"http:\/\/ramina.fr\/wp-content\/uploads\/2021\/06\/RAMINA-Mbappe-marseille-1-1024x683.png","articleSection":["Parole de Minots S2"],"inLanguage":"fr-FR","potentialAction":[{"@type":"CommentAction","name":"Comment","target":["https:\/\/ramina.fr\/index.php\/2021\/06\/28\/bonjour-je-mappelle-doumboua\/#respond"]}]},{"@type":"WebPage","@id":"https:\/\/ramina.fr\/index.php\/2021\/06\/28\/bonjour-je-mappelle-doumboua\/","url":"https:\/\/ramina.fr\/index.php\/2021\/06\/28\/bonjour-je-mappelle-doumboua\/","name":"Bonjour, je m\u2019appelle Doumboua, j\u2019ai 17 ans et je viens de Guin\u00e9e Conakry \ud83d\ude42 | RAMINA","isPartOf":{"@id":"https:\/\/ramina.fr\/#website"},"primaryImageOfPage":{"@id":"https:\/\/ramina.fr\/index.php\/2021\/06\/28\/bonjour-je-mappelle-doumboua\/#primaryimage"},"image":{"@id":"https:\/\/ramina.fr\/index.php\/2021\/06\/28\/bonjour-je-mappelle-doumboua\/#primaryimage"},"thumbnailUrl":"http:\/\/ramina.fr\/wp-content\/uploads\/2021\/06\/RAMINA-Mbappe-marseille-1-1024x683.png","datePublished":"2021-06-28T16:30:54+00:00","dateModified":"2021-06-28T16:31:14+00:00","breadcrumb":{"@id":"https:\/\/ramina.fr\/index.php\/2021\/06\/28\/bonjour-je-mappelle-doumboua\/#breadcrumb"},"inLanguage":"fr-FR","potentialAction":[{"@type":"ReadAction","target":["https:\/\/ramina.fr\/index.php\/2021\/06\/28\/bonjour-je-mappelle-doumboua\/"]}]},{"@type":"ImageObject","inLanguage":"fr-FR","@id":"https:\/\/ramina.fr\/index.php\/2021\/06\/28\/bonjour-je-mappelle-doumboua\/#primaryimage","url":"http:\/\/ramina.fr\/wp-content\/uploads\/2021\/06\/RAMINA-Mbappe-marseille-1-1024x683.png","contentUrl":"http:\/\/ramina.fr\/wp-content\/uploads\/2021\/06\/RAMINA-Mbappe-marseille-1-1024x683.png"},{"@type":"BreadcrumbList","@id":"https:\/\/ramina.fr\/index.php\/2021\/06\/28\/bonjour-je-mappelle-doumboua\/#breadcrumb","itemListElement":[{"@type":"ListItem","position":1,"name":"Accueil","item":"https:\/\/ramina.fr\/"},{"@type":"ListItem","position":2,"name":"Bonjour, je m\u2019appelle Doumboua, j\u2019ai 17 ans et je viens de Guin\u00e9e Conakry \ud83d\ude42"}]},{"@type":"WebSite","@id":"https:\/\/ramina.fr\/#website","url":"https:\/\/ramina.fr\/","name":"RAMINA","description":"R\u00e9seau d\u2019Accueil des Minot.es Non Accompagn\u00e9s","publisher":{"@id":"https:\/\/ramina.fr\/#organization"},"alternateName":"R\u00e9seau d'accueil Solidaire des Minots Non Accompagn\u00e9s","potentialAction":[{"@type":"SearchAction","target":{"@type":"EntryPoint","urlTemplate":"https:\/\/ramina.fr\/?s={search_term_string}"},"query-input":{"@type":"PropertyValueSpecification","valueRequired":true,"valueName":"search_term_string"}}],"inLanguage":"fr-FR"},{"@type":"Organization","@id":"https:\/\/ramina.fr\/#organization","name":"RAMINA","alternateName":"R\u00e9seau d' Accueil des Minots Non Accompagn\u00e9s","url":"https:\/\/ramina.fr\/","logo":{"@type":"ImageObject","inLanguage":"fr-FR","@id":"https:\/\/ramina.fr\/#\/schema\/logo\/image\/","url":"https:\/\/ramina.fr\/wp-content\/uploads\/2025\/02\/LOGO_RAMINA_NOIR_VERTICAL.png","contentUrl":"https:\/\/ramina.fr\/wp-content\/uploads\/2025\/02\/LOGO_RAMINA_NOIR_VERTICAL.png","width":1654,"height":1418,"caption":"RAMINA"},"image":{"@id":"https:\/\/ramina.fr\/#\/schema\/logo\/image\/"},"sameAs":["https:\/\/www.facebook.com\/contact.ramina\/","https:\/\/www.instagram.com\/ramina_marseille\/"]},{"@type":"Person","@id":"https:\/\/ramina.fr\/#\/schema\/person\/60afb851da2c0c7b9e173324b84144d5","name":"Ramina R\u00e9seau","image":{"@type":"ImageObject","inLanguage":"fr-FR","@id":"https:\/\/ramina.fr\/#\/schema\/person\/image\/","url":"https:\/\/secure.gravatar.com\/avatar\/5985aef3267ffd44adcd4562d2752e99?s=96&d=mm&r=g","contentUrl":"https:\/\/secure.gravatar.com\/avatar\/5985aef3267ffd44adcd4562d2752e99?s=96&d=mm&r=g","caption":"Ramina R\u00e9seau"}}]}},"jetpack_featured_media_url":"","jetpack_sharing_enabled":true,"_links":{"self":[{"href":"https:\/\/ramina.fr\/index.php\/wp-json\/wp\/v2\/posts\/1560","targetHints":{"allow":["GET"]}}],"collection":[{"href":"https:\/\/ramina.fr\/index.php\/wp-json\/wp\/v2\/posts"}],"about":[{"href":"https:\/\/ramina.fr\/index.php\/wp-json\/wp\/v2\/types\/post"}],"author":[{"embeddable":true,"href":"https:\/\/ramina.fr\/index.php\/wp-json\/wp\/v2\/users\/3"}],"replies":[{"embeddable":true,"href":"https:\/\/ramina.fr\/index.php\/wp-json\/wp\/v2\/comments?post=1560"}],"version-history":[{"count":2,"href":"https:\/\/ramina.fr\/index.php\/wp-json\/wp\/v2\/posts\/1560\/revisions"}],"predecessor-version":[{"id":1564,"href":"https:\/\/ramina.fr\/index.php\/wp-json\/wp\/v2\/posts\/1560\/revisions\/1564"}],"wp:attachment":[{"href":"https:\/\/ramina.fr\/index.php\/wp-json\/wp\/v2\/media?parent=1560"}],"wp:term":[{"taxonomy":"category","embeddable":true,"href":"https:\/\/ramina.fr\/index.php\/wp-json\/wp\/v2\/categories?post=1560"},{"taxonomy":"post_tag","embeddable":true,"href":"https:\/\/ramina.fr\/index.php\/wp-json\/wp\/v2\/tags?post=1560"}],"curies":[{"name":"wp","href":"https:\/\/api.w.org\/{rel}","templated":true}]}}