{"id":1555,"date":"2021-06-25T14:02:44","date_gmt":"2021-06-25T12:02:44","guid":{"rendered":"http:\/\/ramina.fr\/?p=1555"},"modified":"2021-06-25T14:03:26","modified_gmt":"2021-06-25T12:03:26","slug":"bonjour-je-mappelle-ahmed","status":"publish","type":"post","link":"https:\/\/ramina.fr\/index.php\/2021\/06\/25\/bonjour-je-mappelle-ahmed\/","title":{"rendered":"Bonjour, je m\u2019appelle Ahmed, j\u2019ai 16 ans et je suis ivoirien, \u00e7a fait quelques jours que je suis arriv\u00e9 \u00e0 Marseille \ud83d\ude42"},"content":{"rendered":"\n<p>Petit, j\u2019ai grandi \u00e0 la ville en C\u00f4te d\u2019Ivoire avec mon papa et ma maman. J\u2019allais \u00e0 l\u2019\u00e9cole, j\u2019ai fait 5 ans, j\u2019ai appris \u00e0 lire et \u00e0 \u00e9crire en fran\u00e7ais. Puis un jour, le grand fr\u00e8re de mon p\u00e8re m\u2019a dit que j\u2019allais passer les vacances chez lui au village. Quand je suis arriv\u00e9, il m\u2019a demand\u00e9 de travailler dans les champs avec lui. <\/p>\n\n\n\n<p>Puis quand j\u2019ai demand\u00e9 \u00e0 revenir \u00e0 la ville pour reprendre l\u2019\u00e9cole, il m\u2019a dit que ce n\u2019\u00e9tait pas possible que j\u2019\u00e9tais venu pour rester. J\u2019ai demand\u00e9 \u00e0 mon p\u00e8re de me faire revenir, mais il m\u2019a dit qu\u2019il ne pouvait rien faire car son grand-fr\u00e8re c\u2019est comme mon papa pour moi. Si je refusais d\u2019aller aux champs, il me frappait. Donc un jour, j\u2019ai demand\u00e9 \u00e0 maman et elle m\u2019a dit qu\u2019elle allait chercher une solution pour m\u2019envoyer tr\u00e8s loin de l\u00e0-bas.<\/p>\n\n\n\n<p><br>Le petit fr\u00e8re de ma m\u00e8re est venu me chercher et il a dit au grand fr\u00e8re de mon p\u00e8re que j\u2019allais partir un peu en vacances avec lui. Moi, je ne savais pas o\u00f9 j\u2019allais. C\u2019est une fois arriv\u00e9 au Mali que j\u2019ai eu ma maman au t\u00e9l\u00e9phone qui m\u2019a dit que j\u2019allais partir travailler en Alg\u00e9rie avec mon oncle et que j&rsquo;allais rester avec lui. <\/p>\n\n\n\n<p>Arriv\u00e9 en Alg\u00e9rie, mon oncle m&rsquo;a dit qu\u2019en fait on allait partir en Libye pour traverser en Italie. On a fait un mois en Libye. La nuit on a pris le bateau, mais lui et moi on \u00e9tait dans deux bateaux diff\u00e9rents. La police libyenne a attrap\u00e9 son bateau pour les amener en prison. \u00c7a fait plus d\u2019un mois et je n\u2019ai pas de nouvelles de lui.<\/p>\n\n\n\n<p><br>Ici \u00e0 Marseille, \u00e7a va, ce n\u2019est pas comme en Libye, personne ne m\u2019oblige \u00e0 faire quoi que ce soit. J\u2019ai trouv\u00e9 un endroit pour dormir la nuit, mais je ne dors pas bien car je r\u00e9fl\u00e9chis beaucoup. Je me suis inscrit \u00e0 l\u2019ADDAP et on m\u2019a dit que j\u2019irai \u00e0 l\u2019h\u00f4tel, mais je ne sais pas quand. Ils doivent m\u2019appeler. Aussi j\u2019aimerai me faire soigner mon \u0153il car je vois flou depuis que mon oncle m\u2019a tap\u00e9 un jour au village.<\/p>\n\n\n\n<p><br>La chanson que je voudrais vous faire partager c\u2019est celle du chanteur franco-congolais Naza, qui est tr\u00e8s connu en C\u00f4te d\u2019Ivoire. La chanson s&rsquo;appelle \u201cSac \u00e0 dos\u201d, j\u2019aime bien car on voit tous les enfants dans le clip qui sont en harmonie et moi aussi j\u2019esp\u00e8re beaucoup aller \u00e0 l\u2019\u00e9cole en France bient\u00f4t.<\/p>\n\n\n\n<p><br>\u270c\ufe0fRdv lundi pour la derni\u00e8re semaine de la saison 2 de Paroles de Minot. Partagez, likez, boul\u00e9guez \u270c\ufe0f<br><\/p>\n\n\n\n<figure class=\"wp-block-embed is-type-video is-provider-youtube wp-block-embed-youtube wp-embed-aspect-16-9 wp-has-aspect-ratio\"><div class=\"wp-block-embed__wrapper\">\n<iframe title=\"Naza - Sac A Dos (Clip Officiel)\" width=\"525\" height=\"295\" src=\"https:\/\/www.youtube.com\/embed\/VZuaMPFZeIU?feature=oembed\" frameborder=\"0\" allow=\"accelerometer; autoplay; clipboard-write; encrypted-media; gyroscope; picture-in-picture; web-share\" referrerpolicy=\"strict-origin-when-cross-origin\" allowfullscreen><\/iframe>\n<\/div><\/figure>\n","protected":false},"excerpt":{"rendered":"<p>Petit, j\u2019ai grandi \u00e0 la ville en C\u00f4te d\u2019Ivoire avec mon papa et ma maman. J\u2019allais \u00e0 l\u2019\u00e9cole, j\u2019ai fait 5 ans, j\u2019ai appris \u00e0 lire et \u00e0 \u00e9crire en fran\u00e7ais. Puis un jour, le grand fr\u00e8re de mon p\u00e8re m\u2019a dit que j\u2019allais passer les vacances chez lui au village. Quand je suis arriv\u00e9, &hellip; <\/p>\n<p class=\"link-more\"><a href=\"https:\/\/ramina.fr\/index.php\/2021\/06\/25\/bonjour-je-mappelle-ahmed\/\" class=\"more-link\">Continuer la lecture<span class=\"screen-reader-text\"> de &laquo;&nbsp;Bonjour, je m\u2019appelle Ahmed, j\u2019ai 16 ans et je suis ivoirien, \u00e7a fait quelques jours que je suis arriv\u00e9 \u00e0 Marseille \ud83d\ude42&nbsp;&raquo;<\/span><\/a><\/p>\n","protected":false},"author":3,"featured_media":0,"comment_status":"open","ping_status":"open","sticky":false,"template":"","format":"standard","meta":{"_jetpack_memberships_contains_paid_content":false,"footnotes":""},"categories":[6],"tags":[],"class_list":["post-1555","post","type-post","status-publish","format-standard","hentry","category-paroledeminotsaison2"],"yoast_head":"<!-- This site is optimized with the Yoast SEO plugin v25.1 - https:\/\/yoast.com\/wordpress\/plugins\/seo\/ -->\n<title>Bonjour, je m\u2019appelle Ahmed, j\u2019ai 16 ans et je suis ivoirien, \u00e7a fait quelques jours que je suis arriv\u00e9 \u00e0 Marseille \ud83d\ude42 | RAMINA<\/title>\n<meta name=\"robots\" content=\"noindex, follow\" \/>\n<meta property=\"og:locale\" content=\"fr_FR\" \/>\n<meta property=\"og:type\" content=\"article\" \/>\n<meta property=\"og:title\" content=\"Bonjour, je m\u2019appelle Ahmed, j\u2019ai 16 ans et je suis ivoirien, \u00e7a fait quelques jours que je suis arriv\u00e9 \u00e0 Marseille \ud83d\ude42 | RAMINA\" \/>\n<meta property=\"og:description\" content=\"Petit, j\u2019ai grandi \u00e0 la ville en C\u00f4te d\u2019Ivoire avec mon papa et ma maman. J\u2019allais \u00e0 l\u2019\u00e9cole, j\u2019ai fait 5 ans, j\u2019ai appris \u00e0 lire et \u00e0 \u00e9crire en fran\u00e7ais. Puis un jour, le grand fr\u00e8re de mon p\u00e8re m\u2019a dit que j\u2019allais passer les vacances chez lui au village. Quand je suis arriv\u00e9, &hellip; Continuer la lecture de &laquo;&nbsp;Bonjour, je m\u2019appelle Ahmed, j\u2019ai 16 ans et je suis ivoirien, \u00e7a fait quelques jours que je suis arriv\u00e9 \u00e0 Marseille \ud83d\ude42&nbsp;&raquo;\" \/>\n<meta property=\"og:url\" content=\"https:\/\/ramina.fr\/index.php\/2021\/06\/25\/bonjour-je-mappelle-ahmed\/\" \/>\n<meta property=\"og:site_name\" content=\"RAMINA\" \/>\n<meta property=\"article:publisher\" content=\"https:\/\/www.facebook.com\/contact.ramina\/\" \/>\n<meta property=\"article:published_time\" content=\"2021-06-25T12:02:44+00:00\" \/>\n<meta property=\"article:modified_time\" content=\"2021-06-25T12:03:26+00:00\" \/>\n<meta property=\"og:image\" content=\"https:\/\/ramina.fr\/wp-content\/uploads\/2025\/02\/ramina-image-mise-avant-wordpress.jpg\" \/>\n\t<meta property=\"og:image:width\" content=\"1200\" \/>\n\t<meta property=\"og:image:height\" content=\"675\" \/>\n\t<meta property=\"og:image:type\" content=\"image\/jpeg\" \/>\n<meta name=\"author\" content=\"Ramina R\u00e9seau\" \/>\n<meta name=\"twitter:card\" content=\"summary_large_image\" \/>\n<meta name=\"twitter:label1\" content=\"\u00c9crit par\" \/>\n\t<meta name=\"twitter:data1\" content=\"Ramina R\u00e9seau\" \/>\n\t<meta name=\"twitter:label2\" content=\"Dur\u00e9e de lecture estim\u00e9e\" \/>\n\t<meta name=\"twitter:data2\" content=\"2 minutes\" \/>\n<script type=\"application\/ld+json\" class=\"yoast-schema-graph\">{\"@context\":\"https:\/\/schema.org\",\"@graph\":[{\"@type\":\"Article\",\"@id\":\"https:\/\/ramina.fr\/index.php\/2021\/06\/25\/bonjour-je-mappelle-ahmed\/#article\",\"isPartOf\":{\"@id\":\"https:\/\/ramina.fr\/index.php\/2021\/06\/25\/bonjour-je-mappelle-ahmed\/\"},\"author\":{\"name\":\"Ramina R\u00e9seau\",\"@id\":\"https:\/\/ramina.fr\/#\/schema\/person\/60afb851da2c0c7b9e173324b84144d5\"},\"headline\":\"Bonjour, je m\u2019appelle Ahmed, j\u2019ai 16 ans et je suis ivoirien, \u00e7a fait quelques jours que je suis arriv\u00e9 \u00e0 Marseille \ud83d\ude42\",\"datePublished\":\"2021-06-25T12:02:44+00:00\",\"dateModified\":\"2021-06-25T12:03:26+00:00\",\"mainEntityOfPage\":{\"@id\":\"https:\/\/ramina.fr\/index.php\/2021\/06\/25\/bonjour-je-mappelle-ahmed\/\"},\"wordCount\":519,\"commentCount\":0,\"publisher\":{\"@id\":\"https:\/\/ramina.fr\/#organization\"},\"articleSection\":[\"Parole de Minots S2\"],\"inLanguage\":\"fr-FR\",\"potentialAction\":[{\"@type\":\"CommentAction\",\"name\":\"Comment\",\"target\":[\"https:\/\/ramina.fr\/index.php\/2021\/06\/25\/bonjour-je-mappelle-ahmed\/#respond\"]}]},{\"@type\":\"WebPage\",\"@id\":\"https:\/\/ramina.fr\/index.php\/2021\/06\/25\/bonjour-je-mappelle-ahmed\/\",\"url\":\"https:\/\/ramina.fr\/index.php\/2021\/06\/25\/bonjour-je-mappelle-ahmed\/\",\"name\":\"Bonjour, je m\u2019appelle Ahmed, j\u2019ai 16 ans et je suis ivoirien, \u00e7a fait quelques jours que je suis arriv\u00e9 \u00e0 Marseille \ud83d\ude42 | RAMINA\",\"isPartOf\":{\"@id\":\"https:\/\/ramina.fr\/#website\"},\"datePublished\":\"2021-06-25T12:02:44+00:00\",\"dateModified\":\"2021-06-25T12:03:26+00:00\",\"breadcrumb\":{\"@id\":\"https:\/\/ramina.fr\/index.php\/2021\/06\/25\/bonjour-je-mappelle-ahmed\/#breadcrumb\"},\"inLanguage\":\"fr-FR\",\"potentialAction\":[{\"@type\":\"ReadAction\",\"target\":[\"https:\/\/ramina.fr\/index.php\/2021\/06\/25\/bonjour-je-mappelle-ahmed\/\"]}]},{\"@type\":\"BreadcrumbList\",\"@id\":\"https:\/\/ramina.fr\/index.php\/2021\/06\/25\/bonjour-je-mappelle-ahmed\/#breadcrumb\",\"itemListElement\":[{\"@type\":\"ListItem\",\"position\":1,\"name\":\"Accueil\",\"item\":\"https:\/\/ramina.fr\/\"},{\"@type\":\"ListItem\",\"position\":2,\"name\":\"Bonjour, je m\u2019appelle Ahmed, j\u2019ai 16 ans et je suis ivoirien, \u00e7a fait quelques jours que je suis arriv\u00e9 \u00e0 Marseille \ud83d\ude42\"}]},{\"@type\":\"WebSite\",\"@id\":\"https:\/\/ramina.fr\/#website\",\"url\":\"https:\/\/ramina.fr\/\",\"name\":\"RAMINA\",\"description\":\"R\u00e9seau d\u2019Accueil des Minot.es Non Accompagn\u00e9s\",\"publisher\":{\"@id\":\"https:\/\/ramina.fr\/#organization\"},\"alternateName\":\"R\u00e9seau d'accueil Solidaire des Minots Non Accompagn\u00e9s\",\"potentialAction\":[{\"@type\":\"SearchAction\",\"target\":{\"@type\":\"EntryPoint\",\"urlTemplate\":\"https:\/\/ramina.fr\/?s={search_term_string}\"},\"query-input\":{\"@type\":\"PropertyValueSpecification\",\"valueRequired\":true,\"valueName\":\"search_term_string\"}}],\"inLanguage\":\"fr-FR\"},{\"@type\":\"Organization\",\"@id\":\"https:\/\/ramina.fr\/#organization\",\"name\":\"RAMINA\",\"alternateName\":\"R\u00e9seau d' Accueil des Minots Non Accompagn\u00e9s\",\"url\":\"https:\/\/ramina.fr\/\",\"logo\":{\"@type\":\"ImageObject\",\"inLanguage\":\"fr-FR\",\"@id\":\"https:\/\/ramina.fr\/#\/schema\/logo\/image\/\",\"url\":\"https:\/\/ramina.fr\/wp-content\/uploads\/2025\/02\/LOGO_RAMINA_NOIR_VERTICAL.png\",\"contentUrl\":\"https:\/\/ramina.fr\/wp-content\/uploads\/2025\/02\/LOGO_RAMINA_NOIR_VERTICAL.png\",\"width\":1654,\"height\":1418,\"caption\":\"RAMINA\"},\"image\":{\"@id\":\"https:\/\/ramina.fr\/#\/schema\/logo\/image\/\"},\"sameAs\":[\"https:\/\/www.facebook.com\/contact.ramina\/\",\"https:\/\/www.instagram.com\/ramina_marseille\/\"]},{\"@type\":\"Person\",\"@id\":\"https:\/\/ramina.fr\/#\/schema\/person\/60afb851da2c0c7b9e173324b84144d5\",\"name\":\"Ramina R\u00e9seau\",\"image\":{\"@type\":\"ImageObject\",\"inLanguage\":\"fr-FR\",\"@id\":\"https:\/\/ramina.fr\/#\/schema\/person\/image\/\",\"url\":\"https:\/\/secure.gravatar.com\/avatar\/5985aef3267ffd44adcd4562d2752e99?s=96&d=mm&r=g\",\"contentUrl\":\"https:\/\/secure.gravatar.com\/avatar\/5985aef3267ffd44adcd4562d2752e99?s=96&d=mm&r=g\",\"caption\":\"Ramina R\u00e9seau\"}}]}<\/script>\n<!-- \/ Yoast SEO plugin. -->","yoast_head_json":{"title":"Bonjour, je m\u2019appelle Ahmed, j\u2019ai 16 ans et je suis ivoirien, \u00e7a fait quelques jours que je suis arriv\u00e9 \u00e0 Marseille \ud83d\ude42 | RAMINA","robots":{"index":"noindex","follow":"follow"},"og_locale":"fr_FR","og_type":"article","og_title":"Bonjour, je m\u2019appelle Ahmed, j\u2019ai 16 ans et je suis ivoirien, \u00e7a fait quelques jours que je suis arriv\u00e9 \u00e0 Marseille \ud83d\ude42 | RAMINA","og_description":"Petit, j\u2019ai grandi \u00e0 la ville en C\u00f4te d\u2019Ivoire avec mon papa et ma maman. J\u2019allais \u00e0 l\u2019\u00e9cole, j\u2019ai fait 5 ans, j\u2019ai appris \u00e0 lire et \u00e0 \u00e9crire en fran\u00e7ais. Puis un jour, le grand fr\u00e8re de mon p\u00e8re m\u2019a dit que j\u2019allais passer les vacances chez lui au village. Quand je suis arriv\u00e9, &hellip; Continuer la lecture de &laquo;&nbsp;Bonjour, je m\u2019appelle Ahmed, j\u2019ai 16 ans et je suis ivoirien, \u00e7a fait quelques jours que je suis arriv\u00e9 \u00e0 Marseille \ud83d\ude42&nbsp;&raquo;","og_url":"https:\/\/ramina.fr\/index.php\/2021\/06\/25\/bonjour-je-mappelle-ahmed\/","og_site_name":"RAMINA","article_publisher":"https:\/\/www.facebook.com\/contact.ramina\/","article_published_time":"2021-06-25T12:02:44+00:00","article_modified_time":"2021-06-25T12:03:26+00:00","og_image":[{"width":1200,"height":675,"url":"https:\/\/ramina.fr\/wp-content\/uploads\/2025\/02\/ramina-image-mise-avant-wordpress.jpg","type":"image\/jpeg"}],"author":"Ramina R\u00e9seau","twitter_card":"summary_large_image","twitter_misc":{"\u00c9crit par":"Ramina R\u00e9seau","Dur\u00e9e de lecture estim\u00e9e":"2 minutes"},"schema":{"@context":"https:\/\/schema.org","@graph":[{"@type":"Article","@id":"https:\/\/ramina.fr\/index.php\/2021\/06\/25\/bonjour-je-mappelle-ahmed\/#article","isPartOf":{"@id":"https:\/\/ramina.fr\/index.php\/2021\/06\/25\/bonjour-je-mappelle-ahmed\/"},"author":{"name":"Ramina R\u00e9seau","@id":"https:\/\/ramina.fr\/#\/schema\/person\/60afb851da2c0c7b9e173324b84144d5"},"headline":"Bonjour, je m\u2019appelle Ahmed, j\u2019ai 16 ans et je suis ivoirien, \u00e7a fait quelques jours que je suis arriv\u00e9 \u00e0 Marseille \ud83d\ude42","datePublished":"2021-06-25T12:02:44+00:00","dateModified":"2021-06-25T12:03:26+00:00","mainEntityOfPage":{"@id":"https:\/\/ramina.fr\/index.php\/2021\/06\/25\/bonjour-je-mappelle-ahmed\/"},"wordCount":519,"commentCount":0,"publisher":{"@id":"https:\/\/ramina.fr\/#organization"},"articleSection":["Parole de Minots S2"],"inLanguage":"fr-FR","potentialAction":[{"@type":"CommentAction","name":"Comment","target":["https:\/\/ramina.fr\/index.php\/2021\/06\/25\/bonjour-je-mappelle-ahmed\/#respond"]}]},{"@type":"WebPage","@id":"https:\/\/ramina.fr\/index.php\/2021\/06\/25\/bonjour-je-mappelle-ahmed\/","url":"https:\/\/ramina.fr\/index.php\/2021\/06\/25\/bonjour-je-mappelle-ahmed\/","name":"Bonjour, je m\u2019appelle Ahmed, j\u2019ai 16 ans et je suis ivoirien, \u00e7a fait quelques jours que je suis arriv\u00e9 \u00e0 Marseille \ud83d\ude42 | RAMINA","isPartOf":{"@id":"https:\/\/ramina.fr\/#website"},"datePublished":"2021-06-25T12:02:44+00:00","dateModified":"2021-06-25T12:03:26+00:00","breadcrumb":{"@id":"https:\/\/ramina.fr\/index.php\/2021\/06\/25\/bonjour-je-mappelle-ahmed\/#breadcrumb"},"inLanguage":"fr-FR","potentialAction":[{"@type":"ReadAction","target":["https:\/\/ramina.fr\/index.php\/2021\/06\/25\/bonjour-je-mappelle-ahmed\/"]}]},{"@type":"BreadcrumbList","@id":"https:\/\/ramina.fr\/index.php\/2021\/06\/25\/bonjour-je-mappelle-ahmed\/#breadcrumb","itemListElement":[{"@type":"ListItem","position":1,"name":"Accueil","item":"https:\/\/ramina.fr\/"},{"@type":"ListItem","position":2,"name":"Bonjour, je m\u2019appelle Ahmed, j\u2019ai 16 ans et je suis ivoirien, \u00e7a fait quelques jours que je suis arriv\u00e9 \u00e0 Marseille \ud83d\ude42"}]},{"@type":"WebSite","@id":"https:\/\/ramina.fr\/#website","url":"https:\/\/ramina.fr\/","name":"RAMINA","description":"R\u00e9seau d\u2019Accueil des Minot.es Non Accompagn\u00e9s","publisher":{"@id":"https:\/\/ramina.fr\/#organization"},"alternateName":"R\u00e9seau d'accueil Solidaire des Minots Non Accompagn\u00e9s","potentialAction":[{"@type":"SearchAction","target":{"@type":"EntryPoint","urlTemplate":"https:\/\/ramina.fr\/?s={search_term_string}"},"query-input":{"@type":"PropertyValueSpecification","valueRequired":true,"valueName":"search_term_string"}}],"inLanguage":"fr-FR"},{"@type":"Organization","@id":"https:\/\/ramina.fr\/#organization","name":"RAMINA","alternateName":"R\u00e9seau d' Accueil des Minots Non Accompagn\u00e9s","url":"https:\/\/ramina.fr\/","logo":{"@type":"ImageObject","inLanguage":"fr-FR","@id":"https:\/\/ramina.fr\/#\/schema\/logo\/image\/","url":"https:\/\/ramina.fr\/wp-content\/uploads\/2025\/02\/LOGO_RAMINA_NOIR_VERTICAL.png","contentUrl":"https:\/\/ramina.fr\/wp-content\/uploads\/2025\/02\/LOGO_RAMINA_NOIR_VERTICAL.png","width":1654,"height":1418,"caption":"RAMINA"},"image":{"@id":"https:\/\/ramina.fr\/#\/schema\/logo\/image\/"},"sameAs":["https:\/\/www.facebook.com\/contact.ramina\/","https:\/\/www.instagram.com\/ramina_marseille\/"]},{"@type":"Person","@id":"https:\/\/ramina.fr\/#\/schema\/person\/60afb851da2c0c7b9e173324b84144d5","name":"Ramina R\u00e9seau","image":{"@type":"ImageObject","inLanguage":"fr-FR","@id":"https:\/\/ramina.fr\/#\/schema\/person\/image\/","url":"https:\/\/secure.gravatar.com\/avatar\/5985aef3267ffd44adcd4562d2752e99?s=96&d=mm&r=g","contentUrl":"https:\/\/secure.gravatar.com\/avatar\/5985aef3267ffd44adcd4562d2752e99?s=96&d=mm&r=g","caption":"Ramina R\u00e9seau"}}]}},"jetpack_featured_media_url":"","jetpack_sharing_enabled":true,"_links":{"self":[{"href":"https:\/\/ramina.fr\/index.php\/wp-json\/wp\/v2\/posts\/1555","targetHints":{"allow":["GET"]}}],"collection":[{"href":"https:\/\/ramina.fr\/index.php\/wp-json\/wp\/v2\/posts"}],"about":[{"href":"https:\/\/ramina.fr\/index.php\/wp-json\/wp\/v2\/types\/post"}],"author":[{"embeddable":true,"href":"https:\/\/ramina.fr\/index.php\/wp-json\/wp\/v2\/users\/3"}],"replies":[{"embeddable":true,"href":"https:\/\/ramina.fr\/index.php\/wp-json\/wp\/v2\/comments?post=1555"}],"version-history":[{"count":1,"href":"https:\/\/ramina.fr\/index.php\/wp-json\/wp\/v2\/posts\/1555\/revisions"}],"predecessor-version":[{"id":1556,"href":"https:\/\/ramina.fr\/index.php\/wp-json\/wp\/v2\/posts\/1555\/revisions\/1556"}],"wp:attachment":[{"href":"https:\/\/ramina.fr\/index.php\/wp-json\/wp\/v2\/media?parent=1555"}],"wp:term":[{"taxonomy":"category","embeddable":true,"href":"https:\/\/ramina.fr\/index.php\/wp-json\/wp\/v2\/categories?post=1555"},{"taxonomy":"post_tag","embeddable":true,"href":"https:\/\/ramina.fr\/index.php\/wp-json\/wp\/v2\/tags?post=1555"}],"curies":[{"name":"wp","href":"https:\/\/api.w.org\/{rel}","templated":true}]}}