{"id":1552,"date":"2021-06-21T12:16:54","date_gmt":"2021-06-21T10:16:54","guid":{"rendered":"http:\/\/ramina.fr\/?p=1552"},"modified":"2021-06-21T12:48:38","modified_gmt":"2021-06-21T10:48:38","slug":"bonjour-je-mappelle-akon-jai-16-ans","status":"publish","type":"post","link":"https:\/\/ramina.fr\/index.php\/2021\/06\/21\/bonjour-je-mappelle-akon-jai-16-ans\/","title":{"rendered":"Bonjour, je m\u2019appelle Akon, j\u2019ai 16 ans. J\u2019ai quitt\u00e9 la Guin\u00e9e Conakry. \u00c7a fait bient\u00f4t deux semaines que je suis \u00e0 Marseille. \ud83d\ude42"},"content":{"rendered":"\n<p><br>J\u2019\u00e9tais arriv\u00e9 en Italie en mars de cette ann\u00e9e. J\u2019\u00e9tais l\u00e0-bas et moi je ne parlais pas la langue de l\u2019Italie, c\u2019\u00e9tait dur. J\u2019ai rencontr\u00e9 deux grands fr\u00e8res en Italie. Et moi je leur ai dit de venir en France avec eux, car moi je parlais un peu fran\u00e7ais m\u00eame si j\u2019ai pas fait l&rsquo;\u00e9cole au pays.<\/p>\n\n\n\n<p><br>En Guin\u00e9e, il y a toujours des gens qui parlent fran\u00e7ais alors moi j\u2019\u00e9coute un peu, un peu. J\u2019ai pris le train en Italie avec les deux grands fr\u00e8res. Apr\u00e8s on est arriv\u00e9 \u00e0 Marseille, on \u00e9tait \u00e0 la gare l\u00e0-bas. Mais moi, je n\u2019avais pas l\u2019argent pour aller \u00e0 Paris avec eux et payer le billet de train. Alors c\u2019est comme \u00e7a qu\u2019ils m\u2019ont montr\u00e9 la police.<\/p>\n\n\n\n<p><br>J\u2019ai demand\u00e9 \u00e0 la police une place \u00e0 l\u2019h\u00f4tel. La police m\u2019a dit d\u2019attendre 21h que quelqu\u2019un allait venir me chercher. Je me suis assis devant la police et j\u2019ai attendu. A 21h, un b\u00e9n\u00e9vole est venu. Il m\u2019a demand\u00e9 d\u2019o\u00f9 je venais, j\u2019ai dit la Guin\u00e9e. Il m\u2019a demand\u00e9 mon \u00e2ge, j\u2019ai dit 16 ans et ma date de naissance. Apr\u00e8s le b\u00e9n\u00e9vole m\u2019a dit qu\u2019il n\u2019y avait pas de places \u00e0 la police alors il m\u2019a amen\u00e9 dormir chez lui. Apr\u00e8s je suis all\u00e9 m\u2019inscrire \u00e0 l\u2019ADDAP.<\/p>\n\n\n\n<p><br>Maintenant j\u2019attends la place \u00e0 l\u2019h\u00f4tel, j\u2019ai rencontr\u00e9 un avocat aussi pour m\u2019aider \u00e0 avoir les papiers. Pour la suite, je veux partir \u00e0 l\u2019\u00e9cole, car j\u2019habitais au village et j\u2019ai jamais appris \u00e0 \u00e9crire. Actuellement c\u2019est ce qu\u2019il y a de plus important pour moi, aller \u00e0 l\u2019\u00e9cole.<br>Pour finir, je vais vous partager une chanson de Akon, mon chanteur pr\u00e9f\u00e9r\u00e9. Il a grandi petit au S\u00e9n\u00e9gal et est devenu un grand rappeur am\u00e9ricain.<\/p>\n\n\n\n<p><br>\u270c Rendez-vous vendredi pour une nouvelle parole de minot. Partagez, likez, boul\u00e9guez \u270c<\/p>\n\n\n\n<figure class=\"wp-block-embed is-type-video is-provider-youtube wp-block-embed-youtube wp-embed-aspect-16-9 wp-has-aspect-ratio\"><div class=\"wp-block-embed__wrapper\">\n<iframe title=\"Akon - I&#039;m So Paid (Official Music Video) ft. Lil Wayne, Young Jeezy\" width=\"525\" height=\"295\" src=\"https:\/\/www.youtube.com\/embed\/tnAbKuGss4Y?feature=oembed\" frameborder=\"0\" allow=\"accelerometer; autoplay; clipboard-write; encrypted-media; gyroscope; picture-in-picture; web-share\" referrerpolicy=\"strict-origin-when-cross-origin\" allowfullscreen><\/iframe>\n<\/div><\/figure>\n","protected":false},"excerpt":{"rendered":"<p>J\u2019\u00e9tais arriv\u00e9 en Italie en mars de cette ann\u00e9e. J\u2019\u00e9tais l\u00e0-bas et moi je ne parlais pas la langue de l\u2019Italie, c\u2019\u00e9tait dur. J\u2019ai rencontr\u00e9 deux grands fr\u00e8res en Italie. Et moi je leur ai dit de venir en France avec eux, car moi je parlais un peu fran\u00e7ais m\u00eame si j\u2019ai pas fait l&rsquo;\u00e9cole &hellip; <\/p>\n<p class=\"link-more\"><a href=\"https:\/\/ramina.fr\/index.php\/2021\/06\/21\/bonjour-je-mappelle-akon-jai-16-ans\/\" class=\"more-link\">Continuer la lecture<span class=\"screen-reader-text\"> de &laquo;&nbsp;Bonjour, je m\u2019appelle Akon, j\u2019ai 16 ans. J\u2019ai quitt\u00e9 la Guin\u00e9e Conakry. \u00c7a fait bient\u00f4t deux semaines que je suis \u00e0 Marseille. \ud83d\ude42&nbsp;&raquo;<\/span><\/a><\/p>\n","protected":false},"author":3,"featured_media":0,"comment_status":"open","ping_status":"open","sticky":false,"template":"","format":"standard","meta":{"_jetpack_memberships_contains_paid_content":false,"footnotes":""},"categories":[6],"tags":[],"class_list":["post-1552","post","type-post","status-publish","format-standard","hentry","category-paroledeminotsaison2"],"yoast_head":"<!-- This site is optimized with the Yoast SEO plugin v25.1 - https:\/\/yoast.com\/wordpress\/plugins\/seo\/ -->\n<title>Bonjour, je m\u2019appelle Akon, j\u2019ai 16 ans. J\u2019ai quitt\u00e9 la Guin\u00e9e Conakry. \u00c7a fait bient\u00f4t deux semaines que je suis \u00e0 Marseille. \ud83d\ude42 | RAMINA<\/title>\n<meta name=\"robots\" content=\"noindex, follow\" \/>\n<meta property=\"og:locale\" content=\"fr_FR\" \/>\n<meta property=\"og:type\" content=\"article\" \/>\n<meta property=\"og:title\" content=\"Bonjour, je m\u2019appelle Akon, j\u2019ai 16 ans. J\u2019ai quitt\u00e9 la Guin\u00e9e Conakry. \u00c7a fait bient\u00f4t deux semaines que je suis \u00e0 Marseille. \ud83d\ude42 | RAMINA\" \/>\n<meta property=\"og:description\" content=\"J\u2019\u00e9tais arriv\u00e9 en Italie en mars de cette ann\u00e9e. J\u2019\u00e9tais l\u00e0-bas et moi je ne parlais pas la langue de l\u2019Italie, c\u2019\u00e9tait dur. J\u2019ai rencontr\u00e9 deux grands fr\u00e8res en Italie. Et moi je leur ai dit de venir en France avec eux, car moi je parlais un peu fran\u00e7ais m\u00eame si j\u2019ai pas fait l&rsquo;\u00e9cole &hellip; Continuer la lecture de &laquo;&nbsp;Bonjour, je m\u2019appelle Akon, j\u2019ai 16 ans. J\u2019ai quitt\u00e9 la Guin\u00e9e Conakry. \u00c7a fait bient\u00f4t deux semaines que je suis \u00e0 Marseille. \ud83d\ude42&nbsp;&raquo;\" \/>\n<meta property=\"og:url\" content=\"https:\/\/ramina.fr\/index.php\/2021\/06\/21\/bonjour-je-mappelle-akon-jai-16-ans\/\" \/>\n<meta property=\"og:site_name\" content=\"RAMINA\" \/>\n<meta property=\"article:publisher\" content=\"https:\/\/www.facebook.com\/contact.ramina\/\" \/>\n<meta property=\"article:published_time\" content=\"2021-06-21T10:16:54+00:00\" \/>\n<meta property=\"article:modified_time\" content=\"2021-06-21T10:48:38+00:00\" \/>\n<meta property=\"og:image\" content=\"https:\/\/ramina.fr\/wp-content\/uploads\/2025\/02\/ramina-image-mise-avant-wordpress.jpg\" \/>\n\t<meta property=\"og:image:width\" content=\"1200\" \/>\n\t<meta property=\"og:image:height\" content=\"675\" \/>\n\t<meta property=\"og:image:type\" content=\"image\/jpeg\" \/>\n<meta name=\"author\" content=\"Ramina R\u00e9seau\" \/>\n<meta name=\"twitter:card\" content=\"summary_large_image\" \/>\n<meta name=\"twitter:label1\" content=\"\u00c9crit par\" \/>\n\t<meta name=\"twitter:data1\" content=\"Ramina R\u00e9seau\" \/>\n\t<meta name=\"twitter:label2\" content=\"Dur\u00e9e de lecture estim\u00e9e\" \/>\n\t<meta name=\"twitter:data2\" content=\"2 minutes\" \/>\n<script type=\"application\/ld+json\" class=\"yoast-schema-graph\">{\"@context\":\"https:\/\/schema.org\",\"@graph\":[{\"@type\":\"Article\",\"@id\":\"https:\/\/ramina.fr\/index.php\/2021\/06\/21\/bonjour-je-mappelle-akon-jai-16-ans\/#article\",\"isPartOf\":{\"@id\":\"https:\/\/ramina.fr\/index.php\/2021\/06\/21\/bonjour-je-mappelle-akon-jai-16-ans\/\"},\"author\":{\"name\":\"Ramina R\u00e9seau\",\"@id\":\"https:\/\/ramina.fr\/#\/schema\/person\/60afb851da2c0c7b9e173324b84144d5\"},\"headline\":\"Bonjour, je m\u2019appelle Akon, j\u2019ai 16 ans. J\u2019ai quitt\u00e9 la Guin\u00e9e Conakry. \u00c7a fait bient\u00f4t deux semaines que je suis \u00e0 Marseille. \ud83d\ude42\",\"datePublished\":\"2021-06-21T10:16:54+00:00\",\"dateModified\":\"2021-06-21T10:48:38+00:00\",\"mainEntityOfPage\":{\"@id\":\"https:\/\/ramina.fr\/index.php\/2021\/06\/21\/bonjour-je-mappelle-akon-jai-16-ans\/\"},\"wordCount\":386,\"commentCount\":0,\"publisher\":{\"@id\":\"https:\/\/ramina.fr\/#organization\"},\"articleSection\":[\"Parole de Minots S2\"],\"inLanguage\":\"fr-FR\",\"potentialAction\":[{\"@type\":\"CommentAction\",\"name\":\"Comment\",\"target\":[\"https:\/\/ramina.fr\/index.php\/2021\/06\/21\/bonjour-je-mappelle-akon-jai-16-ans\/#respond\"]}]},{\"@type\":\"WebPage\",\"@id\":\"https:\/\/ramina.fr\/index.php\/2021\/06\/21\/bonjour-je-mappelle-akon-jai-16-ans\/\",\"url\":\"https:\/\/ramina.fr\/index.php\/2021\/06\/21\/bonjour-je-mappelle-akon-jai-16-ans\/\",\"name\":\"Bonjour, je m\u2019appelle Akon, j\u2019ai 16 ans. J\u2019ai quitt\u00e9 la Guin\u00e9e Conakry. \u00c7a fait bient\u00f4t deux semaines que je suis \u00e0 Marseille. \ud83d\ude42 | RAMINA\",\"isPartOf\":{\"@id\":\"https:\/\/ramina.fr\/#website\"},\"datePublished\":\"2021-06-21T10:16:54+00:00\",\"dateModified\":\"2021-06-21T10:48:38+00:00\",\"breadcrumb\":{\"@id\":\"https:\/\/ramina.fr\/index.php\/2021\/06\/21\/bonjour-je-mappelle-akon-jai-16-ans\/#breadcrumb\"},\"inLanguage\":\"fr-FR\",\"potentialAction\":[{\"@type\":\"ReadAction\",\"target\":[\"https:\/\/ramina.fr\/index.php\/2021\/06\/21\/bonjour-je-mappelle-akon-jai-16-ans\/\"]}]},{\"@type\":\"BreadcrumbList\",\"@id\":\"https:\/\/ramina.fr\/index.php\/2021\/06\/21\/bonjour-je-mappelle-akon-jai-16-ans\/#breadcrumb\",\"itemListElement\":[{\"@type\":\"ListItem\",\"position\":1,\"name\":\"Accueil\",\"item\":\"https:\/\/ramina.fr\/\"},{\"@type\":\"ListItem\",\"position\":2,\"name\":\"Bonjour, je m\u2019appelle Akon, j\u2019ai 16 ans. J\u2019ai quitt\u00e9 la Guin\u00e9e Conakry. \u00c7a fait bient\u00f4t deux semaines que je suis \u00e0 Marseille. \ud83d\ude42\"}]},{\"@type\":\"WebSite\",\"@id\":\"https:\/\/ramina.fr\/#website\",\"url\":\"https:\/\/ramina.fr\/\",\"name\":\"RAMINA\",\"description\":\"R\u00e9seau d\u2019Accueil des Minot.es Non Accompagn\u00e9s\",\"publisher\":{\"@id\":\"https:\/\/ramina.fr\/#organization\"},\"alternateName\":\"R\u00e9seau d'accueil Solidaire des Minots Non Accompagn\u00e9s\",\"potentialAction\":[{\"@type\":\"SearchAction\",\"target\":{\"@type\":\"EntryPoint\",\"urlTemplate\":\"https:\/\/ramina.fr\/?s={search_term_string}\"},\"query-input\":{\"@type\":\"PropertyValueSpecification\",\"valueRequired\":true,\"valueName\":\"search_term_string\"}}],\"inLanguage\":\"fr-FR\"},{\"@type\":\"Organization\",\"@id\":\"https:\/\/ramina.fr\/#organization\",\"name\":\"RAMINA\",\"alternateName\":\"R\u00e9seau d' Accueil des Minots Non Accompagn\u00e9s\",\"url\":\"https:\/\/ramina.fr\/\",\"logo\":{\"@type\":\"ImageObject\",\"inLanguage\":\"fr-FR\",\"@id\":\"https:\/\/ramina.fr\/#\/schema\/logo\/image\/\",\"url\":\"https:\/\/ramina.fr\/wp-content\/uploads\/2025\/02\/LOGO_RAMINA_NOIR_VERTICAL.png\",\"contentUrl\":\"https:\/\/ramina.fr\/wp-content\/uploads\/2025\/02\/LOGO_RAMINA_NOIR_VERTICAL.png\",\"width\":1654,\"height\":1418,\"caption\":\"RAMINA\"},\"image\":{\"@id\":\"https:\/\/ramina.fr\/#\/schema\/logo\/image\/\"},\"sameAs\":[\"https:\/\/www.facebook.com\/contact.ramina\/\",\"https:\/\/www.instagram.com\/ramina_marseille\/\"]},{\"@type\":\"Person\",\"@id\":\"https:\/\/ramina.fr\/#\/schema\/person\/60afb851da2c0c7b9e173324b84144d5\",\"name\":\"Ramina R\u00e9seau\",\"image\":{\"@type\":\"ImageObject\",\"inLanguage\":\"fr-FR\",\"@id\":\"https:\/\/ramina.fr\/#\/schema\/person\/image\/\",\"url\":\"https:\/\/secure.gravatar.com\/avatar\/5985aef3267ffd44adcd4562d2752e99?s=96&d=mm&r=g\",\"contentUrl\":\"https:\/\/secure.gravatar.com\/avatar\/5985aef3267ffd44adcd4562d2752e99?s=96&d=mm&r=g\",\"caption\":\"Ramina R\u00e9seau\"}}]}<\/script>\n<!-- \/ Yoast SEO plugin. -->","yoast_head_json":{"title":"Bonjour, je m\u2019appelle Akon, j\u2019ai 16 ans. J\u2019ai quitt\u00e9 la Guin\u00e9e Conakry. \u00c7a fait bient\u00f4t deux semaines que je suis \u00e0 Marseille. \ud83d\ude42 | RAMINA","robots":{"index":"noindex","follow":"follow"},"og_locale":"fr_FR","og_type":"article","og_title":"Bonjour, je m\u2019appelle Akon, j\u2019ai 16 ans. J\u2019ai quitt\u00e9 la Guin\u00e9e Conakry. \u00c7a fait bient\u00f4t deux semaines que je suis \u00e0 Marseille. \ud83d\ude42 | RAMINA","og_description":"J\u2019\u00e9tais arriv\u00e9 en Italie en mars de cette ann\u00e9e. J\u2019\u00e9tais l\u00e0-bas et moi je ne parlais pas la langue de l\u2019Italie, c\u2019\u00e9tait dur. J\u2019ai rencontr\u00e9 deux grands fr\u00e8res en Italie. Et moi je leur ai dit de venir en France avec eux, car moi je parlais un peu fran\u00e7ais m\u00eame si j\u2019ai pas fait l&rsquo;\u00e9cole &hellip; Continuer la lecture de &laquo;&nbsp;Bonjour, je m\u2019appelle Akon, j\u2019ai 16 ans. J\u2019ai quitt\u00e9 la Guin\u00e9e Conakry. \u00c7a fait bient\u00f4t deux semaines que je suis \u00e0 Marseille. \ud83d\ude42&nbsp;&raquo;","og_url":"https:\/\/ramina.fr\/index.php\/2021\/06\/21\/bonjour-je-mappelle-akon-jai-16-ans\/","og_site_name":"RAMINA","article_publisher":"https:\/\/www.facebook.com\/contact.ramina\/","article_published_time":"2021-06-21T10:16:54+00:00","article_modified_time":"2021-06-21T10:48:38+00:00","og_image":[{"width":1200,"height":675,"url":"https:\/\/ramina.fr\/wp-content\/uploads\/2025\/02\/ramina-image-mise-avant-wordpress.jpg","type":"image\/jpeg"}],"author":"Ramina R\u00e9seau","twitter_card":"summary_large_image","twitter_misc":{"\u00c9crit par":"Ramina R\u00e9seau","Dur\u00e9e de lecture estim\u00e9e":"2 minutes"},"schema":{"@context":"https:\/\/schema.org","@graph":[{"@type":"Article","@id":"https:\/\/ramina.fr\/index.php\/2021\/06\/21\/bonjour-je-mappelle-akon-jai-16-ans\/#article","isPartOf":{"@id":"https:\/\/ramina.fr\/index.php\/2021\/06\/21\/bonjour-je-mappelle-akon-jai-16-ans\/"},"author":{"name":"Ramina R\u00e9seau","@id":"https:\/\/ramina.fr\/#\/schema\/person\/60afb851da2c0c7b9e173324b84144d5"},"headline":"Bonjour, je m\u2019appelle Akon, j\u2019ai 16 ans. J\u2019ai quitt\u00e9 la Guin\u00e9e Conakry. \u00c7a fait bient\u00f4t deux semaines que je suis \u00e0 Marseille. \ud83d\ude42","datePublished":"2021-06-21T10:16:54+00:00","dateModified":"2021-06-21T10:48:38+00:00","mainEntityOfPage":{"@id":"https:\/\/ramina.fr\/index.php\/2021\/06\/21\/bonjour-je-mappelle-akon-jai-16-ans\/"},"wordCount":386,"commentCount":0,"publisher":{"@id":"https:\/\/ramina.fr\/#organization"},"articleSection":["Parole de Minots S2"],"inLanguage":"fr-FR","potentialAction":[{"@type":"CommentAction","name":"Comment","target":["https:\/\/ramina.fr\/index.php\/2021\/06\/21\/bonjour-je-mappelle-akon-jai-16-ans\/#respond"]}]},{"@type":"WebPage","@id":"https:\/\/ramina.fr\/index.php\/2021\/06\/21\/bonjour-je-mappelle-akon-jai-16-ans\/","url":"https:\/\/ramina.fr\/index.php\/2021\/06\/21\/bonjour-je-mappelle-akon-jai-16-ans\/","name":"Bonjour, je m\u2019appelle Akon, j\u2019ai 16 ans. J\u2019ai quitt\u00e9 la Guin\u00e9e Conakry. \u00c7a fait bient\u00f4t deux semaines que je suis \u00e0 Marseille. \ud83d\ude42 | RAMINA","isPartOf":{"@id":"https:\/\/ramina.fr\/#website"},"datePublished":"2021-06-21T10:16:54+00:00","dateModified":"2021-06-21T10:48:38+00:00","breadcrumb":{"@id":"https:\/\/ramina.fr\/index.php\/2021\/06\/21\/bonjour-je-mappelle-akon-jai-16-ans\/#breadcrumb"},"inLanguage":"fr-FR","potentialAction":[{"@type":"ReadAction","target":["https:\/\/ramina.fr\/index.php\/2021\/06\/21\/bonjour-je-mappelle-akon-jai-16-ans\/"]}]},{"@type":"BreadcrumbList","@id":"https:\/\/ramina.fr\/index.php\/2021\/06\/21\/bonjour-je-mappelle-akon-jai-16-ans\/#breadcrumb","itemListElement":[{"@type":"ListItem","position":1,"name":"Accueil","item":"https:\/\/ramina.fr\/"},{"@type":"ListItem","position":2,"name":"Bonjour, je m\u2019appelle Akon, j\u2019ai 16 ans. J\u2019ai quitt\u00e9 la Guin\u00e9e Conakry. \u00c7a fait bient\u00f4t deux semaines que je suis \u00e0 Marseille. \ud83d\ude42"}]},{"@type":"WebSite","@id":"https:\/\/ramina.fr\/#website","url":"https:\/\/ramina.fr\/","name":"RAMINA","description":"R\u00e9seau d\u2019Accueil des Minot.es Non Accompagn\u00e9s","publisher":{"@id":"https:\/\/ramina.fr\/#organization"},"alternateName":"R\u00e9seau d'accueil Solidaire des Minots Non Accompagn\u00e9s","potentialAction":[{"@type":"SearchAction","target":{"@type":"EntryPoint","urlTemplate":"https:\/\/ramina.fr\/?s={search_term_string}"},"query-input":{"@type":"PropertyValueSpecification","valueRequired":true,"valueName":"search_term_string"}}],"inLanguage":"fr-FR"},{"@type":"Organization","@id":"https:\/\/ramina.fr\/#organization","name":"RAMINA","alternateName":"R\u00e9seau d' Accueil des Minots Non Accompagn\u00e9s","url":"https:\/\/ramina.fr\/","logo":{"@type":"ImageObject","inLanguage":"fr-FR","@id":"https:\/\/ramina.fr\/#\/schema\/logo\/image\/","url":"https:\/\/ramina.fr\/wp-content\/uploads\/2025\/02\/LOGO_RAMINA_NOIR_VERTICAL.png","contentUrl":"https:\/\/ramina.fr\/wp-content\/uploads\/2025\/02\/LOGO_RAMINA_NOIR_VERTICAL.png","width":1654,"height":1418,"caption":"RAMINA"},"image":{"@id":"https:\/\/ramina.fr\/#\/schema\/logo\/image\/"},"sameAs":["https:\/\/www.facebook.com\/contact.ramina\/","https:\/\/www.instagram.com\/ramina_marseille\/"]},{"@type":"Person","@id":"https:\/\/ramina.fr\/#\/schema\/person\/60afb851da2c0c7b9e173324b84144d5","name":"Ramina R\u00e9seau","image":{"@type":"ImageObject","inLanguage":"fr-FR","@id":"https:\/\/ramina.fr\/#\/schema\/person\/image\/","url":"https:\/\/secure.gravatar.com\/avatar\/5985aef3267ffd44adcd4562d2752e99?s=96&d=mm&r=g","contentUrl":"https:\/\/secure.gravatar.com\/avatar\/5985aef3267ffd44adcd4562d2752e99?s=96&d=mm&r=g","caption":"Ramina R\u00e9seau"}}]}},"jetpack_featured_media_url":"","jetpack_sharing_enabled":true,"_links":{"self":[{"href":"https:\/\/ramina.fr\/index.php\/wp-json\/wp\/v2\/posts\/1552","targetHints":{"allow":["GET"]}}],"collection":[{"href":"https:\/\/ramina.fr\/index.php\/wp-json\/wp\/v2\/posts"}],"about":[{"href":"https:\/\/ramina.fr\/index.php\/wp-json\/wp\/v2\/types\/post"}],"author":[{"embeddable":true,"href":"https:\/\/ramina.fr\/index.php\/wp-json\/wp\/v2\/users\/3"}],"replies":[{"embeddable":true,"href":"https:\/\/ramina.fr\/index.php\/wp-json\/wp\/v2\/comments?post=1552"}],"version-history":[{"count":1,"href":"https:\/\/ramina.fr\/index.php\/wp-json\/wp\/v2\/posts\/1552\/revisions"}],"predecessor-version":[{"id":1553,"href":"https:\/\/ramina.fr\/index.php\/wp-json\/wp\/v2\/posts\/1552\/revisions\/1553"}],"wp:attachment":[{"href":"https:\/\/ramina.fr\/index.php\/wp-json\/wp\/v2\/media?parent=1552"}],"wp:term":[{"taxonomy":"category","embeddable":true,"href":"https:\/\/ramina.fr\/index.php\/wp-json\/wp\/v2\/categories?post=1552"},{"taxonomy":"post_tag","embeddable":true,"href":"https:\/\/ramina.fr\/index.php\/wp-json\/wp\/v2\/tags?post=1552"}],"curies":[{"name":"wp","href":"https:\/\/api.w.org\/{rel}","templated":true}]}}