{"id":1506,"date":"2021-06-14T13:48:13","date_gmt":"2021-06-14T11:48:13","guid":{"rendered":"http:\/\/ramina.fr\/?p=1506"},"modified":"2021-06-14T13:50:56","modified_gmt":"2021-06-14T11:50:56","slug":"bonjour-je-mappelle-facine-jai-16-ans-et-je-viens-de-guinee-conakry","status":"publish","type":"post","link":"https:\/\/ramina.fr\/index.php\/2021\/06\/14\/bonjour-je-mappelle-facine-jai-16-ans-et-je-viens-de-guinee-conakry\/","title":{"rendered":"Bonjour, je m\u2019appelle Facine, j\u2019ai 16 ans et je viens de Guin\u00e9e Conakry. \ud83d\ude42"},"content":{"rendered":"\n<p>Je suis un enfant abandonn\u00e9 par mes deux parents. Quand j\u2019\u00e9tais petit je suis tomb\u00e9 malade. Maman \u00e9tait jeune, c\u2019est ma grand-m\u00e8re qui m\u2019a adopt\u00e9 dans une grande ville de Guin\u00e9e. Mes parents sont partis et, depuis, je n\u2019avais pas eu de nouvelles d\u2019eux. Mais maintenant je communique avec ma maman par la gr\u00e2ce de ma grande s\u0153ur. Je suis content de parler avec elle, m\u00eame si je n\u2019ai pas grandi avec elle. Ma grand-m\u00e8re m\u2019a racont\u00e9 que, \u00e0 l\u2019\u00e9cole, on m\u2019appelait \u00ab le mort-vivant \u00bb \u00e0 cause de ma maladie parce que, \u00e0 l\u2019h\u00f4pital, on n\u2019a pas su me gu\u00e9rir et c\u2019est un grand marabout qui m\u2019a sauv\u00e9 avec des m\u00e9dicaments traditionnels. *<\/p>\n\n\n\n<p>Je voulais continuer l\u2019\u00e9cole mais ma grand-m\u00e8re n\u2019avait pas les moyens de payer ma scolarit\u00e9. Elle vendait des l\u00e9gumes et des condiments au march\u00e9 et au bord de la route. Quand j\u2019ai quitt\u00e9 l\u2019\u00e9cole, je l\u2019ai aid\u00e9e \u00e0 vendre. Je m\u2019asseyais \u00e0 c\u00f4t\u00e9 d\u2019elle et je vendais de l\u2019eau. Et puis ma grand-m\u00e8re est tomb\u00e9e malade, elle a arr\u00eat\u00e9 de vendre et moi aussi j\u2019ai arr\u00eat\u00e9. Elle est d\u00e9c\u00e9d\u00e9e en 2018. Je me suis retrouv\u00e9 chez mon oncle qui n\u2019avait pas de moyens non plus, il ne travaillait pas. Mais sa voisine peule \u00e9tait mari\u00e9e \u00e0 un monsieur qui travaillait en Alg\u00e9rie. Et ils avaient un fils qui \u00e9tait mon ami. <\/p>\n\n\n\n<p>Un jour, le mari a voulu que sa femme et son fils le rejoignent en Alg\u00e9rie. La femme lui a dit : \u00ab Je veux emmener un petit gar\u00e7on avec moi \u00bb. Le petit gar\u00e7on, c\u2019\u00e9tait moi. Fin 2020, on est tous partis en Alg\u00e9rie en passant par le Mali. Le mari avait bien pr\u00e9par\u00e9 le voyage et on est arriv\u00e9s vers Blida en Alg\u00e9rie. Je suis rest\u00e9 2 mois avec cette famille. Le mari m\u2019a demand\u00e9 ce que je voulais faire en Alg\u00e9rie. J\u2019ai dit \u00ab Je veux \u00e9tudier \u00bb. Il m\u2019a dit que c\u2019\u00e9tait tr\u00e8s dur la vie en Alg\u00e9rie, que je ne pourrai pas \u00e9tudier et qu\u2019il n\u2019y avait pas de travail. Il a demand\u00e9 \u00e0 un ami qui faisait du transport de l\u2019Alg\u00e9rie vers la Libye de m\u2019emmener avec lui et il a pay\u00e9 pour le voyage. <\/p>\n\n\n\n<p>Moi, je pensais que j\u2019allais vivre en Libye et \u00e9tudier. Mais le transporteur m\u2019a amen\u00e9 au bord de la mer pour aller en Italie en passant par Lampedusa en Sicile. En Italie, on \u00e9tait un groupe et on a pris le train pour Vintimille, puis le train pour la France, mais je me suis fait attraper dans le train et on m\u2019a ramen\u00e9 \u00e0 Vintimille. La deuxi\u00e8me fois que j\u2019ai pris le train, on m\u2019avait dit de me cacher sous les si\u00e8ges du train et je suis arriv\u00e9 le soir \u00e0 Nice. Je me suis cach\u00e9 dans la ville jusqu\u2019au matin et l\u00e0 j\u2019ai pris le bus pour Marseille. <\/p>\n\n\n\n<p>Quand j\u2019\u00e9tais petit en Guin\u00e9e, les enfants disaient leurs clubs de foot pr\u00e9f\u00e9r\u00e9s. Et moi, j\u2019aimais Marseille et Monaco. Donc j\u2019\u00e9tais tr\u00e8s content quand je suis arriv\u00e9 \u00e0 Marseille. J\u2019ai pass\u00e9 5 nuits dehors et, le 6\u00e8me jour, j\u2019ai rencontr\u00e9 une personne de Ramina qui m\u2019a emmen\u00e9 avec elle. Ensuite, j\u2019ai dormi quelques jours chez des Marseillais et puis l\u2019ADDAP 13 m\u2019a donn\u00e9 une chambre d\u2019h\u00f4tel. <\/p>\n\n\n\n<p>Mon objectif est d\u2019\u00e9tudier le Fran\u00e7ais et les Maths. Ensuite, je veux travailler comme soudeur ou plombier ou \u00e9lectricien. J\u2019attends pour passer le test de l\u2019\u00e9cole fran\u00e7aise. La personne que j\u2019ai aim\u00e9e le plus, c\u2019est ma grand-m\u00e8re. Mais il y a un footballeur que j\u2019aime aussi beaucoup, c\u2019est Paul Pogba qui joue en \u00e9quipe de France. Moi aussi, j\u2019aimerais \u00eatre footballeur, alors je m\u2019entra\u00eene avec mes copains \u00e0 la Joliette. Je vous laisse regarder ce but de Paul Pogba en finale de la Coupe du Monde 2018 contre la Croatie. <\/p>\n\n\n\n<p>\u270c Rdv vendredi pour une nouvelle parole de minot. Partagez, likez, boul\u00e9guez \u270c <\/p>\n\n\n\n<figure class=\"wp-block-embed is-type-video is-provider-youtube wp-block-embed-youtube wp-embed-aspect-16-9 wp-has-aspect-ratio\"><div class=\"wp-block-embed__wrapper\">\n<iframe title=\"France 4-2 Croatie le but de Paul Pogba\" width=\"525\" height=\"295\" src=\"https:\/\/www.youtube.com\/embed\/_meE1jJdTls?feature=oembed\" frameborder=\"0\" allow=\"accelerometer; autoplay; clipboard-write; encrypted-media; gyroscope; picture-in-picture; web-share\" referrerpolicy=\"strict-origin-when-cross-origin\" allowfullscreen><\/iframe>\n<\/div><\/figure>\n","protected":false},"excerpt":{"rendered":"<p>Je suis un enfant abandonn\u00e9 par mes deux parents. Quand j\u2019\u00e9tais petit je suis tomb\u00e9 malade. Maman \u00e9tait jeune, c\u2019est ma grand-m\u00e8re qui m\u2019a adopt\u00e9 dans une grande ville de Guin\u00e9e. Mes parents sont partis et, depuis, je n\u2019avais pas eu de nouvelles d\u2019eux. Mais maintenant je communique avec ma maman par la gr\u00e2ce de &hellip; <\/p>\n<p class=\"link-more\"><a href=\"https:\/\/ramina.fr\/index.php\/2021\/06\/14\/bonjour-je-mappelle-facine-jai-16-ans-et-je-viens-de-guinee-conakry\/\" class=\"more-link\">Continuer la lecture<span class=\"screen-reader-text\"> de &laquo;&nbsp;Bonjour, je m\u2019appelle Facine, j\u2019ai 16 ans et je viens de Guin\u00e9e Conakry. \ud83d\ude42&nbsp;&raquo;<\/span><\/a><\/p>\n","protected":false},"author":3,"featured_media":0,"comment_status":"open","ping_status":"open","sticky":false,"template":"","format":"standard","meta":{"_jetpack_memberships_contains_paid_content":false,"footnotes":""},"categories":[6],"tags":[],"class_list":["post-1506","post","type-post","status-publish","format-standard","hentry","category-paroledeminotsaison2"],"yoast_head":"<!-- This site is optimized with the Yoast SEO plugin v25.1 - https:\/\/yoast.com\/wordpress\/plugins\/seo\/ -->\n<title>Bonjour, je m\u2019appelle Facine, j\u2019ai 16 ans et je viens de Guin\u00e9e Conakry. \ud83d\ude42 | RAMINA<\/title>\n<meta name=\"robots\" content=\"noindex, follow\" \/>\n<meta property=\"og:locale\" content=\"fr_FR\" \/>\n<meta property=\"og:type\" content=\"article\" \/>\n<meta property=\"og:title\" content=\"Bonjour, je m\u2019appelle Facine, j\u2019ai 16 ans et je viens de Guin\u00e9e Conakry. \ud83d\ude42 | RAMINA\" \/>\n<meta property=\"og:description\" content=\"Je suis un enfant abandonn\u00e9 par mes deux parents. Quand j\u2019\u00e9tais petit je suis tomb\u00e9 malade. Maman \u00e9tait jeune, c\u2019est ma grand-m\u00e8re qui m\u2019a adopt\u00e9 dans une grande ville de Guin\u00e9e. Mes parents sont partis et, depuis, je n\u2019avais pas eu de nouvelles d\u2019eux. Mais maintenant je communique avec ma maman par la gr\u00e2ce de &hellip; Continuer la lecture de &laquo;&nbsp;Bonjour, je m\u2019appelle Facine, j\u2019ai 16 ans et je viens de Guin\u00e9e Conakry. \ud83d\ude42&nbsp;&raquo;\" \/>\n<meta property=\"og:url\" content=\"https:\/\/ramina.fr\/index.php\/2021\/06\/14\/bonjour-je-mappelle-facine-jai-16-ans-et-je-viens-de-guinee-conakry\/\" \/>\n<meta property=\"og:site_name\" content=\"RAMINA\" \/>\n<meta property=\"article:publisher\" content=\"https:\/\/www.facebook.com\/contact.ramina\/\" \/>\n<meta property=\"article:published_time\" content=\"2021-06-14T11:48:13+00:00\" \/>\n<meta property=\"article:modified_time\" content=\"2021-06-14T11:50:56+00:00\" \/>\n<meta property=\"og:image\" content=\"https:\/\/ramina.fr\/wp-content\/uploads\/2025\/02\/ramina-image-mise-avant-wordpress.jpg\" \/>\n\t<meta property=\"og:image:width\" content=\"1200\" \/>\n\t<meta property=\"og:image:height\" content=\"675\" \/>\n\t<meta property=\"og:image:type\" content=\"image\/jpeg\" \/>\n<meta name=\"author\" content=\"Ramina R\u00e9seau\" \/>\n<meta name=\"twitter:card\" content=\"summary_large_image\" \/>\n<meta name=\"twitter:label1\" content=\"\u00c9crit par\" \/>\n\t<meta name=\"twitter:data1\" content=\"Ramina R\u00e9seau\" \/>\n\t<meta name=\"twitter:label2\" content=\"Dur\u00e9e de lecture estim\u00e9e\" \/>\n\t<meta name=\"twitter:data2\" content=\"4 minutes\" \/>\n<script type=\"application\/ld+json\" class=\"yoast-schema-graph\">{\"@context\":\"https:\/\/schema.org\",\"@graph\":[{\"@type\":\"Article\",\"@id\":\"https:\/\/ramina.fr\/index.php\/2021\/06\/14\/bonjour-je-mappelle-facine-jai-16-ans-et-je-viens-de-guinee-conakry\/#article\",\"isPartOf\":{\"@id\":\"https:\/\/ramina.fr\/index.php\/2021\/06\/14\/bonjour-je-mappelle-facine-jai-16-ans-et-je-viens-de-guinee-conakry\/\"},\"author\":{\"name\":\"Ramina R\u00e9seau\",\"@id\":\"https:\/\/ramina.fr\/#\/schema\/person\/60afb851da2c0c7b9e173324b84144d5\"},\"headline\":\"Bonjour, je m\u2019appelle Facine, j\u2019ai 16 ans et je viens de Guin\u00e9e Conakry. \ud83d\ude42\",\"datePublished\":\"2021-06-14T11:48:13+00:00\",\"dateModified\":\"2021-06-14T11:50:56+00:00\",\"mainEntityOfPage\":{\"@id\":\"https:\/\/ramina.fr\/index.php\/2021\/06\/14\/bonjour-je-mappelle-facine-jai-16-ans-et-je-viens-de-guinee-conakry\/\"},\"wordCount\":745,\"commentCount\":0,\"publisher\":{\"@id\":\"https:\/\/ramina.fr\/#organization\"},\"articleSection\":[\"Parole de Minots S2\"],\"inLanguage\":\"fr-FR\",\"potentialAction\":[{\"@type\":\"CommentAction\",\"name\":\"Comment\",\"target\":[\"https:\/\/ramina.fr\/index.php\/2021\/06\/14\/bonjour-je-mappelle-facine-jai-16-ans-et-je-viens-de-guinee-conakry\/#respond\"]}]},{\"@type\":\"WebPage\",\"@id\":\"https:\/\/ramina.fr\/index.php\/2021\/06\/14\/bonjour-je-mappelle-facine-jai-16-ans-et-je-viens-de-guinee-conakry\/\",\"url\":\"https:\/\/ramina.fr\/index.php\/2021\/06\/14\/bonjour-je-mappelle-facine-jai-16-ans-et-je-viens-de-guinee-conakry\/\",\"name\":\"Bonjour, je m\u2019appelle Facine, j\u2019ai 16 ans et je viens de Guin\u00e9e Conakry. \ud83d\ude42 | RAMINA\",\"isPartOf\":{\"@id\":\"https:\/\/ramina.fr\/#website\"},\"datePublished\":\"2021-06-14T11:48:13+00:00\",\"dateModified\":\"2021-06-14T11:50:56+00:00\",\"breadcrumb\":{\"@id\":\"https:\/\/ramina.fr\/index.php\/2021\/06\/14\/bonjour-je-mappelle-facine-jai-16-ans-et-je-viens-de-guinee-conakry\/#breadcrumb\"},\"inLanguage\":\"fr-FR\",\"potentialAction\":[{\"@type\":\"ReadAction\",\"target\":[\"https:\/\/ramina.fr\/index.php\/2021\/06\/14\/bonjour-je-mappelle-facine-jai-16-ans-et-je-viens-de-guinee-conakry\/\"]}]},{\"@type\":\"BreadcrumbList\",\"@id\":\"https:\/\/ramina.fr\/index.php\/2021\/06\/14\/bonjour-je-mappelle-facine-jai-16-ans-et-je-viens-de-guinee-conakry\/#breadcrumb\",\"itemListElement\":[{\"@type\":\"ListItem\",\"position\":1,\"name\":\"Accueil\",\"item\":\"https:\/\/ramina.fr\/\"},{\"@type\":\"ListItem\",\"position\":2,\"name\":\"Bonjour, je m\u2019appelle Facine, j\u2019ai 16 ans et je viens de Guin\u00e9e Conakry. \ud83d\ude42\"}]},{\"@type\":\"WebSite\",\"@id\":\"https:\/\/ramina.fr\/#website\",\"url\":\"https:\/\/ramina.fr\/\",\"name\":\"RAMINA\",\"description\":\"R\u00e9seau d\u2019Accueil des Minot.es Non Accompagn\u00e9s\",\"publisher\":{\"@id\":\"https:\/\/ramina.fr\/#organization\"},\"alternateName\":\"R\u00e9seau d'accueil Solidaire des Minots Non Accompagn\u00e9s\",\"potentialAction\":[{\"@type\":\"SearchAction\",\"target\":{\"@type\":\"EntryPoint\",\"urlTemplate\":\"https:\/\/ramina.fr\/?s={search_term_string}\"},\"query-input\":{\"@type\":\"PropertyValueSpecification\",\"valueRequired\":true,\"valueName\":\"search_term_string\"}}],\"inLanguage\":\"fr-FR\"},{\"@type\":\"Organization\",\"@id\":\"https:\/\/ramina.fr\/#organization\",\"name\":\"RAMINA\",\"alternateName\":\"R\u00e9seau d' Accueil des Minots Non Accompagn\u00e9s\",\"url\":\"https:\/\/ramina.fr\/\",\"logo\":{\"@type\":\"ImageObject\",\"inLanguage\":\"fr-FR\",\"@id\":\"https:\/\/ramina.fr\/#\/schema\/logo\/image\/\",\"url\":\"https:\/\/ramina.fr\/wp-content\/uploads\/2025\/02\/LOGO_RAMINA_NOIR_VERTICAL.png\",\"contentUrl\":\"https:\/\/ramina.fr\/wp-content\/uploads\/2025\/02\/LOGO_RAMINA_NOIR_VERTICAL.png\",\"width\":1654,\"height\":1418,\"caption\":\"RAMINA\"},\"image\":{\"@id\":\"https:\/\/ramina.fr\/#\/schema\/logo\/image\/\"},\"sameAs\":[\"https:\/\/www.facebook.com\/contact.ramina\/\",\"https:\/\/www.instagram.com\/ramina_marseille\/\"]},{\"@type\":\"Person\",\"@id\":\"https:\/\/ramina.fr\/#\/schema\/person\/60afb851da2c0c7b9e173324b84144d5\",\"name\":\"Ramina R\u00e9seau\",\"image\":{\"@type\":\"ImageObject\",\"inLanguage\":\"fr-FR\",\"@id\":\"https:\/\/ramina.fr\/#\/schema\/person\/image\/\",\"url\":\"https:\/\/secure.gravatar.com\/avatar\/5985aef3267ffd44adcd4562d2752e99?s=96&d=mm&r=g\",\"contentUrl\":\"https:\/\/secure.gravatar.com\/avatar\/5985aef3267ffd44adcd4562d2752e99?s=96&d=mm&r=g\",\"caption\":\"Ramina R\u00e9seau\"}}]}<\/script>\n<!-- \/ Yoast SEO plugin. -->","yoast_head_json":{"title":"Bonjour, je m\u2019appelle Facine, j\u2019ai 16 ans et je viens de Guin\u00e9e Conakry. \ud83d\ude42 | RAMINA","robots":{"index":"noindex","follow":"follow"},"og_locale":"fr_FR","og_type":"article","og_title":"Bonjour, je m\u2019appelle Facine, j\u2019ai 16 ans et je viens de Guin\u00e9e Conakry. \ud83d\ude42 | RAMINA","og_description":"Je suis un enfant abandonn\u00e9 par mes deux parents. Quand j\u2019\u00e9tais petit je suis tomb\u00e9 malade. Maman \u00e9tait jeune, c\u2019est ma grand-m\u00e8re qui m\u2019a adopt\u00e9 dans une grande ville de Guin\u00e9e. Mes parents sont partis et, depuis, je n\u2019avais pas eu de nouvelles d\u2019eux. Mais maintenant je communique avec ma maman par la gr\u00e2ce de &hellip; Continuer la lecture de &laquo;&nbsp;Bonjour, je m\u2019appelle Facine, j\u2019ai 16 ans et je viens de Guin\u00e9e Conakry. \ud83d\ude42&nbsp;&raquo;","og_url":"https:\/\/ramina.fr\/index.php\/2021\/06\/14\/bonjour-je-mappelle-facine-jai-16-ans-et-je-viens-de-guinee-conakry\/","og_site_name":"RAMINA","article_publisher":"https:\/\/www.facebook.com\/contact.ramina\/","article_published_time":"2021-06-14T11:48:13+00:00","article_modified_time":"2021-06-14T11:50:56+00:00","og_image":[{"width":1200,"height":675,"url":"https:\/\/ramina.fr\/wp-content\/uploads\/2025\/02\/ramina-image-mise-avant-wordpress.jpg","type":"image\/jpeg"}],"author":"Ramina R\u00e9seau","twitter_card":"summary_large_image","twitter_misc":{"\u00c9crit par":"Ramina R\u00e9seau","Dur\u00e9e de lecture estim\u00e9e":"4 minutes"},"schema":{"@context":"https:\/\/schema.org","@graph":[{"@type":"Article","@id":"https:\/\/ramina.fr\/index.php\/2021\/06\/14\/bonjour-je-mappelle-facine-jai-16-ans-et-je-viens-de-guinee-conakry\/#article","isPartOf":{"@id":"https:\/\/ramina.fr\/index.php\/2021\/06\/14\/bonjour-je-mappelle-facine-jai-16-ans-et-je-viens-de-guinee-conakry\/"},"author":{"name":"Ramina R\u00e9seau","@id":"https:\/\/ramina.fr\/#\/schema\/person\/60afb851da2c0c7b9e173324b84144d5"},"headline":"Bonjour, je m\u2019appelle Facine, j\u2019ai 16 ans et je viens de Guin\u00e9e Conakry. \ud83d\ude42","datePublished":"2021-06-14T11:48:13+00:00","dateModified":"2021-06-14T11:50:56+00:00","mainEntityOfPage":{"@id":"https:\/\/ramina.fr\/index.php\/2021\/06\/14\/bonjour-je-mappelle-facine-jai-16-ans-et-je-viens-de-guinee-conakry\/"},"wordCount":745,"commentCount":0,"publisher":{"@id":"https:\/\/ramina.fr\/#organization"},"articleSection":["Parole de Minots S2"],"inLanguage":"fr-FR","potentialAction":[{"@type":"CommentAction","name":"Comment","target":["https:\/\/ramina.fr\/index.php\/2021\/06\/14\/bonjour-je-mappelle-facine-jai-16-ans-et-je-viens-de-guinee-conakry\/#respond"]}]},{"@type":"WebPage","@id":"https:\/\/ramina.fr\/index.php\/2021\/06\/14\/bonjour-je-mappelle-facine-jai-16-ans-et-je-viens-de-guinee-conakry\/","url":"https:\/\/ramina.fr\/index.php\/2021\/06\/14\/bonjour-je-mappelle-facine-jai-16-ans-et-je-viens-de-guinee-conakry\/","name":"Bonjour, je m\u2019appelle Facine, j\u2019ai 16 ans et je viens de Guin\u00e9e Conakry. \ud83d\ude42 | RAMINA","isPartOf":{"@id":"https:\/\/ramina.fr\/#website"},"datePublished":"2021-06-14T11:48:13+00:00","dateModified":"2021-06-14T11:50:56+00:00","breadcrumb":{"@id":"https:\/\/ramina.fr\/index.php\/2021\/06\/14\/bonjour-je-mappelle-facine-jai-16-ans-et-je-viens-de-guinee-conakry\/#breadcrumb"},"inLanguage":"fr-FR","potentialAction":[{"@type":"ReadAction","target":["https:\/\/ramina.fr\/index.php\/2021\/06\/14\/bonjour-je-mappelle-facine-jai-16-ans-et-je-viens-de-guinee-conakry\/"]}]},{"@type":"BreadcrumbList","@id":"https:\/\/ramina.fr\/index.php\/2021\/06\/14\/bonjour-je-mappelle-facine-jai-16-ans-et-je-viens-de-guinee-conakry\/#breadcrumb","itemListElement":[{"@type":"ListItem","position":1,"name":"Accueil","item":"https:\/\/ramina.fr\/"},{"@type":"ListItem","position":2,"name":"Bonjour, je m\u2019appelle Facine, j\u2019ai 16 ans et je viens de Guin\u00e9e Conakry. \ud83d\ude42"}]},{"@type":"WebSite","@id":"https:\/\/ramina.fr\/#website","url":"https:\/\/ramina.fr\/","name":"RAMINA","description":"R\u00e9seau d\u2019Accueil des Minot.es Non Accompagn\u00e9s","publisher":{"@id":"https:\/\/ramina.fr\/#organization"},"alternateName":"R\u00e9seau d'accueil Solidaire des Minots Non Accompagn\u00e9s","potentialAction":[{"@type":"SearchAction","target":{"@type":"EntryPoint","urlTemplate":"https:\/\/ramina.fr\/?s={search_term_string}"},"query-input":{"@type":"PropertyValueSpecification","valueRequired":true,"valueName":"search_term_string"}}],"inLanguage":"fr-FR"},{"@type":"Organization","@id":"https:\/\/ramina.fr\/#organization","name":"RAMINA","alternateName":"R\u00e9seau d' Accueil des Minots Non Accompagn\u00e9s","url":"https:\/\/ramina.fr\/","logo":{"@type":"ImageObject","inLanguage":"fr-FR","@id":"https:\/\/ramina.fr\/#\/schema\/logo\/image\/","url":"https:\/\/ramina.fr\/wp-content\/uploads\/2025\/02\/LOGO_RAMINA_NOIR_VERTICAL.png","contentUrl":"https:\/\/ramina.fr\/wp-content\/uploads\/2025\/02\/LOGO_RAMINA_NOIR_VERTICAL.png","width":1654,"height":1418,"caption":"RAMINA"},"image":{"@id":"https:\/\/ramina.fr\/#\/schema\/logo\/image\/"},"sameAs":["https:\/\/www.facebook.com\/contact.ramina\/","https:\/\/www.instagram.com\/ramina_marseille\/"]},{"@type":"Person","@id":"https:\/\/ramina.fr\/#\/schema\/person\/60afb851da2c0c7b9e173324b84144d5","name":"Ramina R\u00e9seau","image":{"@type":"ImageObject","inLanguage":"fr-FR","@id":"https:\/\/ramina.fr\/#\/schema\/person\/image\/","url":"https:\/\/secure.gravatar.com\/avatar\/5985aef3267ffd44adcd4562d2752e99?s=96&d=mm&r=g","contentUrl":"https:\/\/secure.gravatar.com\/avatar\/5985aef3267ffd44adcd4562d2752e99?s=96&d=mm&r=g","caption":"Ramina R\u00e9seau"}}]}},"jetpack_featured_media_url":"","jetpack_sharing_enabled":true,"_links":{"self":[{"href":"https:\/\/ramina.fr\/index.php\/wp-json\/wp\/v2\/posts\/1506","targetHints":{"allow":["GET"]}}],"collection":[{"href":"https:\/\/ramina.fr\/index.php\/wp-json\/wp\/v2\/posts"}],"about":[{"href":"https:\/\/ramina.fr\/index.php\/wp-json\/wp\/v2\/types\/post"}],"author":[{"embeddable":true,"href":"https:\/\/ramina.fr\/index.php\/wp-json\/wp\/v2\/users\/3"}],"replies":[{"embeddable":true,"href":"https:\/\/ramina.fr\/index.php\/wp-json\/wp\/v2\/comments?post=1506"}],"version-history":[{"count":1,"href":"https:\/\/ramina.fr\/index.php\/wp-json\/wp\/v2\/posts\/1506\/revisions"}],"predecessor-version":[{"id":1507,"href":"https:\/\/ramina.fr\/index.php\/wp-json\/wp\/v2\/posts\/1506\/revisions\/1507"}],"wp:attachment":[{"href":"https:\/\/ramina.fr\/index.php\/wp-json\/wp\/v2\/media?parent=1506"}],"wp:term":[{"taxonomy":"category","embeddable":true,"href":"https:\/\/ramina.fr\/index.php\/wp-json\/wp\/v2\/categories?post=1506"},{"taxonomy":"post_tag","embeddable":true,"href":"https:\/\/ramina.fr\/index.php\/wp-json\/wp\/v2\/tags?post=1506"}],"curies":[{"name":"wp","href":"https:\/\/api.w.org\/{rel}","templated":true}]}}