{"id":144,"date":"2019-11-03T11:02:00","date_gmt":"2019-11-03T10:02:00","guid":{"rendered":"http:\/\/ramina.fr\/?p=144"},"modified":"2020-03-27T19:31:48","modified_gmt":"2020-03-27T18:31:48","slug":"a-leglise-st-vincent-de-paul-reformes-canebiere","status":"publish","type":"post","link":"https:\/\/ramina.fr\/index.php\/2019\/11\/03\/a-leglise-st-vincent-de-paul-reformes-canebiere\/","title":{"rendered":"A l&rsquo;\u00e9glise St Vincent de Paul (R\u00e9form\u00e9s-Canebi\u00e8re) \ud83d\udc31"},"content":{"rendered":"\n<p>Ce dimanche, le chat RAMINA s&rsquo;affiche \u00e0 l&rsquo;\u00c9glise St Vincent de Paul (R\u00e9form\u00e9s-Canebiere), 2  Cours Franklin Roosevelt, 13001 Marseille. \u270c\ufe0f\u00c0  partir de demain la formule \u00ab\u00a0Parole de Minot\u00a0\u00bb revient chaque lundi et  vendredi. Et chaque mardi et jeudi, une nouvelle publication avec \u00ab\u00a0Ramina se  ballade\u00a0\u00bb. Partagez, likez, boul\u00e9guez  \u270c\ufe0f <\/p>\n\n\n\n<figure class=\"wp-block-image size-large\"><img fetchpriority=\"high\" decoding=\"async\" width=\"992\" height=\"489\" src=\"https:\/\/ramina.fr\/wp-content\/uploads\/2019\/11\/RAMINA-MARSEILLE-MIGRANTS-EGLISE-REFORMES-ST-VINCENT.jpg\" alt=\"\" class=\"wp-image-147\" srcset=\"https:\/\/ramina.fr\/wp-content\/uploads\/2019\/11\/RAMINA-MARSEILLE-MIGRANTS-EGLISE-REFORMES-ST-VINCENT.jpg 992w, https:\/\/ramina.fr\/wp-content\/uploads\/2019\/11\/RAMINA-MARSEILLE-MIGRANTS-EGLISE-REFORMES-ST-VINCENT-300x148.jpg 300w, https:\/\/ramina.fr\/wp-content\/uploads\/2019\/11\/RAMINA-MARSEILLE-MIGRANTS-EGLISE-REFORMES-ST-VINCENT-768x379.jpg 768w\" sizes=\"(max-width: 706px) 89vw, (max-width: 767px) 82vw, 740px\" \/><\/figure>\n\n\n\n<div class=\"wp-block-image\"><figure class=\"aligncenter size-large is-resized\"><img decoding=\"async\" src=\"https:\/\/ramina.fr\/wp-content\/uploads\/2019\/11\/RAMINA-MARSEILLE-MIGRANTS-EGLISE-REFORMES-ST-VINCENT-2-505x1024.jpg\" alt=\"\" class=\"wp-image-148\" width=\"343\" height=\"696\" srcset=\"https:\/\/ramina.fr\/wp-content\/uploads\/2019\/11\/RAMINA-MARSEILLE-MIGRANTS-EGLISE-REFORMES-ST-VINCENT-2-505x1024.jpg 505w, https:\/\/ramina.fr\/wp-content\/uploads\/2019\/11\/RAMINA-MARSEILLE-MIGRANTS-EGLISE-REFORMES-ST-VINCENT-2-148x300.jpg 148w, https:\/\/ramina.fr\/wp-content\/uploads\/2019\/11\/RAMINA-MARSEILLE-MIGRANTS-EGLISE-REFORMES-ST-VINCENT-2.jpg 757w\" sizes=\"(max-width: 343px) 100vw, 343px\" \/><\/figure><\/div>\n","protected":false},"excerpt":{"rendered":"<p>Ce dimanche, le chat RAMINA s&rsquo;affiche \u00e0 l&rsquo;\u00c9glise St Vincent de Paul (R\u00e9form\u00e9s-Canebiere), 2 Cours Franklin Roosevelt, 13001 Marseille. \u270c\ufe0f\u00c0 partir de demain la formule \u00ab\u00a0Parole de Minot\u00a0\u00bb revient chaque lundi et vendredi. Et chaque mardi et jeudi, une nouvelle publication avec \u00ab\u00a0Ramina se ballade\u00a0\u00bb. Partagez, likez, boul\u00e9guez \u270c\ufe0f<\/p>\n","protected":false},"author":3,"featured_media":0,"comment_status":"open","ping_status":"open","sticky":false,"template":"","format":"standard","meta":{"_jetpack_memberships_contains_paid_content":false,"footnotes":""},"categories":[5],"tags":[],"class_list":["post-144","post","type-post","status-publish","format-standard","hentry","category-raminabalade"],"yoast_head":"<!-- This site is optimized with the Yoast SEO plugin v25.1 - https:\/\/yoast.com\/wordpress\/plugins\/seo\/ -->\n<title>A l&#039;\u00e9glise St Vincent de Paul (R\u00e9form\u00e9s-Canebi\u00e8re) \ud83d\udc31 | RAMINA<\/title>\n<meta name=\"robots\" content=\"noindex, follow\" \/>\n<meta property=\"og:locale\" content=\"fr_FR\" \/>\n<meta property=\"og:type\" content=\"article\" \/>\n<meta property=\"og:title\" content=\"A l&#039;\u00e9glise St Vincent de Paul (R\u00e9form\u00e9s-Canebi\u00e8re) \ud83d\udc31 | RAMINA\" \/>\n<meta property=\"og:description\" content=\"Ce dimanche, le chat RAMINA s&rsquo;affiche \u00e0 l&rsquo;\u00c9glise St Vincent de Paul (R\u00e9form\u00e9s-Canebiere), 2 Cours Franklin Roosevelt, 13001 Marseille. \u270c\ufe0f\u00c0 partir de demain la formule \u00ab\u00a0Parole de Minot\u00a0\u00bb revient chaque lundi et vendredi. Et chaque mardi et jeudi, une nouvelle publication avec \u00ab\u00a0Ramina se ballade\u00a0\u00bb. Partagez, likez, boul\u00e9guez \u270c\ufe0f\" \/>\n<meta property=\"og:url\" content=\"https:\/\/ramina.fr\/index.php\/2019\/11\/03\/a-leglise-st-vincent-de-paul-reformes-canebiere\/\" \/>\n<meta property=\"og:site_name\" content=\"RAMINA\" \/>\n<meta property=\"article:publisher\" content=\"https:\/\/www.facebook.com\/contact.ramina\/\" \/>\n<meta property=\"article:published_time\" content=\"2019-11-03T10:02:00+00:00\" \/>\n<meta property=\"article:modified_time\" content=\"2020-03-27T18:31:48+00:00\" \/>\n<meta property=\"og:image\" content=\"http:\/\/ramina.fr\/wp-content\/uploads\/2019\/11\/RAMINA-MARSEILLE-MIGRANTS-EGLISE-REFORMES-ST-VINCENT.jpg\" \/>\n<meta name=\"author\" content=\"Ramina R\u00e9seau\" \/>\n<meta name=\"twitter:card\" content=\"summary_large_image\" \/>\n<meta name=\"twitter:label1\" content=\"\u00c9crit par\" \/>\n\t<meta name=\"twitter:data1\" content=\"Ramina R\u00e9seau\" \/>\n<script type=\"application\/ld+json\" class=\"yoast-schema-graph\">{\"@context\":\"https:\/\/schema.org\",\"@graph\":[{\"@type\":\"Article\",\"@id\":\"https:\/\/ramina.fr\/index.php\/2019\/11\/03\/a-leglise-st-vincent-de-paul-reformes-canebiere\/#article\",\"isPartOf\":{\"@id\":\"https:\/\/ramina.fr\/index.php\/2019\/11\/03\/a-leglise-st-vincent-de-paul-reformes-canebiere\/\"},\"author\":{\"name\":\"Ramina R\u00e9seau\",\"@id\":\"https:\/\/ramina.fr\/#\/schema\/person\/60afb851da2c0c7b9e173324b84144d5\"},\"headline\":\"A l&rsquo;\u00e9glise St Vincent de Paul (R\u00e9form\u00e9s-Canebi\u00e8re) \ud83d\udc31\",\"datePublished\":\"2019-11-03T10:02:00+00:00\",\"dateModified\":\"2020-03-27T18:31:48+00:00\",\"mainEntityOfPage\":{\"@id\":\"https:\/\/ramina.fr\/index.php\/2019\/11\/03\/a-leglise-st-vincent-de-paul-reformes-canebiere\/\"},\"wordCount\":59,\"commentCount\":0,\"publisher\":{\"@id\":\"https:\/\/ramina.fr\/#organization\"},\"image\":{\"@id\":\"https:\/\/ramina.fr\/index.php\/2019\/11\/03\/a-leglise-st-vincent-de-paul-reformes-canebiere\/#primaryimage\"},\"thumbnailUrl\":\"http:\/\/ramina.fr\/wp-content\/uploads\/2019\/11\/RAMINA-MARSEILLE-MIGRANTS-EGLISE-REFORMES-ST-VINCENT.jpg\",\"articleSection\":[\"Ramina se Balade\"],\"inLanguage\":\"fr-FR\",\"potentialAction\":[{\"@type\":\"CommentAction\",\"name\":\"Comment\",\"target\":[\"https:\/\/ramina.fr\/index.php\/2019\/11\/03\/a-leglise-st-vincent-de-paul-reformes-canebiere\/#respond\"]}]},{\"@type\":\"WebPage\",\"@id\":\"https:\/\/ramina.fr\/index.php\/2019\/11\/03\/a-leglise-st-vincent-de-paul-reformes-canebiere\/\",\"url\":\"https:\/\/ramina.fr\/index.php\/2019\/11\/03\/a-leglise-st-vincent-de-paul-reformes-canebiere\/\",\"name\":\"A l'\u00e9glise St Vincent de Paul (R\u00e9form\u00e9s-Canebi\u00e8re) \ud83d\udc31 | RAMINA\",\"isPartOf\":{\"@id\":\"https:\/\/ramina.fr\/#website\"},\"primaryImageOfPage\":{\"@id\":\"https:\/\/ramina.fr\/index.php\/2019\/11\/03\/a-leglise-st-vincent-de-paul-reformes-canebiere\/#primaryimage\"},\"image\":{\"@id\":\"https:\/\/ramina.fr\/index.php\/2019\/11\/03\/a-leglise-st-vincent-de-paul-reformes-canebiere\/#primaryimage\"},\"thumbnailUrl\":\"http:\/\/ramina.fr\/wp-content\/uploads\/2019\/11\/RAMINA-MARSEILLE-MIGRANTS-EGLISE-REFORMES-ST-VINCENT.jpg\",\"datePublished\":\"2019-11-03T10:02:00+00:00\",\"dateModified\":\"2020-03-27T18:31:48+00:00\",\"breadcrumb\":{\"@id\":\"https:\/\/ramina.fr\/index.php\/2019\/11\/03\/a-leglise-st-vincent-de-paul-reformes-canebiere\/#breadcrumb\"},\"inLanguage\":\"fr-FR\",\"potentialAction\":[{\"@type\":\"ReadAction\",\"target\":[\"https:\/\/ramina.fr\/index.php\/2019\/11\/03\/a-leglise-st-vincent-de-paul-reformes-canebiere\/\"]}]},{\"@type\":\"ImageObject\",\"inLanguage\":\"fr-FR\",\"@id\":\"https:\/\/ramina.fr\/index.php\/2019\/11\/03\/a-leglise-st-vincent-de-paul-reformes-canebiere\/#primaryimage\",\"url\":\"http:\/\/ramina.fr\/wp-content\/uploads\/2019\/11\/RAMINA-MARSEILLE-MIGRANTS-EGLISE-REFORMES-ST-VINCENT.jpg\",\"contentUrl\":\"http:\/\/ramina.fr\/wp-content\/uploads\/2019\/11\/RAMINA-MARSEILLE-MIGRANTS-EGLISE-REFORMES-ST-VINCENT.jpg\"},{\"@type\":\"BreadcrumbList\",\"@id\":\"https:\/\/ramina.fr\/index.php\/2019\/11\/03\/a-leglise-st-vincent-de-paul-reformes-canebiere\/#breadcrumb\",\"itemListElement\":[{\"@type\":\"ListItem\",\"position\":1,\"name\":\"Accueil\",\"item\":\"https:\/\/ramina.fr\/\"},{\"@type\":\"ListItem\",\"position\":2,\"name\":\"A l&rsquo;\u00e9glise St Vincent de Paul (R\u00e9form\u00e9s-Canebi\u00e8re) \ud83d\udc31\"}]},{\"@type\":\"WebSite\",\"@id\":\"https:\/\/ramina.fr\/#website\",\"url\":\"https:\/\/ramina.fr\/\",\"name\":\"RAMINA\",\"description\":\"R\u00e9seau d\u2019Accueil des Minot.es Non Accompagn\u00e9s\",\"publisher\":{\"@id\":\"https:\/\/ramina.fr\/#organization\"},\"alternateName\":\"R\u00e9seau d'accueil Solidaire des Minots Non Accompagn\u00e9s\",\"potentialAction\":[{\"@type\":\"SearchAction\",\"target\":{\"@type\":\"EntryPoint\",\"urlTemplate\":\"https:\/\/ramina.fr\/?s={search_term_string}\"},\"query-input\":{\"@type\":\"PropertyValueSpecification\",\"valueRequired\":true,\"valueName\":\"search_term_string\"}}],\"inLanguage\":\"fr-FR\"},{\"@type\":\"Organization\",\"@id\":\"https:\/\/ramina.fr\/#organization\",\"name\":\"RAMINA\",\"alternateName\":\"R\u00e9seau d' Accueil des Minots Non Accompagn\u00e9s\",\"url\":\"https:\/\/ramina.fr\/\",\"logo\":{\"@type\":\"ImageObject\",\"inLanguage\":\"fr-FR\",\"@id\":\"https:\/\/ramina.fr\/#\/schema\/logo\/image\/\",\"url\":\"https:\/\/ramina.fr\/wp-content\/uploads\/2025\/02\/LOGO_RAMINA_NOIR_VERTICAL.png\",\"contentUrl\":\"https:\/\/ramina.fr\/wp-content\/uploads\/2025\/02\/LOGO_RAMINA_NOIR_VERTICAL.png\",\"width\":1654,\"height\":1418,\"caption\":\"RAMINA\"},\"image\":{\"@id\":\"https:\/\/ramina.fr\/#\/schema\/logo\/image\/\"},\"sameAs\":[\"https:\/\/www.facebook.com\/contact.ramina\/\",\"https:\/\/www.instagram.com\/ramina_marseille\/\"]},{\"@type\":\"Person\",\"@id\":\"https:\/\/ramina.fr\/#\/schema\/person\/60afb851da2c0c7b9e173324b84144d5\",\"name\":\"Ramina R\u00e9seau\",\"image\":{\"@type\":\"ImageObject\",\"inLanguage\":\"fr-FR\",\"@id\":\"https:\/\/ramina.fr\/#\/schema\/person\/image\/\",\"url\":\"https:\/\/secure.gravatar.com\/avatar\/5985aef3267ffd44adcd4562d2752e99?s=96&d=mm&r=g\",\"contentUrl\":\"https:\/\/secure.gravatar.com\/avatar\/5985aef3267ffd44adcd4562d2752e99?s=96&d=mm&r=g\",\"caption\":\"Ramina R\u00e9seau\"}}]}<\/script>\n<!-- \/ Yoast SEO plugin. -->","yoast_head_json":{"title":"A l'\u00e9glise St Vincent de Paul (R\u00e9form\u00e9s-Canebi\u00e8re) \ud83d\udc31 | RAMINA","robots":{"index":"noindex","follow":"follow"},"og_locale":"fr_FR","og_type":"article","og_title":"A l'\u00e9glise St Vincent de Paul (R\u00e9form\u00e9s-Canebi\u00e8re) \ud83d\udc31 | RAMINA","og_description":"Ce dimanche, le chat RAMINA s&rsquo;affiche \u00e0 l&rsquo;\u00c9glise St Vincent de Paul (R\u00e9form\u00e9s-Canebiere), 2 Cours Franklin Roosevelt, 13001 Marseille. \u270c\ufe0f\u00c0 partir de demain la formule \u00ab\u00a0Parole de Minot\u00a0\u00bb revient chaque lundi et vendredi. Et chaque mardi et jeudi, une nouvelle publication avec \u00ab\u00a0Ramina se ballade\u00a0\u00bb. Partagez, likez, boul\u00e9guez \u270c\ufe0f","og_url":"https:\/\/ramina.fr\/index.php\/2019\/11\/03\/a-leglise-st-vincent-de-paul-reformes-canebiere\/","og_site_name":"RAMINA","article_publisher":"https:\/\/www.facebook.com\/contact.ramina\/","article_published_time":"2019-11-03T10:02:00+00:00","article_modified_time":"2020-03-27T18:31:48+00:00","og_image":[{"url":"http:\/\/ramina.fr\/wp-content\/uploads\/2019\/11\/RAMINA-MARSEILLE-MIGRANTS-EGLISE-REFORMES-ST-VINCENT.jpg","type":"","width":"","height":""}],"author":"Ramina R\u00e9seau","twitter_card":"summary_large_image","twitter_misc":{"\u00c9crit par":"Ramina R\u00e9seau"},"schema":{"@context":"https:\/\/schema.org","@graph":[{"@type":"Article","@id":"https:\/\/ramina.fr\/index.php\/2019\/11\/03\/a-leglise-st-vincent-de-paul-reformes-canebiere\/#article","isPartOf":{"@id":"https:\/\/ramina.fr\/index.php\/2019\/11\/03\/a-leglise-st-vincent-de-paul-reformes-canebiere\/"},"author":{"name":"Ramina R\u00e9seau","@id":"https:\/\/ramina.fr\/#\/schema\/person\/60afb851da2c0c7b9e173324b84144d5"},"headline":"A l&rsquo;\u00e9glise St Vincent de Paul (R\u00e9form\u00e9s-Canebi\u00e8re) \ud83d\udc31","datePublished":"2019-11-03T10:02:00+00:00","dateModified":"2020-03-27T18:31:48+00:00","mainEntityOfPage":{"@id":"https:\/\/ramina.fr\/index.php\/2019\/11\/03\/a-leglise-st-vincent-de-paul-reformes-canebiere\/"},"wordCount":59,"commentCount":0,"publisher":{"@id":"https:\/\/ramina.fr\/#organization"},"image":{"@id":"https:\/\/ramina.fr\/index.php\/2019\/11\/03\/a-leglise-st-vincent-de-paul-reformes-canebiere\/#primaryimage"},"thumbnailUrl":"http:\/\/ramina.fr\/wp-content\/uploads\/2019\/11\/RAMINA-MARSEILLE-MIGRANTS-EGLISE-REFORMES-ST-VINCENT.jpg","articleSection":["Ramina se Balade"],"inLanguage":"fr-FR","potentialAction":[{"@type":"CommentAction","name":"Comment","target":["https:\/\/ramina.fr\/index.php\/2019\/11\/03\/a-leglise-st-vincent-de-paul-reformes-canebiere\/#respond"]}]},{"@type":"WebPage","@id":"https:\/\/ramina.fr\/index.php\/2019\/11\/03\/a-leglise-st-vincent-de-paul-reformes-canebiere\/","url":"https:\/\/ramina.fr\/index.php\/2019\/11\/03\/a-leglise-st-vincent-de-paul-reformes-canebiere\/","name":"A l'\u00e9glise St Vincent de Paul (R\u00e9form\u00e9s-Canebi\u00e8re) \ud83d\udc31 | RAMINA","isPartOf":{"@id":"https:\/\/ramina.fr\/#website"},"primaryImageOfPage":{"@id":"https:\/\/ramina.fr\/index.php\/2019\/11\/03\/a-leglise-st-vincent-de-paul-reformes-canebiere\/#primaryimage"},"image":{"@id":"https:\/\/ramina.fr\/index.php\/2019\/11\/03\/a-leglise-st-vincent-de-paul-reformes-canebiere\/#primaryimage"},"thumbnailUrl":"http:\/\/ramina.fr\/wp-content\/uploads\/2019\/11\/RAMINA-MARSEILLE-MIGRANTS-EGLISE-REFORMES-ST-VINCENT.jpg","datePublished":"2019-11-03T10:02:00+00:00","dateModified":"2020-03-27T18:31:48+00:00","breadcrumb":{"@id":"https:\/\/ramina.fr\/index.php\/2019\/11\/03\/a-leglise-st-vincent-de-paul-reformes-canebiere\/#breadcrumb"},"inLanguage":"fr-FR","potentialAction":[{"@type":"ReadAction","target":["https:\/\/ramina.fr\/index.php\/2019\/11\/03\/a-leglise-st-vincent-de-paul-reformes-canebiere\/"]}]},{"@type":"ImageObject","inLanguage":"fr-FR","@id":"https:\/\/ramina.fr\/index.php\/2019\/11\/03\/a-leglise-st-vincent-de-paul-reformes-canebiere\/#primaryimage","url":"http:\/\/ramina.fr\/wp-content\/uploads\/2019\/11\/RAMINA-MARSEILLE-MIGRANTS-EGLISE-REFORMES-ST-VINCENT.jpg","contentUrl":"http:\/\/ramina.fr\/wp-content\/uploads\/2019\/11\/RAMINA-MARSEILLE-MIGRANTS-EGLISE-REFORMES-ST-VINCENT.jpg"},{"@type":"BreadcrumbList","@id":"https:\/\/ramina.fr\/index.php\/2019\/11\/03\/a-leglise-st-vincent-de-paul-reformes-canebiere\/#breadcrumb","itemListElement":[{"@type":"ListItem","position":1,"name":"Accueil","item":"https:\/\/ramina.fr\/"},{"@type":"ListItem","position":2,"name":"A l&rsquo;\u00e9glise St Vincent de Paul (R\u00e9form\u00e9s-Canebi\u00e8re) \ud83d\udc31"}]},{"@type":"WebSite","@id":"https:\/\/ramina.fr\/#website","url":"https:\/\/ramina.fr\/","name":"RAMINA","description":"R\u00e9seau d\u2019Accueil des Minot.es Non Accompagn\u00e9s","publisher":{"@id":"https:\/\/ramina.fr\/#organization"},"alternateName":"R\u00e9seau d'accueil Solidaire des Minots Non Accompagn\u00e9s","potentialAction":[{"@type":"SearchAction","target":{"@type":"EntryPoint","urlTemplate":"https:\/\/ramina.fr\/?s={search_term_string}"},"query-input":{"@type":"PropertyValueSpecification","valueRequired":true,"valueName":"search_term_string"}}],"inLanguage":"fr-FR"},{"@type":"Organization","@id":"https:\/\/ramina.fr\/#organization","name":"RAMINA","alternateName":"R\u00e9seau d' Accueil des Minots Non Accompagn\u00e9s","url":"https:\/\/ramina.fr\/","logo":{"@type":"ImageObject","inLanguage":"fr-FR","@id":"https:\/\/ramina.fr\/#\/schema\/logo\/image\/","url":"https:\/\/ramina.fr\/wp-content\/uploads\/2025\/02\/LOGO_RAMINA_NOIR_VERTICAL.png","contentUrl":"https:\/\/ramina.fr\/wp-content\/uploads\/2025\/02\/LOGO_RAMINA_NOIR_VERTICAL.png","width":1654,"height":1418,"caption":"RAMINA"},"image":{"@id":"https:\/\/ramina.fr\/#\/schema\/logo\/image\/"},"sameAs":["https:\/\/www.facebook.com\/contact.ramina\/","https:\/\/www.instagram.com\/ramina_marseille\/"]},{"@type":"Person","@id":"https:\/\/ramina.fr\/#\/schema\/person\/60afb851da2c0c7b9e173324b84144d5","name":"Ramina R\u00e9seau","image":{"@type":"ImageObject","inLanguage":"fr-FR","@id":"https:\/\/ramina.fr\/#\/schema\/person\/image\/","url":"https:\/\/secure.gravatar.com\/avatar\/5985aef3267ffd44adcd4562d2752e99?s=96&d=mm&r=g","contentUrl":"https:\/\/secure.gravatar.com\/avatar\/5985aef3267ffd44adcd4562d2752e99?s=96&d=mm&r=g","caption":"Ramina R\u00e9seau"}}]}},"jetpack_featured_media_url":"","jetpack_sharing_enabled":true,"_links":{"self":[{"href":"https:\/\/ramina.fr\/index.php\/wp-json\/wp\/v2\/posts\/144","targetHints":{"allow":["GET"]}}],"collection":[{"href":"https:\/\/ramina.fr\/index.php\/wp-json\/wp\/v2\/posts"}],"about":[{"href":"https:\/\/ramina.fr\/index.php\/wp-json\/wp\/v2\/types\/post"}],"author":[{"embeddable":true,"href":"https:\/\/ramina.fr\/index.php\/wp-json\/wp\/v2\/users\/3"}],"replies":[{"embeddable":true,"href":"https:\/\/ramina.fr\/index.php\/wp-json\/wp\/v2\/comments?post=144"}],"version-history":[{"count":3,"href":"https:\/\/ramina.fr\/index.php\/wp-json\/wp\/v2\/posts\/144\/revisions"}],"predecessor-version":[{"id":900,"href":"https:\/\/ramina.fr\/index.php\/wp-json\/wp\/v2\/posts\/144\/revisions\/900"}],"wp:attachment":[{"href":"https:\/\/ramina.fr\/index.php\/wp-json\/wp\/v2\/media?parent=144"}],"wp:term":[{"taxonomy":"category","embeddable":true,"href":"https:\/\/ramina.fr\/index.php\/wp-json\/wp\/v2\/categories?post=144"},{"taxonomy":"post_tag","embeddable":true,"href":"https:\/\/ramina.fr\/index.php\/wp-json\/wp\/v2\/tags?post=144"}],"curies":[{"name":"wp","href":"https:\/\/api.w.org\/{rel}","templated":true}]}}