{"id":1194,"date":"2020-10-12T13:03:08","date_gmt":"2020-10-12T11:03:08","guid":{"rendered":"http:\/\/ramina.fr\/?p=1194"},"modified":"2020-10-12T13:03:29","modified_gmt":"2020-10-12T11:03:29","slug":"bonjour-je-mappelle-iba-one-je-suis-de-nationalite-malienne-et-jai-15-ans","status":"publish","type":"post","link":"https:\/\/ramina.fr\/index.php\/2020\/10\/12\/bonjour-je-mappelle-iba-one-je-suis-de-nationalite-malienne-et-jai-15-ans\/","title":{"rendered":"Bonjour, je m\u2019appelle Iba One, je suis de nationalit\u00e9 malienne et j\u2019ai 15 ans \ud83d\ude00"},"content":{"rendered":"\n<p>Je viens d\u2019arriver \u00e0 Marseille et mon probl\u00e8me c\u2019est de savoir comment je vais \u00e9tudier ici, car je n\u2019ai pas trop \u00e9tudi\u00e9 au Mali. Et ma question, c\u2019est de savoir si j\u2019arriverai \u00e0 avoir un emploi ici. Si je suis sorti du Mali, c\u2019est \u00e0 cause de la guerre. Quand j\u2019\u00e9tais petit, ma maman est d\u00e9c\u00e9d\u00e9e, nous vivions dans la r\u00e9gion de Kayes avec ma soeur. Mon papa travaillait au Nord dans la r\u00e9gion du Kidal,o\u00f9 il y\u2019a la guerre. Il faisait du commerce l\u00e0 bas. Alors ma soeur et moi, on nous a transf\u00e9r\u00e9 chez lui et on a fait les \u00e9tudes dans le nord, moi j\u2019ai fait quatre ans l\u2019\u00e9cole. Un matin, il y\u2019a eu une attaque des rebelles dans le village, on a d\u00fb fuir avec ma soeur. Il y\u2019a eu beaucoup, beaucoup de probl\u00e8mes, je ne pr\u00e9f\u00e8re pas en parler. J\u2019esp\u00e8re que j\u2019aurais bient\u00f4t une place \u00e0 l\u2019addap car actuellement je dors dehors. Pour finir, je voudrais vous partagez cette chanson de Iba One qu\u2019il a \u00e9crit pour que la paix revienne au Mali. Cela fait 8 ans qu\u2019il y\u2019a la guerre dans mon pays, et toujours je pense \u00e0 comment ma vie va devenir. <img decoding=\"async\" alt=\"\u270c\ufe0f\" src=\"https:\/\/lh3.googleusercontent.com\/g2tsMe4I_om2pXcA4U4K8-iNEiIhkVQxeHdu6OZUTqO7nN2li_OJPeac6uC5dCL2GIrPsP72A3ZzU3EEgJuueGMBimoHSe2sk2j9niPCER8TcmZkEQZyN2hIc8cRzExbSmXovHGm\" width=\"20\" height=\"20\">Rdv vendredi pour une nouvelle parole de minot. Partagez, likez, boul\u00e9guez.&nbsp;<img decoding=\"async\" alt=\"\u270c\ufe0f\" src=\"https:\/\/lh3.googleusercontent.com\/g2tsMe4I_om2pXcA4U4K8-iNEiIhkVQxeHdu6OZUTqO7nN2li_OJPeac6uC5dCL2GIrPsP72A3ZzU3EEgJuueGMBimoHSe2sk2j9niPCER8TcmZkEQZyN2hIc8cRzExbSmXovHGm\" width=\"20\" height=\"20\"><\/p>\n\n\n\n<figure class=\"wp-block-embed-youtube wp-block-embed is-type-video is-provider-youtube wp-embed-aspect-16-9 wp-has-aspect-ratio\"><div class=\"wp-block-embed__wrapper\">\n<iframe title=\"Iba One Feat Wantan Clan  - La Paix au Mali\" width=\"525\" height=\"295\" src=\"https:\/\/www.youtube.com\/embed\/kZA86C_Krag?feature=oembed\" frameborder=\"0\" allow=\"accelerometer; autoplay; clipboard-write; encrypted-media; gyroscope; picture-in-picture; web-share\" referrerpolicy=\"strict-origin-when-cross-origin\" allowfullscreen><\/iframe>\n<\/div><\/figure>\n","protected":false},"excerpt":{"rendered":"<p>Je viens d\u2019arriver \u00e0 Marseille et mon probl\u00e8me c\u2019est de savoir comment je vais \u00e9tudier ici, car je n\u2019ai pas trop \u00e9tudi\u00e9 au Mali. Et ma question, c\u2019est de savoir si j\u2019arriverai \u00e0 avoir un emploi ici. Si je suis sorti du Mali, c\u2019est \u00e0 cause de la guerre. Quand j\u2019\u00e9tais petit, ma maman est &hellip; <\/p>\n<p class=\"link-more\"><a href=\"https:\/\/ramina.fr\/index.php\/2020\/10\/12\/bonjour-je-mappelle-iba-one-je-suis-de-nationalite-malienne-et-jai-15-ans\/\" class=\"more-link\">Continuer la lecture<span class=\"screen-reader-text\"> de &laquo;&nbsp;Bonjour, je m\u2019appelle Iba One, je suis de nationalit\u00e9 malienne et j\u2019ai 15 ans \ud83d\ude00&nbsp;&raquo;<\/span><\/a><\/p>\n","protected":false},"author":3,"featured_media":0,"comment_status":"open","ping_status":"open","sticky":false,"template":"","format":"standard","meta":{"_jetpack_memberships_contains_paid_content":false,"footnotes":""},"categories":[6],"tags":[],"class_list":["post-1194","post","type-post","status-publish","format-standard","hentry","category-paroledeminotsaison2"],"yoast_head":"<!-- This site is optimized with the Yoast SEO plugin v25.1 - https:\/\/yoast.com\/wordpress\/plugins\/seo\/ -->\n<title>Bonjour, je m\u2019appelle Iba One, je suis de nationalit\u00e9 malienne et j\u2019ai 15 ans \ud83d\ude00 | RAMINA<\/title>\n<meta name=\"robots\" content=\"noindex, follow\" \/>\n<meta property=\"og:locale\" content=\"fr_FR\" \/>\n<meta property=\"og:type\" content=\"article\" \/>\n<meta property=\"og:title\" content=\"Bonjour, je m\u2019appelle Iba One, je suis de nationalit\u00e9 malienne et j\u2019ai 15 ans \ud83d\ude00 | RAMINA\" \/>\n<meta property=\"og:description\" content=\"Je viens d\u2019arriver \u00e0 Marseille et mon probl\u00e8me c\u2019est de savoir comment je vais \u00e9tudier ici, car je n\u2019ai pas trop \u00e9tudi\u00e9 au Mali. Et ma question, c\u2019est de savoir si j\u2019arriverai \u00e0 avoir un emploi ici. Si je suis sorti du Mali, c\u2019est \u00e0 cause de la guerre. Quand j\u2019\u00e9tais petit, ma maman est &hellip; Continuer la lecture de &laquo;&nbsp;Bonjour, je m\u2019appelle Iba One, je suis de nationalit\u00e9 malienne et j\u2019ai 15 ans \ud83d\ude00&nbsp;&raquo;\" \/>\n<meta property=\"og:url\" content=\"https:\/\/ramina.fr\/index.php\/2020\/10\/12\/bonjour-je-mappelle-iba-one-je-suis-de-nationalite-malienne-et-jai-15-ans\/\" \/>\n<meta property=\"og:site_name\" content=\"RAMINA\" \/>\n<meta property=\"article:publisher\" content=\"https:\/\/www.facebook.com\/contact.ramina\/\" \/>\n<meta property=\"article:published_time\" content=\"2020-10-12T11:03:08+00:00\" \/>\n<meta property=\"article:modified_time\" content=\"2020-10-12T11:03:29+00:00\" \/>\n<meta property=\"og:image\" content=\"https:\/\/lh3.googleusercontent.com\/g2tsMe4I_om2pXcA4U4K8-iNEiIhkVQxeHdu6OZUTqO7nN2li_OJPeac6uC5dCL2GIrPsP72A3ZzU3EEgJuueGMBimoHSe2sk2j9niPCER8TcmZkEQZyN2hIc8cRzExbSmXovHGm\" \/>\n<meta name=\"author\" content=\"Ramina R\u00e9seau\" \/>\n<meta name=\"twitter:card\" content=\"summary_large_image\" \/>\n<meta name=\"twitter:label1\" content=\"\u00c9crit par\" \/>\n\t<meta name=\"twitter:data1\" content=\"Ramina R\u00e9seau\" \/>\n\t<meta name=\"twitter:label2\" content=\"Dur\u00e9e de lecture estim\u00e9e\" \/>\n\t<meta name=\"twitter:data2\" content=\"1 minute\" \/>\n<script type=\"application\/ld+json\" class=\"yoast-schema-graph\">{\"@context\":\"https:\/\/schema.org\",\"@graph\":[{\"@type\":\"Article\",\"@id\":\"https:\/\/ramina.fr\/index.php\/2020\/10\/12\/bonjour-je-mappelle-iba-one-je-suis-de-nationalite-malienne-et-jai-15-ans\/#article\",\"isPartOf\":{\"@id\":\"https:\/\/ramina.fr\/index.php\/2020\/10\/12\/bonjour-je-mappelle-iba-one-je-suis-de-nationalite-malienne-et-jai-15-ans\/\"},\"author\":{\"name\":\"Ramina R\u00e9seau\",\"@id\":\"https:\/\/ramina.fr\/#\/schema\/person\/60afb851da2c0c7b9e173324b84144d5\"},\"headline\":\"Bonjour, je m\u2019appelle Iba One, je suis de nationalit\u00e9 malienne et j\u2019ai 15 ans \ud83d\ude00\",\"datePublished\":\"2020-10-12T11:03:08+00:00\",\"dateModified\":\"2020-10-12T11:03:29+00:00\",\"mainEntityOfPage\":{\"@id\":\"https:\/\/ramina.fr\/index.php\/2020\/10\/12\/bonjour-je-mappelle-iba-one-je-suis-de-nationalite-malienne-et-jai-15-ans\/\"},\"wordCount\":261,\"commentCount\":0,\"publisher\":{\"@id\":\"https:\/\/ramina.fr\/#organization\"},\"image\":{\"@id\":\"https:\/\/ramina.fr\/index.php\/2020\/10\/12\/bonjour-je-mappelle-iba-one-je-suis-de-nationalite-malienne-et-jai-15-ans\/#primaryimage\"},\"thumbnailUrl\":\"https:\/\/lh3.googleusercontent.com\/g2tsMe4I_om2pXcA4U4K8-iNEiIhkVQxeHdu6OZUTqO7nN2li_OJPeac6uC5dCL2GIrPsP72A3ZzU3EEgJuueGMBimoHSe2sk2j9niPCER8TcmZkEQZyN2hIc8cRzExbSmXovHGm\",\"articleSection\":[\"Parole de Minots S2\"],\"inLanguage\":\"fr-FR\",\"potentialAction\":[{\"@type\":\"CommentAction\",\"name\":\"Comment\",\"target\":[\"https:\/\/ramina.fr\/index.php\/2020\/10\/12\/bonjour-je-mappelle-iba-one-je-suis-de-nationalite-malienne-et-jai-15-ans\/#respond\"]}]},{\"@type\":\"WebPage\",\"@id\":\"https:\/\/ramina.fr\/index.php\/2020\/10\/12\/bonjour-je-mappelle-iba-one-je-suis-de-nationalite-malienne-et-jai-15-ans\/\",\"url\":\"https:\/\/ramina.fr\/index.php\/2020\/10\/12\/bonjour-je-mappelle-iba-one-je-suis-de-nationalite-malienne-et-jai-15-ans\/\",\"name\":\"Bonjour, je m\u2019appelle Iba One, je suis de nationalit\u00e9 malienne et j\u2019ai 15 ans \ud83d\ude00 | RAMINA\",\"isPartOf\":{\"@id\":\"https:\/\/ramina.fr\/#website\"},\"primaryImageOfPage\":{\"@id\":\"https:\/\/ramina.fr\/index.php\/2020\/10\/12\/bonjour-je-mappelle-iba-one-je-suis-de-nationalite-malienne-et-jai-15-ans\/#primaryimage\"},\"image\":{\"@id\":\"https:\/\/ramina.fr\/index.php\/2020\/10\/12\/bonjour-je-mappelle-iba-one-je-suis-de-nationalite-malienne-et-jai-15-ans\/#primaryimage\"},\"thumbnailUrl\":\"https:\/\/lh3.googleusercontent.com\/g2tsMe4I_om2pXcA4U4K8-iNEiIhkVQxeHdu6OZUTqO7nN2li_OJPeac6uC5dCL2GIrPsP72A3ZzU3EEgJuueGMBimoHSe2sk2j9niPCER8TcmZkEQZyN2hIc8cRzExbSmXovHGm\",\"datePublished\":\"2020-10-12T11:03:08+00:00\",\"dateModified\":\"2020-10-12T11:03:29+00:00\",\"breadcrumb\":{\"@id\":\"https:\/\/ramina.fr\/index.php\/2020\/10\/12\/bonjour-je-mappelle-iba-one-je-suis-de-nationalite-malienne-et-jai-15-ans\/#breadcrumb\"},\"inLanguage\":\"fr-FR\",\"potentialAction\":[{\"@type\":\"ReadAction\",\"target\":[\"https:\/\/ramina.fr\/index.php\/2020\/10\/12\/bonjour-je-mappelle-iba-one-je-suis-de-nationalite-malienne-et-jai-15-ans\/\"]}]},{\"@type\":\"ImageObject\",\"inLanguage\":\"fr-FR\",\"@id\":\"https:\/\/ramina.fr\/index.php\/2020\/10\/12\/bonjour-je-mappelle-iba-one-je-suis-de-nationalite-malienne-et-jai-15-ans\/#primaryimage\",\"url\":\"https:\/\/lh3.googleusercontent.com\/g2tsMe4I_om2pXcA4U4K8-iNEiIhkVQxeHdu6OZUTqO7nN2li_OJPeac6uC5dCL2GIrPsP72A3ZzU3EEgJuueGMBimoHSe2sk2j9niPCER8TcmZkEQZyN2hIc8cRzExbSmXovHGm\",\"contentUrl\":\"https:\/\/lh3.googleusercontent.com\/g2tsMe4I_om2pXcA4U4K8-iNEiIhkVQxeHdu6OZUTqO7nN2li_OJPeac6uC5dCL2GIrPsP72A3ZzU3EEgJuueGMBimoHSe2sk2j9niPCER8TcmZkEQZyN2hIc8cRzExbSmXovHGm\"},{\"@type\":\"BreadcrumbList\",\"@id\":\"https:\/\/ramina.fr\/index.php\/2020\/10\/12\/bonjour-je-mappelle-iba-one-je-suis-de-nationalite-malienne-et-jai-15-ans\/#breadcrumb\",\"itemListElement\":[{\"@type\":\"ListItem\",\"position\":1,\"name\":\"Accueil\",\"item\":\"https:\/\/ramina.fr\/\"},{\"@type\":\"ListItem\",\"position\":2,\"name\":\"Bonjour, je m\u2019appelle Iba One, je suis de nationalit\u00e9 malienne et j\u2019ai 15 ans \ud83d\ude00\"}]},{\"@type\":\"WebSite\",\"@id\":\"https:\/\/ramina.fr\/#website\",\"url\":\"https:\/\/ramina.fr\/\",\"name\":\"RAMINA\",\"description\":\"R\u00e9seau d\u2019Accueil des Minot.es Non Accompagn\u00e9s\",\"publisher\":{\"@id\":\"https:\/\/ramina.fr\/#organization\"},\"alternateName\":\"R\u00e9seau d'accueil Solidaire des Minots Non Accompagn\u00e9s\",\"potentialAction\":[{\"@type\":\"SearchAction\",\"target\":{\"@type\":\"EntryPoint\",\"urlTemplate\":\"https:\/\/ramina.fr\/?s={search_term_string}\"},\"query-input\":{\"@type\":\"PropertyValueSpecification\",\"valueRequired\":true,\"valueName\":\"search_term_string\"}}],\"inLanguage\":\"fr-FR\"},{\"@type\":\"Organization\",\"@id\":\"https:\/\/ramina.fr\/#organization\",\"name\":\"RAMINA\",\"alternateName\":\"R\u00e9seau d' Accueil des Minots Non Accompagn\u00e9s\",\"url\":\"https:\/\/ramina.fr\/\",\"logo\":{\"@type\":\"ImageObject\",\"inLanguage\":\"fr-FR\",\"@id\":\"https:\/\/ramina.fr\/#\/schema\/logo\/image\/\",\"url\":\"https:\/\/ramina.fr\/wp-content\/uploads\/2025\/02\/LOGO_RAMINA_NOIR_VERTICAL.png\",\"contentUrl\":\"https:\/\/ramina.fr\/wp-content\/uploads\/2025\/02\/LOGO_RAMINA_NOIR_VERTICAL.png\",\"width\":1654,\"height\":1418,\"caption\":\"RAMINA\"},\"image\":{\"@id\":\"https:\/\/ramina.fr\/#\/schema\/logo\/image\/\"},\"sameAs\":[\"https:\/\/www.facebook.com\/contact.ramina\/\",\"https:\/\/www.instagram.com\/ramina_marseille\/\"]},{\"@type\":\"Person\",\"@id\":\"https:\/\/ramina.fr\/#\/schema\/person\/60afb851da2c0c7b9e173324b84144d5\",\"name\":\"Ramina R\u00e9seau\",\"image\":{\"@type\":\"ImageObject\",\"inLanguage\":\"fr-FR\",\"@id\":\"https:\/\/ramina.fr\/#\/schema\/person\/image\/\",\"url\":\"https:\/\/secure.gravatar.com\/avatar\/5985aef3267ffd44adcd4562d2752e99?s=96&d=mm&r=g\",\"contentUrl\":\"https:\/\/secure.gravatar.com\/avatar\/5985aef3267ffd44adcd4562d2752e99?s=96&d=mm&r=g\",\"caption\":\"Ramina R\u00e9seau\"}}]}<\/script>\n<!-- \/ Yoast SEO plugin. -->","yoast_head_json":{"title":"Bonjour, je m\u2019appelle Iba One, je suis de nationalit\u00e9 malienne et j\u2019ai 15 ans \ud83d\ude00 | RAMINA","robots":{"index":"noindex","follow":"follow"},"og_locale":"fr_FR","og_type":"article","og_title":"Bonjour, je m\u2019appelle Iba One, je suis de nationalit\u00e9 malienne et j\u2019ai 15 ans \ud83d\ude00 | RAMINA","og_description":"Je viens d\u2019arriver \u00e0 Marseille et mon probl\u00e8me c\u2019est de savoir comment je vais \u00e9tudier ici, car je n\u2019ai pas trop \u00e9tudi\u00e9 au Mali. Et ma question, c\u2019est de savoir si j\u2019arriverai \u00e0 avoir un emploi ici. Si je suis sorti du Mali, c\u2019est \u00e0 cause de la guerre. Quand j\u2019\u00e9tais petit, ma maman est &hellip; Continuer la lecture de &laquo;&nbsp;Bonjour, je m\u2019appelle Iba One, je suis de nationalit\u00e9 malienne et j\u2019ai 15 ans \ud83d\ude00&nbsp;&raquo;","og_url":"https:\/\/ramina.fr\/index.php\/2020\/10\/12\/bonjour-je-mappelle-iba-one-je-suis-de-nationalite-malienne-et-jai-15-ans\/","og_site_name":"RAMINA","article_publisher":"https:\/\/www.facebook.com\/contact.ramina\/","article_published_time":"2020-10-12T11:03:08+00:00","article_modified_time":"2020-10-12T11:03:29+00:00","og_image":[{"url":"https:\/\/lh3.googleusercontent.com\/g2tsMe4I_om2pXcA4U4K8-iNEiIhkVQxeHdu6OZUTqO7nN2li_OJPeac6uC5dCL2GIrPsP72A3ZzU3EEgJuueGMBimoHSe2sk2j9niPCER8TcmZkEQZyN2hIc8cRzExbSmXovHGm","type":"","width":"","height":""}],"author":"Ramina R\u00e9seau","twitter_card":"summary_large_image","twitter_misc":{"\u00c9crit par":"Ramina R\u00e9seau","Dur\u00e9e de lecture estim\u00e9e":"1 minute"},"schema":{"@context":"https:\/\/schema.org","@graph":[{"@type":"Article","@id":"https:\/\/ramina.fr\/index.php\/2020\/10\/12\/bonjour-je-mappelle-iba-one-je-suis-de-nationalite-malienne-et-jai-15-ans\/#article","isPartOf":{"@id":"https:\/\/ramina.fr\/index.php\/2020\/10\/12\/bonjour-je-mappelle-iba-one-je-suis-de-nationalite-malienne-et-jai-15-ans\/"},"author":{"name":"Ramina R\u00e9seau","@id":"https:\/\/ramina.fr\/#\/schema\/person\/60afb851da2c0c7b9e173324b84144d5"},"headline":"Bonjour, je m\u2019appelle Iba One, je suis de nationalit\u00e9 malienne et j\u2019ai 15 ans \ud83d\ude00","datePublished":"2020-10-12T11:03:08+00:00","dateModified":"2020-10-12T11:03:29+00:00","mainEntityOfPage":{"@id":"https:\/\/ramina.fr\/index.php\/2020\/10\/12\/bonjour-je-mappelle-iba-one-je-suis-de-nationalite-malienne-et-jai-15-ans\/"},"wordCount":261,"commentCount":0,"publisher":{"@id":"https:\/\/ramina.fr\/#organization"},"image":{"@id":"https:\/\/ramina.fr\/index.php\/2020\/10\/12\/bonjour-je-mappelle-iba-one-je-suis-de-nationalite-malienne-et-jai-15-ans\/#primaryimage"},"thumbnailUrl":"https:\/\/lh3.googleusercontent.com\/g2tsMe4I_om2pXcA4U4K8-iNEiIhkVQxeHdu6OZUTqO7nN2li_OJPeac6uC5dCL2GIrPsP72A3ZzU3EEgJuueGMBimoHSe2sk2j9niPCER8TcmZkEQZyN2hIc8cRzExbSmXovHGm","articleSection":["Parole de Minots S2"],"inLanguage":"fr-FR","potentialAction":[{"@type":"CommentAction","name":"Comment","target":["https:\/\/ramina.fr\/index.php\/2020\/10\/12\/bonjour-je-mappelle-iba-one-je-suis-de-nationalite-malienne-et-jai-15-ans\/#respond"]}]},{"@type":"WebPage","@id":"https:\/\/ramina.fr\/index.php\/2020\/10\/12\/bonjour-je-mappelle-iba-one-je-suis-de-nationalite-malienne-et-jai-15-ans\/","url":"https:\/\/ramina.fr\/index.php\/2020\/10\/12\/bonjour-je-mappelle-iba-one-je-suis-de-nationalite-malienne-et-jai-15-ans\/","name":"Bonjour, je m\u2019appelle Iba One, je suis de nationalit\u00e9 malienne et j\u2019ai 15 ans \ud83d\ude00 | RAMINA","isPartOf":{"@id":"https:\/\/ramina.fr\/#website"},"primaryImageOfPage":{"@id":"https:\/\/ramina.fr\/index.php\/2020\/10\/12\/bonjour-je-mappelle-iba-one-je-suis-de-nationalite-malienne-et-jai-15-ans\/#primaryimage"},"image":{"@id":"https:\/\/ramina.fr\/index.php\/2020\/10\/12\/bonjour-je-mappelle-iba-one-je-suis-de-nationalite-malienne-et-jai-15-ans\/#primaryimage"},"thumbnailUrl":"https:\/\/lh3.googleusercontent.com\/g2tsMe4I_om2pXcA4U4K8-iNEiIhkVQxeHdu6OZUTqO7nN2li_OJPeac6uC5dCL2GIrPsP72A3ZzU3EEgJuueGMBimoHSe2sk2j9niPCER8TcmZkEQZyN2hIc8cRzExbSmXovHGm","datePublished":"2020-10-12T11:03:08+00:00","dateModified":"2020-10-12T11:03:29+00:00","breadcrumb":{"@id":"https:\/\/ramina.fr\/index.php\/2020\/10\/12\/bonjour-je-mappelle-iba-one-je-suis-de-nationalite-malienne-et-jai-15-ans\/#breadcrumb"},"inLanguage":"fr-FR","potentialAction":[{"@type":"ReadAction","target":["https:\/\/ramina.fr\/index.php\/2020\/10\/12\/bonjour-je-mappelle-iba-one-je-suis-de-nationalite-malienne-et-jai-15-ans\/"]}]},{"@type":"ImageObject","inLanguage":"fr-FR","@id":"https:\/\/ramina.fr\/index.php\/2020\/10\/12\/bonjour-je-mappelle-iba-one-je-suis-de-nationalite-malienne-et-jai-15-ans\/#primaryimage","url":"https:\/\/lh3.googleusercontent.com\/g2tsMe4I_om2pXcA4U4K8-iNEiIhkVQxeHdu6OZUTqO7nN2li_OJPeac6uC5dCL2GIrPsP72A3ZzU3EEgJuueGMBimoHSe2sk2j9niPCER8TcmZkEQZyN2hIc8cRzExbSmXovHGm","contentUrl":"https:\/\/lh3.googleusercontent.com\/g2tsMe4I_om2pXcA4U4K8-iNEiIhkVQxeHdu6OZUTqO7nN2li_OJPeac6uC5dCL2GIrPsP72A3ZzU3EEgJuueGMBimoHSe2sk2j9niPCER8TcmZkEQZyN2hIc8cRzExbSmXovHGm"},{"@type":"BreadcrumbList","@id":"https:\/\/ramina.fr\/index.php\/2020\/10\/12\/bonjour-je-mappelle-iba-one-je-suis-de-nationalite-malienne-et-jai-15-ans\/#breadcrumb","itemListElement":[{"@type":"ListItem","position":1,"name":"Accueil","item":"https:\/\/ramina.fr\/"},{"@type":"ListItem","position":2,"name":"Bonjour, je m\u2019appelle Iba One, je suis de nationalit\u00e9 malienne et j\u2019ai 15 ans \ud83d\ude00"}]},{"@type":"WebSite","@id":"https:\/\/ramina.fr\/#website","url":"https:\/\/ramina.fr\/","name":"RAMINA","description":"R\u00e9seau d\u2019Accueil des Minot.es Non Accompagn\u00e9s","publisher":{"@id":"https:\/\/ramina.fr\/#organization"},"alternateName":"R\u00e9seau d'accueil Solidaire des Minots Non Accompagn\u00e9s","potentialAction":[{"@type":"SearchAction","target":{"@type":"EntryPoint","urlTemplate":"https:\/\/ramina.fr\/?s={search_term_string}"},"query-input":{"@type":"PropertyValueSpecification","valueRequired":true,"valueName":"search_term_string"}}],"inLanguage":"fr-FR"},{"@type":"Organization","@id":"https:\/\/ramina.fr\/#organization","name":"RAMINA","alternateName":"R\u00e9seau d' Accueil des Minots Non Accompagn\u00e9s","url":"https:\/\/ramina.fr\/","logo":{"@type":"ImageObject","inLanguage":"fr-FR","@id":"https:\/\/ramina.fr\/#\/schema\/logo\/image\/","url":"https:\/\/ramina.fr\/wp-content\/uploads\/2025\/02\/LOGO_RAMINA_NOIR_VERTICAL.png","contentUrl":"https:\/\/ramina.fr\/wp-content\/uploads\/2025\/02\/LOGO_RAMINA_NOIR_VERTICAL.png","width":1654,"height":1418,"caption":"RAMINA"},"image":{"@id":"https:\/\/ramina.fr\/#\/schema\/logo\/image\/"},"sameAs":["https:\/\/www.facebook.com\/contact.ramina\/","https:\/\/www.instagram.com\/ramina_marseille\/"]},{"@type":"Person","@id":"https:\/\/ramina.fr\/#\/schema\/person\/60afb851da2c0c7b9e173324b84144d5","name":"Ramina R\u00e9seau","image":{"@type":"ImageObject","inLanguage":"fr-FR","@id":"https:\/\/ramina.fr\/#\/schema\/person\/image\/","url":"https:\/\/secure.gravatar.com\/avatar\/5985aef3267ffd44adcd4562d2752e99?s=96&d=mm&r=g","contentUrl":"https:\/\/secure.gravatar.com\/avatar\/5985aef3267ffd44adcd4562d2752e99?s=96&d=mm&r=g","caption":"Ramina R\u00e9seau"}}]}},"jetpack_featured_media_url":"","jetpack_sharing_enabled":true,"_links":{"self":[{"href":"https:\/\/ramina.fr\/index.php\/wp-json\/wp\/v2\/posts\/1194","targetHints":{"allow":["GET"]}}],"collection":[{"href":"https:\/\/ramina.fr\/index.php\/wp-json\/wp\/v2\/posts"}],"about":[{"href":"https:\/\/ramina.fr\/index.php\/wp-json\/wp\/v2\/types\/post"}],"author":[{"embeddable":true,"href":"https:\/\/ramina.fr\/index.php\/wp-json\/wp\/v2\/users\/3"}],"replies":[{"embeddable":true,"href":"https:\/\/ramina.fr\/index.php\/wp-json\/wp\/v2\/comments?post=1194"}],"version-history":[{"count":2,"href":"https:\/\/ramina.fr\/index.php\/wp-json\/wp\/v2\/posts\/1194\/revisions"}],"predecessor-version":[{"id":1196,"href":"https:\/\/ramina.fr\/index.php\/wp-json\/wp\/v2\/posts\/1194\/revisions\/1196"}],"wp:attachment":[{"href":"https:\/\/ramina.fr\/index.php\/wp-json\/wp\/v2\/media?parent=1194"}],"wp:term":[{"taxonomy":"category","embeddable":true,"href":"https:\/\/ramina.fr\/index.php\/wp-json\/wp\/v2\/categories?post=1194"},{"taxonomy":"post_tag","embeddable":true,"href":"https:\/\/ramina.fr\/index.php\/wp-json\/wp\/v2\/tags?post=1194"}],"curies":[{"name":"wp","href":"https:\/\/api.w.org\/{rel}","templated":true}]}}