{"id":1189,"date":"2020-10-09T11:56:18","date_gmt":"2020-10-09T09:56:18","guid":{"rendered":"http:\/\/ramina.fr\/?p=1189"},"modified":"2020-10-09T11:57:44","modified_gmt":"2020-10-09T09:57:44","slug":"bonjour-mon-nom-est-leo-messi-je-suis-venu-de-gambie-et-jai-16-ans-et-demi","status":"publish","type":"post","link":"https:\/\/ramina.fr\/index.php\/2020\/10\/09\/bonjour-mon-nom-est-leo-messi-je-suis-venu-de-gambie-et-jai-16-ans-et-demi\/","title":{"rendered":"Bonjour, mon nom est L\u00e9o Messi, je suis venu de Gambie et j\u2019ai 16 ans et demi. \ud83d\ude00"},"content":{"rendered":"\n<p> Je suis amoureux du football et un supporter \u00e0 100%, mon \u00e9quipe pr\u00e9f\u00e9r\u00e9 est le FC Barcelone. Mes nations pr\u00e9f\u00e9r\u00e9s de football sont en premier l\u2019Espagne, en second la France, et en troisi\u00e8me l\u2019Allemagne. Dans le championnat fran\u00e7ais, je supporte Lyon, avant je supportais Paris mais depuis qu\u2019il y\u2019a Neymar, je n\u2019aime pas. Neymar, ce n\u2019est pas un footballeur, c\u2019est une blague. Je n\u2019aime pas Christiano Ronaldo aussi car il a jou\u00e9 au Real de Madrid. Et Zidane, je n\u2019aime pas car il entra\u00eene l\u00e0 bas aussi. Pourquoi il ne viendrait pas entra\u00eener \u00e0 Marseille, c\u2019est une grande ville ? Ou \u00e0 Lyon ou Paris ? Moi, je suis tr\u00e8s heureux d\u2019\u00eatre en France depuis un mois, car beaucoup de gens m\u2019aident. Maintenant, petit \u00e0 petit, je vais devenir supporter de Marseille, c\u2019est important. La vid\u00e9o que je voudrais vous partager est celle de Sadio Mane. Il est dans son village et il parle la m\u00eame langue que moi, le mandingue, pour demander : Qui supporte Barcelone ? C\u2019est car il avait marqu\u00e9 contre eux et Liverpool avait \u00e9limin\u00e9 Barcelone en demi-finale de la ligue des champions. J\u2019aime ce gars, il est vraiment fort. L\u2019\u00e9quipe de France de 2018 aussi \u00e9tait vraiment tr\u00e8s forte avec Pogba, Kant\u00e9, Mbapp\u00e9 et Griezmann ; et lui c\u2019est mon pr\u00e9f\u00e9r\u00e9 car il joue \u00e0 Barcelone.  \u270c\ufe0fRdv lundii pour une nouvelle parole de minot. Partagez, likez, boul\u00e9guez. \u270c\ufe0f<\/p>\n\n\n\n<figure class=\"wp-block-embed-youtube wp-block-embed is-type-video is-provider-youtube wp-embed-aspect-16-9 wp-has-aspect-ratio\"><div class=\"wp-block-embed__wrapper\">\n<iframe title=\"Sadio Mane speaking to his peoples in CASSAMANCE\" width=\"525\" height=\"295\" src=\"https:\/\/www.youtube.com\/embed\/K0QNXZSZgp8?feature=oembed\" frameborder=\"0\" allow=\"accelerometer; autoplay; clipboard-write; encrypted-media; gyroscope; picture-in-picture; web-share\" referrerpolicy=\"strict-origin-when-cross-origin\" allowfullscreen><\/iframe>\n<\/div><\/figure>\n","protected":false},"excerpt":{"rendered":"<p>Je suis amoureux du football et un supporter \u00e0 100%, mon \u00e9quipe pr\u00e9f\u00e9r\u00e9 est le FC Barcelone. Mes nations pr\u00e9f\u00e9r\u00e9s de football sont en premier l\u2019Espagne, en second la France, et en troisi\u00e8me l\u2019Allemagne. Dans le championnat fran\u00e7ais, je supporte Lyon, avant je supportais Paris mais depuis qu\u2019il y\u2019a Neymar, je n\u2019aime pas. Neymar, ce &hellip; <\/p>\n<p class=\"link-more\"><a href=\"https:\/\/ramina.fr\/index.php\/2020\/10\/09\/bonjour-mon-nom-est-leo-messi-je-suis-venu-de-gambie-et-jai-16-ans-et-demi\/\" class=\"more-link\">Continuer la lecture<span class=\"screen-reader-text\"> de &laquo;&nbsp;Bonjour, mon nom est L\u00e9o Messi, je suis venu de Gambie et j\u2019ai 16 ans et demi. \ud83d\ude00&nbsp;&raquo;<\/span><\/a><\/p>\n","protected":false},"author":3,"featured_media":0,"comment_status":"open","ping_status":"open","sticky":false,"template":"","format":"standard","meta":{"_jetpack_memberships_contains_paid_content":false,"footnotes":""},"categories":[6],"tags":[],"class_list":["post-1189","post","type-post","status-publish","format-standard","hentry","category-paroledeminotsaison2"],"yoast_head":"<!-- This site is optimized with the Yoast SEO plugin v25.1 - https:\/\/yoast.com\/wordpress\/plugins\/seo\/ -->\n<title>Bonjour, mon nom est L\u00e9o Messi, je suis venu de Gambie et j\u2019ai 16 ans et demi. \ud83d\ude00 | RAMINA<\/title>\n<meta name=\"robots\" content=\"noindex, follow\" \/>\n<meta property=\"og:locale\" content=\"fr_FR\" \/>\n<meta property=\"og:type\" content=\"article\" \/>\n<meta property=\"og:title\" content=\"Bonjour, mon nom est L\u00e9o Messi, je suis venu de Gambie et j\u2019ai 16 ans et demi. \ud83d\ude00 | RAMINA\" \/>\n<meta property=\"og:description\" content=\"Je suis amoureux du football et un supporter \u00e0 100%, mon \u00e9quipe pr\u00e9f\u00e9r\u00e9 est le FC Barcelone. Mes nations pr\u00e9f\u00e9r\u00e9s de football sont en premier l\u2019Espagne, en second la France, et en troisi\u00e8me l\u2019Allemagne. Dans le championnat fran\u00e7ais, je supporte Lyon, avant je supportais Paris mais depuis qu\u2019il y\u2019a Neymar, je n\u2019aime pas. Neymar, ce &hellip; Continuer la lecture de &laquo;&nbsp;Bonjour, mon nom est L\u00e9o Messi, je suis venu de Gambie et j\u2019ai 16 ans et demi. \ud83d\ude00&nbsp;&raquo;\" \/>\n<meta property=\"og:url\" content=\"https:\/\/ramina.fr\/index.php\/2020\/10\/09\/bonjour-mon-nom-est-leo-messi-je-suis-venu-de-gambie-et-jai-16-ans-et-demi\/\" \/>\n<meta property=\"og:site_name\" content=\"RAMINA\" \/>\n<meta property=\"article:publisher\" content=\"https:\/\/www.facebook.com\/contact.ramina\/\" \/>\n<meta property=\"article:published_time\" content=\"2020-10-09T09:56:18+00:00\" \/>\n<meta property=\"article:modified_time\" content=\"2020-10-09T09:57:44+00:00\" \/>\n<meta property=\"og:image\" content=\"https:\/\/ramina.fr\/wp-content\/uploads\/2025\/02\/ramina-image-mise-avant-wordpress.jpg\" \/>\n\t<meta property=\"og:image:width\" content=\"1200\" \/>\n\t<meta property=\"og:image:height\" content=\"675\" \/>\n\t<meta property=\"og:image:type\" content=\"image\/jpeg\" \/>\n<meta name=\"author\" content=\"Ramina R\u00e9seau\" \/>\n<meta name=\"twitter:card\" content=\"summary_large_image\" \/>\n<meta name=\"twitter:label1\" content=\"\u00c9crit par\" \/>\n\t<meta name=\"twitter:data1\" content=\"Ramina R\u00e9seau\" \/>\n\t<meta name=\"twitter:label2\" content=\"Dur\u00e9e de lecture estim\u00e9e\" \/>\n\t<meta name=\"twitter:data2\" content=\"1 minute\" \/>\n<script type=\"application\/ld+json\" class=\"yoast-schema-graph\">{\"@context\":\"https:\/\/schema.org\",\"@graph\":[{\"@type\":\"Article\",\"@id\":\"https:\/\/ramina.fr\/index.php\/2020\/10\/09\/bonjour-mon-nom-est-leo-messi-je-suis-venu-de-gambie-et-jai-16-ans-et-demi\/#article\",\"isPartOf\":{\"@id\":\"https:\/\/ramina.fr\/index.php\/2020\/10\/09\/bonjour-mon-nom-est-leo-messi-je-suis-venu-de-gambie-et-jai-16-ans-et-demi\/\"},\"author\":{\"name\":\"Ramina R\u00e9seau\",\"@id\":\"https:\/\/ramina.fr\/#\/schema\/person\/60afb851da2c0c7b9e173324b84144d5\"},\"headline\":\"Bonjour, mon nom est L\u00e9o Messi, je suis venu de Gambie et j\u2019ai 16 ans et demi. \ud83d\ude00\",\"datePublished\":\"2020-10-09T09:56:18+00:00\",\"dateModified\":\"2020-10-09T09:57:44+00:00\",\"mainEntityOfPage\":{\"@id\":\"https:\/\/ramina.fr\/index.php\/2020\/10\/09\/bonjour-mon-nom-est-leo-messi-je-suis-venu-de-gambie-et-jai-16-ans-et-demi\/\"},\"wordCount\":276,\"commentCount\":0,\"publisher\":{\"@id\":\"https:\/\/ramina.fr\/#organization\"},\"articleSection\":[\"Parole de Minots S2\"],\"inLanguage\":\"fr-FR\",\"potentialAction\":[{\"@type\":\"CommentAction\",\"name\":\"Comment\",\"target\":[\"https:\/\/ramina.fr\/index.php\/2020\/10\/09\/bonjour-mon-nom-est-leo-messi-je-suis-venu-de-gambie-et-jai-16-ans-et-demi\/#respond\"]}]},{\"@type\":\"WebPage\",\"@id\":\"https:\/\/ramina.fr\/index.php\/2020\/10\/09\/bonjour-mon-nom-est-leo-messi-je-suis-venu-de-gambie-et-jai-16-ans-et-demi\/\",\"url\":\"https:\/\/ramina.fr\/index.php\/2020\/10\/09\/bonjour-mon-nom-est-leo-messi-je-suis-venu-de-gambie-et-jai-16-ans-et-demi\/\",\"name\":\"Bonjour, mon nom est L\u00e9o Messi, je suis venu de Gambie et j\u2019ai 16 ans et demi. \ud83d\ude00 | RAMINA\",\"isPartOf\":{\"@id\":\"https:\/\/ramina.fr\/#website\"},\"datePublished\":\"2020-10-09T09:56:18+00:00\",\"dateModified\":\"2020-10-09T09:57:44+00:00\",\"breadcrumb\":{\"@id\":\"https:\/\/ramina.fr\/index.php\/2020\/10\/09\/bonjour-mon-nom-est-leo-messi-je-suis-venu-de-gambie-et-jai-16-ans-et-demi\/#breadcrumb\"},\"inLanguage\":\"fr-FR\",\"potentialAction\":[{\"@type\":\"ReadAction\",\"target\":[\"https:\/\/ramina.fr\/index.php\/2020\/10\/09\/bonjour-mon-nom-est-leo-messi-je-suis-venu-de-gambie-et-jai-16-ans-et-demi\/\"]}]},{\"@type\":\"BreadcrumbList\",\"@id\":\"https:\/\/ramina.fr\/index.php\/2020\/10\/09\/bonjour-mon-nom-est-leo-messi-je-suis-venu-de-gambie-et-jai-16-ans-et-demi\/#breadcrumb\",\"itemListElement\":[{\"@type\":\"ListItem\",\"position\":1,\"name\":\"Accueil\",\"item\":\"https:\/\/ramina.fr\/\"},{\"@type\":\"ListItem\",\"position\":2,\"name\":\"Bonjour, mon nom est L\u00e9o Messi, je suis venu de Gambie et j\u2019ai 16 ans et demi. \ud83d\ude00\"}]},{\"@type\":\"WebSite\",\"@id\":\"https:\/\/ramina.fr\/#website\",\"url\":\"https:\/\/ramina.fr\/\",\"name\":\"RAMINA\",\"description\":\"R\u00e9seau d\u2019Accueil des Minot.es Non Accompagn\u00e9s\",\"publisher\":{\"@id\":\"https:\/\/ramina.fr\/#organization\"},\"alternateName\":\"R\u00e9seau d'accueil Solidaire des Minots Non Accompagn\u00e9s\",\"potentialAction\":[{\"@type\":\"SearchAction\",\"target\":{\"@type\":\"EntryPoint\",\"urlTemplate\":\"https:\/\/ramina.fr\/?s={search_term_string}\"},\"query-input\":{\"@type\":\"PropertyValueSpecification\",\"valueRequired\":true,\"valueName\":\"search_term_string\"}}],\"inLanguage\":\"fr-FR\"},{\"@type\":\"Organization\",\"@id\":\"https:\/\/ramina.fr\/#organization\",\"name\":\"RAMINA\",\"alternateName\":\"R\u00e9seau d' Accueil des Minots Non Accompagn\u00e9s\",\"url\":\"https:\/\/ramina.fr\/\",\"logo\":{\"@type\":\"ImageObject\",\"inLanguage\":\"fr-FR\",\"@id\":\"https:\/\/ramina.fr\/#\/schema\/logo\/image\/\",\"url\":\"https:\/\/ramina.fr\/wp-content\/uploads\/2025\/02\/LOGO_RAMINA_NOIR_VERTICAL.png\",\"contentUrl\":\"https:\/\/ramina.fr\/wp-content\/uploads\/2025\/02\/LOGO_RAMINA_NOIR_VERTICAL.png\",\"width\":1654,\"height\":1418,\"caption\":\"RAMINA\"},\"image\":{\"@id\":\"https:\/\/ramina.fr\/#\/schema\/logo\/image\/\"},\"sameAs\":[\"https:\/\/www.facebook.com\/contact.ramina\/\",\"https:\/\/www.instagram.com\/ramina_marseille\/\"]},{\"@type\":\"Person\",\"@id\":\"https:\/\/ramina.fr\/#\/schema\/person\/60afb851da2c0c7b9e173324b84144d5\",\"name\":\"Ramina R\u00e9seau\",\"image\":{\"@type\":\"ImageObject\",\"inLanguage\":\"fr-FR\",\"@id\":\"https:\/\/ramina.fr\/#\/schema\/person\/image\/\",\"url\":\"https:\/\/secure.gravatar.com\/avatar\/5985aef3267ffd44adcd4562d2752e99?s=96&d=mm&r=g\",\"contentUrl\":\"https:\/\/secure.gravatar.com\/avatar\/5985aef3267ffd44adcd4562d2752e99?s=96&d=mm&r=g\",\"caption\":\"Ramina R\u00e9seau\"}}]}<\/script>\n<!-- \/ Yoast SEO plugin. -->","yoast_head_json":{"title":"Bonjour, mon nom est L\u00e9o Messi, je suis venu de Gambie et j\u2019ai 16 ans et demi. \ud83d\ude00 | RAMINA","robots":{"index":"noindex","follow":"follow"},"og_locale":"fr_FR","og_type":"article","og_title":"Bonjour, mon nom est L\u00e9o Messi, je suis venu de Gambie et j\u2019ai 16 ans et demi. \ud83d\ude00 | RAMINA","og_description":"Je suis amoureux du football et un supporter \u00e0 100%, mon \u00e9quipe pr\u00e9f\u00e9r\u00e9 est le FC Barcelone. Mes nations pr\u00e9f\u00e9r\u00e9s de football sont en premier l\u2019Espagne, en second la France, et en troisi\u00e8me l\u2019Allemagne. Dans le championnat fran\u00e7ais, je supporte Lyon, avant je supportais Paris mais depuis qu\u2019il y\u2019a Neymar, je n\u2019aime pas. Neymar, ce &hellip; Continuer la lecture de &laquo;&nbsp;Bonjour, mon nom est L\u00e9o Messi, je suis venu de Gambie et j\u2019ai 16 ans et demi. \ud83d\ude00&nbsp;&raquo;","og_url":"https:\/\/ramina.fr\/index.php\/2020\/10\/09\/bonjour-mon-nom-est-leo-messi-je-suis-venu-de-gambie-et-jai-16-ans-et-demi\/","og_site_name":"RAMINA","article_publisher":"https:\/\/www.facebook.com\/contact.ramina\/","article_published_time":"2020-10-09T09:56:18+00:00","article_modified_time":"2020-10-09T09:57:44+00:00","og_image":[{"width":1200,"height":675,"url":"https:\/\/ramina.fr\/wp-content\/uploads\/2025\/02\/ramina-image-mise-avant-wordpress.jpg","type":"image\/jpeg"}],"author":"Ramina R\u00e9seau","twitter_card":"summary_large_image","twitter_misc":{"\u00c9crit par":"Ramina R\u00e9seau","Dur\u00e9e de lecture estim\u00e9e":"1 minute"},"schema":{"@context":"https:\/\/schema.org","@graph":[{"@type":"Article","@id":"https:\/\/ramina.fr\/index.php\/2020\/10\/09\/bonjour-mon-nom-est-leo-messi-je-suis-venu-de-gambie-et-jai-16-ans-et-demi\/#article","isPartOf":{"@id":"https:\/\/ramina.fr\/index.php\/2020\/10\/09\/bonjour-mon-nom-est-leo-messi-je-suis-venu-de-gambie-et-jai-16-ans-et-demi\/"},"author":{"name":"Ramina R\u00e9seau","@id":"https:\/\/ramina.fr\/#\/schema\/person\/60afb851da2c0c7b9e173324b84144d5"},"headline":"Bonjour, mon nom est L\u00e9o Messi, je suis venu de Gambie et j\u2019ai 16 ans et demi. \ud83d\ude00","datePublished":"2020-10-09T09:56:18+00:00","dateModified":"2020-10-09T09:57:44+00:00","mainEntityOfPage":{"@id":"https:\/\/ramina.fr\/index.php\/2020\/10\/09\/bonjour-mon-nom-est-leo-messi-je-suis-venu-de-gambie-et-jai-16-ans-et-demi\/"},"wordCount":276,"commentCount":0,"publisher":{"@id":"https:\/\/ramina.fr\/#organization"},"articleSection":["Parole de Minots S2"],"inLanguage":"fr-FR","potentialAction":[{"@type":"CommentAction","name":"Comment","target":["https:\/\/ramina.fr\/index.php\/2020\/10\/09\/bonjour-mon-nom-est-leo-messi-je-suis-venu-de-gambie-et-jai-16-ans-et-demi\/#respond"]}]},{"@type":"WebPage","@id":"https:\/\/ramina.fr\/index.php\/2020\/10\/09\/bonjour-mon-nom-est-leo-messi-je-suis-venu-de-gambie-et-jai-16-ans-et-demi\/","url":"https:\/\/ramina.fr\/index.php\/2020\/10\/09\/bonjour-mon-nom-est-leo-messi-je-suis-venu-de-gambie-et-jai-16-ans-et-demi\/","name":"Bonjour, mon nom est L\u00e9o Messi, je suis venu de Gambie et j\u2019ai 16 ans et demi. \ud83d\ude00 | RAMINA","isPartOf":{"@id":"https:\/\/ramina.fr\/#website"},"datePublished":"2020-10-09T09:56:18+00:00","dateModified":"2020-10-09T09:57:44+00:00","breadcrumb":{"@id":"https:\/\/ramina.fr\/index.php\/2020\/10\/09\/bonjour-mon-nom-est-leo-messi-je-suis-venu-de-gambie-et-jai-16-ans-et-demi\/#breadcrumb"},"inLanguage":"fr-FR","potentialAction":[{"@type":"ReadAction","target":["https:\/\/ramina.fr\/index.php\/2020\/10\/09\/bonjour-mon-nom-est-leo-messi-je-suis-venu-de-gambie-et-jai-16-ans-et-demi\/"]}]},{"@type":"BreadcrumbList","@id":"https:\/\/ramina.fr\/index.php\/2020\/10\/09\/bonjour-mon-nom-est-leo-messi-je-suis-venu-de-gambie-et-jai-16-ans-et-demi\/#breadcrumb","itemListElement":[{"@type":"ListItem","position":1,"name":"Accueil","item":"https:\/\/ramina.fr\/"},{"@type":"ListItem","position":2,"name":"Bonjour, mon nom est L\u00e9o Messi, je suis venu de Gambie et j\u2019ai 16 ans et demi. \ud83d\ude00"}]},{"@type":"WebSite","@id":"https:\/\/ramina.fr\/#website","url":"https:\/\/ramina.fr\/","name":"RAMINA","description":"R\u00e9seau d\u2019Accueil des Minot.es Non Accompagn\u00e9s","publisher":{"@id":"https:\/\/ramina.fr\/#organization"},"alternateName":"R\u00e9seau d'accueil Solidaire des Minots Non Accompagn\u00e9s","potentialAction":[{"@type":"SearchAction","target":{"@type":"EntryPoint","urlTemplate":"https:\/\/ramina.fr\/?s={search_term_string}"},"query-input":{"@type":"PropertyValueSpecification","valueRequired":true,"valueName":"search_term_string"}}],"inLanguage":"fr-FR"},{"@type":"Organization","@id":"https:\/\/ramina.fr\/#organization","name":"RAMINA","alternateName":"R\u00e9seau d' Accueil des Minots Non Accompagn\u00e9s","url":"https:\/\/ramina.fr\/","logo":{"@type":"ImageObject","inLanguage":"fr-FR","@id":"https:\/\/ramina.fr\/#\/schema\/logo\/image\/","url":"https:\/\/ramina.fr\/wp-content\/uploads\/2025\/02\/LOGO_RAMINA_NOIR_VERTICAL.png","contentUrl":"https:\/\/ramina.fr\/wp-content\/uploads\/2025\/02\/LOGO_RAMINA_NOIR_VERTICAL.png","width":1654,"height":1418,"caption":"RAMINA"},"image":{"@id":"https:\/\/ramina.fr\/#\/schema\/logo\/image\/"},"sameAs":["https:\/\/www.facebook.com\/contact.ramina\/","https:\/\/www.instagram.com\/ramina_marseille\/"]},{"@type":"Person","@id":"https:\/\/ramina.fr\/#\/schema\/person\/60afb851da2c0c7b9e173324b84144d5","name":"Ramina R\u00e9seau","image":{"@type":"ImageObject","inLanguage":"fr-FR","@id":"https:\/\/ramina.fr\/#\/schema\/person\/image\/","url":"https:\/\/secure.gravatar.com\/avatar\/5985aef3267ffd44adcd4562d2752e99?s=96&d=mm&r=g","contentUrl":"https:\/\/secure.gravatar.com\/avatar\/5985aef3267ffd44adcd4562d2752e99?s=96&d=mm&r=g","caption":"Ramina R\u00e9seau"}}]}},"jetpack_featured_media_url":"","jetpack_sharing_enabled":true,"_links":{"self":[{"href":"https:\/\/ramina.fr\/index.php\/wp-json\/wp\/v2\/posts\/1189","targetHints":{"allow":["GET"]}}],"collection":[{"href":"https:\/\/ramina.fr\/index.php\/wp-json\/wp\/v2\/posts"}],"about":[{"href":"https:\/\/ramina.fr\/index.php\/wp-json\/wp\/v2\/types\/post"}],"author":[{"embeddable":true,"href":"https:\/\/ramina.fr\/index.php\/wp-json\/wp\/v2\/users\/3"}],"replies":[{"embeddable":true,"href":"https:\/\/ramina.fr\/index.php\/wp-json\/wp\/v2\/comments?post=1189"}],"version-history":[{"count":1,"href":"https:\/\/ramina.fr\/index.php\/wp-json\/wp\/v2\/posts\/1189\/revisions"}],"predecessor-version":[{"id":1190,"href":"https:\/\/ramina.fr\/index.php\/wp-json\/wp\/v2\/posts\/1189\/revisions\/1190"}],"wp:attachment":[{"href":"https:\/\/ramina.fr\/index.php\/wp-json\/wp\/v2\/media?parent=1189"}],"wp:term":[{"taxonomy":"category","embeddable":true,"href":"https:\/\/ramina.fr\/index.php\/wp-json\/wp\/v2\/categories?post=1189"},{"taxonomy":"post_tag","embeddable":true,"href":"https:\/\/ramina.fr\/index.php\/wp-json\/wp\/v2\/tags?post=1189"}],"curies":[{"name":"wp","href":"https:\/\/api.w.org\/{rel}","templated":true}]}}