{"id":1186,"date":"2020-10-05T11:46:36","date_gmt":"2020-10-05T09:46:36","guid":{"rendered":"http:\/\/ramina.fr\/?p=1186"},"modified":"2020-10-05T11:46:55","modified_gmt":"2020-10-05T09:46:55","slug":"bonjour-je-mappelle-pierre-jai-16-ans-et-je-viens-de-la-cote-divoire","status":"publish","type":"post","link":"https:\/\/ramina.fr\/index.php\/2020\/10\/05\/bonjour-je-mappelle-pierre-jai-16-ans-et-je-viens-de-la-cote-divoire\/","title":{"rendered":"Bonjour, je m\u2019appelle Pierre, j\u2019ai 16 ans et je viens de la C\u00f4te d\u2019Ivoire \ud83d\ude00"},"content":{"rendered":"\n<p>Parole 2 Minot . Je suis ivoirien de p\u00e8re et de m\u00e8re et j\u2019ai grandi \u00e0 Abidjan. Je viens d\u2019une famille pauvre o\u00f9 je n\u2019ai pas pu faire une bonne \u00e9cole et j\u2019avais des probl\u00e8mes de sant\u00e9 que je ne pouvais pas soigner car ma famille n\u2019avait pas les moyens pour s\u2019occuper de moi. Dans la maison, c\u2019est ma m\u00e8re qui s\u2019occupait de nous, elle faisait aussi vendeuse de commerce. Un jour, arriva le d\u00e9c\u00e8s de ma m\u00e8re, c\u2019est l\u00e0 qu\u2019a commenc\u00e9 ma souffrance. A ce moment l\u00e0, le fr\u00e8re de ma m\u00e8re est venu \u00e0 la maison, je lui ai dit mes probl\u00e8mes et il m\u2019a dit qu\u2019il me ferait quitter la C\u00f4te d\u2019Ivoire. Je n\u2019ai jamais su o\u00f9 j\u2019allais voyager jusqu\u2019\u00e0 aujourd\u2019hui. Nous sommes pass\u00e9s par le Burkina avec lui, ensuite par le Nigeria et la Libye. L\u00e0 bas, le fr\u00e8re de ma m\u00e8re m\u2019a confi\u00e9 \u00e0 son ami et c\u2019est lui qui m\u2019a fait travers\u00e9 sur les gonfleurs, comme \u00e7a je me suis retrouv\u00e9 en Italie. En Italie, j\u2019\u00e9tais dans un camp o\u00f9 j\u2019ai travers\u00e9 des moments difficiles, je n\u2019allais pas \u00e0 l\u2019\u00e9cole, je ne comprenais pas l\u2019italien. Donc du coup, y\u2019a des amis qui m\u2019ont dit qu\u2019ils partaient en France, car ils avaient une famille \u00e0 Paris. Je les ai suivie, on a pris le train et c\u2019est comme \u00e7a que je me suis retrouv\u00e9 \u00e0 Marseille depuis les deux derniers mois. Depuis ma situation n\u2019a pas encore chang\u00e9, du coup j\u2019ai envie d\u2019aller \u00e0 l\u2019\u00e9cole, suivre une formation. Mon r\u00eave vraiment, c\u2019est que ma situation commence \u00e0 s&rsquo;am\u00e9liorer, le m\u00e9tier que j\u2019aimerai faire c\u2019est conduire les machines qui transportent les marchandises au port. La chanson que j\u2019aimerai vous partager est de Nestor David, elle s\u2019appelle \u201cOrphelin\u201d et il chante en Baoul\u00e9 et il traduit en fran\u00e7ais. Cette chanson c\u2019est pour toute les personnes qui ont perdu des gens proches, papa comme maman. <img decoding=\"async\" alt=\"\u270c\ufe0f\" src=\"https:\/\/static.xx.fbcdn.net\/images\/emoji.php\/v9\/t61\/1\/16\/270c.png\" width=\"16\" height=\"16\"> Rdv vendredi pour une nouvelle parole de minot. Partagez, likez, boul\u00e9guez., <img decoding=\"async\" alt=\"\u270c\ufe0f\" src=\"https:\/\/static.xx.fbcdn.net\/images\/emoji.php\/v9\/t61\/1\/16\/270c.png\" width=\"16\" height=\"16\"><\/p>\n\n\n\n<figure class=\"wp-block-embed-youtube wp-block-embed is-type-video is-provider-youtube wp-embed-aspect-16-9 wp-has-aspect-ratio\"><div class=\"wp-block-embed__wrapper\">\n<iframe title=\"Nestor David - Aika\" width=\"525\" height=\"295\" src=\"https:\/\/www.youtube.com\/embed\/tUoAIhjlsY4?feature=oembed\" frameborder=\"0\" allow=\"accelerometer; autoplay; clipboard-write; encrypted-media; gyroscope; picture-in-picture; web-share\" referrerpolicy=\"strict-origin-when-cross-origin\" allowfullscreen><\/iframe>\n<\/div><\/figure>\n","protected":false},"excerpt":{"rendered":"<p>Parole 2 Minot . Je suis ivoirien de p\u00e8re et de m\u00e8re et j\u2019ai grandi \u00e0 Abidjan. Je viens d\u2019une famille pauvre o\u00f9 je n\u2019ai pas pu faire une bonne \u00e9cole et j\u2019avais des probl\u00e8mes de sant\u00e9 que je ne pouvais pas soigner car ma famille n\u2019avait pas les moyens pour s\u2019occuper de moi. Dans &hellip; <\/p>\n<p class=\"link-more\"><a href=\"https:\/\/ramina.fr\/index.php\/2020\/10\/05\/bonjour-je-mappelle-pierre-jai-16-ans-et-je-viens-de-la-cote-divoire\/\" class=\"more-link\">Continuer la lecture<span class=\"screen-reader-text\"> de &laquo;&nbsp;Bonjour, je m\u2019appelle Pierre, j\u2019ai 16 ans et je viens de la C\u00f4te d\u2019Ivoire \ud83d\ude00&nbsp;&raquo;<\/span><\/a><\/p>\n","protected":false},"author":3,"featured_media":0,"comment_status":"open","ping_status":"open","sticky":false,"template":"","format":"standard","meta":{"_jetpack_memberships_contains_paid_content":false,"footnotes":""},"categories":[6],"tags":[],"class_list":["post-1186","post","type-post","status-publish","format-standard","hentry","category-paroledeminotsaison2"],"yoast_head":"<!-- This site is optimized with the Yoast SEO plugin v25.1 - https:\/\/yoast.com\/wordpress\/plugins\/seo\/ -->\n<title>Bonjour, je m\u2019appelle Pierre, j\u2019ai 16 ans et je viens de la C\u00f4te d\u2019Ivoire \ud83d\ude00 | RAMINA<\/title>\n<meta name=\"robots\" content=\"noindex, follow\" \/>\n<meta property=\"og:locale\" content=\"fr_FR\" \/>\n<meta property=\"og:type\" content=\"article\" \/>\n<meta property=\"og:title\" content=\"Bonjour, je m\u2019appelle Pierre, j\u2019ai 16 ans et je viens de la C\u00f4te d\u2019Ivoire \ud83d\ude00 | RAMINA\" \/>\n<meta property=\"og:description\" content=\"Parole 2 Minot . Je suis ivoirien de p\u00e8re et de m\u00e8re et j\u2019ai grandi \u00e0 Abidjan. Je viens d\u2019une famille pauvre o\u00f9 je n\u2019ai pas pu faire une bonne \u00e9cole et j\u2019avais des probl\u00e8mes de sant\u00e9 que je ne pouvais pas soigner car ma famille n\u2019avait pas les moyens pour s\u2019occuper de moi. Dans &hellip; Continuer la lecture de &laquo;&nbsp;Bonjour, je m\u2019appelle Pierre, j\u2019ai 16 ans et je viens de la C\u00f4te d\u2019Ivoire \ud83d\ude00&nbsp;&raquo;\" \/>\n<meta property=\"og:url\" content=\"https:\/\/ramina.fr\/index.php\/2020\/10\/05\/bonjour-je-mappelle-pierre-jai-16-ans-et-je-viens-de-la-cote-divoire\/\" \/>\n<meta property=\"og:site_name\" content=\"RAMINA\" \/>\n<meta property=\"article:publisher\" content=\"https:\/\/www.facebook.com\/contact.ramina\/\" \/>\n<meta property=\"article:published_time\" content=\"2020-10-05T09:46:36+00:00\" \/>\n<meta property=\"article:modified_time\" content=\"2020-10-05T09:46:55+00:00\" \/>\n<meta property=\"og:image\" content=\"https:\/\/static.xx.fbcdn.net\/images\/emoji.php\/v9\/t61\/1\/16\/270c.png\" \/>\n<meta name=\"author\" content=\"Ramina R\u00e9seau\" \/>\n<meta name=\"twitter:card\" content=\"summary_large_image\" \/>\n<meta name=\"twitter:label1\" content=\"\u00c9crit par\" \/>\n\t<meta name=\"twitter:data1\" content=\"Ramina R\u00e9seau\" \/>\n\t<meta name=\"twitter:label2\" content=\"Dur\u00e9e de lecture estim\u00e9e\" \/>\n\t<meta name=\"twitter:data2\" content=\"2 minutes\" \/>\n<script type=\"application\/ld+json\" class=\"yoast-schema-graph\">{\"@context\":\"https:\/\/schema.org\",\"@graph\":[{\"@type\":\"Article\",\"@id\":\"https:\/\/ramina.fr\/index.php\/2020\/10\/05\/bonjour-je-mappelle-pierre-jai-16-ans-et-je-viens-de-la-cote-divoire\/#article\",\"isPartOf\":{\"@id\":\"https:\/\/ramina.fr\/index.php\/2020\/10\/05\/bonjour-je-mappelle-pierre-jai-16-ans-et-je-viens-de-la-cote-divoire\/\"},\"author\":{\"name\":\"Ramina R\u00e9seau\",\"@id\":\"https:\/\/ramina.fr\/#\/schema\/person\/60afb851da2c0c7b9e173324b84144d5\"},\"headline\":\"Bonjour, je m\u2019appelle Pierre, j\u2019ai 16 ans et je viens de la C\u00f4te d\u2019Ivoire \ud83d\ude00\",\"datePublished\":\"2020-10-05T09:46:36+00:00\",\"dateModified\":\"2020-10-05T09:46:55+00:00\",\"mainEntityOfPage\":{\"@id\":\"https:\/\/ramina.fr\/index.php\/2020\/10\/05\/bonjour-je-mappelle-pierre-jai-16-ans-et-je-viens-de-la-cote-divoire\/\"},\"wordCount\":399,\"commentCount\":0,\"publisher\":{\"@id\":\"https:\/\/ramina.fr\/#organization\"},\"image\":{\"@id\":\"https:\/\/ramina.fr\/index.php\/2020\/10\/05\/bonjour-je-mappelle-pierre-jai-16-ans-et-je-viens-de-la-cote-divoire\/#primaryimage\"},\"thumbnailUrl\":\"https:\/\/static.xx.fbcdn.net\/images\/emoji.php\/v9\/t61\/1\/16\/270c.png\",\"articleSection\":[\"Parole de Minots S2\"],\"inLanguage\":\"fr-FR\",\"potentialAction\":[{\"@type\":\"CommentAction\",\"name\":\"Comment\",\"target\":[\"https:\/\/ramina.fr\/index.php\/2020\/10\/05\/bonjour-je-mappelle-pierre-jai-16-ans-et-je-viens-de-la-cote-divoire\/#respond\"]}]},{\"@type\":\"WebPage\",\"@id\":\"https:\/\/ramina.fr\/index.php\/2020\/10\/05\/bonjour-je-mappelle-pierre-jai-16-ans-et-je-viens-de-la-cote-divoire\/\",\"url\":\"https:\/\/ramina.fr\/index.php\/2020\/10\/05\/bonjour-je-mappelle-pierre-jai-16-ans-et-je-viens-de-la-cote-divoire\/\",\"name\":\"Bonjour, je m\u2019appelle Pierre, j\u2019ai 16 ans et je viens de la C\u00f4te d\u2019Ivoire \ud83d\ude00 | RAMINA\",\"isPartOf\":{\"@id\":\"https:\/\/ramina.fr\/#website\"},\"primaryImageOfPage\":{\"@id\":\"https:\/\/ramina.fr\/index.php\/2020\/10\/05\/bonjour-je-mappelle-pierre-jai-16-ans-et-je-viens-de-la-cote-divoire\/#primaryimage\"},\"image\":{\"@id\":\"https:\/\/ramina.fr\/index.php\/2020\/10\/05\/bonjour-je-mappelle-pierre-jai-16-ans-et-je-viens-de-la-cote-divoire\/#primaryimage\"},\"thumbnailUrl\":\"https:\/\/static.xx.fbcdn.net\/images\/emoji.php\/v9\/t61\/1\/16\/270c.png\",\"datePublished\":\"2020-10-05T09:46:36+00:00\",\"dateModified\":\"2020-10-05T09:46:55+00:00\",\"breadcrumb\":{\"@id\":\"https:\/\/ramina.fr\/index.php\/2020\/10\/05\/bonjour-je-mappelle-pierre-jai-16-ans-et-je-viens-de-la-cote-divoire\/#breadcrumb\"},\"inLanguage\":\"fr-FR\",\"potentialAction\":[{\"@type\":\"ReadAction\",\"target\":[\"https:\/\/ramina.fr\/index.php\/2020\/10\/05\/bonjour-je-mappelle-pierre-jai-16-ans-et-je-viens-de-la-cote-divoire\/\"]}]},{\"@type\":\"ImageObject\",\"inLanguage\":\"fr-FR\",\"@id\":\"https:\/\/ramina.fr\/index.php\/2020\/10\/05\/bonjour-je-mappelle-pierre-jai-16-ans-et-je-viens-de-la-cote-divoire\/#primaryimage\",\"url\":\"https:\/\/static.xx.fbcdn.net\/images\/emoji.php\/v9\/t61\/1\/16\/270c.png\",\"contentUrl\":\"https:\/\/static.xx.fbcdn.net\/images\/emoji.php\/v9\/t61\/1\/16\/270c.png\"},{\"@type\":\"BreadcrumbList\",\"@id\":\"https:\/\/ramina.fr\/index.php\/2020\/10\/05\/bonjour-je-mappelle-pierre-jai-16-ans-et-je-viens-de-la-cote-divoire\/#breadcrumb\",\"itemListElement\":[{\"@type\":\"ListItem\",\"position\":1,\"name\":\"Accueil\",\"item\":\"https:\/\/ramina.fr\/\"},{\"@type\":\"ListItem\",\"position\":2,\"name\":\"Bonjour, je m\u2019appelle Pierre, j\u2019ai 16 ans et je viens de la C\u00f4te d\u2019Ivoire \ud83d\ude00\"}]},{\"@type\":\"WebSite\",\"@id\":\"https:\/\/ramina.fr\/#website\",\"url\":\"https:\/\/ramina.fr\/\",\"name\":\"RAMINA\",\"description\":\"R\u00e9seau d\u2019Accueil des Minot.es Non Accompagn\u00e9s\",\"publisher\":{\"@id\":\"https:\/\/ramina.fr\/#organization\"},\"alternateName\":\"R\u00e9seau d'accueil Solidaire des Minots Non Accompagn\u00e9s\",\"potentialAction\":[{\"@type\":\"SearchAction\",\"target\":{\"@type\":\"EntryPoint\",\"urlTemplate\":\"https:\/\/ramina.fr\/?s={search_term_string}\"},\"query-input\":{\"@type\":\"PropertyValueSpecification\",\"valueRequired\":true,\"valueName\":\"search_term_string\"}}],\"inLanguage\":\"fr-FR\"},{\"@type\":\"Organization\",\"@id\":\"https:\/\/ramina.fr\/#organization\",\"name\":\"RAMINA\",\"alternateName\":\"R\u00e9seau d' Accueil des Minots Non Accompagn\u00e9s\",\"url\":\"https:\/\/ramina.fr\/\",\"logo\":{\"@type\":\"ImageObject\",\"inLanguage\":\"fr-FR\",\"@id\":\"https:\/\/ramina.fr\/#\/schema\/logo\/image\/\",\"url\":\"https:\/\/ramina.fr\/wp-content\/uploads\/2025\/02\/LOGO_RAMINA_NOIR_VERTICAL.png\",\"contentUrl\":\"https:\/\/ramina.fr\/wp-content\/uploads\/2025\/02\/LOGO_RAMINA_NOIR_VERTICAL.png\",\"width\":1654,\"height\":1418,\"caption\":\"RAMINA\"},\"image\":{\"@id\":\"https:\/\/ramina.fr\/#\/schema\/logo\/image\/\"},\"sameAs\":[\"https:\/\/www.facebook.com\/contact.ramina\/\",\"https:\/\/www.instagram.com\/ramina_marseille\/\"]},{\"@type\":\"Person\",\"@id\":\"https:\/\/ramina.fr\/#\/schema\/person\/60afb851da2c0c7b9e173324b84144d5\",\"name\":\"Ramina R\u00e9seau\",\"image\":{\"@type\":\"ImageObject\",\"inLanguage\":\"fr-FR\",\"@id\":\"https:\/\/ramina.fr\/#\/schema\/person\/image\/\",\"url\":\"https:\/\/secure.gravatar.com\/avatar\/5985aef3267ffd44adcd4562d2752e99?s=96&d=mm&r=g\",\"contentUrl\":\"https:\/\/secure.gravatar.com\/avatar\/5985aef3267ffd44adcd4562d2752e99?s=96&d=mm&r=g\",\"caption\":\"Ramina R\u00e9seau\"}}]}<\/script>\n<!-- \/ Yoast SEO plugin. -->","yoast_head_json":{"title":"Bonjour, je m\u2019appelle Pierre, j\u2019ai 16 ans et je viens de la C\u00f4te d\u2019Ivoire \ud83d\ude00 | RAMINA","robots":{"index":"noindex","follow":"follow"},"og_locale":"fr_FR","og_type":"article","og_title":"Bonjour, je m\u2019appelle Pierre, j\u2019ai 16 ans et je viens de la C\u00f4te d\u2019Ivoire \ud83d\ude00 | RAMINA","og_description":"Parole 2 Minot . Je suis ivoirien de p\u00e8re et de m\u00e8re et j\u2019ai grandi \u00e0 Abidjan. Je viens d\u2019une famille pauvre o\u00f9 je n\u2019ai pas pu faire une bonne \u00e9cole et j\u2019avais des probl\u00e8mes de sant\u00e9 que je ne pouvais pas soigner car ma famille n\u2019avait pas les moyens pour s\u2019occuper de moi. Dans &hellip; Continuer la lecture de &laquo;&nbsp;Bonjour, je m\u2019appelle Pierre, j\u2019ai 16 ans et je viens de la C\u00f4te d\u2019Ivoire \ud83d\ude00&nbsp;&raquo;","og_url":"https:\/\/ramina.fr\/index.php\/2020\/10\/05\/bonjour-je-mappelle-pierre-jai-16-ans-et-je-viens-de-la-cote-divoire\/","og_site_name":"RAMINA","article_publisher":"https:\/\/www.facebook.com\/contact.ramina\/","article_published_time":"2020-10-05T09:46:36+00:00","article_modified_time":"2020-10-05T09:46:55+00:00","og_image":[{"url":"https:\/\/static.xx.fbcdn.net\/images\/emoji.php\/v9\/t61\/1\/16\/270c.png","type":"","width":"","height":""}],"author":"Ramina R\u00e9seau","twitter_card":"summary_large_image","twitter_misc":{"\u00c9crit par":"Ramina R\u00e9seau","Dur\u00e9e de lecture estim\u00e9e":"2 minutes"},"schema":{"@context":"https:\/\/schema.org","@graph":[{"@type":"Article","@id":"https:\/\/ramina.fr\/index.php\/2020\/10\/05\/bonjour-je-mappelle-pierre-jai-16-ans-et-je-viens-de-la-cote-divoire\/#article","isPartOf":{"@id":"https:\/\/ramina.fr\/index.php\/2020\/10\/05\/bonjour-je-mappelle-pierre-jai-16-ans-et-je-viens-de-la-cote-divoire\/"},"author":{"name":"Ramina R\u00e9seau","@id":"https:\/\/ramina.fr\/#\/schema\/person\/60afb851da2c0c7b9e173324b84144d5"},"headline":"Bonjour, je m\u2019appelle Pierre, j\u2019ai 16 ans et je viens de la C\u00f4te d\u2019Ivoire \ud83d\ude00","datePublished":"2020-10-05T09:46:36+00:00","dateModified":"2020-10-05T09:46:55+00:00","mainEntityOfPage":{"@id":"https:\/\/ramina.fr\/index.php\/2020\/10\/05\/bonjour-je-mappelle-pierre-jai-16-ans-et-je-viens-de-la-cote-divoire\/"},"wordCount":399,"commentCount":0,"publisher":{"@id":"https:\/\/ramina.fr\/#organization"},"image":{"@id":"https:\/\/ramina.fr\/index.php\/2020\/10\/05\/bonjour-je-mappelle-pierre-jai-16-ans-et-je-viens-de-la-cote-divoire\/#primaryimage"},"thumbnailUrl":"https:\/\/static.xx.fbcdn.net\/images\/emoji.php\/v9\/t61\/1\/16\/270c.png","articleSection":["Parole de Minots S2"],"inLanguage":"fr-FR","potentialAction":[{"@type":"CommentAction","name":"Comment","target":["https:\/\/ramina.fr\/index.php\/2020\/10\/05\/bonjour-je-mappelle-pierre-jai-16-ans-et-je-viens-de-la-cote-divoire\/#respond"]}]},{"@type":"WebPage","@id":"https:\/\/ramina.fr\/index.php\/2020\/10\/05\/bonjour-je-mappelle-pierre-jai-16-ans-et-je-viens-de-la-cote-divoire\/","url":"https:\/\/ramina.fr\/index.php\/2020\/10\/05\/bonjour-je-mappelle-pierre-jai-16-ans-et-je-viens-de-la-cote-divoire\/","name":"Bonjour, je m\u2019appelle Pierre, j\u2019ai 16 ans et je viens de la C\u00f4te d\u2019Ivoire \ud83d\ude00 | RAMINA","isPartOf":{"@id":"https:\/\/ramina.fr\/#website"},"primaryImageOfPage":{"@id":"https:\/\/ramina.fr\/index.php\/2020\/10\/05\/bonjour-je-mappelle-pierre-jai-16-ans-et-je-viens-de-la-cote-divoire\/#primaryimage"},"image":{"@id":"https:\/\/ramina.fr\/index.php\/2020\/10\/05\/bonjour-je-mappelle-pierre-jai-16-ans-et-je-viens-de-la-cote-divoire\/#primaryimage"},"thumbnailUrl":"https:\/\/static.xx.fbcdn.net\/images\/emoji.php\/v9\/t61\/1\/16\/270c.png","datePublished":"2020-10-05T09:46:36+00:00","dateModified":"2020-10-05T09:46:55+00:00","breadcrumb":{"@id":"https:\/\/ramina.fr\/index.php\/2020\/10\/05\/bonjour-je-mappelle-pierre-jai-16-ans-et-je-viens-de-la-cote-divoire\/#breadcrumb"},"inLanguage":"fr-FR","potentialAction":[{"@type":"ReadAction","target":["https:\/\/ramina.fr\/index.php\/2020\/10\/05\/bonjour-je-mappelle-pierre-jai-16-ans-et-je-viens-de-la-cote-divoire\/"]}]},{"@type":"ImageObject","inLanguage":"fr-FR","@id":"https:\/\/ramina.fr\/index.php\/2020\/10\/05\/bonjour-je-mappelle-pierre-jai-16-ans-et-je-viens-de-la-cote-divoire\/#primaryimage","url":"https:\/\/static.xx.fbcdn.net\/images\/emoji.php\/v9\/t61\/1\/16\/270c.png","contentUrl":"https:\/\/static.xx.fbcdn.net\/images\/emoji.php\/v9\/t61\/1\/16\/270c.png"},{"@type":"BreadcrumbList","@id":"https:\/\/ramina.fr\/index.php\/2020\/10\/05\/bonjour-je-mappelle-pierre-jai-16-ans-et-je-viens-de-la-cote-divoire\/#breadcrumb","itemListElement":[{"@type":"ListItem","position":1,"name":"Accueil","item":"https:\/\/ramina.fr\/"},{"@type":"ListItem","position":2,"name":"Bonjour, je m\u2019appelle Pierre, j\u2019ai 16 ans et je viens de la C\u00f4te d\u2019Ivoire \ud83d\ude00"}]},{"@type":"WebSite","@id":"https:\/\/ramina.fr\/#website","url":"https:\/\/ramina.fr\/","name":"RAMINA","description":"R\u00e9seau d\u2019Accueil des Minot.es Non Accompagn\u00e9s","publisher":{"@id":"https:\/\/ramina.fr\/#organization"},"alternateName":"R\u00e9seau d'accueil Solidaire des Minots Non Accompagn\u00e9s","potentialAction":[{"@type":"SearchAction","target":{"@type":"EntryPoint","urlTemplate":"https:\/\/ramina.fr\/?s={search_term_string}"},"query-input":{"@type":"PropertyValueSpecification","valueRequired":true,"valueName":"search_term_string"}}],"inLanguage":"fr-FR"},{"@type":"Organization","@id":"https:\/\/ramina.fr\/#organization","name":"RAMINA","alternateName":"R\u00e9seau d' Accueil des Minots Non Accompagn\u00e9s","url":"https:\/\/ramina.fr\/","logo":{"@type":"ImageObject","inLanguage":"fr-FR","@id":"https:\/\/ramina.fr\/#\/schema\/logo\/image\/","url":"https:\/\/ramina.fr\/wp-content\/uploads\/2025\/02\/LOGO_RAMINA_NOIR_VERTICAL.png","contentUrl":"https:\/\/ramina.fr\/wp-content\/uploads\/2025\/02\/LOGO_RAMINA_NOIR_VERTICAL.png","width":1654,"height":1418,"caption":"RAMINA"},"image":{"@id":"https:\/\/ramina.fr\/#\/schema\/logo\/image\/"},"sameAs":["https:\/\/www.facebook.com\/contact.ramina\/","https:\/\/www.instagram.com\/ramina_marseille\/"]},{"@type":"Person","@id":"https:\/\/ramina.fr\/#\/schema\/person\/60afb851da2c0c7b9e173324b84144d5","name":"Ramina R\u00e9seau","image":{"@type":"ImageObject","inLanguage":"fr-FR","@id":"https:\/\/ramina.fr\/#\/schema\/person\/image\/","url":"https:\/\/secure.gravatar.com\/avatar\/5985aef3267ffd44adcd4562d2752e99?s=96&d=mm&r=g","contentUrl":"https:\/\/secure.gravatar.com\/avatar\/5985aef3267ffd44adcd4562d2752e99?s=96&d=mm&r=g","caption":"Ramina R\u00e9seau"}}]}},"jetpack_featured_media_url":"","jetpack_sharing_enabled":true,"_links":{"self":[{"href":"https:\/\/ramina.fr\/index.php\/wp-json\/wp\/v2\/posts\/1186","targetHints":{"allow":["GET"]}}],"collection":[{"href":"https:\/\/ramina.fr\/index.php\/wp-json\/wp\/v2\/posts"}],"about":[{"href":"https:\/\/ramina.fr\/index.php\/wp-json\/wp\/v2\/types\/post"}],"author":[{"embeddable":true,"href":"https:\/\/ramina.fr\/index.php\/wp-json\/wp\/v2\/users\/3"}],"replies":[{"embeddable":true,"href":"https:\/\/ramina.fr\/index.php\/wp-json\/wp\/v2\/comments?post=1186"}],"version-history":[{"count":2,"href":"https:\/\/ramina.fr\/index.php\/wp-json\/wp\/v2\/posts\/1186\/revisions"}],"predecessor-version":[{"id":1188,"href":"https:\/\/ramina.fr\/index.php\/wp-json\/wp\/v2\/posts\/1186\/revisions\/1188"}],"wp:attachment":[{"href":"https:\/\/ramina.fr\/index.php\/wp-json\/wp\/v2\/media?parent=1186"}],"wp:term":[{"taxonomy":"category","embeddable":true,"href":"https:\/\/ramina.fr\/index.php\/wp-json\/wp\/v2\/categories?post=1186"},{"taxonomy":"post_tag","embeddable":true,"href":"https:\/\/ramina.fr\/index.php\/wp-json\/wp\/v2\/tags?post=1186"}],"curies":[{"name":"wp","href":"https:\/\/api.w.org\/{rel}","templated":true}]}}