{"id":1183,"date":"2020-10-02T11:07:44","date_gmt":"2020-10-02T09:07:44","guid":{"rendered":"http:\/\/ramina.fr\/?p=1183"},"modified":"2020-10-02T11:08:48","modified_gmt":"2020-10-02T09:08:48","slug":"bonjour-je-mappelle-moctar-je-viens-de-la-guinee-conakry-jai-15-ans-et-je-suis-venu-a-marseille-ca-fait-deux-mois-comme-ca","status":"publish","type":"post","link":"https:\/\/ramina.fr\/index.php\/2020\/10\/02\/bonjour-je-mappelle-moctar-je-viens-de-la-guinee-conakry-jai-15-ans-et-je-suis-venu-a-marseille-ca-fait-deux-mois-comme-ca\/","title":{"rendered":"Bonjour, je m\u2019appelle Moctar, je viens de la Guin\u00e9e Conakry, j\u2019ai 15 ans et je suis venu \u00e0 Marseille, \u00e7a fait deux mois comme \u00e7a \ud83d\ude00"},"content":{"rendered":"\n<p>Parole 2 Minot : J\u2019ai quitt\u00e9 mon pays \u00e0 cause des gr\u00e8ves et des manifestations qui chez nous sont tr\u00e8s violentes. Pendant les manifestations, les policiers rentrent dans les quartiers. Ils attrapent les gens, ils violent nos mamans, nos s\u0153urs, ils embarquent les gens en prison. Je suis pass\u00e9 par Bamako, Niger, Libye. En Libye, j\u2019ai \u00e9t\u00e9 enferm\u00e9 pendant plusieurs mois, apr\u00e8s je suis en rentr\u00e9 en Italie. Apr\u00e8s de l\u2019Italie, je suis venu en France car je ne parle pas la langue italienne. Maintenant je suis ici, je n\u2019ai pas de famille. Moi, j\u2019aime la musique et je veux jouer au foot. Ma musique pr\u00e9f\u00e9r\u00e9e c\u2019est l\u2019afro trap et le rap. Mon m\u00e9tier ici que je pr\u00e9f\u00e9rerai faire est la menuiserie aluminium, quand j\u2019\u00e9tais dans mon quartier en Guin\u00e9e, je voyais quelqu\u2019un qui faisait \u00e7a et je trouve que c\u2019est un beau m\u00e9tier. Pour finir, je voudrais vous faire d\u00e9couvrir cette chanson de Black M, c\u2019est mon chanteur pr\u00e9f\u00e9r\u00e9, je l\u2019\u00e9coute depuis que je suis petit et lorsque j\u2019ai perdu mon papa, j\u2019ai beaucoup \u00e9cout\u00e9 cette chanson et aujourd\u2019hui encore \u00e7a m\u2019a fait penser. &nbsp;<\/p>\n\n\n\n<p><img decoding=\"async\" alt=\"\u270c\ufe0f\" src=\"https:\/\/lh5.googleusercontent.com\/KcQrDkGV7dmGUCLnp5x8F57s_VyTmGuQhVLrtHbQce1i8CP1Z9cKdBfxNtK3Pxx2-PjV8UY7Rwu6CdC38blMbBIQ0y7cjyA82iqv95wdCIcLlEuGr2wfAt2PMBMCmdZvVqyjfcIG\" width=\"20\" height=\"20\">Rdv lundi pour une nouvelle parole de minot. Partagez, likez, boul\u00e9guez. <img decoding=\"async\" alt=\"\u270c\ufe0f\" src=\"https:\/\/lh5.googleusercontent.com\/KcQrDkGV7dmGUCLnp5x8F57s_VyTmGuQhVLrtHbQce1i8CP1Z9cKdBfxNtK3Pxx2-PjV8UY7Rwu6CdC38blMbBIQ0y7cjyA82iqv95wdCIcLlEuGr2wfAt2PMBMCmdZvVqyjfcIG\" width=\"20\" height=\"20\"><\/p>\n\n\n\n<figure class=\"wp-block-embed-youtube wp-block-embed is-type-video is-provider-youtube wp-embed-aspect-16-9 wp-has-aspect-ratio\"><div class=\"wp-block-embed__wrapper\">\n<iframe title=\"Black M - Cheveux blancs (Clip officiel)\" width=\"525\" height=\"295\" src=\"https:\/\/www.youtube.com\/embed\/oGOlv-aBTdM?feature=oembed\" frameborder=\"0\" allow=\"accelerometer; autoplay; clipboard-write; encrypted-media; gyroscope; picture-in-picture; web-share\" referrerpolicy=\"strict-origin-when-cross-origin\" allowfullscreen><\/iframe>\n<\/div><\/figure>\n","protected":false},"excerpt":{"rendered":"<p>Parole 2 Minot : J\u2019ai quitt\u00e9 mon pays \u00e0 cause des gr\u00e8ves et des manifestations qui chez nous sont tr\u00e8s violentes. Pendant les manifestations, les policiers rentrent dans les quartiers. Ils attrapent les gens, ils violent nos mamans, nos s\u0153urs, ils embarquent les gens en prison. Je suis pass\u00e9 par Bamako, Niger, Libye. En Libye, &hellip; <\/p>\n<p class=\"link-more\"><a href=\"https:\/\/ramina.fr\/index.php\/2020\/10\/02\/bonjour-je-mappelle-moctar-je-viens-de-la-guinee-conakry-jai-15-ans-et-je-suis-venu-a-marseille-ca-fait-deux-mois-comme-ca\/\" class=\"more-link\">Continuer la lecture<span class=\"screen-reader-text\"> de &laquo;&nbsp;Bonjour, je m\u2019appelle Moctar, je viens de la Guin\u00e9e Conakry, j\u2019ai 15 ans et je suis venu \u00e0 Marseille, \u00e7a fait deux mois comme \u00e7a \ud83d\ude00&nbsp;&raquo;<\/span><\/a><\/p>\n","protected":false},"author":3,"featured_media":0,"comment_status":"open","ping_status":"open","sticky":false,"template":"","format":"standard","meta":{"_jetpack_memberships_contains_paid_content":false,"footnotes":""},"categories":[6],"tags":[],"class_list":["post-1183","post","type-post","status-publish","format-standard","hentry","category-paroledeminotsaison2"],"yoast_head":"<!-- This site is optimized with the Yoast SEO plugin v25.1 - https:\/\/yoast.com\/wordpress\/plugins\/seo\/ -->\n<title>Bonjour, je m\u2019appelle Moctar, je viens de la Guin\u00e9e Conakry, j\u2019ai 15 ans et je suis venu \u00e0 Marseille, \u00e7a fait deux mois comme \u00e7a \ud83d\ude00 | RAMINA<\/title>\n<meta name=\"robots\" content=\"noindex, follow\" \/>\n<meta property=\"og:locale\" content=\"fr_FR\" \/>\n<meta property=\"og:type\" content=\"article\" \/>\n<meta property=\"og:title\" content=\"Bonjour, je m\u2019appelle Moctar, je viens de la Guin\u00e9e Conakry, j\u2019ai 15 ans et je suis venu \u00e0 Marseille, \u00e7a fait deux mois comme \u00e7a \ud83d\ude00 | RAMINA\" \/>\n<meta property=\"og:description\" content=\"Parole 2 Minot : J\u2019ai quitt\u00e9 mon pays \u00e0 cause des gr\u00e8ves et des manifestations qui chez nous sont tr\u00e8s violentes. Pendant les manifestations, les policiers rentrent dans les quartiers. Ils attrapent les gens, ils violent nos mamans, nos s\u0153urs, ils embarquent les gens en prison. Je suis pass\u00e9 par Bamako, Niger, Libye. En Libye, &hellip; Continuer la lecture de &laquo;&nbsp;Bonjour, je m\u2019appelle Moctar, je viens de la Guin\u00e9e Conakry, j\u2019ai 15 ans et je suis venu \u00e0 Marseille, \u00e7a fait deux mois comme \u00e7a \ud83d\ude00&nbsp;&raquo;\" \/>\n<meta property=\"og:url\" content=\"https:\/\/ramina.fr\/index.php\/2020\/10\/02\/bonjour-je-mappelle-moctar-je-viens-de-la-guinee-conakry-jai-15-ans-et-je-suis-venu-a-marseille-ca-fait-deux-mois-comme-ca\/\" \/>\n<meta property=\"og:site_name\" content=\"RAMINA\" \/>\n<meta property=\"article:publisher\" content=\"https:\/\/www.facebook.com\/contact.ramina\/\" \/>\n<meta property=\"article:published_time\" content=\"2020-10-02T09:07:44+00:00\" \/>\n<meta property=\"article:modified_time\" content=\"2020-10-02T09:08:48+00:00\" \/>\n<meta property=\"og:image\" content=\"https:\/\/lh5.googleusercontent.com\/KcQrDkGV7dmGUCLnp5x8F57s_VyTmGuQhVLrtHbQce1i8CP1Z9cKdBfxNtK3Pxx2-PjV8UY7Rwu6CdC38blMbBIQ0y7cjyA82iqv95wdCIcLlEuGr2wfAt2PMBMCmdZvVqyjfcIG\" \/>\n<meta name=\"author\" content=\"Ramina R\u00e9seau\" \/>\n<meta name=\"twitter:card\" content=\"summary_large_image\" \/>\n<meta name=\"twitter:label1\" content=\"\u00c9crit par\" \/>\n\t<meta name=\"twitter:data1\" content=\"Ramina R\u00e9seau\" \/>\n\t<meta name=\"twitter:label2\" content=\"Dur\u00e9e de lecture estim\u00e9e\" \/>\n\t<meta name=\"twitter:data2\" content=\"1 minute\" \/>\n<script type=\"application\/ld+json\" class=\"yoast-schema-graph\">{\"@context\":\"https:\/\/schema.org\",\"@graph\":[{\"@type\":\"Article\",\"@id\":\"https:\/\/ramina.fr\/index.php\/2020\/10\/02\/bonjour-je-mappelle-moctar-je-viens-de-la-guinee-conakry-jai-15-ans-et-je-suis-venu-a-marseille-ca-fait-deux-mois-comme-ca\/#article\",\"isPartOf\":{\"@id\":\"https:\/\/ramina.fr\/index.php\/2020\/10\/02\/bonjour-je-mappelle-moctar-je-viens-de-la-guinee-conakry-jai-15-ans-et-je-suis-venu-a-marseille-ca-fait-deux-mois-comme-ca\/\"},\"author\":{\"name\":\"Ramina R\u00e9seau\",\"@id\":\"https:\/\/ramina.fr\/#\/schema\/person\/60afb851da2c0c7b9e173324b84144d5\"},\"headline\":\"Bonjour, je m\u2019appelle Moctar, je viens de la Guin\u00e9e Conakry, j\u2019ai 15 ans et je suis venu \u00e0 Marseille, \u00e7a fait deux mois comme \u00e7a \ud83d\ude00\",\"datePublished\":\"2020-10-02T09:07:44+00:00\",\"dateModified\":\"2020-10-02T09:08:48+00:00\",\"mainEntityOfPage\":{\"@id\":\"https:\/\/ramina.fr\/index.php\/2020\/10\/02\/bonjour-je-mappelle-moctar-je-viens-de-la-guinee-conakry-jai-15-ans-et-je-suis-venu-a-marseille-ca-fait-deux-mois-comme-ca\/\"},\"wordCount\":260,\"commentCount\":0,\"publisher\":{\"@id\":\"https:\/\/ramina.fr\/#organization\"},\"image\":{\"@id\":\"https:\/\/ramina.fr\/index.php\/2020\/10\/02\/bonjour-je-mappelle-moctar-je-viens-de-la-guinee-conakry-jai-15-ans-et-je-suis-venu-a-marseille-ca-fait-deux-mois-comme-ca\/#primaryimage\"},\"thumbnailUrl\":\"https:\/\/lh5.googleusercontent.com\/KcQrDkGV7dmGUCLnp5x8F57s_VyTmGuQhVLrtHbQce1i8CP1Z9cKdBfxNtK3Pxx2-PjV8UY7Rwu6CdC38blMbBIQ0y7cjyA82iqv95wdCIcLlEuGr2wfAt2PMBMCmdZvVqyjfcIG\",\"articleSection\":[\"Parole de Minots S2\"],\"inLanguage\":\"fr-FR\",\"potentialAction\":[{\"@type\":\"CommentAction\",\"name\":\"Comment\",\"target\":[\"https:\/\/ramina.fr\/index.php\/2020\/10\/02\/bonjour-je-mappelle-moctar-je-viens-de-la-guinee-conakry-jai-15-ans-et-je-suis-venu-a-marseille-ca-fait-deux-mois-comme-ca\/#respond\"]}]},{\"@type\":\"WebPage\",\"@id\":\"https:\/\/ramina.fr\/index.php\/2020\/10\/02\/bonjour-je-mappelle-moctar-je-viens-de-la-guinee-conakry-jai-15-ans-et-je-suis-venu-a-marseille-ca-fait-deux-mois-comme-ca\/\",\"url\":\"https:\/\/ramina.fr\/index.php\/2020\/10\/02\/bonjour-je-mappelle-moctar-je-viens-de-la-guinee-conakry-jai-15-ans-et-je-suis-venu-a-marseille-ca-fait-deux-mois-comme-ca\/\",\"name\":\"Bonjour, je m\u2019appelle Moctar, je viens de la Guin\u00e9e Conakry, j\u2019ai 15 ans et je suis venu \u00e0 Marseille, \u00e7a fait deux mois comme \u00e7a \ud83d\ude00 | RAMINA\",\"isPartOf\":{\"@id\":\"https:\/\/ramina.fr\/#website\"},\"primaryImageOfPage\":{\"@id\":\"https:\/\/ramina.fr\/index.php\/2020\/10\/02\/bonjour-je-mappelle-moctar-je-viens-de-la-guinee-conakry-jai-15-ans-et-je-suis-venu-a-marseille-ca-fait-deux-mois-comme-ca\/#primaryimage\"},\"image\":{\"@id\":\"https:\/\/ramina.fr\/index.php\/2020\/10\/02\/bonjour-je-mappelle-moctar-je-viens-de-la-guinee-conakry-jai-15-ans-et-je-suis-venu-a-marseille-ca-fait-deux-mois-comme-ca\/#primaryimage\"},\"thumbnailUrl\":\"https:\/\/lh5.googleusercontent.com\/KcQrDkGV7dmGUCLnp5x8F57s_VyTmGuQhVLrtHbQce1i8CP1Z9cKdBfxNtK3Pxx2-PjV8UY7Rwu6CdC38blMbBIQ0y7cjyA82iqv95wdCIcLlEuGr2wfAt2PMBMCmdZvVqyjfcIG\",\"datePublished\":\"2020-10-02T09:07:44+00:00\",\"dateModified\":\"2020-10-02T09:08:48+00:00\",\"breadcrumb\":{\"@id\":\"https:\/\/ramina.fr\/index.php\/2020\/10\/02\/bonjour-je-mappelle-moctar-je-viens-de-la-guinee-conakry-jai-15-ans-et-je-suis-venu-a-marseille-ca-fait-deux-mois-comme-ca\/#breadcrumb\"},\"inLanguage\":\"fr-FR\",\"potentialAction\":[{\"@type\":\"ReadAction\",\"target\":[\"https:\/\/ramina.fr\/index.php\/2020\/10\/02\/bonjour-je-mappelle-moctar-je-viens-de-la-guinee-conakry-jai-15-ans-et-je-suis-venu-a-marseille-ca-fait-deux-mois-comme-ca\/\"]}]},{\"@type\":\"ImageObject\",\"inLanguage\":\"fr-FR\",\"@id\":\"https:\/\/ramina.fr\/index.php\/2020\/10\/02\/bonjour-je-mappelle-moctar-je-viens-de-la-guinee-conakry-jai-15-ans-et-je-suis-venu-a-marseille-ca-fait-deux-mois-comme-ca\/#primaryimage\",\"url\":\"https:\/\/lh5.googleusercontent.com\/KcQrDkGV7dmGUCLnp5x8F57s_VyTmGuQhVLrtHbQce1i8CP1Z9cKdBfxNtK3Pxx2-PjV8UY7Rwu6CdC38blMbBIQ0y7cjyA82iqv95wdCIcLlEuGr2wfAt2PMBMCmdZvVqyjfcIG\",\"contentUrl\":\"https:\/\/lh5.googleusercontent.com\/KcQrDkGV7dmGUCLnp5x8F57s_VyTmGuQhVLrtHbQce1i8CP1Z9cKdBfxNtK3Pxx2-PjV8UY7Rwu6CdC38blMbBIQ0y7cjyA82iqv95wdCIcLlEuGr2wfAt2PMBMCmdZvVqyjfcIG\"},{\"@type\":\"BreadcrumbList\",\"@id\":\"https:\/\/ramina.fr\/index.php\/2020\/10\/02\/bonjour-je-mappelle-moctar-je-viens-de-la-guinee-conakry-jai-15-ans-et-je-suis-venu-a-marseille-ca-fait-deux-mois-comme-ca\/#breadcrumb\",\"itemListElement\":[{\"@type\":\"ListItem\",\"position\":1,\"name\":\"Accueil\",\"item\":\"https:\/\/ramina.fr\/\"},{\"@type\":\"ListItem\",\"position\":2,\"name\":\"Bonjour, je m\u2019appelle Moctar, je viens de la Guin\u00e9e Conakry, j\u2019ai 15 ans et je suis venu \u00e0 Marseille, \u00e7a fait deux mois comme \u00e7a \ud83d\ude00\"}]},{\"@type\":\"WebSite\",\"@id\":\"https:\/\/ramina.fr\/#website\",\"url\":\"https:\/\/ramina.fr\/\",\"name\":\"RAMINA\",\"description\":\"R\u00e9seau d\u2019Accueil des Minot.es Non Accompagn\u00e9s\",\"publisher\":{\"@id\":\"https:\/\/ramina.fr\/#organization\"},\"alternateName\":\"R\u00e9seau d'accueil Solidaire des Minots Non Accompagn\u00e9s\",\"potentialAction\":[{\"@type\":\"SearchAction\",\"target\":{\"@type\":\"EntryPoint\",\"urlTemplate\":\"https:\/\/ramina.fr\/?s={search_term_string}\"},\"query-input\":{\"@type\":\"PropertyValueSpecification\",\"valueRequired\":true,\"valueName\":\"search_term_string\"}}],\"inLanguage\":\"fr-FR\"},{\"@type\":\"Organization\",\"@id\":\"https:\/\/ramina.fr\/#organization\",\"name\":\"RAMINA\",\"alternateName\":\"R\u00e9seau d' Accueil des Minots Non Accompagn\u00e9s\",\"url\":\"https:\/\/ramina.fr\/\",\"logo\":{\"@type\":\"ImageObject\",\"inLanguage\":\"fr-FR\",\"@id\":\"https:\/\/ramina.fr\/#\/schema\/logo\/image\/\",\"url\":\"https:\/\/ramina.fr\/wp-content\/uploads\/2025\/02\/LOGO_RAMINA_NOIR_VERTICAL.png\",\"contentUrl\":\"https:\/\/ramina.fr\/wp-content\/uploads\/2025\/02\/LOGO_RAMINA_NOIR_VERTICAL.png\",\"width\":1654,\"height\":1418,\"caption\":\"RAMINA\"},\"image\":{\"@id\":\"https:\/\/ramina.fr\/#\/schema\/logo\/image\/\"},\"sameAs\":[\"https:\/\/www.facebook.com\/contact.ramina\/\",\"https:\/\/www.instagram.com\/ramina_marseille\/\"]},{\"@type\":\"Person\",\"@id\":\"https:\/\/ramina.fr\/#\/schema\/person\/60afb851da2c0c7b9e173324b84144d5\",\"name\":\"Ramina R\u00e9seau\",\"image\":{\"@type\":\"ImageObject\",\"inLanguage\":\"fr-FR\",\"@id\":\"https:\/\/ramina.fr\/#\/schema\/person\/image\/\",\"url\":\"https:\/\/secure.gravatar.com\/avatar\/5985aef3267ffd44adcd4562d2752e99?s=96&d=mm&r=g\",\"contentUrl\":\"https:\/\/secure.gravatar.com\/avatar\/5985aef3267ffd44adcd4562d2752e99?s=96&d=mm&r=g\",\"caption\":\"Ramina R\u00e9seau\"}}]}<\/script>\n<!-- \/ Yoast SEO plugin. -->","yoast_head_json":{"title":"Bonjour, je m\u2019appelle Moctar, je viens de la Guin\u00e9e Conakry, j\u2019ai 15 ans et je suis venu \u00e0 Marseille, \u00e7a fait deux mois comme \u00e7a \ud83d\ude00 | RAMINA","robots":{"index":"noindex","follow":"follow"},"og_locale":"fr_FR","og_type":"article","og_title":"Bonjour, je m\u2019appelle Moctar, je viens de la Guin\u00e9e Conakry, j\u2019ai 15 ans et je suis venu \u00e0 Marseille, \u00e7a fait deux mois comme \u00e7a \ud83d\ude00 | RAMINA","og_description":"Parole 2 Minot : J\u2019ai quitt\u00e9 mon pays \u00e0 cause des gr\u00e8ves et des manifestations qui chez nous sont tr\u00e8s violentes. Pendant les manifestations, les policiers rentrent dans les quartiers. Ils attrapent les gens, ils violent nos mamans, nos s\u0153urs, ils embarquent les gens en prison. Je suis pass\u00e9 par Bamako, Niger, Libye. En Libye, &hellip; Continuer la lecture de &laquo;&nbsp;Bonjour, je m\u2019appelle Moctar, je viens de la Guin\u00e9e Conakry, j\u2019ai 15 ans et je suis venu \u00e0 Marseille, \u00e7a fait deux mois comme \u00e7a \ud83d\ude00&nbsp;&raquo;","og_url":"https:\/\/ramina.fr\/index.php\/2020\/10\/02\/bonjour-je-mappelle-moctar-je-viens-de-la-guinee-conakry-jai-15-ans-et-je-suis-venu-a-marseille-ca-fait-deux-mois-comme-ca\/","og_site_name":"RAMINA","article_publisher":"https:\/\/www.facebook.com\/contact.ramina\/","article_published_time":"2020-10-02T09:07:44+00:00","article_modified_time":"2020-10-02T09:08:48+00:00","og_image":[{"url":"https:\/\/lh5.googleusercontent.com\/KcQrDkGV7dmGUCLnp5x8F57s_VyTmGuQhVLrtHbQce1i8CP1Z9cKdBfxNtK3Pxx2-PjV8UY7Rwu6CdC38blMbBIQ0y7cjyA82iqv95wdCIcLlEuGr2wfAt2PMBMCmdZvVqyjfcIG","type":"","width":"","height":""}],"author":"Ramina R\u00e9seau","twitter_card":"summary_large_image","twitter_misc":{"\u00c9crit par":"Ramina R\u00e9seau","Dur\u00e9e de lecture estim\u00e9e":"1 minute"},"schema":{"@context":"https:\/\/schema.org","@graph":[{"@type":"Article","@id":"https:\/\/ramina.fr\/index.php\/2020\/10\/02\/bonjour-je-mappelle-moctar-je-viens-de-la-guinee-conakry-jai-15-ans-et-je-suis-venu-a-marseille-ca-fait-deux-mois-comme-ca\/#article","isPartOf":{"@id":"https:\/\/ramina.fr\/index.php\/2020\/10\/02\/bonjour-je-mappelle-moctar-je-viens-de-la-guinee-conakry-jai-15-ans-et-je-suis-venu-a-marseille-ca-fait-deux-mois-comme-ca\/"},"author":{"name":"Ramina R\u00e9seau","@id":"https:\/\/ramina.fr\/#\/schema\/person\/60afb851da2c0c7b9e173324b84144d5"},"headline":"Bonjour, je m\u2019appelle Moctar, je viens de la Guin\u00e9e Conakry, j\u2019ai 15 ans et je suis venu \u00e0 Marseille, \u00e7a fait deux mois comme \u00e7a \ud83d\ude00","datePublished":"2020-10-02T09:07:44+00:00","dateModified":"2020-10-02T09:08:48+00:00","mainEntityOfPage":{"@id":"https:\/\/ramina.fr\/index.php\/2020\/10\/02\/bonjour-je-mappelle-moctar-je-viens-de-la-guinee-conakry-jai-15-ans-et-je-suis-venu-a-marseille-ca-fait-deux-mois-comme-ca\/"},"wordCount":260,"commentCount":0,"publisher":{"@id":"https:\/\/ramina.fr\/#organization"},"image":{"@id":"https:\/\/ramina.fr\/index.php\/2020\/10\/02\/bonjour-je-mappelle-moctar-je-viens-de-la-guinee-conakry-jai-15-ans-et-je-suis-venu-a-marseille-ca-fait-deux-mois-comme-ca\/#primaryimage"},"thumbnailUrl":"https:\/\/lh5.googleusercontent.com\/KcQrDkGV7dmGUCLnp5x8F57s_VyTmGuQhVLrtHbQce1i8CP1Z9cKdBfxNtK3Pxx2-PjV8UY7Rwu6CdC38blMbBIQ0y7cjyA82iqv95wdCIcLlEuGr2wfAt2PMBMCmdZvVqyjfcIG","articleSection":["Parole de Minots S2"],"inLanguage":"fr-FR","potentialAction":[{"@type":"CommentAction","name":"Comment","target":["https:\/\/ramina.fr\/index.php\/2020\/10\/02\/bonjour-je-mappelle-moctar-je-viens-de-la-guinee-conakry-jai-15-ans-et-je-suis-venu-a-marseille-ca-fait-deux-mois-comme-ca\/#respond"]}]},{"@type":"WebPage","@id":"https:\/\/ramina.fr\/index.php\/2020\/10\/02\/bonjour-je-mappelle-moctar-je-viens-de-la-guinee-conakry-jai-15-ans-et-je-suis-venu-a-marseille-ca-fait-deux-mois-comme-ca\/","url":"https:\/\/ramina.fr\/index.php\/2020\/10\/02\/bonjour-je-mappelle-moctar-je-viens-de-la-guinee-conakry-jai-15-ans-et-je-suis-venu-a-marseille-ca-fait-deux-mois-comme-ca\/","name":"Bonjour, je m\u2019appelle Moctar, je viens de la Guin\u00e9e Conakry, j\u2019ai 15 ans et je suis venu \u00e0 Marseille, \u00e7a fait deux mois comme \u00e7a \ud83d\ude00 | RAMINA","isPartOf":{"@id":"https:\/\/ramina.fr\/#website"},"primaryImageOfPage":{"@id":"https:\/\/ramina.fr\/index.php\/2020\/10\/02\/bonjour-je-mappelle-moctar-je-viens-de-la-guinee-conakry-jai-15-ans-et-je-suis-venu-a-marseille-ca-fait-deux-mois-comme-ca\/#primaryimage"},"image":{"@id":"https:\/\/ramina.fr\/index.php\/2020\/10\/02\/bonjour-je-mappelle-moctar-je-viens-de-la-guinee-conakry-jai-15-ans-et-je-suis-venu-a-marseille-ca-fait-deux-mois-comme-ca\/#primaryimage"},"thumbnailUrl":"https:\/\/lh5.googleusercontent.com\/KcQrDkGV7dmGUCLnp5x8F57s_VyTmGuQhVLrtHbQce1i8CP1Z9cKdBfxNtK3Pxx2-PjV8UY7Rwu6CdC38blMbBIQ0y7cjyA82iqv95wdCIcLlEuGr2wfAt2PMBMCmdZvVqyjfcIG","datePublished":"2020-10-02T09:07:44+00:00","dateModified":"2020-10-02T09:08:48+00:00","breadcrumb":{"@id":"https:\/\/ramina.fr\/index.php\/2020\/10\/02\/bonjour-je-mappelle-moctar-je-viens-de-la-guinee-conakry-jai-15-ans-et-je-suis-venu-a-marseille-ca-fait-deux-mois-comme-ca\/#breadcrumb"},"inLanguage":"fr-FR","potentialAction":[{"@type":"ReadAction","target":["https:\/\/ramina.fr\/index.php\/2020\/10\/02\/bonjour-je-mappelle-moctar-je-viens-de-la-guinee-conakry-jai-15-ans-et-je-suis-venu-a-marseille-ca-fait-deux-mois-comme-ca\/"]}]},{"@type":"ImageObject","inLanguage":"fr-FR","@id":"https:\/\/ramina.fr\/index.php\/2020\/10\/02\/bonjour-je-mappelle-moctar-je-viens-de-la-guinee-conakry-jai-15-ans-et-je-suis-venu-a-marseille-ca-fait-deux-mois-comme-ca\/#primaryimage","url":"https:\/\/lh5.googleusercontent.com\/KcQrDkGV7dmGUCLnp5x8F57s_VyTmGuQhVLrtHbQce1i8CP1Z9cKdBfxNtK3Pxx2-PjV8UY7Rwu6CdC38blMbBIQ0y7cjyA82iqv95wdCIcLlEuGr2wfAt2PMBMCmdZvVqyjfcIG","contentUrl":"https:\/\/lh5.googleusercontent.com\/KcQrDkGV7dmGUCLnp5x8F57s_VyTmGuQhVLrtHbQce1i8CP1Z9cKdBfxNtK3Pxx2-PjV8UY7Rwu6CdC38blMbBIQ0y7cjyA82iqv95wdCIcLlEuGr2wfAt2PMBMCmdZvVqyjfcIG"},{"@type":"BreadcrumbList","@id":"https:\/\/ramina.fr\/index.php\/2020\/10\/02\/bonjour-je-mappelle-moctar-je-viens-de-la-guinee-conakry-jai-15-ans-et-je-suis-venu-a-marseille-ca-fait-deux-mois-comme-ca\/#breadcrumb","itemListElement":[{"@type":"ListItem","position":1,"name":"Accueil","item":"https:\/\/ramina.fr\/"},{"@type":"ListItem","position":2,"name":"Bonjour, je m\u2019appelle Moctar, je viens de la Guin\u00e9e Conakry, j\u2019ai 15 ans et je suis venu \u00e0 Marseille, \u00e7a fait deux mois comme \u00e7a \ud83d\ude00"}]},{"@type":"WebSite","@id":"https:\/\/ramina.fr\/#website","url":"https:\/\/ramina.fr\/","name":"RAMINA","description":"R\u00e9seau d\u2019Accueil des Minot.es Non Accompagn\u00e9s","publisher":{"@id":"https:\/\/ramina.fr\/#organization"},"alternateName":"R\u00e9seau d'accueil Solidaire des Minots Non Accompagn\u00e9s","potentialAction":[{"@type":"SearchAction","target":{"@type":"EntryPoint","urlTemplate":"https:\/\/ramina.fr\/?s={search_term_string}"},"query-input":{"@type":"PropertyValueSpecification","valueRequired":true,"valueName":"search_term_string"}}],"inLanguage":"fr-FR"},{"@type":"Organization","@id":"https:\/\/ramina.fr\/#organization","name":"RAMINA","alternateName":"R\u00e9seau d' Accueil des Minots Non Accompagn\u00e9s","url":"https:\/\/ramina.fr\/","logo":{"@type":"ImageObject","inLanguage":"fr-FR","@id":"https:\/\/ramina.fr\/#\/schema\/logo\/image\/","url":"https:\/\/ramina.fr\/wp-content\/uploads\/2025\/02\/LOGO_RAMINA_NOIR_VERTICAL.png","contentUrl":"https:\/\/ramina.fr\/wp-content\/uploads\/2025\/02\/LOGO_RAMINA_NOIR_VERTICAL.png","width":1654,"height":1418,"caption":"RAMINA"},"image":{"@id":"https:\/\/ramina.fr\/#\/schema\/logo\/image\/"},"sameAs":["https:\/\/www.facebook.com\/contact.ramina\/","https:\/\/www.instagram.com\/ramina_marseille\/"]},{"@type":"Person","@id":"https:\/\/ramina.fr\/#\/schema\/person\/60afb851da2c0c7b9e173324b84144d5","name":"Ramina R\u00e9seau","image":{"@type":"ImageObject","inLanguage":"fr-FR","@id":"https:\/\/ramina.fr\/#\/schema\/person\/image\/","url":"https:\/\/secure.gravatar.com\/avatar\/5985aef3267ffd44adcd4562d2752e99?s=96&d=mm&r=g","contentUrl":"https:\/\/secure.gravatar.com\/avatar\/5985aef3267ffd44adcd4562d2752e99?s=96&d=mm&r=g","caption":"Ramina R\u00e9seau"}}]}},"jetpack_featured_media_url":"","jetpack_sharing_enabled":true,"_links":{"self":[{"href":"https:\/\/ramina.fr\/index.php\/wp-json\/wp\/v2\/posts\/1183","targetHints":{"allow":["GET"]}}],"collection":[{"href":"https:\/\/ramina.fr\/index.php\/wp-json\/wp\/v2\/posts"}],"about":[{"href":"https:\/\/ramina.fr\/index.php\/wp-json\/wp\/v2\/types\/post"}],"author":[{"embeddable":true,"href":"https:\/\/ramina.fr\/index.php\/wp-json\/wp\/v2\/users\/3"}],"replies":[{"embeddable":true,"href":"https:\/\/ramina.fr\/index.php\/wp-json\/wp\/v2\/comments?post=1183"}],"version-history":[{"count":2,"href":"https:\/\/ramina.fr\/index.php\/wp-json\/wp\/v2\/posts\/1183\/revisions"}],"predecessor-version":[{"id":1185,"href":"https:\/\/ramina.fr\/index.php\/wp-json\/wp\/v2\/posts\/1183\/revisions\/1185"}],"wp:attachment":[{"href":"https:\/\/ramina.fr\/index.php\/wp-json\/wp\/v2\/media?parent=1183"}],"wp:term":[{"taxonomy":"category","embeddable":true,"href":"https:\/\/ramina.fr\/index.php\/wp-json\/wp\/v2\/categories?post=1183"},{"taxonomy":"post_tag","embeddable":true,"href":"https:\/\/ramina.fr\/index.php\/wp-json\/wp\/v2\/tags?post=1183"}],"curies":[{"name":"wp","href":"https:\/\/api.w.org\/{rel}","templated":true}]}}