{"id":1177,"date":"2020-09-28T14:13:14","date_gmt":"2020-09-28T12:13:14","guid":{"rendered":"http:\/\/ramina.fr\/?p=1177"},"modified":"2020-09-28T14:15:37","modified_gmt":"2020-09-28T12:15:37","slug":"bonjour-je-mappelle-lasco-je-suis-originaire-du-burkina-et-jai-16-ans","status":"publish","type":"post","link":"https:\/\/ramina.fr\/index.php\/2020\/09\/28\/bonjour-je-mappelle-lasco-je-suis-originaire-du-burkina-et-jai-16-ans\/","title":{"rendered":"Bonjour, je m\u2019appelle Lasco, je suis originaire du Burkina et j\u2019ai 16 ans \ud83d\ude00"},"content":{"rendered":"\n<p>Mon p\u00e8re est d\u00e9c\u00e9d\u00e9 quand j\u2019\u00e9tais tout petit et ma m\u00e8re apr\u00e8s elle s\u2019est mari\u00e9e avec un autre gars. Apr\u00e8s ils ont divorc\u00e9, ma maman elle est parti pour me laisser dans la cours avec mon beau-p\u00e8re. Apr\u00e8s le d\u00e9part, mon beau-p\u00e8re m\u2019a demand\u00e9 de partir, que je n\u2019\u00e9tais pas son enfant. Je suis parti \u00e0 la gare routi\u00e8re de ma ville, j\u2019ai beaucoup souffert l\u00e0 bas car je ne mangeais pas. J\u2019allais demander de la nourriture aux gens. L\u00e0 bas, j\u2019ai rencontr\u00e9 une dame qui a vu que j\u2019avais des habits d\u00e9chir\u00e9s. Elle m\u2019a ramen\u00e9 chez mon beau-p\u00e8re, mais lui a dit que je n\u2019\u00e9tais pas son enfant, alors elle m\u2019a pris sous sa protection. Comme elle voyageait, je l\u2019ai suivi. On est all\u00e9 \u00e0 Agadez, puis en Libye. Apr\u00e8s la Libye, je suis arriv\u00e9 en Italie, mais la langue l\u00e0 bas me fatiguait. C\u2019est un monsieur malien qui m\u2019a amen\u00e9 en France, car je parlais cette langue, m\u00eame si je ne suis jamais aller \u00e0 l\u2019\u00e9cole. Arriv\u00e9 \u00e0 Marseille, il m\u2019a accompagn\u00e9 \u00e0 la police. La police m\u2019a dit qu\u2019ils n\u2019avaient pas la place et je suis rest\u00e9 dehors, je dormais \u00e0 la gare St Charles. C\u2019est un monsieur qui m\u2019a pris l\u00e0 bas pour m\u2019h\u00e9berger chez lui, il m\u2019a dit d\u2019aller me pr\u00e9senter \u00e0 l\u2019addap13. Chaque jour ouvert, je vais l\u00e0 bas mais on me dit qu\u2019il n\u2019y a pas les moyens. Le monsieur apr\u00e8s ne pouvait plus m\u2019h\u00e9berger, ils ont pu me trouver une avocate et aller \u00e0 l\u2019\u00e9cole. Mais pour m\u2019h\u00e9berger et m\u00eame pour manger c\u2019est un probl\u00e8me. Quand je pense \u00e0 la travers\u00e9e, \u00e7a me fait tr\u00e8s mal car la dame qui \u00e9tait avec moi, elle est rest\u00e9e dans la mer. Et aussi, je n\u2019ai pas de nouvelles de ma maman depuis qu\u2019elle est partit et \u00e7a me fait tr\u00e8s mal. Pour finir, je voudrais vous pr\u00e9senter cette chanson de Magic System, \u201cun gaou \u00e0 Paris\u201d. J\u2019\u00e9coutais cette chanson quand j\u2019\u00e9tais tout petit au pays et \u00e7a me donnait envie de venir en France.\u270c\ufe0fRdv vendredi pour une nouvelle parole de minot. Partagez, likez, boul\u00e9guez\u270c\ufe0f<\/p>\n\n\n\n<figure class=\"wp-block-embed-youtube wp-block-embed is-type-video is-provider-youtube wp-embed-aspect-4-3 wp-has-aspect-ratio\"><div class=\"wp-block-embed__wrapper\">\nhttps:\/\/youtu.be\/BkHfD0WnahU\n<\/div><\/figure>\n","protected":false},"excerpt":{"rendered":"<p>Mon p\u00e8re est d\u00e9c\u00e9d\u00e9 quand j\u2019\u00e9tais tout petit et ma m\u00e8re apr\u00e8s elle s\u2019est mari\u00e9e avec un autre gars. Apr\u00e8s ils ont divorc\u00e9, ma maman elle est parti pour me laisser dans la cours avec mon beau-p\u00e8re. Apr\u00e8s le d\u00e9part, mon beau-p\u00e8re m\u2019a demand\u00e9 de partir, que je n\u2019\u00e9tais pas son enfant. Je suis parti &hellip; <\/p>\n<p class=\"link-more\"><a href=\"https:\/\/ramina.fr\/index.php\/2020\/09\/28\/bonjour-je-mappelle-lasco-je-suis-originaire-du-burkina-et-jai-16-ans\/\" class=\"more-link\">Continuer la lecture<span class=\"screen-reader-text\"> de &laquo;&nbsp;Bonjour, je m\u2019appelle Lasco, je suis originaire du Burkina et j\u2019ai 16 ans \ud83d\ude00&nbsp;&raquo;<\/span><\/a><\/p>\n","protected":false},"author":3,"featured_media":0,"comment_status":"open","ping_status":"open","sticky":false,"template":"","format":"standard","meta":{"_jetpack_memberships_contains_paid_content":false,"footnotes":""},"categories":[6],"tags":[],"class_list":["post-1177","post","type-post","status-publish","format-standard","hentry","category-paroledeminotsaison2"],"yoast_head":"<!-- This site is optimized with the Yoast SEO plugin v25.1 - https:\/\/yoast.com\/wordpress\/plugins\/seo\/ -->\n<title>Bonjour, je m\u2019appelle Lasco, je suis originaire du Burkina et j\u2019ai 16 ans \ud83d\ude00 | RAMINA<\/title>\n<meta name=\"robots\" content=\"noindex, follow\" \/>\n<meta property=\"og:locale\" content=\"fr_FR\" \/>\n<meta property=\"og:type\" content=\"article\" \/>\n<meta property=\"og:title\" content=\"Bonjour, je m\u2019appelle Lasco, je suis originaire du Burkina et j\u2019ai 16 ans \ud83d\ude00 | RAMINA\" \/>\n<meta property=\"og:description\" content=\"Mon p\u00e8re est d\u00e9c\u00e9d\u00e9 quand j\u2019\u00e9tais tout petit et ma m\u00e8re apr\u00e8s elle s\u2019est mari\u00e9e avec un autre gars. Apr\u00e8s ils ont divorc\u00e9, ma maman elle est parti pour me laisser dans la cours avec mon beau-p\u00e8re. Apr\u00e8s le d\u00e9part, mon beau-p\u00e8re m\u2019a demand\u00e9 de partir, que je n\u2019\u00e9tais pas son enfant. Je suis parti &hellip; Continuer la lecture de &laquo;&nbsp;Bonjour, je m\u2019appelle Lasco, je suis originaire du Burkina et j\u2019ai 16 ans \ud83d\ude00&nbsp;&raquo;\" \/>\n<meta property=\"og:url\" content=\"https:\/\/ramina.fr\/index.php\/2020\/09\/28\/bonjour-je-mappelle-lasco-je-suis-originaire-du-burkina-et-jai-16-ans\/\" \/>\n<meta property=\"og:site_name\" content=\"RAMINA\" \/>\n<meta property=\"article:publisher\" content=\"https:\/\/www.facebook.com\/contact.ramina\/\" \/>\n<meta property=\"article:published_time\" content=\"2020-09-28T12:13:14+00:00\" \/>\n<meta property=\"article:modified_time\" content=\"2020-09-28T12:15:37+00:00\" \/>\n<meta property=\"og:image\" content=\"https:\/\/ramina.fr\/wp-content\/uploads\/2025\/02\/ramina-image-mise-avant-wordpress.jpg\" \/>\n\t<meta property=\"og:image:width\" content=\"1200\" \/>\n\t<meta property=\"og:image:height\" content=\"675\" \/>\n\t<meta property=\"og:image:type\" content=\"image\/jpeg\" \/>\n<meta name=\"author\" content=\"Ramina R\u00e9seau\" \/>\n<meta name=\"twitter:card\" content=\"summary_large_image\" \/>\n<meta name=\"twitter:label1\" content=\"\u00c9crit par\" \/>\n\t<meta name=\"twitter:data1\" content=\"Ramina R\u00e9seau\" \/>\n\t<meta name=\"twitter:label2\" content=\"Dur\u00e9e de lecture estim\u00e9e\" \/>\n\t<meta name=\"twitter:data2\" content=\"2 minutes\" \/>\n<script type=\"application\/ld+json\" class=\"yoast-schema-graph\">{\"@context\":\"https:\/\/schema.org\",\"@graph\":[{\"@type\":\"Article\",\"@id\":\"https:\/\/ramina.fr\/index.php\/2020\/09\/28\/bonjour-je-mappelle-lasco-je-suis-originaire-du-burkina-et-jai-16-ans\/#article\",\"isPartOf\":{\"@id\":\"https:\/\/ramina.fr\/index.php\/2020\/09\/28\/bonjour-je-mappelle-lasco-je-suis-originaire-du-burkina-et-jai-16-ans\/\"},\"author\":{\"name\":\"Ramina R\u00e9seau\",\"@id\":\"https:\/\/ramina.fr\/#\/schema\/person\/60afb851da2c0c7b9e173324b84144d5\"},\"headline\":\"Bonjour, je m\u2019appelle Lasco, je suis originaire du Burkina et j\u2019ai 16 ans \ud83d\ude00\",\"datePublished\":\"2020-09-28T12:13:14+00:00\",\"dateModified\":\"2020-09-28T12:15:37+00:00\",\"mainEntityOfPage\":{\"@id\":\"https:\/\/ramina.fr\/index.php\/2020\/09\/28\/bonjour-je-mappelle-lasco-je-suis-originaire-du-burkina-et-jai-16-ans\/\"},\"wordCount\":425,\"commentCount\":0,\"publisher\":{\"@id\":\"https:\/\/ramina.fr\/#organization\"},\"articleSection\":[\"Parole de Minots S2\"],\"inLanguage\":\"fr-FR\",\"potentialAction\":[{\"@type\":\"CommentAction\",\"name\":\"Comment\",\"target\":[\"https:\/\/ramina.fr\/index.php\/2020\/09\/28\/bonjour-je-mappelle-lasco-je-suis-originaire-du-burkina-et-jai-16-ans\/#respond\"]}]},{\"@type\":\"WebPage\",\"@id\":\"https:\/\/ramina.fr\/index.php\/2020\/09\/28\/bonjour-je-mappelle-lasco-je-suis-originaire-du-burkina-et-jai-16-ans\/\",\"url\":\"https:\/\/ramina.fr\/index.php\/2020\/09\/28\/bonjour-je-mappelle-lasco-je-suis-originaire-du-burkina-et-jai-16-ans\/\",\"name\":\"Bonjour, je m\u2019appelle Lasco, je suis originaire du Burkina et j\u2019ai 16 ans \ud83d\ude00 | RAMINA\",\"isPartOf\":{\"@id\":\"https:\/\/ramina.fr\/#website\"},\"datePublished\":\"2020-09-28T12:13:14+00:00\",\"dateModified\":\"2020-09-28T12:15:37+00:00\",\"breadcrumb\":{\"@id\":\"https:\/\/ramina.fr\/index.php\/2020\/09\/28\/bonjour-je-mappelle-lasco-je-suis-originaire-du-burkina-et-jai-16-ans\/#breadcrumb\"},\"inLanguage\":\"fr-FR\",\"potentialAction\":[{\"@type\":\"ReadAction\",\"target\":[\"https:\/\/ramina.fr\/index.php\/2020\/09\/28\/bonjour-je-mappelle-lasco-je-suis-originaire-du-burkina-et-jai-16-ans\/\"]}]},{\"@type\":\"BreadcrumbList\",\"@id\":\"https:\/\/ramina.fr\/index.php\/2020\/09\/28\/bonjour-je-mappelle-lasco-je-suis-originaire-du-burkina-et-jai-16-ans\/#breadcrumb\",\"itemListElement\":[{\"@type\":\"ListItem\",\"position\":1,\"name\":\"Accueil\",\"item\":\"https:\/\/ramina.fr\/\"},{\"@type\":\"ListItem\",\"position\":2,\"name\":\"Bonjour, je m\u2019appelle Lasco, je suis originaire du Burkina et j\u2019ai 16 ans \ud83d\ude00\"}]},{\"@type\":\"WebSite\",\"@id\":\"https:\/\/ramina.fr\/#website\",\"url\":\"https:\/\/ramina.fr\/\",\"name\":\"RAMINA\",\"description\":\"R\u00e9seau d\u2019Accueil des Minot.es Non Accompagn\u00e9s\",\"publisher\":{\"@id\":\"https:\/\/ramina.fr\/#organization\"},\"alternateName\":\"R\u00e9seau d'accueil Solidaire des Minots Non Accompagn\u00e9s\",\"potentialAction\":[{\"@type\":\"SearchAction\",\"target\":{\"@type\":\"EntryPoint\",\"urlTemplate\":\"https:\/\/ramina.fr\/?s={search_term_string}\"},\"query-input\":{\"@type\":\"PropertyValueSpecification\",\"valueRequired\":true,\"valueName\":\"search_term_string\"}}],\"inLanguage\":\"fr-FR\"},{\"@type\":\"Organization\",\"@id\":\"https:\/\/ramina.fr\/#organization\",\"name\":\"RAMINA\",\"alternateName\":\"R\u00e9seau d' Accueil des Minots Non Accompagn\u00e9s\",\"url\":\"https:\/\/ramina.fr\/\",\"logo\":{\"@type\":\"ImageObject\",\"inLanguage\":\"fr-FR\",\"@id\":\"https:\/\/ramina.fr\/#\/schema\/logo\/image\/\",\"url\":\"https:\/\/ramina.fr\/wp-content\/uploads\/2025\/02\/LOGO_RAMINA_NOIR_VERTICAL.png\",\"contentUrl\":\"https:\/\/ramina.fr\/wp-content\/uploads\/2025\/02\/LOGO_RAMINA_NOIR_VERTICAL.png\",\"width\":1654,\"height\":1418,\"caption\":\"RAMINA\"},\"image\":{\"@id\":\"https:\/\/ramina.fr\/#\/schema\/logo\/image\/\"},\"sameAs\":[\"https:\/\/www.facebook.com\/contact.ramina\/\",\"https:\/\/www.instagram.com\/ramina_marseille\/\"]},{\"@type\":\"Person\",\"@id\":\"https:\/\/ramina.fr\/#\/schema\/person\/60afb851da2c0c7b9e173324b84144d5\",\"name\":\"Ramina R\u00e9seau\",\"image\":{\"@type\":\"ImageObject\",\"inLanguage\":\"fr-FR\",\"@id\":\"https:\/\/ramina.fr\/#\/schema\/person\/image\/\",\"url\":\"https:\/\/secure.gravatar.com\/avatar\/5985aef3267ffd44adcd4562d2752e99?s=96&d=mm&r=g\",\"contentUrl\":\"https:\/\/secure.gravatar.com\/avatar\/5985aef3267ffd44adcd4562d2752e99?s=96&d=mm&r=g\",\"caption\":\"Ramina R\u00e9seau\"}}]}<\/script>\n<!-- \/ Yoast SEO plugin. -->","yoast_head_json":{"title":"Bonjour, je m\u2019appelle Lasco, je suis originaire du Burkina et j\u2019ai 16 ans \ud83d\ude00 | RAMINA","robots":{"index":"noindex","follow":"follow"},"og_locale":"fr_FR","og_type":"article","og_title":"Bonjour, je m\u2019appelle Lasco, je suis originaire du Burkina et j\u2019ai 16 ans \ud83d\ude00 | RAMINA","og_description":"Mon p\u00e8re est d\u00e9c\u00e9d\u00e9 quand j\u2019\u00e9tais tout petit et ma m\u00e8re apr\u00e8s elle s\u2019est mari\u00e9e avec un autre gars. Apr\u00e8s ils ont divorc\u00e9, ma maman elle est parti pour me laisser dans la cours avec mon beau-p\u00e8re. Apr\u00e8s le d\u00e9part, mon beau-p\u00e8re m\u2019a demand\u00e9 de partir, que je n\u2019\u00e9tais pas son enfant. Je suis parti &hellip; Continuer la lecture de &laquo;&nbsp;Bonjour, je m\u2019appelle Lasco, je suis originaire du Burkina et j\u2019ai 16 ans \ud83d\ude00&nbsp;&raquo;","og_url":"https:\/\/ramina.fr\/index.php\/2020\/09\/28\/bonjour-je-mappelle-lasco-je-suis-originaire-du-burkina-et-jai-16-ans\/","og_site_name":"RAMINA","article_publisher":"https:\/\/www.facebook.com\/contact.ramina\/","article_published_time":"2020-09-28T12:13:14+00:00","article_modified_time":"2020-09-28T12:15:37+00:00","og_image":[{"width":1200,"height":675,"url":"https:\/\/ramina.fr\/wp-content\/uploads\/2025\/02\/ramina-image-mise-avant-wordpress.jpg","type":"image\/jpeg"}],"author":"Ramina R\u00e9seau","twitter_card":"summary_large_image","twitter_misc":{"\u00c9crit par":"Ramina R\u00e9seau","Dur\u00e9e de lecture estim\u00e9e":"2 minutes"},"schema":{"@context":"https:\/\/schema.org","@graph":[{"@type":"Article","@id":"https:\/\/ramina.fr\/index.php\/2020\/09\/28\/bonjour-je-mappelle-lasco-je-suis-originaire-du-burkina-et-jai-16-ans\/#article","isPartOf":{"@id":"https:\/\/ramina.fr\/index.php\/2020\/09\/28\/bonjour-je-mappelle-lasco-je-suis-originaire-du-burkina-et-jai-16-ans\/"},"author":{"name":"Ramina R\u00e9seau","@id":"https:\/\/ramina.fr\/#\/schema\/person\/60afb851da2c0c7b9e173324b84144d5"},"headline":"Bonjour, je m\u2019appelle Lasco, je suis originaire du Burkina et j\u2019ai 16 ans \ud83d\ude00","datePublished":"2020-09-28T12:13:14+00:00","dateModified":"2020-09-28T12:15:37+00:00","mainEntityOfPage":{"@id":"https:\/\/ramina.fr\/index.php\/2020\/09\/28\/bonjour-je-mappelle-lasco-je-suis-originaire-du-burkina-et-jai-16-ans\/"},"wordCount":425,"commentCount":0,"publisher":{"@id":"https:\/\/ramina.fr\/#organization"},"articleSection":["Parole de Minots S2"],"inLanguage":"fr-FR","potentialAction":[{"@type":"CommentAction","name":"Comment","target":["https:\/\/ramina.fr\/index.php\/2020\/09\/28\/bonjour-je-mappelle-lasco-je-suis-originaire-du-burkina-et-jai-16-ans\/#respond"]}]},{"@type":"WebPage","@id":"https:\/\/ramina.fr\/index.php\/2020\/09\/28\/bonjour-je-mappelle-lasco-je-suis-originaire-du-burkina-et-jai-16-ans\/","url":"https:\/\/ramina.fr\/index.php\/2020\/09\/28\/bonjour-je-mappelle-lasco-je-suis-originaire-du-burkina-et-jai-16-ans\/","name":"Bonjour, je m\u2019appelle Lasco, je suis originaire du Burkina et j\u2019ai 16 ans \ud83d\ude00 | RAMINA","isPartOf":{"@id":"https:\/\/ramina.fr\/#website"},"datePublished":"2020-09-28T12:13:14+00:00","dateModified":"2020-09-28T12:15:37+00:00","breadcrumb":{"@id":"https:\/\/ramina.fr\/index.php\/2020\/09\/28\/bonjour-je-mappelle-lasco-je-suis-originaire-du-burkina-et-jai-16-ans\/#breadcrumb"},"inLanguage":"fr-FR","potentialAction":[{"@type":"ReadAction","target":["https:\/\/ramina.fr\/index.php\/2020\/09\/28\/bonjour-je-mappelle-lasco-je-suis-originaire-du-burkina-et-jai-16-ans\/"]}]},{"@type":"BreadcrumbList","@id":"https:\/\/ramina.fr\/index.php\/2020\/09\/28\/bonjour-je-mappelle-lasco-je-suis-originaire-du-burkina-et-jai-16-ans\/#breadcrumb","itemListElement":[{"@type":"ListItem","position":1,"name":"Accueil","item":"https:\/\/ramina.fr\/"},{"@type":"ListItem","position":2,"name":"Bonjour, je m\u2019appelle Lasco, je suis originaire du Burkina et j\u2019ai 16 ans \ud83d\ude00"}]},{"@type":"WebSite","@id":"https:\/\/ramina.fr\/#website","url":"https:\/\/ramina.fr\/","name":"RAMINA","description":"R\u00e9seau d\u2019Accueil des Minot.es Non Accompagn\u00e9s","publisher":{"@id":"https:\/\/ramina.fr\/#organization"},"alternateName":"R\u00e9seau d'accueil Solidaire des Minots Non Accompagn\u00e9s","potentialAction":[{"@type":"SearchAction","target":{"@type":"EntryPoint","urlTemplate":"https:\/\/ramina.fr\/?s={search_term_string}"},"query-input":{"@type":"PropertyValueSpecification","valueRequired":true,"valueName":"search_term_string"}}],"inLanguage":"fr-FR"},{"@type":"Organization","@id":"https:\/\/ramina.fr\/#organization","name":"RAMINA","alternateName":"R\u00e9seau d' Accueil des Minots Non Accompagn\u00e9s","url":"https:\/\/ramina.fr\/","logo":{"@type":"ImageObject","inLanguage":"fr-FR","@id":"https:\/\/ramina.fr\/#\/schema\/logo\/image\/","url":"https:\/\/ramina.fr\/wp-content\/uploads\/2025\/02\/LOGO_RAMINA_NOIR_VERTICAL.png","contentUrl":"https:\/\/ramina.fr\/wp-content\/uploads\/2025\/02\/LOGO_RAMINA_NOIR_VERTICAL.png","width":1654,"height":1418,"caption":"RAMINA"},"image":{"@id":"https:\/\/ramina.fr\/#\/schema\/logo\/image\/"},"sameAs":["https:\/\/www.facebook.com\/contact.ramina\/","https:\/\/www.instagram.com\/ramina_marseille\/"]},{"@type":"Person","@id":"https:\/\/ramina.fr\/#\/schema\/person\/60afb851da2c0c7b9e173324b84144d5","name":"Ramina R\u00e9seau","image":{"@type":"ImageObject","inLanguage":"fr-FR","@id":"https:\/\/ramina.fr\/#\/schema\/person\/image\/","url":"https:\/\/secure.gravatar.com\/avatar\/5985aef3267ffd44adcd4562d2752e99?s=96&d=mm&r=g","contentUrl":"https:\/\/secure.gravatar.com\/avatar\/5985aef3267ffd44adcd4562d2752e99?s=96&d=mm&r=g","caption":"Ramina R\u00e9seau"}}]}},"jetpack_featured_media_url":"","jetpack_sharing_enabled":true,"_links":{"self":[{"href":"https:\/\/ramina.fr\/index.php\/wp-json\/wp\/v2\/posts\/1177","targetHints":{"allow":["GET"]}}],"collection":[{"href":"https:\/\/ramina.fr\/index.php\/wp-json\/wp\/v2\/posts"}],"about":[{"href":"https:\/\/ramina.fr\/index.php\/wp-json\/wp\/v2\/types\/post"}],"author":[{"embeddable":true,"href":"https:\/\/ramina.fr\/index.php\/wp-json\/wp\/v2\/users\/3"}],"replies":[{"embeddable":true,"href":"https:\/\/ramina.fr\/index.php\/wp-json\/wp\/v2\/comments?post=1177"}],"version-history":[{"count":1,"href":"https:\/\/ramina.fr\/index.php\/wp-json\/wp\/v2\/posts\/1177\/revisions"}],"predecessor-version":[{"id":1178,"href":"https:\/\/ramina.fr\/index.php\/wp-json\/wp\/v2\/posts\/1177\/revisions\/1178"}],"wp:attachment":[{"href":"https:\/\/ramina.fr\/index.php\/wp-json\/wp\/v2\/media?parent=1177"}],"wp:term":[{"taxonomy":"category","embeddable":true,"href":"https:\/\/ramina.fr\/index.php\/wp-json\/wp\/v2\/categories?post=1177"},{"taxonomy":"post_tag","embeddable":true,"href":"https:\/\/ramina.fr\/index.php\/wp-json\/wp\/v2\/tags?post=1177"}],"curies":[{"name":"wp","href":"https:\/\/api.w.org\/{rel}","templated":true}]}}