{"id":116,"date":"2019-11-04T12:09:00","date_gmt":"2019-11-04T11:09:00","guid":{"rendered":"http:\/\/ramina.fr\/?p=116"},"modified":"2020-03-28T11:59:10","modified_gmt":"2020-03-28T10:59:10","slug":"bonjour-tout-le-monde-en-france-et-a-marseille","status":"publish","type":"post","link":"https:\/\/ramina.fr\/index.php\/2019\/11\/04\/bonjour-tout-le-monde-en-france-et-a-marseille\/","title":{"rendered":"Bonjour tout le monde en France et \u00e0 Marseille \ud83d\ude00"},"content":{"rendered":"\n<p>Mon pr\u00e9nom est Ahmed,  je viens de Sierra Leone et j\u2019ai 15 ans. Je suis heureux d\u2019\u00eatre ici,  mais mes conditions de vie ne sont pas tr\u00e8s bien car j\u2019aimerais aller \u00e0  l\u2019\u00e9cole et ce n\u2019est pas le cas. J\u2019aimerai \u00eatre prot\u00e9g\u00e9 avoir un toit, de  la nourriture, avoir un r\u00e9f\u00e9rent, quelqu\u2019un \u00e0 qui je peux parler de mes  probl\u00e8mes. Je dois voir le juge le mois prochain et comme j\u2019ai un  certificat de naissance, j\u2019esp\u00e8re que j\u2019aurai  une protection. Je suis venu en France car mes parents sont d\u00e9c\u00e9d\u00e9s du  virus ebola il y\u2019a plusieurs ann\u00e9es. J\u2019esp\u00e8re avoir une vie meilleure en  France, mais actuellement c\u2019est tr\u00e8s difficile. Je voudrais vous faire  d\u00e9couvrir cette chanson d\u2019un groupe de Sierra Leone \u201crefugee all star\u201d  j\u2019aime \u00e9couter cette chanson car ils parlent de la m\u00eame situation que  moi.  \u270c\ufe0fRdv vendredi pour une nouvelle parole de minot. Partagez, likez, boul\u00e9guez. \u270c\ufe0f <\/p>\n\n\n\n<figure class=\"wp-block-embed-youtube wp-block-embed is-type-video is-provider-youtube wp-embed-aspect-16-9 wp-has-aspect-ratio\"><div class=\"wp-block-embed__wrapper\">\n<iframe title=\"Sierra Leone&#039;s Refugee All Stars - Living Like A Refugee | Mahogany Session\" width=\"525\" height=\"295\" src=\"https:\/\/www.youtube.com\/embed\/9fEtBo_H9zw?feature=oembed\" frameborder=\"0\" allow=\"accelerometer; autoplay; clipboard-write; encrypted-media; gyroscope; picture-in-picture; web-share\" referrerpolicy=\"strict-origin-when-cross-origin\" allowfullscreen><\/iframe>\n<\/div><\/figure>\n","protected":false},"excerpt":{"rendered":"<p>Mon pr\u00e9nom est Ahmed, je viens de Sierra Leone et j\u2019ai 15 ans. Je suis heureux d\u2019\u00eatre ici, mais mes conditions de vie ne sont pas tr\u00e8s bien car j\u2019aimerais aller \u00e0 l\u2019\u00e9cole et ce n\u2019est pas le cas. J\u2019aimerai \u00eatre prot\u00e9g\u00e9 avoir un toit, de la nourriture, avoir un r\u00e9f\u00e9rent, quelqu\u2019un \u00e0 qui je &hellip; <\/p>\n<p class=\"link-more\"><a href=\"https:\/\/ramina.fr\/index.php\/2019\/11\/04\/bonjour-tout-le-monde-en-france-et-a-marseille\/\" class=\"more-link\">Continuer la lecture<span class=\"screen-reader-text\"> de &laquo;&nbsp;Bonjour tout le monde en France et \u00e0 Marseille \ud83d\ude00&nbsp;&raquo;<\/span><\/a><\/p>\n","protected":false},"author":3,"featured_media":0,"comment_status":"open","ping_status":"open","sticky":false,"template":"","format":"standard","meta":{"_jetpack_memberships_contains_paid_content":false,"footnotes":""},"categories":[4],"tags":[],"class_list":["post-116","post","type-post","status-publish","format-standard","hentry","category-paroleminotsaison1"],"yoast_head":"<!-- This site is optimized with the Yoast SEO plugin v25.1 - https:\/\/yoast.com\/wordpress\/plugins\/seo\/ -->\n<title>Bonjour tout le monde en France et \u00e0 Marseille \ud83d\ude00 | RAMINA<\/title>\n<meta name=\"robots\" content=\"noindex, follow\" \/>\n<meta property=\"og:locale\" content=\"fr_FR\" \/>\n<meta property=\"og:type\" content=\"article\" \/>\n<meta property=\"og:title\" content=\"Bonjour tout le monde en France et \u00e0 Marseille \ud83d\ude00 | RAMINA\" \/>\n<meta property=\"og:description\" content=\"Mon pr\u00e9nom est Ahmed, je viens de Sierra Leone et j\u2019ai 15 ans. Je suis heureux d\u2019\u00eatre ici, mais mes conditions de vie ne sont pas tr\u00e8s bien car j\u2019aimerais aller \u00e0 l\u2019\u00e9cole et ce n\u2019est pas le cas. J\u2019aimerai \u00eatre prot\u00e9g\u00e9 avoir un toit, de la nourriture, avoir un r\u00e9f\u00e9rent, quelqu\u2019un \u00e0 qui je &hellip; Continuer la lecture de &laquo;&nbsp;Bonjour tout le monde en France et \u00e0 Marseille \ud83d\ude00&nbsp;&raquo;\" \/>\n<meta property=\"og:url\" content=\"https:\/\/ramina.fr\/index.php\/2019\/11\/04\/bonjour-tout-le-monde-en-france-et-a-marseille\/\" \/>\n<meta property=\"og:site_name\" content=\"RAMINA\" \/>\n<meta property=\"article:publisher\" content=\"https:\/\/www.facebook.com\/contact.ramina\/\" \/>\n<meta property=\"article:published_time\" content=\"2019-11-04T11:09:00+00:00\" \/>\n<meta property=\"article:modified_time\" content=\"2020-03-28T10:59:10+00:00\" \/>\n<meta property=\"og:image\" content=\"https:\/\/ramina.fr\/wp-content\/uploads\/2025\/02\/ramina-image-mise-avant-wordpress.jpg\" \/>\n\t<meta property=\"og:image:width\" content=\"1200\" \/>\n\t<meta property=\"og:image:height\" content=\"675\" \/>\n\t<meta property=\"og:image:type\" content=\"image\/jpeg\" \/>\n<meta name=\"author\" content=\"Ramina R\u00e9seau\" \/>\n<meta name=\"twitter:card\" content=\"summary_large_image\" \/>\n<meta name=\"twitter:label1\" content=\"\u00c9crit par\" \/>\n\t<meta name=\"twitter:data1\" content=\"Ramina R\u00e9seau\" \/>\n\t<meta name=\"twitter:label2\" content=\"Dur\u00e9e de lecture estim\u00e9e\" \/>\n\t<meta name=\"twitter:data2\" content=\"1 minute\" \/>\n<script type=\"application\/ld+json\" class=\"yoast-schema-graph\">{\"@context\":\"https:\/\/schema.org\",\"@graph\":[{\"@type\":\"Article\",\"@id\":\"https:\/\/ramina.fr\/index.php\/2019\/11\/04\/bonjour-tout-le-monde-en-france-et-a-marseille\/#article\",\"isPartOf\":{\"@id\":\"https:\/\/ramina.fr\/index.php\/2019\/11\/04\/bonjour-tout-le-monde-en-france-et-a-marseille\/\"},\"author\":{\"name\":\"Ramina R\u00e9seau\",\"@id\":\"https:\/\/ramina.fr\/#\/schema\/person\/60afb851da2c0c7b9e173324b84144d5\"},\"headline\":\"Bonjour tout le monde en France et \u00e0 Marseille \ud83d\ude00\",\"datePublished\":\"2019-11-04T11:09:00+00:00\",\"dateModified\":\"2020-03-28T10:59:10+00:00\",\"mainEntityOfPage\":{\"@id\":\"https:\/\/ramina.fr\/index.php\/2019\/11\/04\/bonjour-tout-le-monde-en-france-et-a-marseille\/\"},\"wordCount\":193,\"commentCount\":0,\"publisher\":{\"@id\":\"https:\/\/ramina.fr\/#organization\"},\"articleSection\":[\"Parole de Minots S1\"],\"inLanguage\":\"fr-FR\",\"potentialAction\":[{\"@type\":\"CommentAction\",\"name\":\"Comment\",\"target\":[\"https:\/\/ramina.fr\/index.php\/2019\/11\/04\/bonjour-tout-le-monde-en-france-et-a-marseille\/#respond\"]}]},{\"@type\":\"WebPage\",\"@id\":\"https:\/\/ramina.fr\/index.php\/2019\/11\/04\/bonjour-tout-le-monde-en-france-et-a-marseille\/\",\"url\":\"https:\/\/ramina.fr\/index.php\/2019\/11\/04\/bonjour-tout-le-monde-en-france-et-a-marseille\/\",\"name\":\"Bonjour tout le monde en France et \u00e0 Marseille \ud83d\ude00 | RAMINA\",\"isPartOf\":{\"@id\":\"https:\/\/ramina.fr\/#website\"},\"datePublished\":\"2019-11-04T11:09:00+00:00\",\"dateModified\":\"2020-03-28T10:59:10+00:00\",\"breadcrumb\":{\"@id\":\"https:\/\/ramina.fr\/index.php\/2019\/11\/04\/bonjour-tout-le-monde-en-france-et-a-marseille\/#breadcrumb\"},\"inLanguage\":\"fr-FR\",\"potentialAction\":[{\"@type\":\"ReadAction\",\"target\":[\"https:\/\/ramina.fr\/index.php\/2019\/11\/04\/bonjour-tout-le-monde-en-france-et-a-marseille\/\"]}]},{\"@type\":\"BreadcrumbList\",\"@id\":\"https:\/\/ramina.fr\/index.php\/2019\/11\/04\/bonjour-tout-le-monde-en-france-et-a-marseille\/#breadcrumb\",\"itemListElement\":[{\"@type\":\"ListItem\",\"position\":1,\"name\":\"Accueil\",\"item\":\"https:\/\/ramina.fr\/\"},{\"@type\":\"ListItem\",\"position\":2,\"name\":\"Bonjour tout le monde en France et \u00e0 Marseille \ud83d\ude00\"}]},{\"@type\":\"WebSite\",\"@id\":\"https:\/\/ramina.fr\/#website\",\"url\":\"https:\/\/ramina.fr\/\",\"name\":\"RAMINA\",\"description\":\"R\u00e9seau d\u2019Accueil des Minot.es Non Accompagn\u00e9s\",\"publisher\":{\"@id\":\"https:\/\/ramina.fr\/#organization\"},\"alternateName\":\"R\u00e9seau d'accueil Solidaire des Minots Non Accompagn\u00e9s\",\"potentialAction\":[{\"@type\":\"SearchAction\",\"target\":{\"@type\":\"EntryPoint\",\"urlTemplate\":\"https:\/\/ramina.fr\/?s={search_term_string}\"},\"query-input\":{\"@type\":\"PropertyValueSpecification\",\"valueRequired\":true,\"valueName\":\"search_term_string\"}}],\"inLanguage\":\"fr-FR\"},{\"@type\":\"Organization\",\"@id\":\"https:\/\/ramina.fr\/#organization\",\"name\":\"RAMINA\",\"alternateName\":\"R\u00e9seau d' Accueil des Minots Non Accompagn\u00e9s\",\"url\":\"https:\/\/ramina.fr\/\",\"logo\":{\"@type\":\"ImageObject\",\"inLanguage\":\"fr-FR\",\"@id\":\"https:\/\/ramina.fr\/#\/schema\/logo\/image\/\",\"url\":\"https:\/\/ramina.fr\/wp-content\/uploads\/2025\/02\/LOGO_RAMINA_NOIR_VERTICAL.png\",\"contentUrl\":\"https:\/\/ramina.fr\/wp-content\/uploads\/2025\/02\/LOGO_RAMINA_NOIR_VERTICAL.png\",\"width\":1654,\"height\":1418,\"caption\":\"RAMINA\"},\"image\":{\"@id\":\"https:\/\/ramina.fr\/#\/schema\/logo\/image\/\"},\"sameAs\":[\"https:\/\/www.facebook.com\/contact.ramina\/\",\"https:\/\/www.instagram.com\/ramina_marseille\/\"]},{\"@type\":\"Person\",\"@id\":\"https:\/\/ramina.fr\/#\/schema\/person\/60afb851da2c0c7b9e173324b84144d5\",\"name\":\"Ramina R\u00e9seau\",\"image\":{\"@type\":\"ImageObject\",\"inLanguage\":\"fr-FR\",\"@id\":\"https:\/\/ramina.fr\/#\/schema\/person\/image\/\",\"url\":\"https:\/\/secure.gravatar.com\/avatar\/5985aef3267ffd44adcd4562d2752e99?s=96&d=mm&r=g\",\"contentUrl\":\"https:\/\/secure.gravatar.com\/avatar\/5985aef3267ffd44adcd4562d2752e99?s=96&d=mm&r=g\",\"caption\":\"Ramina R\u00e9seau\"}}]}<\/script>\n<!-- \/ Yoast SEO plugin. -->","yoast_head_json":{"title":"Bonjour tout le monde en France et \u00e0 Marseille \ud83d\ude00 | RAMINA","robots":{"index":"noindex","follow":"follow"},"og_locale":"fr_FR","og_type":"article","og_title":"Bonjour tout le monde en France et \u00e0 Marseille \ud83d\ude00 | RAMINA","og_description":"Mon pr\u00e9nom est Ahmed, je viens de Sierra Leone et j\u2019ai 15 ans. Je suis heureux d\u2019\u00eatre ici, mais mes conditions de vie ne sont pas tr\u00e8s bien car j\u2019aimerais aller \u00e0 l\u2019\u00e9cole et ce n\u2019est pas le cas. J\u2019aimerai \u00eatre prot\u00e9g\u00e9 avoir un toit, de la nourriture, avoir un r\u00e9f\u00e9rent, quelqu\u2019un \u00e0 qui je &hellip; Continuer la lecture de &laquo;&nbsp;Bonjour tout le monde en France et \u00e0 Marseille \ud83d\ude00&nbsp;&raquo;","og_url":"https:\/\/ramina.fr\/index.php\/2019\/11\/04\/bonjour-tout-le-monde-en-france-et-a-marseille\/","og_site_name":"RAMINA","article_publisher":"https:\/\/www.facebook.com\/contact.ramina\/","article_published_time":"2019-11-04T11:09:00+00:00","article_modified_time":"2020-03-28T10:59:10+00:00","og_image":[{"width":1200,"height":675,"url":"https:\/\/ramina.fr\/wp-content\/uploads\/2025\/02\/ramina-image-mise-avant-wordpress.jpg","type":"image\/jpeg"}],"author":"Ramina R\u00e9seau","twitter_card":"summary_large_image","twitter_misc":{"\u00c9crit par":"Ramina R\u00e9seau","Dur\u00e9e de lecture estim\u00e9e":"1 minute"},"schema":{"@context":"https:\/\/schema.org","@graph":[{"@type":"Article","@id":"https:\/\/ramina.fr\/index.php\/2019\/11\/04\/bonjour-tout-le-monde-en-france-et-a-marseille\/#article","isPartOf":{"@id":"https:\/\/ramina.fr\/index.php\/2019\/11\/04\/bonjour-tout-le-monde-en-france-et-a-marseille\/"},"author":{"name":"Ramina R\u00e9seau","@id":"https:\/\/ramina.fr\/#\/schema\/person\/60afb851da2c0c7b9e173324b84144d5"},"headline":"Bonjour tout le monde en France et \u00e0 Marseille \ud83d\ude00","datePublished":"2019-11-04T11:09:00+00:00","dateModified":"2020-03-28T10:59:10+00:00","mainEntityOfPage":{"@id":"https:\/\/ramina.fr\/index.php\/2019\/11\/04\/bonjour-tout-le-monde-en-france-et-a-marseille\/"},"wordCount":193,"commentCount":0,"publisher":{"@id":"https:\/\/ramina.fr\/#organization"},"articleSection":["Parole de Minots S1"],"inLanguage":"fr-FR","potentialAction":[{"@type":"CommentAction","name":"Comment","target":["https:\/\/ramina.fr\/index.php\/2019\/11\/04\/bonjour-tout-le-monde-en-france-et-a-marseille\/#respond"]}]},{"@type":"WebPage","@id":"https:\/\/ramina.fr\/index.php\/2019\/11\/04\/bonjour-tout-le-monde-en-france-et-a-marseille\/","url":"https:\/\/ramina.fr\/index.php\/2019\/11\/04\/bonjour-tout-le-monde-en-france-et-a-marseille\/","name":"Bonjour tout le monde en France et \u00e0 Marseille \ud83d\ude00 | RAMINA","isPartOf":{"@id":"https:\/\/ramina.fr\/#website"},"datePublished":"2019-11-04T11:09:00+00:00","dateModified":"2020-03-28T10:59:10+00:00","breadcrumb":{"@id":"https:\/\/ramina.fr\/index.php\/2019\/11\/04\/bonjour-tout-le-monde-en-france-et-a-marseille\/#breadcrumb"},"inLanguage":"fr-FR","potentialAction":[{"@type":"ReadAction","target":["https:\/\/ramina.fr\/index.php\/2019\/11\/04\/bonjour-tout-le-monde-en-france-et-a-marseille\/"]}]},{"@type":"BreadcrumbList","@id":"https:\/\/ramina.fr\/index.php\/2019\/11\/04\/bonjour-tout-le-monde-en-france-et-a-marseille\/#breadcrumb","itemListElement":[{"@type":"ListItem","position":1,"name":"Accueil","item":"https:\/\/ramina.fr\/"},{"@type":"ListItem","position":2,"name":"Bonjour tout le monde en France et \u00e0 Marseille \ud83d\ude00"}]},{"@type":"WebSite","@id":"https:\/\/ramina.fr\/#website","url":"https:\/\/ramina.fr\/","name":"RAMINA","description":"R\u00e9seau d\u2019Accueil des Minot.es Non Accompagn\u00e9s","publisher":{"@id":"https:\/\/ramina.fr\/#organization"},"alternateName":"R\u00e9seau d'accueil Solidaire des Minots Non Accompagn\u00e9s","potentialAction":[{"@type":"SearchAction","target":{"@type":"EntryPoint","urlTemplate":"https:\/\/ramina.fr\/?s={search_term_string}"},"query-input":{"@type":"PropertyValueSpecification","valueRequired":true,"valueName":"search_term_string"}}],"inLanguage":"fr-FR"},{"@type":"Organization","@id":"https:\/\/ramina.fr\/#organization","name":"RAMINA","alternateName":"R\u00e9seau d' Accueil des Minots Non Accompagn\u00e9s","url":"https:\/\/ramina.fr\/","logo":{"@type":"ImageObject","inLanguage":"fr-FR","@id":"https:\/\/ramina.fr\/#\/schema\/logo\/image\/","url":"https:\/\/ramina.fr\/wp-content\/uploads\/2025\/02\/LOGO_RAMINA_NOIR_VERTICAL.png","contentUrl":"https:\/\/ramina.fr\/wp-content\/uploads\/2025\/02\/LOGO_RAMINA_NOIR_VERTICAL.png","width":1654,"height":1418,"caption":"RAMINA"},"image":{"@id":"https:\/\/ramina.fr\/#\/schema\/logo\/image\/"},"sameAs":["https:\/\/www.facebook.com\/contact.ramina\/","https:\/\/www.instagram.com\/ramina_marseille\/"]},{"@type":"Person","@id":"https:\/\/ramina.fr\/#\/schema\/person\/60afb851da2c0c7b9e173324b84144d5","name":"Ramina R\u00e9seau","image":{"@type":"ImageObject","inLanguage":"fr-FR","@id":"https:\/\/ramina.fr\/#\/schema\/person\/image\/","url":"https:\/\/secure.gravatar.com\/avatar\/5985aef3267ffd44adcd4562d2752e99?s=96&d=mm&r=g","contentUrl":"https:\/\/secure.gravatar.com\/avatar\/5985aef3267ffd44adcd4562d2752e99?s=96&d=mm&r=g","caption":"Ramina R\u00e9seau"}}]}},"jetpack_featured_media_url":"","jetpack_sharing_enabled":true,"_links":{"self":[{"href":"https:\/\/ramina.fr\/index.php\/wp-json\/wp\/v2\/posts\/116","targetHints":{"allow":["GET"]}}],"collection":[{"href":"https:\/\/ramina.fr\/index.php\/wp-json\/wp\/v2\/posts"}],"about":[{"href":"https:\/\/ramina.fr\/index.php\/wp-json\/wp\/v2\/types\/post"}],"author":[{"embeddable":true,"href":"https:\/\/ramina.fr\/index.php\/wp-json\/wp\/v2\/users\/3"}],"replies":[{"embeddable":true,"href":"https:\/\/ramina.fr\/index.php\/wp-json\/wp\/v2\/comments?post=116"}],"version-history":[{"count":3,"href":"https:\/\/ramina.fr\/index.php\/wp-json\/wp\/v2\/posts\/116\/revisions"}],"predecessor-version":[{"id":977,"href":"https:\/\/ramina.fr\/index.php\/wp-json\/wp\/v2\/posts\/116\/revisions\/977"}],"wp:attachment":[{"href":"https:\/\/ramina.fr\/index.php\/wp-json\/wp\/v2\/media?parent=116"}],"wp:term":[{"taxonomy":"category","embeddable":true,"href":"https:\/\/ramina.fr\/index.php\/wp-json\/wp\/v2\/categories?post=116"},{"taxonomy":"post_tag","embeddable":true,"href":"https:\/\/ramina.fr\/index.php\/wp-json\/wp\/v2\/tags?post=116"}],"curies":[{"name":"wp","href":"https:\/\/api.w.org\/{rel}","templated":true}]}}