{"id":1159,"date":"2020-09-14T12:51:59","date_gmt":"2020-09-14T10:51:59","guid":{"rendered":"http:\/\/ramina.fr\/?p=1159"},"modified":"2020-09-14T12:53:31","modified_gmt":"2020-09-14T10:53:31","slug":"bonjour-je-mappelle-abdullah-je-viens-de-la-guinee-conakry-jai-15-ans","status":"publish","type":"post","link":"https:\/\/ramina.fr\/index.php\/2020\/09\/14\/bonjour-je-mappelle-abdullah-je-viens-de-la-guinee-conakry-jai-15-ans\/","title":{"rendered":"Bonjour, je m\u2019appelle Abdullah, je viens de la Guin\u00e9e Conakry, j\u2019ai 15 ans. \ud83d\ude00"},"content":{"rendered":"\n<p>Je suis en France, \u00e0 Marseille, depuis un mois et demi. Avant ici, j\u2019\u00e9tais en Italie, j\u2019ai fais deux ans l\u00e0 bas mais je n\u2019\u00e9tais pas dans un camp, j\u2019\u00e9tais dans une famille italienne. Durant les deux ans, j\u2019\u00e9tais chez cette famille mais je n\u2019ai pas eu la chance d\u2019aller \u00e0 l\u2019\u00e9cole, ni de faire quelque chose de bon comme apprendre un m\u00e9tier. J\u2019aurais aim\u00e9 faire un centre de formation l\u00e0 bas, mais tout \u00e7a ce n\u2019\u00e9tait pas possible. Vraiment j\u2019aurai aim\u00e9 rester l\u00e0 bas, mais quand je regardais les deux ans que j\u2019ai fais, je n\u2019ai rien appris, je passais beaucoup de temps pour aider la famille \u00e0 faire du m\u00e9nage. Maintenant, je suis \u00e0 Marseille, je peux \u00e9tudier et j\u2019ai une carte aussi qui me permet de me d\u00e9placer dans la ville. En Italie, je n\u2019avais pas la carte et l\u00e0 bas les policiers quand tu es noir, ils te controlent direct, sans h\u00e9siter. Plus tard, j\u2019aimerai aller \u00e0 l\u2019\u00e9cole, apprendre un m\u00e9tier dans un centre de formation, maintenant je pense que c\u2019est possible, j\u2019ai espoir pour cel\u00e0. Pour finir, je voudrais vous partager cette chanson que j\u2019\u00e9coute depuis un an et demi, elle explique un peu les choses que j\u2019ai v\u00e9cu dans ma vie.  \u270c\ufe0fRdv vendredi pour une nouvelle parole de minot. Partagez, likez, boul\u00e9guez. \u270c\ufe0f<\/p>\n\n\n\n<figure class=\"wp-block-embed-youtube wp-block-embed is-type-video is-provider-youtube wp-embed-aspect-16-9 wp-has-aspect-ratio\"><div class=\"wp-block-embed__wrapper\">\n<iframe title=\"Habitu\u00e9 Remix - Dosseh feat. Izi | Music video by Ziek\" width=\"525\" height=\"295\" src=\"https:\/\/www.youtube.com\/embed\/nk56zhDTMFM?feature=oembed\" frameborder=\"0\" allow=\"accelerometer; autoplay; clipboard-write; encrypted-media; gyroscope; picture-in-picture; web-share\" referrerpolicy=\"strict-origin-when-cross-origin\" allowfullscreen><\/iframe>\n<\/div><\/figure>\n","protected":false},"excerpt":{"rendered":"<p>Je suis en France, \u00e0 Marseille, depuis un mois et demi. Avant ici, j\u2019\u00e9tais en Italie, j\u2019ai fais deux ans l\u00e0 bas mais je n\u2019\u00e9tais pas dans un camp, j\u2019\u00e9tais dans une famille italienne. Durant les deux ans, j\u2019\u00e9tais chez cette famille mais je n\u2019ai pas eu la chance d\u2019aller \u00e0 l\u2019\u00e9cole, ni de faire &hellip; <\/p>\n<p class=\"link-more\"><a href=\"https:\/\/ramina.fr\/index.php\/2020\/09\/14\/bonjour-je-mappelle-abdullah-je-viens-de-la-guinee-conakry-jai-15-ans\/\" class=\"more-link\">Continuer la lecture<span class=\"screen-reader-text\"> de &laquo;&nbsp;Bonjour, je m\u2019appelle Abdullah, je viens de la Guin\u00e9e Conakry, j\u2019ai 15 ans. \ud83d\ude00&nbsp;&raquo;<\/span><\/a><\/p>\n","protected":false},"author":3,"featured_media":0,"comment_status":"open","ping_status":"open","sticky":false,"template":"","format":"standard","meta":{"_jetpack_memberships_contains_paid_content":false,"footnotes":""},"categories":[6],"tags":[],"class_list":["post-1159","post","type-post","status-publish","format-standard","hentry","category-paroledeminotsaison2"],"yoast_head":"<!-- This site is optimized with the Yoast SEO plugin v25.1 - https:\/\/yoast.com\/wordpress\/plugins\/seo\/ -->\n<title>Bonjour, je m\u2019appelle Abdullah, je viens de la Guin\u00e9e Conakry, j\u2019ai 15 ans. \ud83d\ude00 | RAMINA<\/title>\n<meta name=\"robots\" content=\"noindex, follow\" \/>\n<meta property=\"og:locale\" content=\"fr_FR\" \/>\n<meta property=\"og:type\" content=\"article\" \/>\n<meta property=\"og:title\" content=\"Bonjour, je m\u2019appelle Abdullah, je viens de la Guin\u00e9e Conakry, j\u2019ai 15 ans. \ud83d\ude00 | RAMINA\" \/>\n<meta property=\"og:description\" content=\"Je suis en France, \u00e0 Marseille, depuis un mois et demi. Avant ici, j\u2019\u00e9tais en Italie, j\u2019ai fais deux ans l\u00e0 bas mais je n\u2019\u00e9tais pas dans un camp, j\u2019\u00e9tais dans une famille italienne. Durant les deux ans, j\u2019\u00e9tais chez cette famille mais je n\u2019ai pas eu la chance d\u2019aller \u00e0 l\u2019\u00e9cole, ni de faire &hellip; Continuer la lecture de &laquo;&nbsp;Bonjour, je m\u2019appelle Abdullah, je viens de la Guin\u00e9e Conakry, j\u2019ai 15 ans. \ud83d\ude00&nbsp;&raquo;\" \/>\n<meta property=\"og:url\" content=\"https:\/\/ramina.fr\/index.php\/2020\/09\/14\/bonjour-je-mappelle-abdullah-je-viens-de-la-guinee-conakry-jai-15-ans\/\" \/>\n<meta property=\"og:site_name\" content=\"RAMINA\" \/>\n<meta property=\"article:publisher\" content=\"https:\/\/www.facebook.com\/contact.ramina\/\" \/>\n<meta property=\"article:published_time\" content=\"2020-09-14T10:51:59+00:00\" \/>\n<meta property=\"article:modified_time\" content=\"2020-09-14T10:53:31+00:00\" \/>\n<meta property=\"og:image\" content=\"https:\/\/ramina.fr\/wp-content\/uploads\/2025\/02\/ramina-image-mise-avant-wordpress.jpg\" \/>\n\t<meta property=\"og:image:width\" content=\"1200\" \/>\n\t<meta property=\"og:image:height\" content=\"675\" \/>\n\t<meta property=\"og:image:type\" content=\"image\/jpeg\" \/>\n<meta name=\"author\" content=\"Ramina R\u00e9seau\" \/>\n<meta name=\"twitter:card\" content=\"summary_large_image\" \/>\n<meta name=\"twitter:label1\" content=\"\u00c9crit par\" \/>\n\t<meta name=\"twitter:data1\" content=\"Ramina R\u00e9seau\" \/>\n\t<meta name=\"twitter:label2\" content=\"Dur\u00e9e de lecture estim\u00e9e\" \/>\n\t<meta name=\"twitter:data2\" content=\"1 minute\" \/>\n<script type=\"application\/ld+json\" class=\"yoast-schema-graph\">{\"@context\":\"https:\/\/schema.org\",\"@graph\":[{\"@type\":\"Article\",\"@id\":\"https:\/\/ramina.fr\/index.php\/2020\/09\/14\/bonjour-je-mappelle-abdullah-je-viens-de-la-guinee-conakry-jai-15-ans\/#article\",\"isPartOf\":{\"@id\":\"https:\/\/ramina.fr\/index.php\/2020\/09\/14\/bonjour-je-mappelle-abdullah-je-viens-de-la-guinee-conakry-jai-15-ans\/\"},\"author\":{\"name\":\"Ramina R\u00e9seau\",\"@id\":\"https:\/\/ramina.fr\/#\/schema\/person\/60afb851da2c0c7b9e173324b84144d5\"},\"headline\":\"Bonjour, je m\u2019appelle Abdullah, je viens de la Guin\u00e9e Conakry, j\u2019ai 15 ans. \ud83d\ude00\",\"datePublished\":\"2020-09-14T10:51:59+00:00\",\"dateModified\":\"2020-09-14T10:53:31+00:00\",\"mainEntityOfPage\":{\"@id\":\"https:\/\/ramina.fr\/index.php\/2020\/09\/14\/bonjour-je-mappelle-abdullah-je-viens-de-la-guinee-conakry-jai-15-ans\/\"},\"wordCount\":264,\"commentCount\":0,\"publisher\":{\"@id\":\"https:\/\/ramina.fr\/#organization\"},\"articleSection\":[\"Parole de Minots S2\"],\"inLanguage\":\"fr-FR\",\"potentialAction\":[{\"@type\":\"CommentAction\",\"name\":\"Comment\",\"target\":[\"https:\/\/ramina.fr\/index.php\/2020\/09\/14\/bonjour-je-mappelle-abdullah-je-viens-de-la-guinee-conakry-jai-15-ans\/#respond\"]}]},{\"@type\":\"WebPage\",\"@id\":\"https:\/\/ramina.fr\/index.php\/2020\/09\/14\/bonjour-je-mappelle-abdullah-je-viens-de-la-guinee-conakry-jai-15-ans\/\",\"url\":\"https:\/\/ramina.fr\/index.php\/2020\/09\/14\/bonjour-je-mappelle-abdullah-je-viens-de-la-guinee-conakry-jai-15-ans\/\",\"name\":\"Bonjour, je m\u2019appelle Abdullah, je viens de la Guin\u00e9e Conakry, j\u2019ai 15 ans. \ud83d\ude00 | RAMINA\",\"isPartOf\":{\"@id\":\"https:\/\/ramina.fr\/#website\"},\"datePublished\":\"2020-09-14T10:51:59+00:00\",\"dateModified\":\"2020-09-14T10:53:31+00:00\",\"breadcrumb\":{\"@id\":\"https:\/\/ramina.fr\/index.php\/2020\/09\/14\/bonjour-je-mappelle-abdullah-je-viens-de-la-guinee-conakry-jai-15-ans\/#breadcrumb\"},\"inLanguage\":\"fr-FR\",\"potentialAction\":[{\"@type\":\"ReadAction\",\"target\":[\"https:\/\/ramina.fr\/index.php\/2020\/09\/14\/bonjour-je-mappelle-abdullah-je-viens-de-la-guinee-conakry-jai-15-ans\/\"]}]},{\"@type\":\"BreadcrumbList\",\"@id\":\"https:\/\/ramina.fr\/index.php\/2020\/09\/14\/bonjour-je-mappelle-abdullah-je-viens-de-la-guinee-conakry-jai-15-ans\/#breadcrumb\",\"itemListElement\":[{\"@type\":\"ListItem\",\"position\":1,\"name\":\"Accueil\",\"item\":\"https:\/\/ramina.fr\/\"},{\"@type\":\"ListItem\",\"position\":2,\"name\":\"Bonjour, je m\u2019appelle Abdullah, je viens de la Guin\u00e9e Conakry, j\u2019ai 15 ans. \ud83d\ude00\"}]},{\"@type\":\"WebSite\",\"@id\":\"https:\/\/ramina.fr\/#website\",\"url\":\"https:\/\/ramina.fr\/\",\"name\":\"RAMINA\",\"description\":\"R\u00e9seau d\u2019Accueil des Minot.es Non Accompagn\u00e9s\",\"publisher\":{\"@id\":\"https:\/\/ramina.fr\/#organization\"},\"alternateName\":\"R\u00e9seau d'accueil Solidaire des Minots Non Accompagn\u00e9s\",\"potentialAction\":[{\"@type\":\"SearchAction\",\"target\":{\"@type\":\"EntryPoint\",\"urlTemplate\":\"https:\/\/ramina.fr\/?s={search_term_string}\"},\"query-input\":{\"@type\":\"PropertyValueSpecification\",\"valueRequired\":true,\"valueName\":\"search_term_string\"}}],\"inLanguage\":\"fr-FR\"},{\"@type\":\"Organization\",\"@id\":\"https:\/\/ramina.fr\/#organization\",\"name\":\"RAMINA\",\"alternateName\":\"R\u00e9seau d' Accueil des Minots Non Accompagn\u00e9s\",\"url\":\"https:\/\/ramina.fr\/\",\"logo\":{\"@type\":\"ImageObject\",\"inLanguage\":\"fr-FR\",\"@id\":\"https:\/\/ramina.fr\/#\/schema\/logo\/image\/\",\"url\":\"https:\/\/ramina.fr\/wp-content\/uploads\/2025\/02\/LOGO_RAMINA_NOIR_VERTICAL.png\",\"contentUrl\":\"https:\/\/ramina.fr\/wp-content\/uploads\/2025\/02\/LOGO_RAMINA_NOIR_VERTICAL.png\",\"width\":1654,\"height\":1418,\"caption\":\"RAMINA\"},\"image\":{\"@id\":\"https:\/\/ramina.fr\/#\/schema\/logo\/image\/\"},\"sameAs\":[\"https:\/\/www.facebook.com\/contact.ramina\/\",\"https:\/\/www.instagram.com\/ramina_marseille\/\"]},{\"@type\":\"Person\",\"@id\":\"https:\/\/ramina.fr\/#\/schema\/person\/60afb851da2c0c7b9e173324b84144d5\",\"name\":\"Ramina R\u00e9seau\",\"image\":{\"@type\":\"ImageObject\",\"inLanguage\":\"fr-FR\",\"@id\":\"https:\/\/ramina.fr\/#\/schema\/person\/image\/\",\"url\":\"https:\/\/secure.gravatar.com\/avatar\/5985aef3267ffd44adcd4562d2752e99?s=96&d=mm&r=g\",\"contentUrl\":\"https:\/\/secure.gravatar.com\/avatar\/5985aef3267ffd44adcd4562d2752e99?s=96&d=mm&r=g\",\"caption\":\"Ramina R\u00e9seau\"}}]}<\/script>\n<!-- \/ Yoast SEO plugin. -->","yoast_head_json":{"title":"Bonjour, je m\u2019appelle Abdullah, je viens de la Guin\u00e9e Conakry, j\u2019ai 15 ans. \ud83d\ude00 | RAMINA","robots":{"index":"noindex","follow":"follow"},"og_locale":"fr_FR","og_type":"article","og_title":"Bonjour, je m\u2019appelle Abdullah, je viens de la Guin\u00e9e Conakry, j\u2019ai 15 ans. \ud83d\ude00 | RAMINA","og_description":"Je suis en France, \u00e0 Marseille, depuis un mois et demi. Avant ici, j\u2019\u00e9tais en Italie, j\u2019ai fais deux ans l\u00e0 bas mais je n\u2019\u00e9tais pas dans un camp, j\u2019\u00e9tais dans une famille italienne. Durant les deux ans, j\u2019\u00e9tais chez cette famille mais je n\u2019ai pas eu la chance d\u2019aller \u00e0 l\u2019\u00e9cole, ni de faire &hellip; Continuer la lecture de &laquo;&nbsp;Bonjour, je m\u2019appelle Abdullah, je viens de la Guin\u00e9e Conakry, j\u2019ai 15 ans. \ud83d\ude00&nbsp;&raquo;","og_url":"https:\/\/ramina.fr\/index.php\/2020\/09\/14\/bonjour-je-mappelle-abdullah-je-viens-de-la-guinee-conakry-jai-15-ans\/","og_site_name":"RAMINA","article_publisher":"https:\/\/www.facebook.com\/contact.ramina\/","article_published_time":"2020-09-14T10:51:59+00:00","article_modified_time":"2020-09-14T10:53:31+00:00","og_image":[{"width":1200,"height":675,"url":"https:\/\/ramina.fr\/wp-content\/uploads\/2025\/02\/ramina-image-mise-avant-wordpress.jpg","type":"image\/jpeg"}],"author":"Ramina R\u00e9seau","twitter_card":"summary_large_image","twitter_misc":{"\u00c9crit par":"Ramina R\u00e9seau","Dur\u00e9e de lecture estim\u00e9e":"1 minute"},"schema":{"@context":"https:\/\/schema.org","@graph":[{"@type":"Article","@id":"https:\/\/ramina.fr\/index.php\/2020\/09\/14\/bonjour-je-mappelle-abdullah-je-viens-de-la-guinee-conakry-jai-15-ans\/#article","isPartOf":{"@id":"https:\/\/ramina.fr\/index.php\/2020\/09\/14\/bonjour-je-mappelle-abdullah-je-viens-de-la-guinee-conakry-jai-15-ans\/"},"author":{"name":"Ramina R\u00e9seau","@id":"https:\/\/ramina.fr\/#\/schema\/person\/60afb851da2c0c7b9e173324b84144d5"},"headline":"Bonjour, je m\u2019appelle Abdullah, je viens de la Guin\u00e9e Conakry, j\u2019ai 15 ans. \ud83d\ude00","datePublished":"2020-09-14T10:51:59+00:00","dateModified":"2020-09-14T10:53:31+00:00","mainEntityOfPage":{"@id":"https:\/\/ramina.fr\/index.php\/2020\/09\/14\/bonjour-je-mappelle-abdullah-je-viens-de-la-guinee-conakry-jai-15-ans\/"},"wordCount":264,"commentCount":0,"publisher":{"@id":"https:\/\/ramina.fr\/#organization"},"articleSection":["Parole de Minots S2"],"inLanguage":"fr-FR","potentialAction":[{"@type":"CommentAction","name":"Comment","target":["https:\/\/ramina.fr\/index.php\/2020\/09\/14\/bonjour-je-mappelle-abdullah-je-viens-de-la-guinee-conakry-jai-15-ans\/#respond"]}]},{"@type":"WebPage","@id":"https:\/\/ramina.fr\/index.php\/2020\/09\/14\/bonjour-je-mappelle-abdullah-je-viens-de-la-guinee-conakry-jai-15-ans\/","url":"https:\/\/ramina.fr\/index.php\/2020\/09\/14\/bonjour-je-mappelle-abdullah-je-viens-de-la-guinee-conakry-jai-15-ans\/","name":"Bonjour, je m\u2019appelle Abdullah, je viens de la Guin\u00e9e Conakry, j\u2019ai 15 ans. \ud83d\ude00 | RAMINA","isPartOf":{"@id":"https:\/\/ramina.fr\/#website"},"datePublished":"2020-09-14T10:51:59+00:00","dateModified":"2020-09-14T10:53:31+00:00","breadcrumb":{"@id":"https:\/\/ramina.fr\/index.php\/2020\/09\/14\/bonjour-je-mappelle-abdullah-je-viens-de-la-guinee-conakry-jai-15-ans\/#breadcrumb"},"inLanguage":"fr-FR","potentialAction":[{"@type":"ReadAction","target":["https:\/\/ramina.fr\/index.php\/2020\/09\/14\/bonjour-je-mappelle-abdullah-je-viens-de-la-guinee-conakry-jai-15-ans\/"]}]},{"@type":"BreadcrumbList","@id":"https:\/\/ramina.fr\/index.php\/2020\/09\/14\/bonjour-je-mappelle-abdullah-je-viens-de-la-guinee-conakry-jai-15-ans\/#breadcrumb","itemListElement":[{"@type":"ListItem","position":1,"name":"Accueil","item":"https:\/\/ramina.fr\/"},{"@type":"ListItem","position":2,"name":"Bonjour, je m\u2019appelle Abdullah, je viens de la Guin\u00e9e Conakry, j\u2019ai 15 ans. \ud83d\ude00"}]},{"@type":"WebSite","@id":"https:\/\/ramina.fr\/#website","url":"https:\/\/ramina.fr\/","name":"RAMINA","description":"R\u00e9seau d\u2019Accueil des Minot.es Non Accompagn\u00e9s","publisher":{"@id":"https:\/\/ramina.fr\/#organization"},"alternateName":"R\u00e9seau d'accueil Solidaire des Minots Non Accompagn\u00e9s","potentialAction":[{"@type":"SearchAction","target":{"@type":"EntryPoint","urlTemplate":"https:\/\/ramina.fr\/?s={search_term_string}"},"query-input":{"@type":"PropertyValueSpecification","valueRequired":true,"valueName":"search_term_string"}}],"inLanguage":"fr-FR"},{"@type":"Organization","@id":"https:\/\/ramina.fr\/#organization","name":"RAMINA","alternateName":"R\u00e9seau d' Accueil des Minots Non Accompagn\u00e9s","url":"https:\/\/ramina.fr\/","logo":{"@type":"ImageObject","inLanguage":"fr-FR","@id":"https:\/\/ramina.fr\/#\/schema\/logo\/image\/","url":"https:\/\/ramina.fr\/wp-content\/uploads\/2025\/02\/LOGO_RAMINA_NOIR_VERTICAL.png","contentUrl":"https:\/\/ramina.fr\/wp-content\/uploads\/2025\/02\/LOGO_RAMINA_NOIR_VERTICAL.png","width":1654,"height":1418,"caption":"RAMINA"},"image":{"@id":"https:\/\/ramina.fr\/#\/schema\/logo\/image\/"},"sameAs":["https:\/\/www.facebook.com\/contact.ramina\/","https:\/\/www.instagram.com\/ramina_marseille\/"]},{"@type":"Person","@id":"https:\/\/ramina.fr\/#\/schema\/person\/60afb851da2c0c7b9e173324b84144d5","name":"Ramina R\u00e9seau","image":{"@type":"ImageObject","inLanguage":"fr-FR","@id":"https:\/\/ramina.fr\/#\/schema\/person\/image\/","url":"https:\/\/secure.gravatar.com\/avatar\/5985aef3267ffd44adcd4562d2752e99?s=96&d=mm&r=g","contentUrl":"https:\/\/secure.gravatar.com\/avatar\/5985aef3267ffd44adcd4562d2752e99?s=96&d=mm&r=g","caption":"Ramina R\u00e9seau"}}]}},"jetpack_featured_media_url":"","jetpack_sharing_enabled":true,"_links":{"self":[{"href":"https:\/\/ramina.fr\/index.php\/wp-json\/wp\/v2\/posts\/1159","targetHints":{"allow":["GET"]}}],"collection":[{"href":"https:\/\/ramina.fr\/index.php\/wp-json\/wp\/v2\/posts"}],"about":[{"href":"https:\/\/ramina.fr\/index.php\/wp-json\/wp\/v2\/types\/post"}],"author":[{"embeddable":true,"href":"https:\/\/ramina.fr\/index.php\/wp-json\/wp\/v2\/users\/3"}],"replies":[{"embeddable":true,"href":"https:\/\/ramina.fr\/index.php\/wp-json\/wp\/v2\/comments?post=1159"}],"version-history":[{"count":1,"href":"https:\/\/ramina.fr\/index.php\/wp-json\/wp\/v2\/posts\/1159\/revisions"}],"predecessor-version":[{"id":1160,"href":"https:\/\/ramina.fr\/index.php\/wp-json\/wp\/v2\/posts\/1159\/revisions\/1160"}],"wp:attachment":[{"href":"https:\/\/ramina.fr\/index.php\/wp-json\/wp\/v2\/media?parent=1159"}],"wp:term":[{"taxonomy":"category","embeddable":true,"href":"https:\/\/ramina.fr\/index.php\/wp-json\/wp\/v2\/categories?post=1159"},{"taxonomy":"post_tag","embeddable":true,"href":"https:\/\/ramina.fr\/index.php\/wp-json\/wp\/v2\/tags?post=1159"}],"curies":[{"name":"wp","href":"https:\/\/api.w.org\/{rel}","templated":true}]}}