{"id":1152,"date":"2020-09-07T14:15:15","date_gmt":"2020-09-07T12:15:15","guid":{"rendered":"http:\/\/ramina.fr\/?p=1152"},"modified":"2020-09-07T14:15:33","modified_gmt":"2020-09-07T12:15:33","slug":"hello-my-name-is-ronaldo-i-have-15-years-old-and-i-from-nigeria","status":"publish","type":"post","link":"https:\/\/ramina.fr\/index.php\/2020\/09\/07\/hello-my-name-is-ronaldo-i-have-15-years-old-and-i-from-nigeria\/","title":{"rendered":"Hello, my name is Ronaldo, i have 15 years old and i from Nigeria. \ud83d\ude03"},"content":{"rendered":"\n<p>Je suis arriv\u00e9 en France durant cet \u00e9t\u00e9. J\u2019ai choisi de vous expliquer certaines choses de mon histoire. J\u2019ai quitt\u00e9 mon pays \u00e0 l\u2019\u00e2ge de 11 ans avec un ami qui \u00e9tait plus \u00e2g\u00e9 que moi. Je ne savais pas son \u00e2ge, peut \u00eatre 18 ans, il ne me l\u2019a jamais dit, c\u2019\u00e9tait comme un grand fr\u00e8re. Ensemble nous sommes parti au Niger et puis nous sommes all\u00e9s en Libye, j\u2019y suis rest\u00e9 3 ou 4 mois. J\u2019ai perdu mon ami d\u00e8s le d\u00e9but de notre arriv\u00e9e en Libye. J\u2019ai essay\u00e9 d\u2019avoir de ses nouvelles et je ne suis jamais arriv\u00e9 \u00e0 savoir ce qui c\u2019est pass\u00e9. Peut \u00eatre c\u2019est lui qui m\u2019a pay\u00e9 le billet par la suite, je ne sais pas. J\u2019\u00e9tais dans un camp, enferm\u00e9 dans une maison, je ne pouvais pas sortir. Nous n\u2019avions pas \u00e0 manger, juste quelques fois du pain, comme une longue baguette. Nous ne devions pas parler, ni bouger, nous devions rester \u00e0 la m\u00eame place. Apr\u00e8s 2 mois dans le camp, une nuit, un camion est arriv\u00e9 et nous a amen\u00e9 au bord de la mer. Nous avons pris le bateau et le lendemain les sauveteurs italiens nous ont secouru dans un grand bateau. En Italie, je suis rest\u00e9 dans un camp pr\u00e8s de Naples. Nous avions \u00e0 manger mais beaucoup de personnes italiennes blanches \u00e9taient racistes. Elles \u00e9taient en col\u00e8re contre nous, nous disait qu\u2019il fallait revenir dans nos pays. Ce n\u2019est pas tout les italiens, mais 80% d\u2019entre eux. C\u2019\u00e9tait difficile pour moi, je ne pouvais pas aller \u00e0 l\u2019\u00e9cole. Salvini \u00e9tait le premier ministre et disait des propos racistes sur les africains, il voulait d\u00e9truire les camps alors j\u2019ai commenc\u00e9 \u00e0 penser \u00e0 la France. Pendant un temps, j\u2019ai quitt\u00e9 les camps et j\u2019\u00e9tais dans les rues \u00e0 Naples. Durant le confinement, les policiers nous verbalisaient si nous n\u2019avions pas les masques. J\u2019essayais de survivre, \u00e0 ce moment l\u00e0 j\u2019ai commenc\u00e9 \u00e0 changer de ville pour me rapprocher de la France. Ici \u00e0 Marseille, c\u2019est bien pour moi, les gens sont biens et pas racistes. Avant, je suis rest\u00e9 un jour \u00e0 Lyon et c\u2019est bien aussi, les gens viennent te parler. Dans le futur, je voudrais devenir un grand footballeur et aussi un m\u00e9canicien sur les moteurs de voiture. Je n\u2019ai jamais fait \u00e7a, mais quand j\u2019\u00e9tais petit au Nigeria, j\u2019aimais regarder le travail des m\u00e9caniciens. Je voudrais vous faire d\u00e9couvrir un chanteur nig\u00e9rian que j\u2019aime beaucoup, Omah Lay. Il a de tr\u00e8s bons sons, diff\u00e9rents des autres chanteurs nig\u00e9rians, il est tr\u00e8s connu et n\u2019a que 19 ou 20 ans. Et pour finir, je voudrais parler de mon joueur de football pr\u00e9f\u00e9r\u00e9, Cristiano Ronaldo. C\u2019est le joueur le plus fort et c\u2019est une bonne personne, par exemple durant le confinement il a donn\u00e9 beaucoup d\u2019argent pour les h\u00f4pitaux du Portugal. <br>\u270c\ufe0fRdv vendredi pour une nouvelle parole de minot. Partagez, likez, boul\u00e9guez \u270c\ufe0f<\/p>\n\n\n\n<figure class=\"wp-block-embed-youtube wp-block-embed is-type-video is-provider-youtube wp-embed-aspect-16-9 wp-has-aspect-ratio\"><div class=\"wp-block-embed__wrapper\">\n<iframe title=\"Omah Lay - You (Official Video)\" width=\"525\" height=\"295\" src=\"https:\/\/www.youtube.com\/embed\/hxe6Ly4xfkE?feature=oembed\" frameborder=\"0\" allow=\"accelerometer; autoplay; clipboard-write; encrypted-media; gyroscope; picture-in-picture; web-share\" referrerpolicy=\"strict-origin-when-cross-origin\" allowfullscreen><\/iframe>\n<\/div><\/figure>\n","protected":false},"excerpt":{"rendered":"<p>Je suis arriv\u00e9 en France durant cet \u00e9t\u00e9. J\u2019ai choisi de vous expliquer certaines choses de mon histoire. J\u2019ai quitt\u00e9 mon pays \u00e0 l\u2019\u00e2ge de 11 ans avec un ami qui \u00e9tait plus \u00e2g\u00e9 que moi. Je ne savais pas son \u00e2ge, peut \u00eatre 18 ans, il ne me l\u2019a jamais dit, c\u2019\u00e9tait comme un &hellip; <\/p>\n<p class=\"link-more\"><a href=\"https:\/\/ramina.fr\/index.php\/2020\/09\/07\/hello-my-name-is-ronaldo-i-have-15-years-old-and-i-from-nigeria\/\" class=\"more-link\">Continuer la lecture<span class=\"screen-reader-text\"> de &laquo;&nbsp;Hello, my name is Ronaldo, i have 15 years old and i from Nigeria. \ud83d\ude03&nbsp;&raquo;<\/span><\/a><\/p>\n","protected":false},"author":3,"featured_media":0,"comment_status":"open","ping_status":"open","sticky":false,"template":"","format":"standard","meta":{"_jetpack_memberships_contains_paid_content":false,"footnotes":""},"categories":[6],"tags":[],"class_list":["post-1152","post","type-post","status-publish","format-standard","hentry","category-paroledeminotsaison2"],"yoast_head":"<!-- This site is optimized with the Yoast SEO plugin v25.1 - https:\/\/yoast.com\/wordpress\/plugins\/seo\/ -->\n<title>Hello, my name is Ronaldo, i have 15 years old and i from Nigeria. \ud83d\ude03 | RAMINA<\/title>\n<meta name=\"robots\" content=\"noindex, follow\" \/>\n<meta property=\"og:locale\" content=\"fr_FR\" \/>\n<meta property=\"og:type\" content=\"article\" \/>\n<meta property=\"og:title\" content=\"Hello, my name is Ronaldo, i have 15 years old and i from Nigeria. \ud83d\ude03 | RAMINA\" \/>\n<meta property=\"og:description\" content=\"Je suis arriv\u00e9 en France durant cet \u00e9t\u00e9. J\u2019ai choisi de vous expliquer certaines choses de mon histoire. J\u2019ai quitt\u00e9 mon pays \u00e0 l\u2019\u00e2ge de 11 ans avec un ami qui \u00e9tait plus \u00e2g\u00e9 que moi. Je ne savais pas son \u00e2ge, peut \u00eatre 18 ans, il ne me l\u2019a jamais dit, c\u2019\u00e9tait comme un &hellip; Continuer la lecture de &laquo;&nbsp;Hello, my name is Ronaldo, i have 15 years old and i from Nigeria. \ud83d\ude03&nbsp;&raquo;\" \/>\n<meta property=\"og:url\" content=\"https:\/\/ramina.fr\/index.php\/2020\/09\/07\/hello-my-name-is-ronaldo-i-have-15-years-old-and-i-from-nigeria\/\" \/>\n<meta property=\"og:site_name\" content=\"RAMINA\" \/>\n<meta property=\"article:publisher\" content=\"https:\/\/www.facebook.com\/contact.ramina\/\" \/>\n<meta property=\"article:published_time\" content=\"2020-09-07T12:15:15+00:00\" \/>\n<meta property=\"article:modified_time\" content=\"2020-09-07T12:15:33+00:00\" \/>\n<meta property=\"og:image\" content=\"https:\/\/ramina.fr\/wp-content\/uploads\/2025\/02\/ramina-image-mise-avant-wordpress.jpg\" \/>\n\t<meta property=\"og:image:width\" content=\"1200\" \/>\n\t<meta property=\"og:image:height\" content=\"675\" \/>\n\t<meta property=\"og:image:type\" content=\"image\/jpeg\" \/>\n<meta name=\"author\" content=\"Ramina R\u00e9seau\" \/>\n<meta name=\"twitter:card\" content=\"summary_large_image\" \/>\n<meta name=\"twitter:label1\" content=\"\u00c9crit par\" \/>\n\t<meta name=\"twitter:data1\" content=\"Ramina R\u00e9seau\" \/>\n\t<meta name=\"twitter:label2\" content=\"Dur\u00e9e de lecture estim\u00e9e\" \/>\n\t<meta name=\"twitter:data2\" content=\"3 minutes\" \/>\n<script type=\"application\/ld+json\" class=\"yoast-schema-graph\">{\"@context\":\"https:\/\/schema.org\",\"@graph\":[{\"@type\":\"Article\",\"@id\":\"https:\/\/ramina.fr\/index.php\/2020\/09\/07\/hello-my-name-is-ronaldo-i-have-15-years-old-and-i-from-nigeria\/#article\",\"isPartOf\":{\"@id\":\"https:\/\/ramina.fr\/index.php\/2020\/09\/07\/hello-my-name-is-ronaldo-i-have-15-years-old-and-i-from-nigeria\/\"},\"author\":{\"name\":\"Ramina R\u00e9seau\",\"@id\":\"https:\/\/ramina.fr\/#\/schema\/person\/60afb851da2c0c7b9e173324b84144d5\"},\"headline\":\"Hello, my name is Ronaldo, i have 15 years old and i from Nigeria. \ud83d\ude03\",\"datePublished\":\"2020-09-07T12:15:15+00:00\",\"dateModified\":\"2020-09-07T12:15:33+00:00\",\"mainEntityOfPage\":{\"@id\":\"https:\/\/ramina.fr\/index.php\/2020\/09\/07\/hello-my-name-is-ronaldo-i-have-15-years-old-and-i-from-nigeria\/\"},\"wordCount\":543,\"commentCount\":0,\"publisher\":{\"@id\":\"https:\/\/ramina.fr\/#organization\"},\"articleSection\":[\"Parole de Minots S2\"],\"inLanguage\":\"fr-FR\",\"potentialAction\":[{\"@type\":\"CommentAction\",\"name\":\"Comment\",\"target\":[\"https:\/\/ramina.fr\/index.php\/2020\/09\/07\/hello-my-name-is-ronaldo-i-have-15-years-old-and-i-from-nigeria\/#respond\"]}]},{\"@type\":\"WebPage\",\"@id\":\"https:\/\/ramina.fr\/index.php\/2020\/09\/07\/hello-my-name-is-ronaldo-i-have-15-years-old-and-i-from-nigeria\/\",\"url\":\"https:\/\/ramina.fr\/index.php\/2020\/09\/07\/hello-my-name-is-ronaldo-i-have-15-years-old-and-i-from-nigeria\/\",\"name\":\"Hello, my name is Ronaldo, i have 15 years old and i from Nigeria. \ud83d\ude03 | RAMINA\",\"isPartOf\":{\"@id\":\"https:\/\/ramina.fr\/#website\"},\"datePublished\":\"2020-09-07T12:15:15+00:00\",\"dateModified\":\"2020-09-07T12:15:33+00:00\",\"breadcrumb\":{\"@id\":\"https:\/\/ramina.fr\/index.php\/2020\/09\/07\/hello-my-name-is-ronaldo-i-have-15-years-old-and-i-from-nigeria\/#breadcrumb\"},\"inLanguage\":\"fr-FR\",\"potentialAction\":[{\"@type\":\"ReadAction\",\"target\":[\"https:\/\/ramina.fr\/index.php\/2020\/09\/07\/hello-my-name-is-ronaldo-i-have-15-years-old-and-i-from-nigeria\/\"]}]},{\"@type\":\"BreadcrumbList\",\"@id\":\"https:\/\/ramina.fr\/index.php\/2020\/09\/07\/hello-my-name-is-ronaldo-i-have-15-years-old-and-i-from-nigeria\/#breadcrumb\",\"itemListElement\":[{\"@type\":\"ListItem\",\"position\":1,\"name\":\"Accueil\",\"item\":\"https:\/\/ramina.fr\/\"},{\"@type\":\"ListItem\",\"position\":2,\"name\":\"Hello, my name is Ronaldo, i have 15 years old and i from Nigeria. \ud83d\ude03\"}]},{\"@type\":\"WebSite\",\"@id\":\"https:\/\/ramina.fr\/#website\",\"url\":\"https:\/\/ramina.fr\/\",\"name\":\"RAMINA\",\"description\":\"R\u00e9seau d\u2019Accueil des Minot.es Non Accompagn\u00e9s\",\"publisher\":{\"@id\":\"https:\/\/ramina.fr\/#organization\"},\"alternateName\":\"R\u00e9seau d'accueil Solidaire des Minots Non Accompagn\u00e9s\",\"potentialAction\":[{\"@type\":\"SearchAction\",\"target\":{\"@type\":\"EntryPoint\",\"urlTemplate\":\"https:\/\/ramina.fr\/?s={search_term_string}\"},\"query-input\":{\"@type\":\"PropertyValueSpecification\",\"valueRequired\":true,\"valueName\":\"search_term_string\"}}],\"inLanguage\":\"fr-FR\"},{\"@type\":\"Organization\",\"@id\":\"https:\/\/ramina.fr\/#organization\",\"name\":\"RAMINA\",\"alternateName\":\"R\u00e9seau d' Accueil des Minots Non Accompagn\u00e9s\",\"url\":\"https:\/\/ramina.fr\/\",\"logo\":{\"@type\":\"ImageObject\",\"inLanguage\":\"fr-FR\",\"@id\":\"https:\/\/ramina.fr\/#\/schema\/logo\/image\/\",\"url\":\"https:\/\/ramina.fr\/wp-content\/uploads\/2025\/02\/LOGO_RAMINA_NOIR_VERTICAL.png\",\"contentUrl\":\"https:\/\/ramina.fr\/wp-content\/uploads\/2025\/02\/LOGO_RAMINA_NOIR_VERTICAL.png\",\"width\":1654,\"height\":1418,\"caption\":\"RAMINA\"},\"image\":{\"@id\":\"https:\/\/ramina.fr\/#\/schema\/logo\/image\/\"},\"sameAs\":[\"https:\/\/www.facebook.com\/contact.ramina\/\",\"https:\/\/www.instagram.com\/ramina_marseille\/\"]},{\"@type\":\"Person\",\"@id\":\"https:\/\/ramina.fr\/#\/schema\/person\/60afb851da2c0c7b9e173324b84144d5\",\"name\":\"Ramina R\u00e9seau\",\"image\":{\"@type\":\"ImageObject\",\"inLanguage\":\"fr-FR\",\"@id\":\"https:\/\/ramina.fr\/#\/schema\/person\/image\/\",\"url\":\"https:\/\/secure.gravatar.com\/avatar\/5985aef3267ffd44adcd4562d2752e99?s=96&d=mm&r=g\",\"contentUrl\":\"https:\/\/secure.gravatar.com\/avatar\/5985aef3267ffd44adcd4562d2752e99?s=96&d=mm&r=g\",\"caption\":\"Ramina R\u00e9seau\"}}]}<\/script>\n<!-- \/ Yoast SEO plugin. -->","yoast_head_json":{"title":"Hello, my name is Ronaldo, i have 15 years old and i from Nigeria. \ud83d\ude03 | RAMINA","robots":{"index":"noindex","follow":"follow"},"og_locale":"fr_FR","og_type":"article","og_title":"Hello, my name is Ronaldo, i have 15 years old and i from Nigeria. \ud83d\ude03 | RAMINA","og_description":"Je suis arriv\u00e9 en France durant cet \u00e9t\u00e9. J\u2019ai choisi de vous expliquer certaines choses de mon histoire. J\u2019ai quitt\u00e9 mon pays \u00e0 l\u2019\u00e2ge de 11 ans avec un ami qui \u00e9tait plus \u00e2g\u00e9 que moi. Je ne savais pas son \u00e2ge, peut \u00eatre 18 ans, il ne me l\u2019a jamais dit, c\u2019\u00e9tait comme un &hellip; Continuer la lecture de &laquo;&nbsp;Hello, my name is Ronaldo, i have 15 years old and i from Nigeria. \ud83d\ude03&nbsp;&raquo;","og_url":"https:\/\/ramina.fr\/index.php\/2020\/09\/07\/hello-my-name-is-ronaldo-i-have-15-years-old-and-i-from-nigeria\/","og_site_name":"RAMINA","article_publisher":"https:\/\/www.facebook.com\/contact.ramina\/","article_published_time":"2020-09-07T12:15:15+00:00","article_modified_time":"2020-09-07T12:15:33+00:00","og_image":[{"width":1200,"height":675,"url":"https:\/\/ramina.fr\/wp-content\/uploads\/2025\/02\/ramina-image-mise-avant-wordpress.jpg","type":"image\/jpeg"}],"author":"Ramina R\u00e9seau","twitter_card":"summary_large_image","twitter_misc":{"\u00c9crit par":"Ramina R\u00e9seau","Dur\u00e9e de lecture estim\u00e9e":"3 minutes"},"schema":{"@context":"https:\/\/schema.org","@graph":[{"@type":"Article","@id":"https:\/\/ramina.fr\/index.php\/2020\/09\/07\/hello-my-name-is-ronaldo-i-have-15-years-old-and-i-from-nigeria\/#article","isPartOf":{"@id":"https:\/\/ramina.fr\/index.php\/2020\/09\/07\/hello-my-name-is-ronaldo-i-have-15-years-old-and-i-from-nigeria\/"},"author":{"name":"Ramina R\u00e9seau","@id":"https:\/\/ramina.fr\/#\/schema\/person\/60afb851da2c0c7b9e173324b84144d5"},"headline":"Hello, my name is Ronaldo, i have 15 years old and i from Nigeria. \ud83d\ude03","datePublished":"2020-09-07T12:15:15+00:00","dateModified":"2020-09-07T12:15:33+00:00","mainEntityOfPage":{"@id":"https:\/\/ramina.fr\/index.php\/2020\/09\/07\/hello-my-name-is-ronaldo-i-have-15-years-old-and-i-from-nigeria\/"},"wordCount":543,"commentCount":0,"publisher":{"@id":"https:\/\/ramina.fr\/#organization"},"articleSection":["Parole de Minots S2"],"inLanguage":"fr-FR","potentialAction":[{"@type":"CommentAction","name":"Comment","target":["https:\/\/ramina.fr\/index.php\/2020\/09\/07\/hello-my-name-is-ronaldo-i-have-15-years-old-and-i-from-nigeria\/#respond"]}]},{"@type":"WebPage","@id":"https:\/\/ramina.fr\/index.php\/2020\/09\/07\/hello-my-name-is-ronaldo-i-have-15-years-old-and-i-from-nigeria\/","url":"https:\/\/ramina.fr\/index.php\/2020\/09\/07\/hello-my-name-is-ronaldo-i-have-15-years-old-and-i-from-nigeria\/","name":"Hello, my name is Ronaldo, i have 15 years old and i from Nigeria. \ud83d\ude03 | RAMINA","isPartOf":{"@id":"https:\/\/ramina.fr\/#website"},"datePublished":"2020-09-07T12:15:15+00:00","dateModified":"2020-09-07T12:15:33+00:00","breadcrumb":{"@id":"https:\/\/ramina.fr\/index.php\/2020\/09\/07\/hello-my-name-is-ronaldo-i-have-15-years-old-and-i-from-nigeria\/#breadcrumb"},"inLanguage":"fr-FR","potentialAction":[{"@type":"ReadAction","target":["https:\/\/ramina.fr\/index.php\/2020\/09\/07\/hello-my-name-is-ronaldo-i-have-15-years-old-and-i-from-nigeria\/"]}]},{"@type":"BreadcrumbList","@id":"https:\/\/ramina.fr\/index.php\/2020\/09\/07\/hello-my-name-is-ronaldo-i-have-15-years-old-and-i-from-nigeria\/#breadcrumb","itemListElement":[{"@type":"ListItem","position":1,"name":"Accueil","item":"https:\/\/ramina.fr\/"},{"@type":"ListItem","position":2,"name":"Hello, my name is Ronaldo, i have 15 years old and i from Nigeria. \ud83d\ude03"}]},{"@type":"WebSite","@id":"https:\/\/ramina.fr\/#website","url":"https:\/\/ramina.fr\/","name":"RAMINA","description":"R\u00e9seau d\u2019Accueil des Minot.es Non Accompagn\u00e9s","publisher":{"@id":"https:\/\/ramina.fr\/#organization"},"alternateName":"R\u00e9seau d'accueil Solidaire des Minots Non Accompagn\u00e9s","potentialAction":[{"@type":"SearchAction","target":{"@type":"EntryPoint","urlTemplate":"https:\/\/ramina.fr\/?s={search_term_string}"},"query-input":{"@type":"PropertyValueSpecification","valueRequired":true,"valueName":"search_term_string"}}],"inLanguage":"fr-FR"},{"@type":"Organization","@id":"https:\/\/ramina.fr\/#organization","name":"RAMINA","alternateName":"R\u00e9seau d' Accueil des Minots Non Accompagn\u00e9s","url":"https:\/\/ramina.fr\/","logo":{"@type":"ImageObject","inLanguage":"fr-FR","@id":"https:\/\/ramina.fr\/#\/schema\/logo\/image\/","url":"https:\/\/ramina.fr\/wp-content\/uploads\/2025\/02\/LOGO_RAMINA_NOIR_VERTICAL.png","contentUrl":"https:\/\/ramina.fr\/wp-content\/uploads\/2025\/02\/LOGO_RAMINA_NOIR_VERTICAL.png","width":1654,"height":1418,"caption":"RAMINA"},"image":{"@id":"https:\/\/ramina.fr\/#\/schema\/logo\/image\/"},"sameAs":["https:\/\/www.facebook.com\/contact.ramina\/","https:\/\/www.instagram.com\/ramina_marseille\/"]},{"@type":"Person","@id":"https:\/\/ramina.fr\/#\/schema\/person\/60afb851da2c0c7b9e173324b84144d5","name":"Ramina R\u00e9seau","image":{"@type":"ImageObject","inLanguage":"fr-FR","@id":"https:\/\/ramina.fr\/#\/schema\/person\/image\/","url":"https:\/\/secure.gravatar.com\/avatar\/5985aef3267ffd44adcd4562d2752e99?s=96&d=mm&r=g","contentUrl":"https:\/\/secure.gravatar.com\/avatar\/5985aef3267ffd44adcd4562d2752e99?s=96&d=mm&r=g","caption":"Ramina R\u00e9seau"}}]}},"jetpack_featured_media_url":"","jetpack_sharing_enabled":true,"_links":{"self":[{"href":"https:\/\/ramina.fr\/index.php\/wp-json\/wp\/v2\/posts\/1152","targetHints":{"allow":["GET"]}}],"collection":[{"href":"https:\/\/ramina.fr\/index.php\/wp-json\/wp\/v2\/posts"}],"about":[{"href":"https:\/\/ramina.fr\/index.php\/wp-json\/wp\/v2\/types\/post"}],"author":[{"embeddable":true,"href":"https:\/\/ramina.fr\/index.php\/wp-json\/wp\/v2\/users\/3"}],"replies":[{"embeddable":true,"href":"https:\/\/ramina.fr\/index.php\/wp-json\/wp\/v2\/comments?post=1152"}],"version-history":[{"count":1,"href":"https:\/\/ramina.fr\/index.php\/wp-json\/wp\/v2\/posts\/1152\/revisions"}],"predecessor-version":[{"id":1153,"href":"https:\/\/ramina.fr\/index.php\/wp-json\/wp\/v2\/posts\/1152\/revisions\/1153"}],"wp:attachment":[{"href":"https:\/\/ramina.fr\/index.php\/wp-json\/wp\/v2\/media?parent=1152"}],"wp:term":[{"taxonomy":"category","embeddable":true,"href":"https:\/\/ramina.fr\/index.php\/wp-json\/wp\/v2\/categories?post=1152"},{"taxonomy":"post_tag","embeddable":true,"href":"https:\/\/ramina.fr\/index.php\/wp-json\/wp\/v2\/tags?post=1152"}],"curies":[{"name":"wp","href":"https:\/\/api.w.org\/{rel}","templated":true}]}}