{"id":113,"date":"2019-11-08T12:03:00","date_gmt":"2019-11-08T11:03:00","guid":{"rendered":"http:\/\/ramina.fr\/?p=113"},"modified":"2020-03-28T11:59:24","modified_gmt":"2020-03-28T10:59:24","slug":"dissertation-de-minot-bonjour-je-mappelle-hamid-jai-15-ans-presque-16-ans","status":"publish","type":"post","link":"https:\/\/ramina.fr\/index.php\/2019\/11\/08\/dissertation-de-minot-bonjour-je-mappelle-hamid-jai-15-ans-presque-16-ans\/","title":{"rendered":"Dissertation de Minot  :  Bonjour, je m\u2019appelle Hamid, j\u2019ai 15 ans presque 16 ans \ud83d\ude00"},"content":{"rendered":"\n<p>Je viens de  Guin\u00e9e Conakry, \u00e7a fait presque 2 ans que je suis \u00e0 Marseille. Ici,  je fais de l\u2019\u00e9lectricit\u00e9 au lyc\u00e9e. Maintenant \u00e7a fait 3 mois que je  suis au foyer, avant j\u2019ai fais un an dans deux h\u00f4tels. J\u2019ai eu de la  chance car j\u2019ai jamais dormi dehors par comme certains de mes coll\u00e8gues.  \u00c7a fait quelques temps que je r\u00e9fl\u00e9chis \u00e0 faire mon parole de minot,  mais maintenant j\u2019ai tout mang\u00e9. \u201cJ\u2019ai tout mang\u00e9\u201d \u00e7a c\u2019est une  expression de chez moi, typiquement en langue soussou. Si j\u2019ai quelque  chose que j\u2019aimerai dire sur la France, c\u2019est que je trouve qu\u2019ici il  y\u2019a beaucoup de solitudes, notamment avec les personnes \u00e2g\u00e9es. Chez moi,  on ne laisse pas les personnes toutes seules, ou \u00e0 la maison de  retraite. Elles restent en famille o\u00f9 on prend soin d\u2019elles et o\u00f9 elles  pourront jouer avec leurs petits enfants et leurs enfants. Une autre  chose que je voudrais dire, c\u2019est \u00e0 propos des enfants et notamment ceux  de mon \u00e2ge. Certains sont nickels et par contre d\u2019autres c\u2019est la  catastrophe, car ils sont difficiles de g\u00e9rer en classe. Par exemple,  chez nous si un enfant insulte une personne plus \u00e2g\u00e9e, ses deux parents  seront le plus souvent pas d\u2019accord avec l\u2019enfant, car pour eux c\u2019est \u00e0  eux de s\u2019en occuper. Seul les parents ont le droit de chiquoter, c\u2019est \u00e0  dire de donner des fess\u00e9es \u00e0 leurs propres enfants. Je trouve que chez  nous c\u2019est plus facile d&rsquo;\u00e9duquer un enfant car ils n\u2019ont pas acc\u00e8s \u00e0  tout ce qui peut nuire \u00e0 leurs \u00e9ducation comme internet et les \u00e9crans de  t\u00e9l\u00e9 en permanence. Et puis je vais ajouter quelque chose de tr\u00e8s  important, quand on est chez nous en afrique, avec les r\u00e9seaux sociaux,  les photos, les publicit\u00e9s, on pense qu\u2019il y\u2019a tout en France et c\u2019est  pas \u00e7a. Ici, il y\u2019a des gens tr\u00e8s riches mais aussi des gens tr\u00e8s  pauvres qui dorment dans la rue. Chez nous les gens qui dorment dehors  sont souvent fous alors qu\u2019ici il y\u2019a m\u00eame des gens normaux. Merci pour  votre lecture et j\u2019aime la diversit\u00e9 culturelle qu\u2019il y\u2019a en France.  Pour finir je voudrais vous faire d\u00e9couvrir cette chanson de  Banlieuz\u2019art. Dans celle-ci, il dit que ce sont nos mamans qui nous  aiment plus que tout et qu\u2019on s\u2019en rend compte souvent quand elles ne  sont plus l\u00e0. Et que m\u00eame si on a rien \u00e0 donner, il faut donner la paix  du c\u0153ur \u00e0 nos mamans.  (\u201cn\u2019ga\u201d veut dire \u201cmaman\u201d en langue soussou) . \u270c\ufe0fRdv lundi pour une nouvelle parole de minot. Partagez, likez, boul\u00e9guez. \u270c\ufe0f <\/p>\n\n\n\n<figure class=\"wp-block-embed-youtube wp-block-embed is-type-video is-provider-youtube wp-embed-aspect-16-9 wp-has-aspect-ratio\"><div class=\"wp-block-embed__wrapper\">\nhttps:\/\/www.youtube.com\/watch?v=xWpsQcRuiZc\n<\/div><\/figure>\n","protected":false},"excerpt":{"rendered":"<p>Je viens de Guin\u00e9e Conakry, \u00e7a fait presque 2 ans que je suis \u00e0 Marseille. Ici, je fais de l\u2019\u00e9lectricit\u00e9 au lyc\u00e9e. Maintenant \u00e7a fait 3 mois que je suis au foyer, avant j\u2019ai fais un an dans deux h\u00f4tels. J\u2019ai eu de la chance car j\u2019ai jamais dormi dehors par comme certains de mes &hellip; <\/p>\n<p class=\"link-more\"><a href=\"https:\/\/ramina.fr\/index.php\/2019\/11\/08\/dissertation-de-minot-bonjour-je-mappelle-hamid-jai-15-ans-presque-16-ans\/\" class=\"more-link\">Continuer la lecture<span class=\"screen-reader-text\"> de &laquo;&nbsp;Dissertation de Minot  :  Bonjour, je m\u2019appelle Hamid, j\u2019ai 15 ans presque 16 ans \ud83d\ude00&nbsp;&raquo;<\/span><\/a><\/p>\n","protected":false},"author":3,"featured_media":0,"comment_status":"open","ping_status":"open","sticky":false,"template":"","format":"standard","meta":{"_jetpack_memberships_contains_paid_content":false,"footnotes":""},"categories":[4],"tags":[],"class_list":["post-113","post","type-post","status-publish","format-standard","hentry","category-paroleminotsaison1"],"yoast_head":"<!-- This site is optimized with the Yoast SEO plugin v25.1 - https:\/\/yoast.com\/wordpress\/plugins\/seo\/ -->\n<title>Dissertation de Minot : Bonjour, je m\u2019appelle Hamid, j\u2019ai 15 ans presque 16 ans \ud83d\ude00 | RAMINA<\/title>\n<meta name=\"robots\" content=\"noindex, follow\" \/>\n<meta property=\"og:locale\" content=\"fr_FR\" \/>\n<meta property=\"og:type\" content=\"article\" \/>\n<meta property=\"og:title\" content=\"Dissertation de Minot : Bonjour, je m\u2019appelle Hamid, j\u2019ai 15 ans presque 16 ans \ud83d\ude00 | RAMINA\" \/>\n<meta property=\"og:description\" content=\"Je viens de Guin\u00e9e Conakry, \u00e7a fait presque 2 ans que je suis \u00e0 Marseille. Ici, je fais de l\u2019\u00e9lectricit\u00e9 au lyc\u00e9e. Maintenant \u00e7a fait 3 mois que je suis au foyer, avant j\u2019ai fais un an dans deux h\u00f4tels. J\u2019ai eu de la chance car j\u2019ai jamais dormi dehors par comme certains de mes &hellip; Continuer la lecture de &laquo;&nbsp;Dissertation de Minot : Bonjour, je m\u2019appelle Hamid, j\u2019ai 15 ans presque 16 ans \ud83d\ude00&nbsp;&raquo;\" \/>\n<meta property=\"og:url\" content=\"https:\/\/ramina.fr\/index.php\/2019\/11\/08\/dissertation-de-minot-bonjour-je-mappelle-hamid-jai-15-ans-presque-16-ans\/\" \/>\n<meta property=\"og:site_name\" content=\"RAMINA\" \/>\n<meta property=\"article:publisher\" content=\"https:\/\/www.facebook.com\/contact.ramina\/\" \/>\n<meta property=\"article:published_time\" content=\"2019-11-08T11:03:00+00:00\" \/>\n<meta property=\"article:modified_time\" content=\"2020-03-28T10:59:24+00:00\" \/>\n<meta property=\"og:image\" content=\"https:\/\/ramina.fr\/wp-content\/uploads\/2025\/02\/ramina-image-mise-avant-wordpress.jpg\" \/>\n\t<meta property=\"og:image:width\" content=\"1200\" \/>\n\t<meta property=\"og:image:height\" content=\"675\" \/>\n\t<meta property=\"og:image:type\" content=\"image\/jpeg\" \/>\n<meta name=\"author\" content=\"Ramina R\u00e9seau\" \/>\n<meta name=\"twitter:card\" content=\"summary_large_image\" \/>\n<meta name=\"twitter:label1\" content=\"\u00c9crit par\" \/>\n\t<meta name=\"twitter:data1\" content=\"Ramina R\u00e9seau\" \/>\n\t<meta name=\"twitter:label2\" content=\"Dur\u00e9e de lecture estim\u00e9e\" \/>\n\t<meta name=\"twitter:data2\" content=\"2 minutes\" \/>\n<script type=\"application\/ld+json\" class=\"yoast-schema-graph\">{\"@context\":\"https:\/\/schema.org\",\"@graph\":[{\"@type\":\"Article\",\"@id\":\"https:\/\/ramina.fr\/index.php\/2019\/11\/08\/dissertation-de-minot-bonjour-je-mappelle-hamid-jai-15-ans-presque-16-ans\/#article\",\"isPartOf\":{\"@id\":\"https:\/\/ramina.fr\/index.php\/2019\/11\/08\/dissertation-de-minot-bonjour-je-mappelle-hamid-jai-15-ans-presque-16-ans\/\"},\"author\":{\"name\":\"Ramina R\u00e9seau\",\"@id\":\"https:\/\/ramina.fr\/#\/schema\/person\/60afb851da2c0c7b9e173324b84144d5\"},\"headline\":\"Dissertation de Minot : Bonjour, je m\u2019appelle Hamid, j\u2019ai 15 ans presque 16 ans \ud83d\ude00\",\"datePublished\":\"2019-11-08T11:03:00+00:00\",\"dateModified\":\"2020-03-28T10:59:24+00:00\",\"mainEntityOfPage\":{\"@id\":\"https:\/\/ramina.fr\/index.php\/2019\/11\/08\/dissertation-de-minot-bonjour-je-mappelle-hamid-jai-15-ans-presque-16-ans\/\"},\"wordCount\":497,\"commentCount\":0,\"publisher\":{\"@id\":\"https:\/\/ramina.fr\/#organization\"},\"articleSection\":[\"Parole de Minots S1\"],\"inLanguage\":\"fr-FR\",\"potentialAction\":[{\"@type\":\"CommentAction\",\"name\":\"Comment\",\"target\":[\"https:\/\/ramina.fr\/index.php\/2019\/11\/08\/dissertation-de-minot-bonjour-je-mappelle-hamid-jai-15-ans-presque-16-ans\/#respond\"]}]},{\"@type\":\"WebPage\",\"@id\":\"https:\/\/ramina.fr\/index.php\/2019\/11\/08\/dissertation-de-minot-bonjour-je-mappelle-hamid-jai-15-ans-presque-16-ans\/\",\"url\":\"https:\/\/ramina.fr\/index.php\/2019\/11\/08\/dissertation-de-minot-bonjour-je-mappelle-hamid-jai-15-ans-presque-16-ans\/\",\"name\":\"Dissertation de Minot : Bonjour, je m\u2019appelle Hamid, j\u2019ai 15 ans presque 16 ans \ud83d\ude00 | RAMINA\",\"isPartOf\":{\"@id\":\"https:\/\/ramina.fr\/#website\"},\"datePublished\":\"2019-11-08T11:03:00+00:00\",\"dateModified\":\"2020-03-28T10:59:24+00:00\",\"breadcrumb\":{\"@id\":\"https:\/\/ramina.fr\/index.php\/2019\/11\/08\/dissertation-de-minot-bonjour-je-mappelle-hamid-jai-15-ans-presque-16-ans\/#breadcrumb\"},\"inLanguage\":\"fr-FR\",\"potentialAction\":[{\"@type\":\"ReadAction\",\"target\":[\"https:\/\/ramina.fr\/index.php\/2019\/11\/08\/dissertation-de-minot-bonjour-je-mappelle-hamid-jai-15-ans-presque-16-ans\/\"]}]},{\"@type\":\"BreadcrumbList\",\"@id\":\"https:\/\/ramina.fr\/index.php\/2019\/11\/08\/dissertation-de-minot-bonjour-je-mappelle-hamid-jai-15-ans-presque-16-ans\/#breadcrumb\",\"itemListElement\":[{\"@type\":\"ListItem\",\"position\":1,\"name\":\"Accueil\",\"item\":\"https:\/\/ramina.fr\/\"},{\"@type\":\"ListItem\",\"position\":2,\"name\":\"Dissertation de Minot : Bonjour, je m\u2019appelle Hamid, j\u2019ai 15 ans presque 16 ans \ud83d\ude00\"}]},{\"@type\":\"WebSite\",\"@id\":\"https:\/\/ramina.fr\/#website\",\"url\":\"https:\/\/ramina.fr\/\",\"name\":\"RAMINA\",\"description\":\"R\u00e9seau d\u2019Accueil des Minot.es Non Accompagn\u00e9s\",\"publisher\":{\"@id\":\"https:\/\/ramina.fr\/#organization\"},\"alternateName\":\"R\u00e9seau d'accueil Solidaire des Minots Non Accompagn\u00e9s\",\"potentialAction\":[{\"@type\":\"SearchAction\",\"target\":{\"@type\":\"EntryPoint\",\"urlTemplate\":\"https:\/\/ramina.fr\/?s={search_term_string}\"},\"query-input\":{\"@type\":\"PropertyValueSpecification\",\"valueRequired\":true,\"valueName\":\"search_term_string\"}}],\"inLanguage\":\"fr-FR\"},{\"@type\":\"Organization\",\"@id\":\"https:\/\/ramina.fr\/#organization\",\"name\":\"RAMINA\",\"alternateName\":\"R\u00e9seau d' Accueil des Minots Non Accompagn\u00e9s\",\"url\":\"https:\/\/ramina.fr\/\",\"logo\":{\"@type\":\"ImageObject\",\"inLanguage\":\"fr-FR\",\"@id\":\"https:\/\/ramina.fr\/#\/schema\/logo\/image\/\",\"url\":\"https:\/\/ramina.fr\/wp-content\/uploads\/2025\/02\/LOGO_RAMINA_NOIR_VERTICAL.png\",\"contentUrl\":\"https:\/\/ramina.fr\/wp-content\/uploads\/2025\/02\/LOGO_RAMINA_NOIR_VERTICAL.png\",\"width\":1654,\"height\":1418,\"caption\":\"RAMINA\"},\"image\":{\"@id\":\"https:\/\/ramina.fr\/#\/schema\/logo\/image\/\"},\"sameAs\":[\"https:\/\/www.facebook.com\/contact.ramina\/\",\"https:\/\/www.instagram.com\/ramina_marseille\/\"]},{\"@type\":\"Person\",\"@id\":\"https:\/\/ramina.fr\/#\/schema\/person\/60afb851da2c0c7b9e173324b84144d5\",\"name\":\"Ramina R\u00e9seau\",\"image\":{\"@type\":\"ImageObject\",\"inLanguage\":\"fr-FR\",\"@id\":\"https:\/\/ramina.fr\/#\/schema\/person\/image\/\",\"url\":\"https:\/\/secure.gravatar.com\/avatar\/5985aef3267ffd44adcd4562d2752e99?s=96&d=mm&r=g\",\"contentUrl\":\"https:\/\/secure.gravatar.com\/avatar\/5985aef3267ffd44adcd4562d2752e99?s=96&d=mm&r=g\",\"caption\":\"Ramina R\u00e9seau\"}}]}<\/script>\n<!-- \/ Yoast SEO plugin. -->","yoast_head_json":{"title":"Dissertation de Minot : Bonjour, je m\u2019appelle Hamid, j\u2019ai 15 ans presque 16 ans \ud83d\ude00 | RAMINA","robots":{"index":"noindex","follow":"follow"},"og_locale":"fr_FR","og_type":"article","og_title":"Dissertation de Minot : Bonjour, je m\u2019appelle Hamid, j\u2019ai 15 ans presque 16 ans \ud83d\ude00 | RAMINA","og_description":"Je viens de Guin\u00e9e Conakry, \u00e7a fait presque 2 ans que je suis \u00e0 Marseille. Ici, je fais de l\u2019\u00e9lectricit\u00e9 au lyc\u00e9e. Maintenant \u00e7a fait 3 mois que je suis au foyer, avant j\u2019ai fais un an dans deux h\u00f4tels. J\u2019ai eu de la chance car j\u2019ai jamais dormi dehors par comme certains de mes &hellip; Continuer la lecture de &laquo;&nbsp;Dissertation de Minot : Bonjour, je m\u2019appelle Hamid, j\u2019ai 15 ans presque 16 ans \ud83d\ude00&nbsp;&raquo;","og_url":"https:\/\/ramina.fr\/index.php\/2019\/11\/08\/dissertation-de-minot-bonjour-je-mappelle-hamid-jai-15-ans-presque-16-ans\/","og_site_name":"RAMINA","article_publisher":"https:\/\/www.facebook.com\/contact.ramina\/","article_published_time":"2019-11-08T11:03:00+00:00","article_modified_time":"2020-03-28T10:59:24+00:00","og_image":[{"width":1200,"height":675,"url":"https:\/\/ramina.fr\/wp-content\/uploads\/2025\/02\/ramina-image-mise-avant-wordpress.jpg","type":"image\/jpeg"}],"author":"Ramina R\u00e9seau","twitter_card":"summary_large_image","twitter_misc":{"\u00c9crit par":"Ramina R\u00e9seau","Dur\u00e9e de lecture estim\u00e9e":"2 minutes"},"schema":{"@context":"https:\/\/schema.org","@graph":[{"@type":"Article","@id":"https:\/\/ramina.fr\/index.php\/2019\/11\/08\/dissertation-de-minot-bonjour-je-mappelle-hamid-jai-15-ans-presque-16-ans\/#article","isPartOf":{"@id":"https:\/\/ramina.fr\/index.php\/2019\/11\/08\/dissertation-de-minot-bonjour-je-mappelle-hamid-jai-15-ans-presque-16-ans\/"},"author":{"name":"Ramina R\u00e9seau","@id":"https:\/\/ramina.fr\/#\/schema\/person\/60afb851da2c0c7b9e173324b84144d5"},"headline":"Dissertation de Minot : Bonjour, je m\u2019appelle Hamid, j\u2019ai 15 ans presque 16 ans \ud83d\ude00","datePublished":"2019-11-08T11:03:00+00:00","dateModified":"2020-03-28T10:59:24+00:00","mainEntityOfPage":{"@id":"https:\/\/ramina.fr\/index.php\/2019\/11\/08\/dissertation-de-minot-bonjour-je-mappelle-hamid-jai-15-ans-presque-16-ans\/"},"wordCount":497,"commentCount":0,"publisher":{"@id":"https:\/\/ramina.fr\/#organization"},"articleSection":["Parole de Minots S1"],"inLanguage":"fr-FR","potentialAction":[{"@type":"CommentAction","name":"Comment","target":["https:\/\/ramina.fr\/index.php\/2019\/11\/08\/dissertation-de-minot-bonjour-je-mappelle-hamid-jai-15-ans-presque-16-ans\/#respond"]}]},{"@type":"WebPage","@id":"https:\/\/ramina.fr\/index.php\/2019\/11\/08\/dissertation-de-minot-bonjour-je-mappelle-hamid-jai-15-ans-presque-16-ans\/","url":"https:\/\/ramina.fr\/index.php\/2019\/11\/08\/dissertation-de-minot-bonjour-je-mappelle-hamid-jai-15-ans-presque-16-ans\/","name":"Dissertation de Minot : Bonjour, je m\u2019appelle Hamid, j\u2019ai 15 ans presque 16 ans \ud83d\ude00 | RAMINA","isPartOf":{"@id":"https:\/\/ramina.fr\/#website"},"datePublished":"2019-11-08T11:03:00+00:00","dateModified":"2020-03-28T10:59:24+00:00","breadcrumb":{"@id":"https:\/\/ramina.fr\/index.php\/2019\/11\/08\/dissertation-de-minot-bonjour-je-mappelle-hamid-jai-15-ans-presque-16-ans\/#breadcrumb"},"inLanguage":"fr-FR","potentialAction":[{"@type":"ReadAction","target":["https:\/\/ramina.fr\/index.php\/2019\/11\/08\/dissertation-de-minot-bonjour-je-mappelle-hamid-jai-15-ans-presque-16-ans\/"]}]},{"@type":"BreadcrumbList","@id":"https:\/\/ramina.fr\/index.php\/2019\/11\/08\/dissertation-de-minot-bonjour-je-mappelle-hamid-jai-15-ans-presque-16-ans\/#breadcrumb","itemListElement":[{"@type":"ListItem","position":1,"name":"Accueil","item":"https:\/\/ramina.fr\/"},{"@type":"ListItem","position":2,"name":"Dissertation de Minot : Bonjour, je m\u2019appelle Hamid, j\u2019ai 15 ans presque 16 ans \ud83d\ude00"}]},{"@type":"WebSite","@id":"https:\/\/ramina.fr\/#website","url":"https:\/\/ramina.fr\/","name":"RAMINA","description":"R\u00e9seau d\u2019Accueil des Minot.es Non Accompagn\u00e9s","publisher":{"@id":"https:\/\/ramina.fr\/#organization"},"alternateName":"R\u00e9seau d'accueil Solidaire des Minots Non Accompagn\u00e9s","potentialAction":[{"@type":"SearchAction","target":{"@type":"EntryPoint","urlTemplate":"https:\/\/ramina.fr\/?s={search_term_string}"},"query-input":{"@type":"PropertyValueSpecification","valueRequired":true,"valueName":"search_term_string"}}],"inLanguage":"fr-FR"},{"@type":"Organization","@id":"https:\/\/ramina.fr\/#organization","name":"RAMINA","alternateName":"R\u00e9seau d' Accueil des Minots Non Accompagn\u00e9s","url":"https:\/\/ramina.fr\/","logo":{"@type":"ImageObject","inLanguage":"fr-FR","@id":"https:\/\/ramina.fr\/#\/schema\/logo\/image\/","url":"https:\/\/ramina.fr\/wp-content\/uploads\/2025\/02\/LOGO_RAMINA_NOIR_VERTICAL.png","contentUrl":"https:\/\/ramina.fr\/wp-content\/uploads\/2025\/02\/LOGO_RAMINA_NOIR_VERTICAL.png","width":1654,"height":1418,"caption":"RAMINA"},"image":{"@id":"https:\/\/ramina.fr\/#\/schema\/logo\/image\/"},"sameAs":["https:\/\/www.facebook.com\/contact.ramina\/","https:\/\/www.instagram.com\/ramina_marseille\/"]},{"@type":"Person","@id":"https:\/\/ramina.fr\/#\/schema\/person\/60afb851da2c0c7b9e173324b84144d5","name":"Ramina R\u00e9seau","image":{"@type":"ImageObject","inLanguage":"fr-FR","@id":"https:\/\/ramina.fr\/#\/schema\/person\/image\/","url":"https:\/\/secure.gravatar.com\/avatar\/5985aef3267ffd44adcd4562d2752e99?s=96&d=mm&r=g","contentUrl":"https:\/\/secure.gravatar.com\/avatar\/5985aef3267ffd44adcd4562d2752e99?s=96&d=mm&r=g","caption":"Ramina R\u00e9seau"}}]}},"jetpack_featured_media_url":"","jetpack_sharing_enabled":true,"_links":{"self":[{"href":"https:\/\/ramina.fr\/index.php\/wp-json\/wp\/v2\/posts\/113","targetHints":{"allow":["GET"]}}],"collection":[{"href":"https:\/\/ramina.fr\/index.php\/wp-json\/wp\/v2\/posts"}],"about":[{"href":"https:\/\/ramina.fr\/index.php\/wp-json\/wp\/v2\/types\/post"}],"author":[{"embeddable":true,"href":"https:\/\/ramina.fr\/index.php\/wp-json\/wp\/v2\/users\/3"}],"replies":[{"embeddable":true,"href":"https:\/\/ramina.fr\/index.php\/wp-json\/wp\/v2\/comments?post=113"}],"version-history":[{"count":4,"href":"https:\/\/ramina.fr\/index.php\/wp-json\/wp\/v2\/posts\/113\/revisions"}],"predecessor-version":[{"id":978,"href":"https:\/\/ramina.fr\/index.php\/wp-json\/wp\/v2\/posts\/113\/revisions\/978"}],"wp:attachment":[{"href":"https:\/\/ramina.fr\/index.php\/wp-json\/wp\/v2\/media?parent=113"}],"wp:term":[{"taxonomy":"category","embeddable":true,"href":"https:\/\/ramina.fr\/index.php\/wp-json\/wp\/v2\/categories?post=113"},{"taxonomy":"post_tag","embeddable":true,"href":"https:\/\/ramina.fr\/index.php\/wp-json\/wp\/v2\/tags?post=113"}],"curies":[{"name":"wp","href":"https:\/\/api.w.org\/{rel}","templated":true}]}}