{"id":1105,"date":"2020-07-09T11:21:39","date_gmt":"2020-07-09T09:21:39","guid":{"rendered":"http:\/\/ramina.fr\/?p=1105"},"modified":"2020-07-09T12:06:06","modified_gmt":"2020-07-09T10:06:06","slug":"ramina-se-balade-estivale","status":"publish","type":"post","link":"https:\/\/ramina.fr\/index.php\/2020\/07\/09\/ramina-se-balade-estivale\/","title":{"rendered":"Ramina se balade estivale \ud83d\udc31 : Au couvent Levat &#8211; Atelier Juxtapoz"},"content":{"rendered":"\n<p>Hier soir le matou Ramina Grobris a commenc\u00e9 \u00e0 redescendre des toits o\u00f9 il s&rsquo;\u00e9tait r\u00e9fugi\u00e9 depuis le d\u00e9but du confinement et aurait \u00e9t\u00e9 aper\u00e7u au Couvent Levat-Atelier Juxtapoz au 52 rue Levat 13003 Marseille. Rdv la semaine prochaine pour connaitre le nouveau lieu o\u00f9 Ramina (R\u00e9seau d\u2019Accueil des MInots Non Accompagn\u00e9s) est parti en balade estivale. \u270c\ufe0fPartagez, likez, boul\u00e9guez \u270c\ufe0f<\/p>\n\n\n\n<div class=\"wp-block-image\"><figure class=\"aligncenter size-large\"><img fetchpriority=\"high\" decoding=\"async\" width=\"505\" height=\"1024\" src=\"https:\/\/ramina.fr\/wp-content\/uploads\/2020\/07\/RAMINA-SE-BALADE-ESTIVALE-LE-COUVENT-505x1024.jpg\" alt=\"\" class=\"wp-image-1108\" srcset=\"https:\/\/ramina.fr\/wp-content\/uploads\/2020\/07\/RAMINA-SE-BALADE-ESTIVALE-LE-COUVENT-505x1024.jpg 505w, https:\/\/ramina.fr\/wp-content\/uploads\/2020\/07\/RAMINA-SE-BALADE-ESTIVALE-LE-COUVENT-148x300.jpg 148w, https:\/\/ramina.fr\/wp-content\/uploads\/2020\/07\/RAMINA-SE-BALADE-ESTIVALE-LE-COUVENT-768x1558.jpg 768w, https:\/\/ramina.fr\/wp-content\/uploads\/2020\/07\/RAMINA-SE-BALADE-ESTIVALE-LE-COUVENT-757x1536.jpg 757w, https:\/\/ramina.fr\/wp-content\/uploads\/2020\/07\/RAMINA-SE-BALADE-ESTIVALE-LE-COUVENT.jpg 788w\" sizes=\"(max-width: 505px) 100vw, 505px\" \/><\/figure><\/div>\n\n\n\n<div class=\"wp-block-image\"><figure class=\"aligncenter size-large\"><img decoding=\"async\" width=\"505\" height=\"1024\" src=\"https:\/\/ramina.fr\/wp-content\/uploads\/2020\/07\/RAMINA-se-BALADA-ESTIVALE-le-couvent-505x1024.jpg\" alt=\"\" class=\"wp-image-1109\" srcset=\"https:\/\/ramina.fr\/wp-content\/uploads\/2020\/07\/RAMINA-se-BALADA-ESTIVALE-le-couvent-505x1024.jpg 505w, https:\/\/ramina.fr\/wp-content\/uploads\/2020\/07\/RAMINA-se-BALADA-ESTIVALE-le-couvent-148x300.jpg 148w, https:\/\/ramina.fr\/wp-content\/uploads\/2020\/07\/RAMINA-se-BALADA-ESTIVALE-le-couvent-768x1558.jpg 768w, https:\/\/ramina.fr\/wp-content\/uploads\/2020\/07\/RAMINA-se-BALADA-ESTIVALE-le-couvent-757x1536.jpg 757w, https:\/\/ramina.fr\/wp-content\/uploads\/2020\/07\/RAMINA-se-BALADA-ESTIVALE-le-couvent.jpg 788w\" sizes=\"(max-width: 505px) 100vw, 505px\" \/><\/figure><\/div>\n","protected":false},"excerpt":{"rendered":"<p>Hier soir le matou Ramina Grobris a commenc\u00e9 \u00e0 redescendre des toits o\u00f9 il s&rsquo;\u00e9tait r\u00e9fugi\u00e9 depuis le d\u00e9but du confinement et aurait \u00e9t\u00e9 aper\u00e7u au Couvent Levat-Atelier Juxtapoz au 52 rue Levat 13003 Marseille. Rdv la semaine prochaine pour connaitre le nouveau lieu o\u00f9 Ramina (R\u00e9seau d\u2019Accueil des MInots Non Accompagn\u00e9s) est parti en &hellip; <\/p>\n<p class=\"link-more\"><a href=\"https:\/\/ramina.fr\/index.php\/2020\/07\/09\/ramina-se-balade-estivale\/\" class=\"more-link\">Continuer la lecture<span class=\"screen-reader-text\"> de &laquo;&nbsp;Ramina se balade estivale \ud83d\udc31 : Au couvent Levat &#8211; Atelier Juxtapoz&nbsp;&raquo;<\/span><\/a><\/p>\n","protected":false},"author":3,"featured_media":0,"comment_status":"open","ping_status":"open","sticky":false,"template":"","format":"standard","meta":{"_jetpack_memberships_contains_paid_content":false,"footnotes":""},"categories":[5],"tags":[],"class_list":["post-1105","post","type-post","status-publish","format-standard","hentry","category-raminabalade"],"yoast_head":"<!-- This site is optimized with the Yoast SEO plugin v25.1 - https:\/\/yoast.com\/wordpress\/plugins\/seo\/ -->\n<title>Ramina se balade estivale \ud83d\udc31 : Au couvent Levat - Atelier Juxtapoz | RAMINA<\/title>\n<meta name=\"robots\" content=\"noindex, follow\" \/>\n<meta property=\"og:locale\" content=\"fr_FR\" \/>\n<meta property=\"og:type\" content=\"article\" \/>\n<meta property=\"og:title\" content=\"Ramina se balade estivale \ud83d\udc31 : Au couvent Levat - Atelier Juxtapoz | RAMINA\" \/>\n<meta property=\"og:description\" content=\"Hier soir le matou Ramina Grobris a commenc\u00e9 \u00e0 redescendre des toits o\u00f9 il s&rsquo;\u00e9tait r\u00e9fugi\u00e9 depuis le d\u00e9but du confinement et aurait \u00e9t\u00e9 aper\u00e7u au Couvent Levat-Atelier Juxtapoz au 52 rue Levat 13003 Marseille. Rdv la semaine prochaine pour connaitre le nouveau lieu o\u00f9 Ramina (R\u00e9seau d\u2019Accueil des MInots Non Accompagn\u00e9s) est parti en &hellip; Continuer la lecture de &laquo;&nbsp;Ramina se balade estivale \ud83d\udc31 : Au couvent Levat &#8211; Atelier Juxtapoz&nbsp;&raquo;\" \/>\n<meta property=\"og:url\" content=\"https:\/\/ramina.fr\/index.php\/2020\/07\/09\/ramina-se-balade-estivale\/\" \/>\n<meta property=\"og:site_name\" content=\"RAMINA\" \/>\n<meta property=\"article:publisher\" content=\"https:\/\/www.facebook.com\/contact.ramina\/\" \/>\n<meta property=\"article:published_time\" content=\"2020-07-09T09:21:39+00:00\" \/>\n<meta property=\"article:modified_time\" content=\"2020-07-09T10:06:06+00:00\" \/>\n<meta property=\"og:image\" content=\"http:\/\/ramina.fr\/wp-content\/uploads\/2020\/07\/RAMINA-SE-BALADE-ESTIVALE-LE-COUVENT-505x1024.jpg\" \/>\n<meta name=\"author\" content=\"Ramina R\u00e9seau\" \/>\n<meta name=\"twitter:card\" content=\"summary_large_image\" \/>\n<meta name=\"twitter:label1\" content=\"\u00c9crit par\" \/>\n\t<meta name=\"twitter:data1\" content=\"Ramina R\u00e9seau\" \/>\n<script type=\"application\/ld+json\" class=\"yoast-schema-graph\">{\"@context\":\"https:\/\/schema.org\",\"@graph\":[{\"@type\":\"Article\",\"@id\":\"https:\/\/ramina.fr\/index.php\/2020\/07\/09\/ramina-se-balade-estivale\/#article\",\"isPartOf\":{\"@id\":\"https:\/\/ramina.fr\/index.php\/2020\/07\/09\/ramina-se-balade-estivale\/\"},\"author\":{\"name\":\"Ramina R\u00e9seau\",\"@id\":\"https:\/\/ramina.fr\/#\/schema\/person\/60afb851da2c0c7b9e173324b84144d5\"},\"headline\":\"Ramina se balade estivale \ud83d\udc31 : Au couvent Levat &#8211; Atelier Juxtapoz\",\"datePublished\":\"2020-07-09T09:21:39+00:00\",\"dateModified\":\"2020-07-09T10:06:06+00:00\",\"mainEntityOfPage\":{\"@id\":\"https:\/\/ramina.fr\/index.php\/2020\/07\/09\/ramina-se-balade-estivale\/\"},\"wordCount\":75,\"commentCount\":0,\"publisher\":{\"@id\":\"https:\/\/ramina.fr\/#organization\"},\"image\":{\"@id\":\"https:\/\/ramina.fr\/index.php\/2020\/07\/09\/ramina-se-balade-estivale\/#primaryimage\"},\"thumbnailUrl\":\"http:\/\/ramina.fr\/wp-content\/uploads\/2020\/07\/RAMINA-SE-BALADE-ESTIVALE-LE-COUVENT-505x1024.jpg\",\"articleSection\":[\"Ramina se Balade\"],\"inLanguage\":\"fr-FR\",\"potentialAction\":[{\"@type\":\"CommentAction\",\"name\":\"Comment\",\"target\":[\"https:\/\/ramina.fr\/index.php\/2020\/07\/09\/ramina-se-balade-estivale\/#respond\"]}]},{\"@type\":\"WebPage\",\"@id\":\"https:\/\/ramina.fr\/index.php\/2020\/07\/09\/ramina-se-balade-estivale\/\",\"url\":\"https:\/\/ramina.fr\/index.php\/2020\/07\/09\/ramina-se-balade-estivale\/\",\"name\":\"Ramina se balade estivale \ud83d\udc31 : Au couvent Levat - Atelier Juxtapoz | RAMINA\",\"isPartOf\":{\"@id\":\"https:\/\/ramina.fr\/#website\"},\"primaryImageOfPage\":{\"@id\":\"https:\/\/ramina.fr\/index.php\/2020\/07\/09\/ramina-se-balade-estivale\/#primaryimage\"},\"image\":{\"@id\":\"https:\/\/ramina.fr\/index.php\/2020\/07\/09\/ramina-se-balade-estivale\/#primaryimage\"},\"thumbnailUrl\":\"http:\/\/ramina.fr\/wp-content\/uploads\/2020\/07\/RAMINA-SE-BALADE-ESTIVALE-LE-COUVENT-505x1024.jpg\",\"datePublished\":\"2020-07-09T09:21:39+00:00\",\"dateModified\":\"2020-07-09T10:06:06+00:00\",\"breadcrumb\":{\"@id\":\"https:\/\/ramina.fr\/index.php\/2020\/07\/09\/ramina-se-balade-estivale\/#breadcrumb\"},\"inLanguage\":\"fr-FR\",\"potentialAction\":[{\"@type\":\"ReadAction\",\"target\":[\"https:\/\/ramina.fr\/index.php\/2020\/07\/09\/ramina-se-balade-estivale\/\"]}]},{\"@type\":\"ImageObject\",\"inLanguage\":\"fr-FR\",\"@id\":\"https:\/\/ramina.fr\/index.php\/2020\/07\/09\/ramina-se-balade-estivale\/#primaryimage\",\"url\":\"http:\/\/ramina.fr\/wp-content\/uploads\/2020\/07\/RAMINA-SE-BALADE-ESTIVALE-LE-COUVENT-505x1024.jpg\",\"contentUrl\":\"http:\/\/ramina.fr\/wp-content\/uploads\/2020\/07\/RAMINA-SE-BALADE-ESTIVALE-LE-COUVENT-505x1024.jpg\"},{\"@type\":\"BreadcrumbList\",\"@id\":\"https:\/\/ramina.fr\/index.php\/2020\/07\/09\/ramina-se-balade-estivale\/#breadcrumb\",\"itemListElement\":[{\"@type\":\"ListItem\",\"position\":1,\"name\":\"Accueil\",\"item\":\"https:\/\/ramina.fr\/\"},{\"@type\":\"ListItem\",\"position\":2,\"name\":\"Ramina se balade estivale \ud83d\udc31 : Au couvent Levat &#8211; Atelier Juxtapoz\"}]},{\"@type\":\"WebSite\",\"@id\":\"https:\/\/ramina.fr\/#website\",\"url\":\"https:\/\/ramina.fr\/\",\"name\":\"RAMINA\",\"description\":\"R\u00e9seau d\u2019Accueil des Minot.es Non Accompagn\u00e9s\",\"publisher\":{\"@id\":\"https:\/\/ramina.fr\/#organization\"},\"alternateName\":\"R\u00e9seau d'accueil Solidaire des Minots Non Accompagn\u00e9s\",\"potentialAction\":[{\"@type\":\"SearchAction\",\"target\":{\"@type\":\"EntryPoint\",\"urlTemplate\":\"https:\/\/ramina.fr\/?s={search_term_string}\"},\"query-input\":{\"@type\":\"PropertyValueSpecification\",\"valueRequired\":true,\"valueName\":\"search_term_string\"}}],\"inLanguage\":\"fr-FR\"},{\"@type\":\"Organization\",\"@id\":\"https:\/\/ramina.fr\/#organization\",\"name\":\"RAMINA\",\"alternateName\":\"R\u00e9seau d' Accueil des Minots Non Accompagn\u00e9s\",\"url\":\"https:\/\/ramina.fr\/\",\"logo\":{\"@type\":\"ImageObject\",\"inLanguage\":\"fr-FR\",\"@id\":\"https:\/\/ramina.fr\/#\/schema\/logo\/image\/\",\"url\":\"https:\/\/ramina.fr\/wp-content\/uploads\/2025\/02\/LOGO_RAMINA_NOIR_VERTICAL.png\",\"contentUrl\":\"https:\/\/ramina.fr\/wp-content\/uploads\/2025\/02\/LOGO_RAMINA_NOIR_VERTICAL.png\",\"width\":1654,\"height\":1418,\"caption\":\"RAMINA\"},\"image\":{\"@id\":\"https:\/\/ramina.fr\/#\/schema\/logo\/image\/\"},\"sameAs\":[\"https:\/\/www.facebook.com\/contact.ramina\/\",\"https:\/\/www.instagram.com\/ramina_marseille\/\"]},{\"@type\":\"Person\",\"@id\":\"https:\/\/ramina.fr\/#\/schema\/person\/60afb851da2c0c7b9e173324b84144d5\",\"name\":\"Ramina R\u00e9seau\",\"image\":{\"@type\":\"ImageObject\",\"inLanguage\":\"fr-FR\",\"@id\":\"https:\/\/ramina.fr\/#\/schema\/person\/image\/\",\"url\":\"https:\/\/secure.gravatar.com\/avatar\/5985aef3267ffd44adcd4562d2752e99?s=96&d=mm&r=g\",\"contentUrl\":\"https:\/\/secure.gravatar.com\/avatar\/5985aef3267ffd44adcd4562d2752e99?s=96&d=mm&r=g\",\"caption\":\"Ramina R\u00e9seau\"}}]}<\/script>\n<!-- \/ Yoast SEO plugin. -->","yoast_head_json":{"title":"Ramina se balade estivale \ud83d\udc31 : Au couvent Levat - Atelier Juxtapoz | RAMINA","robots":{"index":"noindex","follow":"follow"},"og_locale":"fr_FR","og_type":"article","og_title":"Ramina se balade estivale \ud83d\udc31 : Au couvent Levat - Atelier Juxtapoz | RAMINA","og_description":"Hier soir le matou Ramina Grobris a commenc\u00e9 \u00e0 redescendre des toits o\u00f9 il s&rsquo;\u00e9tait r\u00e9fugi\u00e9 depuis le d\u00e9but du confinement et aurait \u00e9t\u00e9 aper\u00e7u au Couvent Levat-Atelier Juxtapoz au 52 rue Levat 13003 Marseille. Rdv la semaine prochaine pour connaitre le nouveau lieu o\u00f9 Ramina (R\u00e9seau d\u2019Accueil des MInots Non Accompagn\u00e9s) est parti en &hellip; Continuer la lecture de &laquo;&nbsp;Ramina se balade estivale \ud83d\udc31 : Au couvent Levat &#8211; Atelier Juxtapoz&nbsp;&raquo;","og_url":"https:\/\/ramina.fr\/index.php\/2020\/07\/09\/ramina-se-balade-estivale\/","og_site_name":"RAMINA","article_publisher":"https:\/\/www.facebook.com\/contact.ramina\/","article_published_time":"2020-07-09T09:21:39+00:00","article_modified_time":"2020-07-09T10:06:06+00:00","og_image":[{"url":"http:\/\/ramina.fr\/wp-content\/uploads\/2020\/07\/RAMINA-SE-BALADE-ESTIVALE-LE-COUVENT-505x1024.jpg","type":"","width":"","height":""}],"author":"Ramina R\u00e9seau","twitter_card":"summary_large_image","twitter_misc":{"\u00c9crit par":"Ramina R\u00e9seau"},"schema":{"@context":"https:\/\/schema.org","@graph":[{"@type":"Article","@id":"https:\/\/ramina.fr\/index.php\/2020\/07\/09\/ramina-se-balade-estivale\/#article","isPartOf":{"@id":"https:\/\/ramina.fr\/index.php\/2020\/07\/09\/ramina-se-balade-estivale\/"},"author":{"name":"Ramina R\u00e9seau","@id":"https:\/\/ramina.fr\/#\/schema\/person\/60afb851da2c0c7b9e173324b84144d5"},"headline":"Ramina se balade estivale \ud83d\udc31 : Au couvent Levat &#8211; Atelier Juxtapoz","datePublished":"2020-07-09T09:21:39+00:00","dateModified":"2020-07-09T10:06:06+00:00","mainEntityOfPage":{"@id":"https:\/\/ramina.fr\/index.php\/2020\/07\/09\/ramina-se-balade-estivale\/"},"wordCount":75,"commentCount":0,"publisher":{"@id":"https:\/\/ramina.fr\/#organization"},"image":{"@id":"https:\/\/ramina.fr\/index.php\/2020\/07\/09\/ramina-se-balade-estivale\/#primaryimage"},"thumbnailUrl":"http:\/\/ramina.fr\/wp-content\/uploads\/2020\/07\/RAMINA-SE-BALADE-ESTIVALE-LE-COUVENT-505x1024.jpg","articleSection":["Ramina se Balade"],"inLanguage":"fr-FR","potentialAction":[{"@type":"CommentAction","name":"Comment","target":["https:\/\/ramina.fr\/index.php\/2020\/07\/09\/ramina-se-balade-estivale\/#respond"]}]},{"@type":"WebPage","@id":"https:\/\/ramina.fr\/index.php\/2020\/07\/09\/ramina-se-balade-estivale\/","url":"https:\/\/ramina.fr\/index.php\/2020\/07\/09\/ramina-se-balade-estivale\/","name":"Ramina se balade estivale \ud83d\udc31 : Au couvent Levat - Atelier Juxtapoz | RAMINA","isPartOf":{"@id":"https:\/\/ramina.fr\/#website"},"primaryImageOfPage":{"@id":"https:\/\/ramina.fr\/index.php\/2020\/07\/09\/ramina-se-balade-estivale\/#primaryimage"},"image":{"@id":"https:\/\/ramina.fr\/index.php\/2020\/07\/09\/ramina-se-balade-estivale\/#primaryimage"},"thumbnailUrl":"http:\/\/ramina.fr\/wp-content\/uploads\/2020\/07\/RAMINA-SE-BALADE-ESTIVALE-LE-COUVENT-505x1024.jpg","datePublished":"2020-07-09T09:21:39+00:00","dateModified":"2020-07-09T10:06:06+00:00","breadcrumb":{"@id":"https:\/\/ramina.fr\/index.php\/2020\/07\/09\/ramina-se-balade-estivale\/#breadcrumb"},"inLanguage":"fr-FR","potentialAction":[{"@type":"ReadAction","target":["https:\/\/ramina.fr\/index.php\/2020\/07\/09\/ramina-se-balade-estivale\/"]}]},{"@type":"ImageObject","inLanguage":"fr-FR","@id":"https:\/\/ramina.fr\/index.php\/2020\/07\/09\/ramina-se-balade-estivale\/#primaryimage","url":"http:\/\/ramina.fr\/wp-content\/uploads\/2020\/07\/RAMINA-SE-BALADE-ESTIVALE-LE-COUVENT-505x1024.jpg","contentUrl":"http:\/\/ramina.fr\/wp-content\/uploads\/2020\/07\/RAMINA-SE-BALADE-ESTIVALE-LE-COUVENT-505x1024.jpg"},{"@type":"BreadcrumbList","@id":"https:\/\/ramina.fr\/index.php\/2020\/07\/09\/ramina-se-balade-estivale\/#breadcrumb","itemListElement":[{"@type":"ListItem","position":1,"name":"Accueil","item":"https:\/\/ramina.fr\/"},{"@type":"ListItem","position":2,"name":"Ramina se balade estivale \ud83d\udc31 : Au couvent Levat &#8211; Atelier Juxtapoz"}]},{"@type":"WebSite","@id":"https:\/\/ramina.fr\/#website","url":"https:\/\/ramina.fr\/","name":"RAMINA","description":"R\u00e9seau d\u2019Accueil des Minot.es Non Accompagn\u00e9s","publisher":{"@id":"https:\/\/ramina.fr\/#organization"},"alternateName":"R\u00e9seau d'accueil Solidaire des Minots Non Accompagn\u00e9s","potentialAction":[{"@type":"SearchAction","target":{"@type":"EntryPoint","urlTemplate":"https:\/\/ramina.fr\/?s={search_term_string}"},"query-input":{"@type":"PropertyValueSpecification","valueRequired":true,"valueName":"search_term_string"}}],"inLanguage":"fr-FR"},{"@type":"Organization","@id":"https:\/\/ramina.fr\/#organization","name":"RAMINA","alternateName":"R\u00e9seau d' Accueil des Minots Non Accompagn\u00e9s","url":"https:\/\/ramina.fr\/","logo":{"@type":"ImageObject","inLanguage":"fr-FR","@id":"https:\/\/ramina.fr\/#\/schema\/logo\/image\/","url":"https:\/\/ramina.fr\/wp-content\/uploads\/2025\/02\/LOGO_RAMINA_NOIR_VERTICAL.png","contentUrl":"https:\/\/ramina.fr\/wp-content\/uploads\/2025\/02\/LOGO_RAMINA_NOIR_VERTICAL.png","width":1654,"height":1418,"caption":"RAMINA"},"image":{"@id":"https:\/\/ramina.fr\/#\/schema\/logo\/image\/"},"sameAs":["https:\/\/www.facebook.com\/contact.ramina\/","https:\/\/www.instagram.com\/ramina_marseille\/"]},{"@type":"Person","@id":"https:\/\/ramina.fr\/#\/schema\/person\/60afb851da2c0c7b9e173324b84144d5","name":"Ramina R\u00e9seau","image":{"@type":"ImageObject","inLanguage":"fr-FR","@id":"https:\/\/ramina.fr\/#\/schema\/person\/image\/","url":"https:\/\/secure.gravatar.com\/avatar\/5985aef3267ffd44adcd4562d2752e99?s=96&d=mm&r=g","contentUrl":"https:\/\/secure.gravatar.com\/avatar\/5985aef3267ffd44adcd4562d2752e99?s=96&d=mm&r=g","caption":"Ramina R\u00e9seau"}}]}},"jetpack_featured_media_url":"","jetpack_sharing_enabled":true,"_links":{"self":[{"href":"https:\/\/ramina.fr\/index.php\/wp-json\/wp\/v2\/posts\/1105","targetHints":{"allow":["GET"]}}],"collection":[{"href":"https:\/\/ramina.fr\/index.php\/wp-json\/wp\/v2\/posts"}],"about":[{"href":"https:\/\/ramina.fr\/index.php\/wp-json\/wp\/v2\/types\/post"}],"author":[{"embeddable":true,"href":"https:\/\/ramina.fr\/index.php\/wp-json\/wp\/v2\/users\/3"}],"replies":[{"embeddable":true,"href":"https:\/\/ramina.fr\/index.php\/wp-json\/wp\/v2\/comments?post=1105"}],"version-history":[{"count":2,"href":"https:\/\/ramina.fr\/index.php\/wp-json\/wp\/v2\/posts\/1105\/revisions"}],"predecessor-version":[{"id":1110,"href":"https:\/\/ramina.fr\/index.php\/wp-json\/wp\/v2\/posts\/1105\/revisions\/1110"}],"wp:attachment":[{"href":"https:\/\/ramina.fr\/index.php\/wp-json\/wp\/v2\/media?parent=1105"}],"wp:term":[{"taxonomy":"category","embeddable":true,"href":"https:\/\/ramina.fr\/index.php\/wp-json\/wp\/v2\/categories?post=1105"},{"taxonomy":"post_tag","embeddable":true,"href":"https:\/\/ramina.fr\/index.php\/wp-json\/wp\/v2\/tags?post=1105"}],"curies":[{"name":"wp","href":"https:\/\/api.w.org\/{rel}","templated":true}]}}